{"id":2043,"date":"2009-05-25T16:08:41","date_gmt":"2009-05-25T14:08:41","guid":{"rendered":"http:\/\/www.article-marketing.eu\/comunicati\/senza-categoria\/roma-concerto-bruce-springsteen-19-luglio-2009\/"},"modified":"2009-05-25T16:08:41","modified_gmt":"2009-05-25T14:08:41","slug":"roma-concerto-bruce-springsteen-19-luglio-2009","status":"publish","type":"post","link":"https:\/\/www.article-marketing.eu\/comunicati\/comunicati-stampa\/eventi\/roma-concerto-bruce-springsteen-19-luglio-2009\/","title":{"rendered":"Roma: Concerto Bruce Springsteen, 19 Luglio 2009"},"content":{"rendered":"<p>A pochi mesi dall\u2019uscita del suo ultimo album, Working on a Dream, e dopo la conclusione del tour americano, Bruce Springesteen si prepara a sbarcare in Europa per una serie di concerti che lo porter\u00e0 da Landgraaf in Olanda (prima tappa del tour europeo, 30 maggio) fino a Santiago, in Spagna, dove si concluder\u00e0 il tour (2 agosto). Il tour far\u00e0 tappa anche in Italia, con ben tre date in programma: il 19 luglio il boss suoner\u00e0 allo Stadio Olimpico di Roma, il 21 luglio allo Stadio Olimpico di Torino e il 23 luglio allo Stadio Friuli di Udine. Si preannuncia dunque un\u2019estate calda per i fan italiani di Springesteen, che riservano sempre un\u2019accoglienza particolarmente calorosa al rocker americano, e che hanno gi\u00e0 acquistato i biglietti e prenotato hotel di lusso a Roma per non perdersi l\u2019evento. D\u2019altro canto non si pu\u00f2 dire che il boss non sappia ricambiare l\u2019affetto e l\u2019entusiasmo dei suoi seguaci italiani: le date di luglio seguono di un anno soltanto l\u2019ultimo concerto di Springsteen in Italia (nel 2008 si era infatti esibito sul palco di San Siro a Milano, dove aveva tra l\u2019altro tenuto il suo primo concerto italiano, nel 1985), e promettono di ricreare la magica atmosfera dei concerti passati. Anche in questa occasione il boss si esibir\u00e0 con la fedele E Street Band, che lavora con Springsteen fin dall\u2019inizio degli anni Settanta, e che \u00e8 tornata ad essere la sua band dopo un periodo di separazione negli anni Novanta. <\/p>\n<p>I fan che assisteranno al concerto nella capitale soggiornando in un <a href=\"http:\/\/it.flashbooking.com\/navigation\/europa_italia_roma_all_all.html\">alloggio economico a Roma<\/a>, potranno ascoltare dal vivo le canzoni del nuovo album Working on a Dream, uscito all\u2019inizio dell\u2019anno e realizzato nelle pause del tour promozionale dell\u2019album precedente, Magic, del 2007. Proprio perch\u00e9 il nuovo album \u00e8 stato registrato durante il tour, in Working on a Dream Springsteen e la E Street Band hanno cercato di riversare l\u2019energia che avevano incamerato nel corso delle loro esibizioni, e anche per questo motivo \u00e8 lecito aspettarsi che le canzoni del nuovo album acquisteranno un plusvalore dal vivo. <\/p>\n<p>Oltre alle canzoni di Working on a Dream, la scaletta dei concerti includer\u00e0 anche brani tratti dagli album precedenti, a ripercorrere l\u2019ampia discografia del boss, che nella sua carriera ha pubblicato 14 album registrati in studio, oltre ad alcune registrazioni dal vivo e raccolte di successi. Prenotate subito un b&amp;b a Roma e preparatevi ad assistere ad un lungo concerto (il boss sul palco non si risparmia mai), e ad ascoltare pezzi che hanno fatto la storia del rock, dalle celeberrime Born to Run e Born in the U.S.A, a pezzi intensi come The Ghost of Tom Joad e Streets of Philadelphia (quest\u2019ultima, contenuta nella colonna sonora ufficiale del film Philadelphia, si aggiudic\u00f2 un premio oscar nel 1994 come migliore canzone). <\/p>\n<p>Biglietti: 46 \u2013 92 euro<br \/>Data: 19 Luglio 2009 <br \/>Dove: Stadio Olimpico, Roma, Italia<\/p>\n","protected":false},"excerpt":{"rendered":"<p>Alla soglia dei 60 anni e dopo pi\u00f9 di 30 anni di carriera Bruce Springsteen \u00e8 ancora uno dei rocker pi\u00f9 amati del mondo, e le sue esibizioni dal vivo sono dei veri e propri eventi attesi da migliaia di fan.<\/p>\n","protected":false},"author":10,"featured_media":0,"comment_status":"open","ping_status":"open","sticky":false,"template":"","format":"standard","meta":{"cybocfi_hide_featured_image":"","footnotes":""},"categories":[388],"tags":[6415,2058,6416,5669,251,6206,6417],"class_list":["post-2043","post","type-post","status-publish","format-standard","hentry","category-eventi","tag-bruce-springsteen","tag-concerto","tag-e-street-band","tag-musica-dal-vivo","tag-roma","tag-stadio-olimpico","tag-working-on-a-dream"],"yoast_head":"<!-- This site is optimized with the Yoast SEO plugin v27.0 - https:\/\/yoast.com\/product\/yoast-seo-wordpress\/ -->\n<title>Roma: Concerto Bruce Springsteen, 19 Luglio 2009 - Article Marketing<\/title>\n<meta name=\"robots\" content=\"index, follow, max-snippet:-1, max-image-preview:large, max-video-preview:-1\" \/>\n<link rel=\"canonical\" href=\"https:\/\/www.article-marketing.eu\/comunicati\/comunicati-stampa\/eventi\/roma-concerto-bruce-springsteen-19-luglio-2009\/\" \/>\n<meta property=\"og:locale\" content=\"it_IT\" \/>\n<meta property=\"og:type\" content=\"article\" \/>\n<meta property=\"og:title\" content=\"Roma: Concerto Bruce Springsteen, 19 Luglio 2009 - Article Marketing\" \/>\n<meta property=\"og:description\" content=\"Alla soglia dei 60 anni e dopo pi\u00f9 di 30 anni di carriera Bruce Springsteen \u00e8 ancora uno dei rocker pi\u00f9 amati del mondo, e le sue esibizioni dal vivo sono dei veri e propri eventi attesi da migliaia di fan.\" \/>\n<meta property=\"og:url\" content=\"https:\/\/www.article-marketing.eu\/comunicati\/comunicati-stampa\/eventi\/roma-concerto-bruce-springsteen-19-luglio-2009\/\" \/>\n<meta property=\"og:site_name\" content=\"Article Marketing\" \/>\n<meta property=\"article:published_time\" content=\"2009-05-25T14:08:41+00:00\" \/>\n<meta name=\"author\" content=\"Redazione Comunicati Stampa\" \/>\n<meta name=\"twitter:card\" content=\"summary_large_image\" \/>\n<meta name=\"twitter:label1\" content=\"Scritto da\" \/>\n\t<meta name=\"twitter:data1\" content=\"Redazione Comunicati Stampa\" \/>\n\t<meta name=\"twitter:label2\" content=\"Tempo di lettura stimato\" \/>\n\t<meta name=\"twitter:data2\" content=\"2 minuti\" \/>\n<script type=\"application\/ld+json\" class=\"yoast-schema-graph\">{\"@context\":\"https:\/\/schema.org\",\"@graph\":[{\"@type\":\"Article\",\"@id\":\"https:\/\/www.article-marketing.eu\/comunicati\/comunicati-stampa\/eventi\/roma-concerto-bruce-springsteen-19-luglio-2009\/#article\",\"isPartOf\":{\"@id\":\"https:\/\/www.article-marketing.eu\/comunicati\/comunicati-stampa\/eventi\/roma-concerto-bruce-springsteen-19-luglio-2009\/\"},\"author\":{\"name\":\"Redazione Comunicati Stampa\",\"@id\":\"https:\/\/www.article-marketing.eu\/comunicati\/#\/schema\/person\/44372e4d4d0fa797b18e03ed1ace9017\"},\"headline\":\"Roma: Concerto Bruce Springsteen, 19 Luglio 2009\",\"datePublished\":\"2009-05-25T14:08:41+00:00\",\"mainEntityOfPage\":{\"@id\":\"https:\/\/www.article-marketing.eu\/comunicati\/comunicati-stampa\/eventi\/roma-concerto-bruce-springsteen-19-luglio-2009\/\"},\"wordCount\":484,\"commentCount\":0,\"keywords\":[\"Bruce Springsteen\",\"concerto\",\"E Street Band\",\"musica dal vivo\",\"roma\",\"Stadio Olimpico\",\"Working on a Dream\"],\"articleSection\":[\"Eventi\"],\"inLanguage\":\"it-IT\",\"potentialAction\":[{\"@type\":\"CommentAction\",\"name\":\"Comment\",\"target\":[\"https:\/\/www.article-marketing.eu\/comunicati\/comunicati-stampa\/eventi\/roma-concerto-bruce-springsteen-19-luglio-2009\/#respond\"]}]},{\"@type\":\"WebPage\",\"@id\":\"https:\/\/www.article-marketing.eu\/comunicati\/comunicati-stampa\/eventi\/roma-concerto-bruce-springsteen-19-luglio-2009\/\",\"url\":\"https:\/\/www.article-marketing.eu\/comunicati\/comunicati-stampa\/eventi\/roma-concerto-bruce-springsteen-19-luglio-2009\/\",\"name\":\"Roma: Concerto Bruce Springsteen, 19 Luglio 2009 - Article Marketing\",\"isPartOf\":{\"@id\":\"https:\/\/www.article-marketing.eu\/comunicati\/#website\"},\"datePublished\":\"2009-05-25T14:08:41+00:00\",\"author\":{\"@id\":\"https:\/\/www.article-marketing.eu\/comunicati\/#\/schema\/person\/44372e4d4d0fa797b18e03ed1ace9017\"},\"breadcrumb\":{\"@id\":\"https:\/\/www.article-marketing.eu\/comunicati\/comunicati-stampa\/eventi\/roma-concerto-bruce-springsteen-19-luglio-2009\/#breadcrumb\"},\"inLanguage\":\"it-IT\",\"potentialAction\":[{\"@type\":\"ReadAction\",\"target\":[\"https:\/\/www.article-marketing.eu\/comunicati\/comunicati-stampa\/eventi\/roma-concerto-bruce-springsteen-19-luglio-2009\/\"]}]},{\"@type\":\"BreadcrumbList\",\"@id\":\"https:\/\/www.article-marketing.eu\/comunicati\/comunicati-stampa\/eventi\/roma-concerto-bruce-springsteen-19-luglio-2009\/#breadcrumb\",\"itemListElement\":[{\"@type\":\"ListItem\",\"position\":1,\"name\":\"Home\",\"item\":\"https:\/\/www.article-marketing.eu\/comunicati\/\"},{\"@type\":\"ListItem\",\"position\":2,\"name\":\"Roma: Concerto Bruce Springsteen, 19 Luglio 2009\"}]},{\"@type\":\"WebSite\",\"@id\":\"https:\/\/www.article-marketing.eu\/comunicati\/#website\",\"url\":\"https:\/\/www.article-marketing.eu\/comunicati\/\",\"name\":\"Article Marketing\",\"description\":\"article marketing &amp; press release\",\"potentialAction\":[{\"@type\":\"SearchAction\",\"target\":{\"@type\":\"EntryPoint\",\"urlTemplate\":\"https:\/\/www.article-marketing.eu\/comunicati\/?s={search_term_string}\"},\"query-input\":{\"@type\":\"PropertyValueSpecification\",\"valueRequired\":true,\"valueName\":\"search_term_string\"}}],\"inLanguage\":\"it-IT\"},{\"@type\":\"Person\",\"@id\":\"https:\/\/www.article-marketing.eu\/comunicati\/#\/schema\/person\/44372e4d4d0fa797b18e03ed1ace9017\",\"name\":\"Redazione Comunicati Stampa\",\"image\":{\"@type\":\"ImageObject\",\"inLanguage\":\"it-IT\",\"@id\":\"https:\/\/www.article-marketing.eu\/comunicati\/#\/schema\/person\/image\/\",\"url\":\"https:\/\/secure.gravatar.com\/avatar\/50e5c6421d3072f42e7ace803501602c60d75233d34e29fd05feb91c8760b792?s=96&d=mm&r=g\",\"contentUrl\":\"https:\/\/secure.gravatar.com\/avatar\/50e5c6421d3072f42e7ace803501602c60d75233d34e29fd05feb91c8760b792?s=96&d=mm&r=g\",\"caption\":\"Redazione Comunicati Stampa\"},\"url\":\"https:\/\/www.article-marketing.eu\/comunicati\/author\/redazione-comunicati-stampa\/\"}]}<\/script>\n<!-- \/ Yoast SEO plugin. -->","yoast_head_json":{"title":"Roma: Concerto Bruce Springsteen, 19 Luglio 2009 - Article Marketing","robots":{"index":"index","follow":"follow","max-snippet":"max-snippet:-1","max-image-preview":"max-image-preview:large","max-video-preview":"max-video-preview:-1"},"canonical":"https:\/\/www.article-marketing.eu\/comunicati\/comunicati-stampa\/eventi\/roma-concerto-bruce-springsteen-19-luglio-2009\/","og_locale":"it_IT","og_type":"article","og_title":"Roma: Concerto Bruce Springsteen, 19 Luglio 2009 - Article Marketing","og_description":"Alla soglia dei 60 anni e dopo pi\u00f9 di 30 anni di carriera Bruce Springsteen \u00e8 ancora uno dei rocker pi\u00f9 amati del mondo, e le sue esibizioni dal vivo sono dei veri e propri eventi attesi da migliaia di fan.","og_url":"https:\/\/www.article-marketing.eu\/comunicati\/comunicati-stampa\/eventi\/roma-concerto-bruce-springsteen-19-luglio-2009\/","og_site_name":"Article Marketing","article_published_time":"2009-05-25T14:08:41+00:00","author":"Redazione Comunicati Stampa","twitter_card":"summary_large_image","twitter_misc":{"Scritto da":"Redazione Comunicati Stampa","Tempo di lettura stimato":"2 minuti"},"schema":{"@context":"https:\/\/schema.org","@graph":[{"@type":"Article","@id":"https:\/\/www.article-marketing.eu\/comunicati\/comunicati-stampa\/eventi\/roma-concerto-bruce-springsteen-19-luglio-2009\/#article","isPartOf":{"@id":"https:\/\/www.article-marketing.eu\/comunicati\/comunicati-stampa\/eventi\/roma-concerto-bruce-springsteen-19-luglio-2009\/"},"author":{"name":"Redazione Comunicati Stampa","@id":"https:\/\/www.article-marketing.eu\/comunicati\/#\/schema\/person\/44372e4d4d0fa797b18e03ed1ace9017"},"headline":"Roma: Concerto Bruce Springsteen, 19 Luglio 2009","datePublished":"2009-05-25T14:08:41+00:00","mainEntityOfPage":{"@id":"https:\/\/www.article-marketing.eu\/comunicati\/comunicati-stampa\/eventi\/roma-concerto-bruce-springsteen-19-luglio-2009\/"},"wordCount":484,"commentCount":0,"keywords":["Bruce Springsteen","concerto","E Street Band","musica dal vivo","roma","Stadio Olimpico","Working on a Dream"],"articleSection":["Eventi"],"inLanguage":"it-IT","potentialAction":[{"@type":"CommentAction","name":"Comment","target":["https:\/\/www.article-marketing.eu\/comunicati\/comunicati-stampa\/eventi\/roma-concerto-bruce-springsteen-19-luglio-2009\/#respond"]}]},{"@type":"WebPage","@id":"https:\/\/www.article-marketing.eu\/comunicati\/comunicati-stampa\/eventi\/roma-concerto-bruce-springsteen-19-luglio-2009\/","url":"https:\/\/www.article-marketing.eu\/comunicati\/comunicati-stampa\/eventi\/roma-concerto-bruce-springsteen-19-luglio-2009\/","name":"Roma: Concerto Bruce Springsteen, 19 Luglio 2009 - Article Marketing","isPartOf":{"@id":"https:\/\/www.article-marketing.eu\/comunicati\/#website"},"datePublished":"2009-05-25T14:08:41+00:00","author":{"@id":"https:\/\/www.article-marketing.eu\/comunicati\/#\/schema\/person\/44372e4d4d0fa797b18e03ed1ace9017"},"breadcrumb":{"@id":"https:\/\/www.article-marketing.eu\/comunicati\/comunicati-stampa\/eventi\/roma-concerto-bruce-springsteen-19-luglio-2009\/#breadcrumb"},"inLanguage":"it-IT","potentialAction":[{"@type":"ReadAction","target":["https:\/\/www.article-marketing.eu\/comunicati\/comunicati-stampa\/eventi\/roma-concerto-bruce-springsteen-19-luglio-2009\/"]}]},{"@type":"BreadcrumbList","@id":"https:\/\/www.article-marketing.eu\/comunicati\/comunicati-stampa\/eventi\/roma-concerto-bruce-springsteen-19-luglio-2009\/#breadcrumb","itemListElement":[{"@type":"ListItem","position":1,"name":"Home","item":"https:\/\/www.article-marketing.eu\/comunicati\/"},{"@type":"ListItem","position":2,"name":"Roma: Concerto Bruce Springsteen, 19 Luglio 2009"}]},{"@type":"WebSite","@id":"https:\/\/www.article-marketing.eu\/comunicati\/#website","url":"https:\/\/www.article-marketing.eu\/comunicati\/","name":"Article Marketing","description":"article marketing &amp; press release","potentialAction":[{"@type":"SearchAction","target":{"@type":"EntryPoint","urlTemplate":"https:\/\/www.article-marketing.eu\/comunicati\/?s={search_term_string}"},"query-input":{"@type":"PropertyValueSpecification","valueRequired":true,"valueName":"search_term_string"}}],"inLanguage":"it-IT"},{"@type":"Person","@id":"https:\/\/www.article-marketing.eu\/comunicati\/#\/schema\/person\/44372e4d4d0fa797b18e03ed1ace9017","name":"Redazione Comunicati Stampa","image":{"@type":"ImageObject","inLanguage":"it-IT","@id":"https:\/\/www.article-marketing.eu\/comunicati\/#\/schema\/person\/image\/","url":"https:\/\/secure.gravatar.com\/avatar\/50e5c6421d3072f42e7ace803501602c60d75233d34e29fd05feb91c8760b792?s=96&d=mm&r=g","contentUrl":"https:\/\/secure.gravatar.com\/avatar\/50e5c6421d3072f42e7ace803501602c60d75233d34e29fd05feb91c8760b792?s=96&d=mm&r=g","caption":"Redazione Comunicati Stampa"},"url":"https:\/\/www.article-marketing.eu\/comunicati\/author\/redazione-comunicati-stampa\/"}]}},"_links":{"self":[{"href":"https:\/\/www.article-marketing.eu\/comunicati\/wp-json\/wp\/v2\/posts\/2043","targetHints":{"allow":["GET"]}}],"collection":[{"href":"https:\/\/www.article-marketing.eu\/comunicati\/wp-json\/wp\/v2\/posts"}],"about":[{"href":"https:\/\/www.article-marketing.eu\/comunicati\/wp-json\/wp\/v2\/types\/post"}],"author":[{"embeddable":true,"href":"https:\/\/www.article-marketing.eu\/comunicati\/wp-json\/wp\/v2\/users\/10"}],"replies":[{"embeddable":true,"href":"https:\/\/www.article-marketing.eu\/comunicati\/wp-json\/wp\/v2\/comments?post=2043"}],"version-history":[{"count":0,"href":"https:\/\/www.article-marketing.eu\/comunicati\/wp-json\/wp\/v2\/posts\/2043\/revisions"}],"wp:attachment":[{"href":"https:\/\/www.article-marketing.eu\/comunicati\/wp-json\/wp\/v2\/media?parent=2043"}],"wp:term":[{"taxonomy":"category","embeddable":true,"href":"https:\/\/www.article-marketing.eu\/comunicati\/wp-json\/wp\/v2\/categories?post=2043"},{"taxonomy":"post_tag","embeddable":true,"href":"https:\/\/www.article-marketing.eu\/comunicati\/wp-json\/wp\/v2\/tags?post=2043"}],"curies":[{"name":"wp","href":"https:\/\/api.w.org\/{rel}","templated":true}]}}