{"id":2062,"date":"2009-05-27T11:57:09","date_gmt":"2009-05-27T09:57:09","guid":{"rendered":"http:\/\/www.article-marketing.eu\/comunicati\/senza-categoria\/arte-e-spettacolo-della-riviera-romagnola-rimini-il-fulcro-vitale\/"},"modified":"2009-05-27T11:57:09","modified_gmt":"2009-05-27T09:57:09","slug":"arte-e-spettacolo-della-riviera-romagnola-rimini-il-fulcro-vitale","status":"publish","type":"post","link":"https:\/\/www.article-marketing.eu\/comunicati\/comunicati-stampa\/eventi\/arte-e-spettacolo-della-riviera-romagnola-rimini-il-fulcro-vitale\/","title":{"rendered":"Arte e spettacolo della riviera Romagnola, Rimini il fulcro vitale."},"content":{"rendered":"<p>In questi anni ogni estate Rimini si \u00e8 confermata la capitale europea del divertimento. Questo sia per le sue enormi spiagge che per la vita notturna davvero invidiabile.<\/p>\n<p>Ma ci sono anche molti altri motivi per cui Rimini sia diventata cos\u00ec famosa quando si parla di vacanze e divertimento. Chi decide di passare le proprie vacanze in albergo centro benessere Rimini, non trover\u00e0 solo spiagge assolate e decine e decine di locali, pub, discoteche dove scatenarsi. Le alternative sono davvero moltissime, tali da soddisfare il pubblico di ogni et\u00e0.  Gli eventi organizzati durante tutto l\u2019arco del\u2019anno, ma soprattutto d\u2019estate, spaziano in ogni campo, dall\u2019arte alla letteratura allo sport, al benessere e tanti altri ancora. <\/p>\n<p>Da novembre ad agosto, al Museo Fellini la fondazione ha inaugurato una mostra dedicata alla biblioteca personale del Maestro. Sono oltre duemila i volumi che la Fondazione conserva e che ha deciso di mostrare al pubblico. La mostra sar\u00e0 suddivisa in percorsi, per consentire ai visitatori di orientarsi tra i libri che Fellini custodiva nella casa romana di via Margutta e nello studio di corso Italia.  Un evento da on perdere quindi, sia per gli amanti della letteratura che del grande Maestro del cinema italiano. <\/p>\n<p>Innumerevoli sono anche le iniziative per i giovani in tutti i comuni della riviera, nell\u2019ambito del progetto centro per centro che raggruppa le iniziative organizzate dai diversi enti. Per il loro molteplice carattere, i Centri Giovani sono allo stesso tempo luoghi di incontro, ambiti di educazione non formale, fucine di espressivit\u00e0 e creativit\u00e0 e spazi in cui \u00e8 possibile trascorrere il tempo libero insieme agli altri, coltivando i propri interessi..<\/p>\n<p>Come non citare il Bellaria Film Festival, che parte il due giugno ed \u00e8 una rassegna cinematografica dedicata al giovane cinema indipendente. Questo festival si rinnova costantemente nei contenuti e nella formula con sguardo sempre attento e curioso alle modalit\u00e0 della comunicazione audiovisiva, ora si rivolge principalmente ai documentari italiani e internazionali con retrospettive dedicati ai film di famiglia e ai documentari musicali, oltre ai suoi 3 concorsi che sono palestra per molti registi italiani. Un\u2019attrattiva di certo interessante per chi decida di prenotare uno dei tanti albergo fiera Rimini. <\/p>\n<p>Moltissimi altri sono gli eventi interessanti che si svolgono a Rimini e in tutta la riviera. Come il mercatino dell\u2019antiquariato e del Vintage Rimini Antiqua, che si svolger\u00e0 il 31 Maggio per tutti gli appassionati di oggetti antichi moderni e vintage. Oppure il 10\u00b0 raduno di Sand Volley 3&#215;3 a Bellaria tra il 30 Maggio e il due giugno. O come gli innumerevoli concerti, danze, spettacoli teatrali, ma anche di aerobica e aquagym che si svolgono tutte le settimane. Per chi prenoter\u00e0 uno dei molti ed economici <a href=\"http:\/\/www.cercahotel-rimini.it\/\">hotel 4 stelle<\/a> Rimini, il divertimento \u00e8 assicurato. <\/p>\n<p>Rimini e l\u2019intera riviera romagnola offrono davvero un modo ideale di trascorrere le vacanze presso i vari hotel di Rimini, in qualsiasi periodo vogliate andare e qualsiasi sia il vostro stile, di certo non rimarrete delusi!<\/p>\n","protected":false},"excerpt":{"rendered":"<p>In questi anni ogni estate Rimini si \u00e8 confermata la capitale europea del divertimento. Questo sia per le sue enormi spiagge che per la vita notturna davvero invidiabile.<\/p>\n","protected":false},"author":10,"featured_media":0,"comment_status":"open","ping_status":"open","sticky":false,"template":"","format":"standard","meta":{"cybocfi_hide_featured_image":"","footnotes":""},"categories":[388],"tags":[5847,1840,6450,6451,1950,876],"class_list":["post-2062","post","type-post","status-publish","format-standard","hentry","category-eventi","tag-arte-rimini","tag-concerti","tag-eventi-rimini","tag-federico-fellini","tag-hotel-rimini","tag-rimini"],"yoast_head":"<!-- This site is optimized with the Yoast SEO plugin v27.0 - https:\/\/yoast.com\/product\/yoast-seo-wordpress\/ -->\n<title>Arte e spettacolo della riviera Romagnola, Rimini il fulcro vitale. - Article Marketing<\/title>\n<meta name=\"robots\" content=\"index, follow, max-snippet:-1, max-image-preview:large, max-video-preview:-1\" \/>\n<link rel=\"canonical\" href=\"https:\/\/www.article-marketing.eu\/comunicati\/comunicati-stampa\/eventi\/arte-e-spettacolo-della-riviera-romagnola-rimini-il-fulcro-vitale\/\" \/>\n<meta property=\"og:locale\" content=\"it_IT\" \/>\n<meta property=\"og:type\" content=\"article\" \/>\n<meta property=\"og:title\" content=\"Arte e spettacolo della riviera Romagnola, Rimini il fulcro vitale. - Article Marketing\" \/>\n<meta property=\"og:description\" content=\"In questi anni ogni estate Rimini si \u00e8 confermata la capitale europea del divertimento. Questo sia per le sue enormi spiagge che per la vita notturna davvero invidiabile.\" \/>\n<meta property=\"og:url\" content=\"https:\/\/www.article-marketing.eu\/comunicati\/comunicati-stampa\/eventi\/arte-e-spettacolo-della-riviera-romagnola-rimini-il-fulcro-vitale\/\" \/>\n<meta property=\"og:site_name\" content=\"Article Marketing\" \/>\n<meta property=\"article:published_time\" content=\"2009-05-27T09:57:09+00:00\" \/>\n<meta name=\"author\" content=\"Redazione Comunicati Stampa\" \/>\n<meta name=\"twitter:card\" content=\"summary_large_image\" \/>\n<meta name=\"twitter:label1\" content=\"Scritto da\" \/>\n\t<meta name=\"twitter:data1\" content=\"Redazione Comunicati Stampa\" \/>\n\t<meta name=\"twitter:label2\" content=\"Tempo di lettura stimato\" \/>\n\t<meta name=\"twitter:data2\" content=\"2 minuti\" \/>\n<script type=\"application\/ld+json\" class=\"yoast-schema-graph\">{\"@context\":\"https:\/\/schema.org\",\"@graph\":[{\"@type\":\"Article\",\"@id\":\"https:\/\/www.article-marketing.eu\/comunicati\/comunicati-stampa\/eventi\/arte-e-spettacolo-della-riviera-romagnola-rimini-il-fulcro-vitale\/#article\",\"isPartOf\":{\"@id\":\"https:\/\/www.article-marketing.eu\/comunicati\/comunicati-stampa\/eventi\/arte-e-spettacolo-della-riviera-romagnola-rimini-il-fulcro-vitale\/\"},\"author\":{\"name\":\"Redazione Comunicati Stampa\",\"@id\":\"https:\/\/www.article-marketing.eu\/comunicati\/#\/schema\/person\/44372e4d4d0fa797b18e03ed1ace9017\"},\"headline\":\"Arte e spettacolo della riviera Romagnola, Rimini il fulcro vitale.\",\"datePublished\":\"2009-05-27T09:57:09+00:00\",\"mainEntityOfPage\":{\"@id\":\"https:\/\/www.article-marketing.eu\/comunicati\/comunicati-stampa\/eventi\/arte-e-spettacolo-della-riviera-romagnola-rimini-il-fulcro-vitale\/\"},\"wordCount\":499,\"commentCount\":0,\"keywords\":[\"arte rimini\",\"concerti\",\"eventi rimini\",\"federico fellini\",\"hotel rimini\",\"rimini\"],\"articleSection\":[\"Eventi\"],\"inLanguage\":\"it-IT\",\"potentialAction\":[{\"@type\":\"CommentAction\",\"name\":\"Comment\",\"target\":[\"https:\/\/www.article-marketing.eu\/comunicati\/comunicati-stampa\/eventi\/arte-e-spettacolo-della-riviera-romagnola-rimini-il-fulcro-vitale\/#respond\"]}]},{\"@type\":\"WebPage\",\"@id\":\"https:\/\/www.article-marketing.eu\/comunicati\/comunicati-stampa\/eventi\/arte-e-spettacolo-della-riviera-romagnola-rimini-il-fulcro-vitale\/\",\"url\":\"https:\/\/www.article-marketing.eu\/comunicati\/comunicati-stampa\/eventi\/arte-e-spettacolo-della-riviera-romagnola-rimini-il-fulcro-vitale\/\",\"name\":\"Arte e spettacolo della riviera Romagnola, Rimini il fulcro vitale. - Article Marketing\",\"isPartOf\":{\"@id\":\"https:\/\/www.article-marketing.eu\/comunicati\/#website\"},\"datePublished\":\"2009-05-27T09:57:09+00:00\",\"author\":{\"@id\":\"https:\/\/www.article-marketing.eu\/comunicati\/#\/schema\/person\/44372e4d4d0fa797b18e03ed1ace9017\"},\"breadcrumb\":{\"@id\":\"https:\/\/www.article-marketing.eu\/comunicati\/comunicati-stampa\/eventi\/arte-e-spettacolo-della-riviera-romagnola-rimini-il-fulcro-vitale\/#breadcrumb\"},\"inLanguage\":\"it-IT\",\"potentialAction\":[{\"@type\":\"ReadAction\",\"target\":[\"https:\/\/www.article-marketing.eu\/comunicati\/comunicati-stampa\/eventi\/arte-e-spettacolo-della-riviera-romagnola-rimini-il-fulcro-vitale\/\"]}]},{\"@type\":\"BreadcrumbList\",\"@id\":\"https:\/\/www.article-marketing.eu\/comunicati\/comunicati-stampa\/eventi\/arte-e-spettacolo-della-riviera-romagnola-rimini-il-fulcro-vitale\/#breadcrumb\",\"itemListElement\":[{\"@type\":\"ListItem\",\"position\":1,\"name\":\"Home\",\"item\":\"https:\/\/www.article-marketing.eu\/comunicati\/\"},{\"@type\":\"ListItem\",\"position\":2,\"name\":\"Arte e spettacolo della riviera Romagnola, Rimini il fulcro vitale.\"}]},{\"@type\":\"WebSite\",\"@id\":\"https:\/\/www.article-marketing.eu\/comunicati\/#website\",\"url\":\"https:\/\/www.article-marketing.eu\/comunicati\/\",\"name\":\"Article Marketing\",\"description\":\"article marketing &amp; press release\",\"potentialAction\":[{\"@type\":\"SearchAction\",\"target\":{\"@type\":\"EntryPoint\",\"urlTemplate\":\"https:\/\/www.article-marketing.eu\/comunicati\/?s={search_term_string}\"},\"query-input\":{\"@type\":\"PropertyValueSpecification\",\"valueRequired\":true,\"valueName\":\"search_term_string\"}}],\"inLanguage\":\"it-IT\"},{\"@type\":\"Person\",\"@id\":\"https:\/\/www.article-marketing.eu\/comunicati\/#\/schema\/person\/44372e4d4d0fa797b18e03ed1ace9017\",\"name\":\"Redazione Comunicati Stampa\",\"image\":{\"@type\":\"ImageObject\",\"inLanguage\":\"it-IT\",\"@id\":\"https:\/\/www.article-marketing.eu\/comunicati\/#\/schema\/person\/image\/\",\"url\":\"https:\/\/secure.gravatar.com\/avatar\/50e5c6421d3072f42e7ace803501602c60d75233d34e29fd05feb91c8760b792?s=96&d=mm&r=g\",\"contentUrl\":\"https:\/\/secure.gravatar.com\/avatar\/50e5c6421d3072f42e7ace803501602c60d75233d34e29fd05feb91c8760b792?s=96&d=mm&r=g\",\"caption\":\"Redazione Comunicati Stampa\"},\"url\":\"https:\/\/www.article-marketing.eu\/comunicati\/author\/redazione-comunicati-stampa\/\"}]}<\/script>\n<!-- \/ Yoast SEO plugin. -->","yoast_head_json":{"title":"Arte e spettacolo della riviera Romagnola, Rimini il fulcro vitale. - Article Marketing","robots":{"index":"index","follow":"follow","max-snippet":"max-snippet:-1","max-image-preview":"max-image-preview:large","max-video-preview":"max-video-preview:-1"},"canonical":"https:\/\/www.article-marketing.eu\/comunicati\/comunicati-stampa\/eventi\/arte-e-spettacolo-della-riviera-romagnola-rimini-il-fulcro-vitale\/","og_locale":"it_IT","og_type":"article","og_title":"Arte e spettacolo della riviera Romagnola, Rimini il fulcro vitale. - Article Marketing","og_description":"In questi anni ogni estate Rimini si \u00e8 confermata la capitale europea del divertimento. Questo sia per le sue enormi spiagge che per la vita notturna davvero invidiabile.","og_url":"https:\/\/www.article-marketing.eu\/comunicati\/comunicati-stampa\/eventi\/arte-e-spettacolo-della-riviera-romagnola-rimini-il-fulcro-vitale\/","og_site_name":"Article Marketing","article_published_time":"2009-05-27T09:57:09+00:00","author":"Redazione Comunicati Stampa","twitter_card":"summary_large_image","twitter_misc":{"Scritto da":"Redazione Comunicati Stampa","Tempo di lettura stimato":"2 minuti"},"schema":{"@context":"https:\/\/schema.org","@graph":[{"@type":"Article","@id":"https:\/\/www.article-marketing.eu\/comunicati\/comunicati-stampa\/eventi\/arte-e-spettacolo-della-riviera-romagnola-rimini-il-fulcro-vitale\/#article","isPartOf":{"@id":"https:\/\/www.article-marketing.eu\/comunicati\/comunicati-stampa\/eventi\/arte-e-spettacolo-della-riviera-romagnola-rimini-il-fulcro-vitale\/"},"author":{"name":"Redazione Comunicati Stampa","@id":"https:\/\/www.article-marketing.eu\/comunicati\/#\/schema\/person\/44372e4d4d0fa797b18e03ed1ace9017"},"headline":"Arte e spettacolo della riviera Romagnola, Rimini il fulcro vitale.","datePublished":"2009-05-27T09:57:09+00:00","mainEntityOfPage":{"@id":"https:\/\/www.article-marketing.eu\/comunicati\/comunicati-stampa\/eventi\/arte-e-spettacolo-della-riviera-romagnola-rimini-il-fulcro-vitale\/"},"wordCount":499,"commentCount":0,"keywords":["arte rimini","concerti","eventi rimini","federico fellini","hotel rimini","rimini"],"articleSection":["Eventi"],"inLanguage":"it-IT","potentialAction":[{"@type":"CommentAction","name":"Comment","target":["https:\/\/www.article-marketing.eu\/comunicati\/comunicati-stampa\/eventi\/arte-e-spettacolo-della-riviera-romagnola-rimini-il-fulcro-vitale\/#respond"]}]},{"@type":"WebPage","@id":"https:\/\/www.article-marketing.eu\/comunicati\/comunicati-stampa\/eventi\/arte-e-spettacolo-della-riviera-romagnola-rimini-il-fulcro-vitale\/","url":"https:\/\/www.article-marketing.eu\/comunicati\/comunicati-stampa\/eventi\/arte-e-spettacolo-della-riviera-romagnola-rimini-il-fulcro-vitale\/","name":"Arte e spettacolo della riviera Romagnola, Rimini il fulcro vitale. - Article Marketing","isPartOf":{"@id":"https:\/\/www.article-marketing.eu\/comunicati\/#website"},"datePublished":"2009-05-27T09:57:09+00:00","author":{"@id":"https:\/\/www.article-marketing.eu\/comunicati\/#\/schema\/person\/44372e4d4d0fa797b18e03ed1ace9017"},"breadcrumb":{"@id":"https:\/\/www.article-marketing.eu\/comunicati\/comunicati-stampa\/eventi\/arte-e-spettacolo-della-riviera-romagnola-rimini-il-fulcro-vitale\/#breadcrumb"},"inLanguage":"it-IT","potentialAction":[{"@type":"ReadAction","target":["https:\/\/www.article-marketing.eu\/comunicati\/comunicati-stampa\/eventi\/arte-e-spettacolo-della-riviera-romagnola-rimini-il-fulcro-vitale\/"]}]},{"@type":"BreadcrumbList","@id":"https:\/\/www.article-marketing.eu\/comunicati\/comunicati-stampa\/eventi\/arte-e-spettacolo-della-riviera-romagnola-rimini-il-fulcro-vitale\/#breadcrumb","itemListElement":[{"@type":"ListItem","position":1,"name":"Home","item":"https:\/\/www.article-marketing.eu\/comunicati\/"},{"@type":"ListItem","position":2,"name":"Arte e spettacolo della riviera Romagnola, Rimini il fulcro vitale."}]},{"@type":"WebSite","@id":"https:\/\/www.article-marketing.eu\/comunicati\/#website","url":"https:\/\/www.article-marketing.eu\/comunicati\/","name":"Article Marketing","description":"article marketing &amp; press release","potentialAction":[{"@type":"SearchAction","target":{"@type":"EntryPoint","urlTemplate":"https:\/\/www.article-marketing.eu\/comunicati\/?s={search_term_string}"},"query-input":{"@type":"PropertyValueSpecification","valueRequired":true,"valueName":"search_term_string"}}],"inLanguage":"it-IT"},{"@type":"Person","@id":"https:\/\/www.article-marketing.eu\/comunicati\/#\/schema\/person\/44372e4d4d0fa797b18e03ed1ace9017","name":"Redazione Comunicati Stampa","image":{"@type":"ImageObject","inLanguage":"it-IT","@id":"https:\/\/www.article-marketing.eu\/comunicati\/#\/schema\/person\/image\/","url":"https:\/\/secure.gravatar.com\/avatar\/50e5c6421d3072f42e7ace803501602c60d75233d34e29fd05feb91c8760b792?s=96&d=mm&r=g","contentUrl":"https:\/\/secure.gravatar.com\/avatar\/50e5c6421d3072f42e7ace803501602c60d75233d34e29fd05feb91c8760b792?s=96&d=mm&r=g","caption":"Redazione Comunicati Stampa"},"url":"https:\/\/www.article-marketing.eu\/comunicati\/author\/redazione-comunicati-stampa\/"}]}},"_links":{"self":[{"href":"https:\/\/www.article-marketing.eu\/comunicati\/wp-json\/wp\/v2\/posts\/2062","targetHints":{"allow":["GET"]}}],"collection":[{"href":"https:\/\/www.article-marketing.eu\/comunicati\/wp-json\/wp\/v2\/posts"}],"about":[{"href":"https:\/\/www.article-marketing.eu\/comunicati\/wp-json\/wp\/v2\/types\/post"}],"author":[{"embeddable":true,"href":"https:\/\/www.article-marketing.eu\/comunicati\/wp-json\/wp\/v2\/users\/10"}],"replies":[{"embeddable":true,"href":"https:\/\/www.article-marketing.eu\/comunicati\/wp-json\/wp\/v2\/comments?post=2062"}],"version-history":[{"count":0,"href":"https:\/\/www.article-marketing.eu\/comunicati\/wp-json\/wp\/v2\/posts\/2062\/revisions"}],"wp:attachment":[{"href":"https:\/\/www.article-marketing.eu\/comunicati\/wp-json\/wp\/v2\/media?parent=2062"}],"wp:term":[{"taxonomy":"category","embeddable":true,"href":"https:\/\/www.article-marketing.eu\/comunicati\/wp-json\/wp\/v2\/categories?post=2062"},{"taxonomy":"post_tag","embeddable":true,"href":"https:\/\/www.article-marketing.eu\/comunicati\/wp-json\/wp\/v2\/tags?post=2062"}],"curies":[{"name":"wp","href":"https:\/\/api.w.org\/{rel}","templated":true}]}}