{"id":2064,"date":"2009-05-27T15:15:55","date_gmt":"2009-05-27T13:15:55","guid":{"rendered":"http:\/\/www.article-marketing.eu\/comunicati\/senza-categoria\/concerto-di-fine-corso-dellaccademia-musicale-citta-di-caserta\/"},"modified":"2020-08-10T01:16:23","modified_gmt":"2020-08-09T23:16:23","slug":"concerto-di-fine-corso-dellaccademia-musicale-citta-di-caserta","status":"publish","type":"post","link":"https:\/\/www.article-marketing.eu\/comunicati\/comunicati-stampa\/eventi\/concerto-di-fine-corso-dellaccademia-musicale-citta-di-caserta\/","title":{"rendered":"CONCERTO DI FINE CORSO DELL\u2019ACCADEMIA MUSICALE CITT\u00c0 DI CASERTA"},"content":{"rendered":"<p>Si rinnova anche per l\u2019anno 2009 il tradizionale concerto di fine corso organizzato dall\u2019Accademia Musicale Citt\u00e0 di Caserta e dall\u2019Accademia Musicale Yamaha di San Nicola La Strada, a conclusione del laboratorio di canto corale, partito a febbraio scorso.<\/p>\n<p>Grazie all\u2019iniziativa della Prof.ssa Mena Santacroce, fondatrice e direttrice delle due accademie, e con il patrocinio del Comune di Caserta, gli allievi delle due scuole avranno la possibilit\u00e0 di mostrare le proprie capacit\u00e0 canore e i progressi raggiunti al pubblico del Teatro Comunale di Caserta in una serata, quella del 30 maggio, suggestiva e ricca di ospiti.<\/p>\n<p>Il concerto di quest\u2019anno ruoter\u00e0 attorno al \u201cmusical\u201d, tema che permetter\u00e0 ai giovani allievi dell\u2019accademia di confrontarsi con una forma d\u2019arte in gran voga negli ultimi anni, portando in scena una selezione di brani tratti da Fame, Cats, Sister Act, Rugantino, Aggiungi un posto a tavola, Scugnizzi e da altri celebri recital musicali, sia italiani che stranieri, entrati a far parte della nostra cultura musicale.<\/p>\n<p>A esibirsi sul palco saranno i solisti dell\u2019accademia, seguiti per l\u2019occasione dal famoso Maestro di canto Giuseppe Cantarella, noto per aver curato le voci di giovani artisti di fama nazionale del calibro di Serena Rossi (Un posto al Sole), Domenico Postillo (X Factor) e dei vincitori del \u201cSanremo International Musical\u201d Fernando Notarnicola e Simona Latte. In scena anche il giovane coro di allievi delle due accademie, alla cui esibizione prender\u00e0 parte, grazie all\u2019immancabile contributo della Preside Rosanna Bernardo, un gruppo di alunni della Scuola Media \u201cG. Mazzini\u201d di San Nicola La Strada, diretto dalla Prof.ssa Elena Curcio.<\/p>\n<p>L\u2019esibizione degli allievi dell\u2019accademia, inoltre, sar\u00e0 impreziosita dalla partecipazione straordinaria di Doralisa Barletta, Biagio Rossetti e Pina Valentino, artisti di chiara fama componenti della suggestiva Orchestra Popolare Casertana e ospiti d\u2019eccezione della serata, che accompagneranno gli studenti in alcune delle loro esibizioni.<\/p>\n<p>&#8212;&#8212;&#8212;&#8212;&#8212;&#8212;&#8212;&#8212;&#8212;&#8212;&#8212;&#8212;&#8212;<br \/>\nL&#8217;Accademia Musicale Citt\u00e0 di Caserta, fondata dalla Pof.ssa Mena Santacroce, \u00e8 da dieci anni il punto di riferimento per la formazione musicale nella provincia di Caserta.<\/p>\n<p>L&#8217;offerta formativa spazia dalle lezioni di canto, solista e corale, alla padronanza degli strumenti musicali (pianoforte, chitarra, violino, fiati, batteria e tastiera) ed \u00e8 curata da docenti di grande esperienza didattica e animati da grande passione per la musica.<\/p>\n<p>Particolare importanza per l&#8217;Accademia ha assunto l&#8217;adozione del &#8220;metodo Yamaha&#8221;, corso di formazione collettivo, dedicato ai bambini in et\u00e0 prescolare, avviati din dalla pi\u00f9 tenera et\u00e0 all&#8217;apprendimento di diversi generi musicali e al confronto con i compagni di corso.<\/p>\n<p>Maggiori informazioni sulle attivit\u00e0 dell\u2019accademia sono disponibili all&#8217;indirizzo www.accademiacaserta.com<\/p>\n","protected":false},"excerpt":{"rendered":"<p>Appuntamento al 30 maggio, alle ore 17, presso il Teatro Comunale di Caserta, per il tradizionale concerto di fine corso organizzato dall\u2019Accademia Musicale Citt\u00e0 di Caserta e dall\u2019Accademia Musicale Yamaha di San Nicola La Strada, dirette dalla Prof. Mena Santacroce.<\/p>\n","protected":false},"author":10,"featured_media":0,"comment_status":"open","ping_status":"open","sticky":false,"template":"","format":"standard","meta":{"cybocfi_hide_featured_image":"","footnotes":""},"categories":[388],"tags":[6453,6454,2058,6455,45,28,1468,6456],"class_list":["post-2064","post","type-post","status-publish","format-standard","hentry","category-eventi","tag-accademia","tag-caserta","tag-concerto","tag-coro","tag-musica","tag-musical","tag-teatro","tag-yamaha"],"yoast_head":"<!-- This site is optimized with the Yoast SEO plugin v27.0 - https:\/\/yoast.com\/product\/yoast-seo-wordpress\/ -->\n<title>CONCERTO DI FINE CORSO DELL\u2019ACCADEMIA MUSICALE CITT\u00c0 DI CASERTA - Article Marketing<\/title>\n<meta name=\"robots\" content=\"index, follow, max-snippet:-1, max-image-preview:large, max-video-preview:-1\" \/>\n<link rel=\"canonical\" href=\"https:\/\/www.article-marketing.eu\/comunicati\/comunicati-stampa\/eventi\/concerto-di-fine-corso-dellaccademia-musicale-citta-di-caserta\/\" \/>\n<meta property=\"og:locale\" content=\"it_IT\" \/>\n<meta property=\"og:type\" content=\"article\" \/>\n<meta property=\"og:title\" content=\"CONCERTO DI FINE CORSO DELL\u2019ACCADEMIA MUSICALE CITT\u00c0 DI CASERTA - Article Marketing\" \/>\n<meta property=\"og:description\" content=\"Appuntamento al 30 maggio, alle ore 17, presso il Teatro Comunale di Caserta, per il tradizionale concerto di fine corso organizzato dall\u2019Accademia Musicale Citt\u00e0 di Caserta e dall\u2019Accademia Musicale Yamaha di San Nicola La Strada, dirette dalla Prof. Mena Santacroce.\" \/>\n<meta property=\"og:url\" content=\"https:\/\/www.article-marketing.eu\/comunicati\/comunicati-stampa\/eventi\/concerto-di-fine-corso-dellaccademia-musicale-citta-di-caserta\/\" \/>\n<meta property=\"og:site_name\" content=\"Article Marketing\" \/>\n<meta property=\"article:published_time\" content=\"2009-05-27T13:15:55+00:00\" \/>\n<meta property=\"article:modified_time\" content=\"2020-08-09T23:16:23+00:00\" \/>\n<meta name=\"author\" content=\"Redazione Comunicati Stampa\" \/>\n<meta name=\"twitter:card\" content=\"summary_large_image\" \/>\n<meta name=\"twitter:label1\" content=\"Scritto da\" \/>\n\t<meta name=\"twitter:data1\" content=\"Redazione Comunicati Stampa\" \/>\n\t<meta name=\"twitter:label2\" content=\"Tempo di lettura stimato\" \/>\n\t<meta name=\"twitter:data2\" content=\"2 minuti\" \/>\n<script type=\"application\/ld+json\" class=\"yoast-schema-graph\">{\"@context\":\"https:\/\/schema.org\",\"@graph\":[{\"@type\":\"Article\",\"@id\":\"https:\/\/www.article-marketing.eu\/comunicati\/comunicati-stampa\/eventi\/concerto-di-fine-corso-dellaccademia-musicale-citta-di-caserta\/#article\",\"isPartOf\":{\"@id\":\"https:\/\/www.article-marketing.eu\/comunicati\/comunicati-stampa\/eventi\/concerto-di-fine-corso-dellaccademia-musicale-citta-di-caserta\/\"},\"author\":{\"name\":\"Redazione Comunicati Stampa\",\"@id\":\"https:\/\/www.article-marketing.eu\/comunicati\/#\/schema\/person\/44372e4d4d0fa797b18e03ed1ace9017\"},\"headline\":\"CONCERTO DI FINE CORSO DELL\u2019ACCADEMIA MUSICALE CITT\u00c0 DI CASERTA\",\"datePublished\":\"2009-05-27T13:15:55+00:00\",\"dateModified\":\"2020-08-09T23:16:23+00:00\",\"mainEntityOfPage\":{\"@id\":\"https:\/\/www.article-marketing.eu\/comunicati\/comunicati-stampa\/eventi\/concerto-di-fine-corso-dellaccademia-musicale-citta-di-caserta\/\"},\"wordCount\":438,\"commentCount\":0,\"keywords\":[\"accademia\",\"caserta\",\"concerto\",\"coro\",\"musica\",\"musical\",\"teatro\",\"yamaha\"],\"articleSection\":[\"Eventi\"],\"inLanguage\":\"it-IT\",\"potentialAction\":[{\"@type\":\"CommentAction\",\"name\":\"Comment\",\"target\":[\"https:\/\/www.article-marketing.eu\/comunicati\/comunicati-stampa\/eventi\/concerto-di-fine-corso-dellaccademia-musicale-citta-di-caserta\/#respond\"]}]},{\"@type\":\"WebPage\",\"@id\":\"https:\/\/www.article-marketing.eu\/comunicati\/comunicati-stampa\/eventi\/concerto-di-fine-corso-dellaccademia-musicale-citta-di-caserta\/\",\"url\":\"https:\/\/www.article-marketing.eu\/comunicati\/comunicati-stampa\/eventi\/concerto-di-fine-corso-dellaccademia-musicale-citta-di-caserta\/\",\"name\":\"CONCERTO DI FINE CORSO DELL\u2019ACCADEMIA MUSICALE CITT\u00c0 DI CASERTA - Article Marketing\",\"isPartOf\":{\"@id\":\"https:\/\/www.article-marketing.eu\/comunicati\/#website\"},\"datePublished\":\"2009-05-27T13:15:55+00:00\",\"dateModified\":\"2020-08-09T23:16:23+00:00\",\"author\":{\"@id\":\"https:\/\/www.article-marketing.eu\/comunicati\/#\/schema\/person\/44372e4d4d0fa797b18e03ed1ace9017\"},\"breadcrumb\":{\"@id\":\"https:\/\/www.article-marketing.eu\/comunicati\/comunicati-stampa\/eventi\/concerto-di-fine-corso-dellaccademia-musicale-citta-di-caserta\/#breadcrumb\"},\"inLanguage\":\"it-IT\",\"potentialAction\":[{\"@type\":\"ReadAction\",\"target\":[\"https:\/\/www.article-marketing.eu\/comunicati\/comunicati-stampa\/eventi\/concerto-di-fine-corso-dellaccademia-musicale-citta-di-caserta\/\"]}]},{\"@type\":\"BreadcrumbList\",\"@id\":\"https:\/\/www.article-marketing.eu\/comunicati\/comunicati-stampa\/eventi\/concerto-di-fine-corso-dellaccademia-musicale-citta-di-caserta\/#breadcrumb\",\"itemListElement\":[{\"@type\":\"ListItem\",\"position\":1,\"name\":\"Home\",\"item\":\"https:\/\/www.article-marketing.eu\/comunicati\/\"},{\"@type\":\"ListItem\",\"position\":2,\"name\":\"CONCERTO DI FINE CORSO DELL\u2019ACCADEMIA MUSICALE CITT\u00c0 DI CASERTA\"}]},{\"@type\":\"WebSite\",\"@id\":\"https:\/\/www.article-marketing.eu\/comunicati\/#website\",\"url\":\"https:\/\/www.article-marketing.eu\/comunicati\/\",\"name\":\"Article Marketing\",\"description\":\"article marketing &amp; press release\",\"potentialAction\":[{\"@type\":\"SearchAction\",\"target\":{\"@type\":\"EntryPoint\",\"urlTemplate\":\"https:\/\/www.article-marketing.eu\/comunicati\/?s={search_term_string}\"},\"query-input\":{\"@type\":\"PropertyValueSpecification\",\"valueRequired\":true,\"valueName\":\"search_term_string\"}}],\"inLanguage\":\"it-IT\"},{\"@type\":\"Person\",\"@id\":\"https:\/\/www.article-marketing.eu\/comunicati\/#\/schema\/person\/44372e4d4d0fa797b18e03ed1ace9017\",\"name\":\"Redazione Comunicati Stampa\",\"image\":{\"@type\":\"ImageObject\",\"inLanguage\":\"it-IT\",\"@id\":\"https:\/\/www.article-marketing.eu\/comunicati\/#\/schema\/person\/image\/\",\"url\":\"https:\/\/secure.gravatar.com\/avatar\/50e5c6421d3072f42e7ace803501602c60d75233d34e29fd05feb91c8760b792?s=96&d=mm&r=g\",\"contentUrl\":\"https:\/\/secure.gravatar.com\/avatar\/50e5c6421d3072f42e7ace803501602c60d75233d34e29fd05feb91c8760b792?s=96&d=mm&r=g\",\"caption\":\"Redazione Comunicati Stampa\"},\"url\":\"https:\/\/www.article-marketing.eu\/comunicati\/author\/redazione-comunicati-stampa\/\"}]}<\/script>\n<!-- \/ Yoast SEO plugin. -->","yoast_head_json":{"title":"CONCERTO DI FINE CORSO DELL\u2019ACCADEMIA MUSICALE CITT\u00c0 DI CASERTA - Article Marketing","robots":{"index":"index","follow":"follow","max-snippet":"max-snippet:-1","max-image-preview":"max-image-preview:large","max-video-preview":"max-video-preview:-1"},"canonical":"https:\/\/www.article-marketing.eu\/comunicati\/comunicati-stampa\/eventi\/concerto-di-fine-corso-dellaccademia-musicale-citta-di-caserta\/","og_locale":"it_IT","og_type":"article","og_title":"CONCERTO DI FINE CORSO DELL\u2019ACCADEMIA MUSICALE CITT\u00c0 DI CASERTA - Article Marketing","og_description":"Appuntamento al 30 maggio, alle ore 17, presso il Teatro Comunale di Caserta, per il tradizionale concerto di fine corso organizzato dall\u2019Accademia Musicale Citt\u00e0 di Caserta e dall\u2019Accademia Musicale Yamaha di San Nicola La Strada, dirette dalla Prof. Mena Santacroce.","og_url":"https:\/\/www.article-marketing.eu\/comunicati\/comunicati-stampa\/eventi\/concerto-di-fine-corso-dellaccademia-musicale-citta-di-caserta\/","og_site_name":"Article Marketing","article_published_time":"2009-05-27T13:15:55+00:00","article_modified_time":"2020-08-09T23:16:23+00:00","author":"Redazione Comunicati Stampa","twitter_card":"summary_large_image","twitter_misc":{"Scritto da":"Redazione Comunicati Stampa","Tempo di lettura stimato":"2 minuti"},"schema":{"@context":"https:\/\/schema.org","@graph":[{"@type":"Article","@id":"https:\/\/www.article-marketing.eu\/comunicati\/comunicati-stampa\/eventi\/concerto-di-fine-corso-dellaccademia-musicale-citta-di-caserta\/#article","isPartOf":{"@id":"https:\/\/www.article-marketing.eu\/comunicati\/comunicati-stampa\/eventi\/concerto-di-fine-corso-dellaccademia-musicale-citta-di-caserta\/"},"author":{"name":"Redazione Comunicati Stampa","@id":"https:\/\/www.article-marketing.eu\/comunicati\/#\/schema\/person\/44372e4d4d0fa797b18e03ed1ace9017"},"headline":"CONCERTO DI FINE CORSO DELL\u2019ACCADEMIA MUSICALE CITT\u00c0 DI CASERTA","datePublished":"2009-05-27T13:15:55+00:00","dateModified":"2020-08-09T23:16:23+00:00","mainEntityOfPage":{"@id":"https:\/\/www.article-marketing.eu\/comunicati\/comunicati-stampa\/eventi\/concerto-di-fine-corso-dellaccademia-musicale-citta-di-caserta\/"},"wordCount":438,"commentCount":0,"keywords":["accademia","caserta","concerto","coro","musica","musical","teatro","yamaha"],"articleSection":["Eventi"],"inLanguage":"it-IT","potentialAction":[{"@type":"CommentAction","name":"Comment","target":["https:\/\/www.article-marketing.eu\/comunicati\/comunicati-stampa\/eventi\/concerto-di-fine-corso-dellaccademia-musicale-citta-di-caserta\/#respond"]}]},{"@type":"WebPage","@id":"https:\/\/www.article-marketing.eu\/comunicati\/comunicati-stampa\/eventi\/concerto-di-fine-corso-dellaccademia-musicale-citta-di-caserta\/","url":"https:\/\/www.article-marketing.eu\/comunicati\/comunicati-stampa\/eventi\/concerto-di-fine-corso-dellaccademia-musicale-citta-di-caserta\/","name":"CONCERTO DI FINE CORSO DELL\u2019ACCADEMIA MUSICALE CITT\u00c0 DI CASERTA - Article Marketing","isPartOf":{"@id":"https:\/\/www.article-marketing.eu\/comunicati\/#website"},"datePublished":"2009-05-27T13:15:55+00:00","dateModified":"2020-08-09T23:16:23+00:00","author":{"@id":"https:\/\/www.article-marketing.eu\/comunicati\/#\/schema\/person\/44372e4d4d0fa797b18e03ed1ace9017"},"breadcrumb":{"@id":"https:\/\/www.article-marketing.eu\/comunicati\/comunicati-stampa\/eventi\/concerto-di-fine-corso-dellaccademia-musicale-citta-di-caserta\/#breadcrumb"},"inLanguage":"it-IT","potentialAction":[{"@type":"ReadAction","target":["https:\/\/www.article-marketing.eu\/comunicati\/comunicati-stampa\/eventi\/concerto-di-fine-corso-dellaccademia-musicale-citta-di-caserta\/"]}]},{"@type":"BreadcrumbList","@id":"https:\/\/www.article-marketing.eu\/comunicati\/comunicati-stampa\/eventi\/concerto-di-fine-corso-dellaccademia-musicale-citta-di-caserta\/#breadcrumb","itemListElement":[{"@type":"ListItem","position":1,"name":"Home","item":"https:\/\/www.article-marketing.eu\/comunicati\/"},{"@type":"ListItem","position":2,"name":"CONCERTO DI FINE CORSO DELL\u2019ACCADEMIA MUSICALE CITT\u00c0 DI CASERTA"}]},{"@type":"WebSite","@id":"https:\/\/www.article-marketing.eu\/comunicati\/#website","url":"https:\/\/www.article-marketing.eu\/comunicati\/","name":"Article Marketing","description":"article marketing &amp; press release","potentialAction":[{"@type":"SearchAction","target":{"@type":"EntryPoint","urlTemplate":"https:\/\/www.article-marketing.eu\/comunicati\/?s={search_term_string}"},"query-input":{"@type":"PropertyValueSpecification","valueRequired":true,"valueName":"search_term_string"}}],"inLanguage":"it-IT"},{"@type":"Person","@id":"https:\/\/www.article-marketing.eu\/comunicati\/#\/schema\/person\/44372e4d4d0fa797b18e03ed1ace9017","name":"Redazione Comunicati Stampa","image":{"@type":"ImageObject","inLanguage":"it-IT","@id":"https:\/\/www.article-marketing.eu\/comunicati\/#\/schema\/person\/image\/","url":"https:\/\/secure.gravatar.com\/avatar\/50e5c6421d3072f42e7ace803501602c60d75233d34e29fd05feb91c8760b792?s=96&d=mm&r=g","contentUrl":"https:\/\/secure.gravatar.com\/avatar\/50e5c6421d3072f42e7ace803501602c60d75233d34e29fd05feb91c8760b792?s=96&d=mm&r=g","caption":"Redazione Comunicati Stampa"},"url":"https:\/\/www.article-marketing.eu\/comunicati\/author\/redazione-comunicati-stampa\/"}]}},"_links":{"self":[{"href":"https:\/\/www.article-marketing.eu\/comunicati\/wp-json\/wp\/v2\/posts\/2064","targetHints":{"allow":["GET"]}}],"collection":[{"href":"https:\/\/www.article-marketing.eu\/comunicati\/wp-json\/wp\/v2\/posts"}],"about":[{"href":"https:\/\/www.article-marketing.eu\/comunicati\/wp-json\/wp\/v2\/types\/post"}],"author":[{"embeddable":true,"href":"https:\/\/www.article-marketing.eu\/comunicati\/wp-json\/wp\/v2\/users\/10"}],"replies":[{"embeddable":true,"href":"https:\/\/www.article-marketing.eu\/comunicati\/wp-json\/wp\/v2\/comments?post=2064"}],"version-history":[{"count":1,"href":"https:\/\/www.article-marketing.eu\/comunicati\/wp-json\/wp\/v2\/posts\/2064\/revisions"}],"predecessor-version":[{"id":67212,"href":"https:\/\/www.article-marketing.eu\/comunicati\/wp-json\/wp\/v2\/posts\/2064\/revisions\/67212"}],"wp:attachment":[{"href":"https:\/\/www.article-marketing.eu\/comunicati\/wp-json\/wp\/v2\/media?parent=2064"}],"wp:term":[{"taxonomy":"category","embeddable":true,"href":"https:\/\/www.article-marketing.eu\/comunicati\/wp-json\/wp\/v2\/categories?post=2064"},{"taxonomy":"post_tag","embeddable":true,"href":"https:\/\/www.article-marketing.eu\/comunicati\/wp-json\/wp\/v2\/tags?post=2064"}],"curies":[{"name":"wp","href":"https:\/\/api.w.org\/{rel}","templated":true}]}}