{"id":2068,"date":"2009-05-27T17:02:52","date_gmt":"2009-05-27T15:02:52","guid":{"rendered":"http:\/\/www.article-marketing.eu\/comunicati\/senza-categoria\/una-logistica-di-ferro-no-di-legno\/"},"modified":"2009-05-27T17:02:52","modified_gmt":"2009-05-27T15:02:52","slug":"una-logistica-di-ferro-no-di-legno","status":"publish","type":"post","link":"https:\/\/www.article-marketing.eu\/comunicati\/comunicati-stampa\/servizi\/una-logistica-di-ferro-no-di-legno\/","title":{"rendered":"Una logistica di ferro&#8230;no di legno!"},"content":{"rendered":"<p>Stesi Projects sigla l&#8217;accordo con Garbellotto Spa, azienda storica di Conegliano, la Terra del Prosecco, presente nel settore del legno da ben 8 generazioni.<br \/>Fondata nel 1775 da Giuseppe Garbellotto, ha costruito il suo valore sulla ricerca e lo sviluppo accompagnati da una sapiente salvaguardia della tradizione. <br \/>L\u2019azienda si sviluppa in una superficie di oltre 60mila metri quadrati di cui pi\u00f9 di 14mila coperti, il legname in stagionatura naturale, la pi\u00f9 grande garanzia che un bottaio pu\u00f2 dare, \u00e8 pari a circa 14mila metri cubi. La produzione annua \u00e8 di circa 40mila hl di bottame con 75 dipendenti.<br \/>Unica al mondo nel suo genere,&nbsp; Garbellotto \u00e8 infatti la pi\u00f9 antica industria esistente nella provincia di Treviso nonch\u00e9 la pi\u00f9 famosa costruttrice di botti e tini di ogni formato, quantit\u00e0 e specie legnosa, riconosciuta a livello internazionale e per questo sede di visite da parte delle cantine pi\u00f9 rappresentative e da Scuole ed Universit\u00e0 del settore vinicolo. <br \/>Negli ultimi anni Garbellotto ha assistito ad un cambio generazionale ai vertici che nel rispetto della tradizione, sta investendo nell&#8217;innovazione indispensabile per garantire l&#8217;eccellenza. Un processo di sviluppo che investendo&nbsp; tutti i comparti, non poteva desistere dal metter mano all&#8217;intero sistema logistico.<br \/>Stesi Projects \u00e8 stata scelta per accompagnare e supportare l&#8217;azienda in questo percorso di rinnovamento logistico. <br \/>Garbellotto si prepara ad attivare silwa\u00ae, software dipartimentale per la gestione dei flussi logistici all&#8217;interno del magazzino.<br \/>Partendo da un attenta e scrupolosa fase di preanalisi, si sono via via delineate le fasi del progetto, complesso ma rivoluzionario per la supply chain aziendale. Si tratta infatti di informatizzare e integrare con il sistema informativo, procedure e fasi che attualmente rallentano e ostacolano i processi.&nbsp; <br \/>Nei prossimi mesi l&#8217;azienda metter\u00e0 a punto un sistema di completa mappatura dello stabilimento, aperto e chiuso, si proceder\u00e0 all&#8217;etichettatura di tutta la merce in entrata per consentire una tracciabilit\u00e0 di tronchi e tavole di legno, eliminando completamente la gestione cartacea delle partite. Verr\u00e0 messo appunto un sistema di ottimizzazione della manodopera in fase di collaudo, automatizzando i processi e garantendo un aumento della produttivit\u00e0. <br \/>silwa\u00ae si interfaccer\u00e0 con l&#8217;attuale sistema informativo gestionale aziendale AS400.<br \/>Un progetto che verr\u00e0 implementato per step, perch\u00e8 non si tratta solo di introdurre la tecnologia, qui il grosso riguarda la riorganizzazione dei processi. Per fare questo occorre capacit\u00e0 di adattamento e collaborazione fra tutti gli attori interessati partendo dal magazzino e coinvolgendo una dopo l\u2019altra tutte le funzioni aziendali.<br \/>In un periodo di crisi come quello attuale esempi di aziende storiche come la Garbellotto che si decidono ad impegnarsi in un progetto come quello della completa riorganizzazione della logistica aziendale, dimostra che ci sono realt\u00e0 disposte ad affrontare di petto la crisi investendo anzich\u00e9 tagliare, rivedendo i processi e automatizzando le operazioni anzich\u00e9 fermarsi ed aspettare che le cose migliorino da sole. <\/p>\n<p>&nbsp;<\/p>\n<p>&nbsp;<\/p>\n","protected":false},"excerpt":{"rendered":"<p>Siglato l&#8217;accordo fra Garbellotto Spa, azienda storica del settore del legno e la Stesi Projects per la riorganizzazione della logistica aziendale.<\/p>\n","protected":false},"author":10,"featured_media":0,"comment_status":"open","ping_status":"open","sticky":false,"template":"","format":"standard","meta":{"cybocfi_hide_featured_image":"","footnotes":""},"categories":[321],"tags":[],"class_list":["post-2068","post","type-post","status-publish","format-standard","hentry","category-servizi"],"yoast_head":"<!-- This site is optimized with the Yoast SEO plugin v27.0 - https:\/\/yoast.com\/product\/yoast-seo-wordpress\/ -->\n<title>Una logistica di ferro...no di legno! - Article Marketing<\/title>\n<meta name=\"robots\" content=\"index, follow, max-snippet:-1, max-image-preview:large, max-video-preview:-1\" \/>\n<link rel=\"canonical\" href=\"https:\/\/www.article-marketing.eu\/comunicati\/comunicati-stampa\/servizi\/una-logistica-di-ferro-no-di-legno\/\" \/>\n<meta property=\"og:locale\" content=\"it_IT\" \/>\n<meta property=\"og:type\" content=\"article\" \/>\n<meta property=\"og:title\" content=\"Una logistica di ferro...no di legno! - Article Marketing\" \/>\n<meta property=\"og:description\" content=\"Siglato l&#039;accordo fra Garbellotto Spa, azienda storica del settore del legno e la Stesi Projects per la riorganizzazione della logistica aziendale.\" \/>\n<meta property=\"og:url\" content=\"https:\/\/www.article-marketing.eu\/comunicati\/comunicati-stampa\/servizi\/una-logistica-di-ferro-no-di-legno\/\" \/>\n<meta property=\"og:site_name\" content=\"Article Marketing\" \/>\n<meta property=\"article:published_time\" content=\"2009-05-27T15:02:52+00:00\" \/>\n<meta name=\"author\" content=\"Redazione Comunicati Stampa\" \/>\n<meta name=\"twitter:card\" content=\"summary_large_image\" \/>\n<meta name=\"twitter:label1\" content=\"Scritto da\" \/>\n\t<meta name=\"twitter:data1\" content=\"Redazione Comunicati Stampa\" \/>\n\t<meta name=\"twitter:label2\" content=\"Tempo di lettura stimato\" \/>\n\t<meta name=\"twitter:data2\" content=\"2 minuti\" \/>\n<script type=\"application\/ld+json\" class=\"yoast-schema-graph\">{\"@context\":\"https:\/\/schema.org\",\"@graph\":[{\"@type\":\"Article\",\"@id\":\"https:\/\/www.article-marketing.eu\/comunicati\/comunicati-stampa\/servizi\/una-logistica-di-ferro-no-di-legno\/#article\",\"isPartOf\":{\"@id\":\"https:\/\/www.article-marketing.eu\/comunicati\/comunicati-stampa\/servizi\/una-logistica-di-ferro-no-di-legno\/\"},\"author\":{\"name\":\"Redazione Comunicati Stampa\",\"@id\":\"https:\/\/www.article-marketing.eu\/comunicati\/#\/schema\/person\/44372e4d4d0fa797b18e03ed1ace9017\"},\"headline\":\"Una logistica di ferro&#8230;no di legno!\",\"datePublished\":\"2009-05-27T15:02:52+00:00\",\"mainEntityOfPage\":{\"@id\":\"https:\/\/www.article-marketing.eu\/comunicati\/comunicati-stampa\/servizi\/una-logistica-di-ferro-no-di-legno\/\"},\"wordCount\":473,\"commentCount\":0,\"articleSection\":[\"Servizi\"],\"inLanguage\":\"it-IT\",\"potentialAction\":[{\"@type\":\"CommentAction\",\"name\":\"Comment\",\"target\":[\"https:\/\/www.article-marketing.eu\/comunicati\/comunicati-stampa\/servizi\/una-logistica-di-ferro-no-di-legno\/#respond\"]}]},{\"@type\":\"WebPage\",\"@id\":\"https:\/\/www.article-marketing.eu\/comunicati\/comunicati-stampa\/servizi\/una-logistica-di-ferro-no-di-legno\/\",\"url\":\"https:\/\/www.article-marketing.eu\/comunicati\/comunicati-stampa\/servizi\/una-logistica-di-ferro-no-di-legno\/\",\"name\":\"Una logistica di ferro...no di legno! - Article Marketing\",\"isPartOf\":{\"@id\":\"https:\/\/www.article-marketing.eu\/comunicati\/#website\"},\"datePublished\":\"2009-05-27T15:02:52+00:00\",\"author\":{\"@id\":\"https:\/\/www.article-marketing.eu\/comunicati\/#\/schema\/person\/44372e4d4d0fa797b18e03ed1ace9017\"},\"breadcrumb\":{\"@id\":\"https:\/\/www.article-marketing.eu\/comunicati\/comunicati-stampa\/servizi\/una-logistica-di-ferro-no-di-legno\/#breadcrumb\"},\"inLanguage\":\"it-IT\",\"potentialAction\":[{\"@type\":\"ReadAction\",\"target\":[\"https:\/\/www.article-marketing.eu\/comunicati\/comunicati-stampa\/servizi\/una-logistica-di-ferro-no-di-legno\/\"]}]},{\"@type\":\"BreadcrumbList\",\"@id\":\"https:\/\/www.article-marketing.eu\/comunicati\/comunicati-stampa\/servizi\/una-logistica-di-ferro-no-di-legno\/#breadcrumb\",\"itemListElement\":[{\"@type\":\"ListItem\",\"position\":1,\"name\":\"Home\",\"item\":\"https:\/\/www.article-marketing.eu\/comunicati\/\"},{\"@type\":\"ListItem\",\"position\":2,\"name\":\"Una logistica di ferro&#8230;no di legno!\"}]},{\"@type\":\"WebSite\",\"@id\":\"https:\/\/www.article-marketing.eu\/comunicati\/#website\",\"url\":\"https:\/\/www.article-marketing.eu\/comunicati\/\",\"name\":\"Article Marketing\",\"description\":\"article marketing &amp; press release\",\"potentialAction\":[{\"@type\":\"SearchAction\",\"target\":{\"@type\":\"EntryPoint\",\"urlTemplate\":\"https:\/\/www.article-marketing.eu\/comunicati\/?s={search_term_string}\"},\"query-input\":{\"@type\":\"PropertyValueSpecification\",\"valueRequired\":true,\"valueName\":\"search_term_string\"}}],\"inLanguage\":\"it-IT\"},{\"@type\":\"Person\",\"@id\":\"https:\/\/www.article-marketing.eu\/comunicati\/#\/schema\/person\/44372e4d4d0fa797b18e03ed1ace9017\",\"name\":\"Redazione Comunicati Stampa\",\"image\":{\"@type\":\"ImageObject\",\"inLanguage\":\"it-IT\",\"@id\":\"https:\/\/www.article-marketing.eu\/comunicati\/#\/schema\/person\/image\/\",\"url\":\"https:\/\/secure.gravatar.com\/avatar\/50e5c6421d3072f42e7ace803501602c60d75233d34e29fd05feb91c8760b792?s=96&d=mm&r=g\",\"contentUrl\":\"https:\/\/secure.gravatar.com\/avatar\/50e5c6421d3072f42e7ace803501602c60d75233d34e29fd05feb91c8760b792?s=96&d=mm&r=g\",\"caption\":\"Redazione Comunicati Stampa\"},\"url\":\"https:\/\/www.article-marketing.eu\/comunicati\/author\/redazione-comunicati-stampa\/\"}]}<\/script>\n<!-- \/ Yoast SEO plugin. -->","yoast_head_json":{"title":"Una logistica di ferro...no di legno! - Article Marketing","robots":{"index":"index","follow":"follow","max-snippet":"max-snippet:-1","max-image-preview":"max-image-preview:large","max-video-preview":"max-video-preview:-1"},"canonical":"https:\/\/www.article-marketing.eu\/comunicati\/comunicati-stampa\/servizi\/una-logistica-di-ferro-no-di-legno\/","og_locale":"it_IT","og_type":"article","og_title":"Una logistica di ferro...no di legno! - Article Marketing","og_description":"Siglato l'accordo fra Garbellotto Spa, azienda storica del settore del legno e la Stesi Projects per la riorganizzazione della logistica aziendale.","og_url":"https:\/\/www.article-marketing.eu\/comunicati\/comunicati-stampa\/servizi\/una-logistica-di-ferro-no-di-legno\/","og_site_name":"Article Marketing","article_published_time":"2009-05-27T15:02:52+00:00","author":"Redazione Comunicati Stampa","twitter_card":"summary_large_image","twitter_misc":{"Scritto da":"Redazione Comunicati Stampa","Tempo di lettura stimato":"2 minuti"},"schema":{"@context":"https:\/\/schema.org","@graph":[{"@type":"Article","@id":"https:\/\/www.article-marketing.eu\/comunicati\/comunicati-stampa\/servizi\/una-logistica-di-ferro-no-di-legno\/#article","isPartOf":{"@id":"https:\/\/www.article-marketing.eu\/comunicati\/comunicati-stampa\/servizi\/una-logistica-di-ferro-no-di-legno\/"},"author":{"name":"Redazione Comunicati Stampa","@id":"https:\/\/www.article-marketing.eu\/comunicati\/#\/schema\/person\/44372e4d4d0fa797b18e03ed1ace9017"},"headline":"Una logistica di ferro&#8230;no di legno!","datePublished":"2009-05-27T15:02:52+00:00","mainEntityOfPage":{"@id":"https:\/\/www.article-marketing.eu\/comunicati\/comunicati-stampa\/servizi\/una-logistica-di-ferro-no-di-legno\/"},"wordCount":473,"commentCount":0,"articleSection":["Servizi"],"inLanguage":"it-IT","potentialAction":[{"@type":"CommentAction","name":"Comment","target":["https:\/\/www.article-marketing.eu\/comunicati\/comunicati-stampa\/servizi\/una-logistica-di-ferro-no-di-legno\/#respond"]}]},{"@type":"WebPage","@id":"https:\/\/www.article-marketing.eu\/comunicati\/comunicati-stampa\/servizi\/una-logistica-di-ferro-no-di-legno\/","url":"https:\/\/www.article-marketing.eu\/comunicati\/comunicati-stampa\/servizi\/una-logistica-di-ferro-no-di-legno\/","name":"Una logistica di ferro...no di legno! - Article Marketing","isPartOf":{"@id":"https:\/\/www.article-marketing.eu\/comunicati\/#website"},"datePublished":"2009-05-27T15:02:52+00:00","author":{"@id":"https:\/\/www.article-marketing.eu\/comunicati\/#\/schema\/person\/44372e4d4d0fa797b18e03ed1ace9017"},"breadcrumb":{"@id":"https:\/\/www.article-marketing.eu\/comunicati\/comunicati-stampa\/servizi\/una-logistica-di-ferro-no-di-legno\/#breadcrumb"},"inLanguage":"it-IT","potentialAction":[{"@type":"ReadAction","target":["https:\/\/www.article-marketing.eu\/comunicati\/comunicati-stampa\/servizi\/una-logistica-di-ferro-no-di-legno\/"]}]},{"@type":"BreadcrumbList","@id":"https:\/\/www.article-marketing.eu\/comunicati\/comunicati-stampa\/servizi\/una-logistica-di-ferro-no-di-legno\/#breadcrumb","itemListElement":[{"@type":"ListItem","position":1,"name":"Home","item":"https:\/\/www.article-marketing.eu\/comunicati\/"},{"@type":"ListItem","position":2,"name":"Una logistica di ferro&#8230;no di legno!"}]},{"@type":"WebSite","@id":"https:\/\/www.article-marketing.eu\/comunicati\/#website","url":"https:\/\/www.article-marketing.eu\/comunicati\/","name":"Article Marketing","description":"article marketing &amp; press release","potentialAction":[{"@type":"SearchAction","target":{"@type":"EntryPoint","urlTemplate":"https:\/\/www.article-marketing.eu\/comunicati\/?s={search_term_string}"},"query-input":{"@type":"PropertyValueSpecification","valueRequired":true,"valueName":"search_term_string"}}],"inLanguage":"it-IT"},{"@type":"Person","@id":"https:\/\/www.article-marketing.eu\/comunicati\/#\/schema\/person\/44372e4d4d0fa797b18e03ed1ace9017","name":"Redazione Comunicati Stampa","image":{"@type":"ImageObject","inLanguage":"it-IT","@id":"https:\/\/www.article-marketing.eu\/comunicati\/#\/schema\/person\/image\/","url":"https:\/\/secure.gravatar.com\/avatar\/50e5c6421d3072f42e7ace803501602c60d75233d34e29fd05feb91c8760b792?s=96&d=mm&r=g","contentUrl":"https:\/\/secure.gravatar.com\/avatar\/50e5c6421d3072f42e7ace803501602c60d75233d34e29fd05feb91c8760b792?s=96&d=mm&r=g","caption":"Redazione Comunicati Stampa"},"url":"https:\/\/www.article-marketing.eu\/comunicati\/author\/redazione-comunicati-stampa\/"}]}},"_links":{"self":[{"href":"https:\/\/www.article-marketing.eu\/comunicati\/wp-json\/wp\/v2\/posts\/2068","targetHints":{"allow":["GET"]}}],"collection":[{"href":"https:\/\/www.article-marketing.eu\/comunicati\/wp-json\/wp\/v2\/posts"}],"about":[{"href":"https:\/\/www.article-marketing.eu\/comunicati\/wp-json\/wp\/v2\/types\/post"}],"author":[{"embeddable":true,"href":"https:\/\/www.article-marketing.eu\/comunicati\/wp-json\/wp\/v2\/users\/10"}],"replies":[{"embeddable":true,"href":"https:\/\/www.article-marketing.eu\/comunicati\/wp-json\/wp\/v2\/comments?post=2068"}],"version-history":[{"count":0,"href":"https:\/\/www.article-marketing.eu\/comunicati\/wp-json\/wp\/v2\/posts\/2068\/revisions"}],"wp:attachment":[{"href":"https:\/\/www.article-marketing.eu\/comunicati\/wp-json\/wp\/v2\/media?parent=2068"}],"wp:term":[{"taxonomy":"category","embeddable":true,"href":"https:\/\/www.article-marketing.eu\/comunicati\/wp-json\/wp\/v2\/categories?post=2068"},{"taxonomy":"post_tag","embeddable":true,"href":"https:\/\/www.article-marketing.eu\/comunicati\/wp-json\/wp\/v2\/tags?post=2068"}],"curies":[{"name":"wp","href":"https:\/\/api.w.org\/{rel}","templated":true}]}}