{"id":2074,"date":"2009-05-28T13:25:49","date_gmt":"2009-05-28T11:25:49","guid":{"rendered":"http:\/\/www.article-marketing.eu\/comunicati\/senza-categoria\/acquisto-casa-sardegna-laffare-del-momento\/"},"modified":"2018-06-04T20:15:51","modified_gmt":"2018-06-04T18:15:51","slug":"acquisto-casa-sardegna-laffare-del-momento","status":"publish","type":"post","link":"https:\/\/www.article-marketing.eu\/comunicati\/viaggi-e-vacanze\/viaggi-e-turismo\/acquisto-casa-sardegna-laffare-del-momento\/","title":{"rendered":"Acquisto casa Sardegna, l&#8217;affare del momento"},"content":{"rendered":"<p>Anche in tempo di crisi la Sardegna \u00e8 un affare. L&#8217;acquisto casa Sardgna anche in tempo di crisi non ha conosciuto cali perch\u00e8 con la &quot;Legge Salva Coste&quot; non si potr\u00e0 pi\u00f9 costruire a 2 metri dalla spiaggia. Il risultato? Basta speculazione edilizia e via alla caccia alle abitazioni gi\u00e0 costruite vicino al mare che nei prossimi mesi non potranno che aumentare il loro valore.<\/p>\n<p>La Sardegna \u00e8 una meta sempre pi\u00f9 esclusiva e sar\u00e0 sempre pi\u00f9 difficile comptere con miliardari di mezzo mondo che vorranno accaparrarsi le poche abitazioni affacciate agli slendidi colori delle acque sarde.<\/p>\n<p>La vendita case Sardegna \u00e8 oggi, in tempo di crisi gi\u00e0 un affare e, sperando in una ripresa economica al pi\u00f9 presto vicina, lo sar\u00e0 sempre di pi\u00f9!<\/p>\n<p>Il consiglio per\u00f2 \u00e8 quello di affidarsi ad agenzie che conoscono bene il territorio per farci proporre soluzioni abitative pi\u00f9 competitive. Se \u00e8 vero che non si potr\u00e0 pi\u00f9 costruire vicino al mare \u00e8 anche vero che gi\u00e0 adesso la Sardegna \u00e8 stata molto attaccata da chi pensava di fare delle sue coste qualcosa tipo principato di Monaco&#8230;Allora attenzione alle finte occasioni o alle costruzioni abusive. <\/p>\n<p>La Sardegna \u00e8 un paradiso naturlae come pochi e le abitazioni dovranno sempre di pi\u00f9 rispondere agli alti standard di edilizia eco-sostenibile che si sta affermando nel nostro paese (anche se in ritardo). <\/p>\n<p>Ora un elenco delle localit\u00e0 di Mare pi\u00f9 esclusive della bella isola italiana:<\/p>\n<p>Alghero e la Riviera del Corallo, Castelsardo, la Costa Smeralda, Dorgali, La Maddalena, Loiri Porto San Paolo, Olbia, Orosei, Palau, Porto Cervo, Porto Rotondo, Porto Torres, Pula, Chia, San Teodoro, Santa Teresa, Siniscola, Stintino, Villasimius.<\/p>\n<p>Feste popolari:<br \/>\nSant&#8217;Efisio a Cagliari, la Sagra del Redentore a Nuoro, S&#8217;Ardia a Sedilo, la Cavalcata sarda e la Faradda a Sassari, Sa Sartiglia a Oristano, San Gavino a Porto Torres, San Michele ad Alghero e San Simplicio a Olbia.<\/p>\n<p>Citt\u00e0 e numero di abitanti:<\/p>\n<p>Cagliari (157.415 ab.) \u00e8 al centro di un&#8217;area urbana di 500.000 abitanti, i cui principali centri sono Quartu Sant&#8217;Elena (71.200 ab.), Selargius (29.000 ab.), Assemini (26.500 ab.), Capoterra (23.500 ab.), Monserrato (20.800 ab.), Sestu (19.100 ab.) e Quartucciu (12.400 ab.), Sassari (130.248 ab.) ha un&#8217;area urbana che si espande soprattutto verso il golfo dell&#8217;Asinara, e include i centri di Porto Torres (22.200 ab.) e Sorso (14.700 ab.), per un totale di 275.000 abitanti circa.<br \/>\n Olbia (53.581 ab.), Alghero (40.915 ab.), Nuoro (36.413 ab.), Oristano (32.500 ab.), Carbonia (30.000 ab.), Iglesias (27.600 ab.), Villacidro (14.500 ab.), Tempio Pausania (14.200 ab.), Arzachena (12.800 ab.), Guspini (12.500 ab.), Sant&#8217;Antioco (11.700 ab.), La Maddalena (11.700 ab.), Siniscola (11.400 ab.), Ozieri (11.000 ab.), Macomer (10.730 ab.), Tortol\u00ec (10.600 ab.) e Terralba (10.400 ab.). Tra i centri minori con meno di 10.000 abitanti sono inclusi anche due capoluoghi di provincia: Sanluri (8.500 ab.) e Lanusei (5.700 ab.).<\/p>\n","protected":false},"excerpt":{"rendered":"<p>L&#8217;acquisto di case in Sardegna \u00e8 anche in tempo di crisi un ottimo affare. Noi vi spieghiamo i motivi.<\/p>\n","protected":false},"author":10,"featured_media":0,"comment_status":"open","ping_status":"open","sticky":false,"template":"","format":"standard","meta":{"cybocfi_hide_featured_image":"","footnotes":""},"categories":[2],"tags":[6475,6476],"class_list":["post-2074","post","type-post","status-publish","format-standard","hentry","category-viaggi-e-turismo","tag-acquisto-casa-sardegna","tag-vendita-case-sardegna"],"yoast_head":"<!-- This site is optimized with the Yoast SEO plugin v27.0 - https:\/\/yoast.com\/product\/yoast-seo-wordpress\/ -->\n<title>Acquisto casa Sardegna, l&#039;affare del momento - Article Marketing<\/title>\n<meta name=\"robots\" content=\"index, follow, max-snippet:-1, max-image-preview:large, max-video-preview:-1\" \/>\n<link rel=\"canonical\" href=\"https:\/\/www.article-marketing.eu\/comunicati\/viaggi-e-vacanze\/viaggi-e-turismo\/acquisto-casa-sardegna-laffare-del-momento\/\" \/>\n<meta property=\"og:locale\" content=\"it_IT\" \/>\n<meta property=\"og:type\" content=\"article\" \/>\n<meta property=\"og:title\" content=\"Acquisto casa Sardegna, l&#039;affare del momento - Article Marketing\" \/>\n<meta property=\"og:description\" content=\"L&#039;acquisto di case in Sardegna \u00e8 anche in tempo di crisi un ottimo affare. Noi vi spieghiamo i motivi.\" \/>\n<meta property=\"og:url\" content=\"https:\/\/www.article-marketing.eu\/comunicati\/viaggi-e-vacanze\/viaggi-e-turismo\/acquisto-casa-sardegna-laffare-del-momento\/\" \/>\n<meta property=\"og:site_name\" content=\"Article Marketing\" \/>\n<meta property=\"article:published_time\" content=\"2009-05-28T11:25:49+00:00\" \/>\n<meta property=\"article:modified_time\" content=\"2018-06-04T18:15:51+00:00\" \/>\n<meta name=\"author\" content=\"Redazione Comunicati Stampa\" \/>\n<meta name=\"twitter:card\" content=\"summary_large_image\" \/>\n<meta name=\"twitter:label1\" content=\"Scritto da\" \/>\n\t<meta name=\"twitter:data1\" content=\"Redazione Comunicati Stampa\" \/>\n\t<meta name=\"twitter:label2\" content=\"Tempo di lettura stimato\" \/>\n\t<meta name=\"twitter:data2\" content=\"2 minuti\" \/>\n<script type=\"application\/ld+json\" class=\"yoast-schema-graph\">{\"@context\":\"https:\/\/schema.org\",\"@graph\":[{\"@type\":\"Article\",\"@id\":\"https:\/\/www.article-marketing.eu\/comunicati\/viaggi-e-vacanze\/viaggi-e-turismo\/acquisto-casa-sardegna-laffare-del-momento\/#article\",\"isPartOf\":{\"@id\":\"https:\/\/www.article-marketing.eu\/comunicati\/viaggi-e-vacanze\/viaggi-e-turismo\/acquisto-casa-sardegna-laffare-del-momento\/\"},\"author\":{\"name\":\"Redazione Comunicati Stampa\",\"@id\":\"https:\/\/www.article-marketing.eu\/comunicati\/#\/schema\/person\/44372e4d4d0fa797b18e03ed1ace9017\"},\"headline\":\"Acquisto casa Sardegna, l&#8217;affare del momento\",\"datePublished\":\"2009-05-28T11:25:49+00:00\",\"dateModified\":\"2018-06-04T18:15:51+00:00\",\"mainEntityOfPage\":{\"@id\":\"https:\/\/www.article-marketing.eu\/comunicati\/viaggi-e-vacanze\/viaggi-e-turismo\/acquisto-casa-sardegna-laffare-del-momento\/\"},\"wordCount\":434,\"commentCount\":0,\"keywords\":[\"acquisto casa sardegna\",\"vendita case sardegna\"],\"articleSection\":[\"Viaggi e Turismo\"],\"inLanguage\":\"it-IT\",\"potentialAction\":[{\"@type\":\"CommentAction\",\"name\":\"Comment\",\"target\":[\"https:\/\/www.article-marketing.eu\/comunicati\/viaggi-e-vacanze\/viaggi-e-turismo\/acquisto-casa-sardegna-laffare-del-momento\/#respond\"]}]},{\"@type\":\"WebPage\",\"@id\":\"https:\/\/www.article-marketing.eu\/comunicati\/viaggi-e-vacanze\/viaggi-e-turismo\/acquisto-casa-sardegna-laffare-del-momento\/\",\"url\":\"https:\/\/www.article-marketing.eu\/comunicati\/viaggi-e-vacanze\/viaggi-e-turismo\/acquisto-casa-sardegna-laffare-del-momento\/\",\"name\":\"Acquisto casa Sardegna, l'affare del momento - Article Marketing\",\"isPartOf\":{\"@id\":\"https:\/\/www.article-marketing.eu\/comunicati\/#website\"},\"datePublished\":\"2009-05-28T11:25:49+00:00\",\"dateModified\":\"2018-06-04T18:15:51+00:00\",\"author\":{\"@id\":\"https:\/\/www.article-marketing.eu\/comunicati\/#\/schema\/person\/44372e4d4d0fa797b18e03ed1ace9017\"},\"breadcrumb\":{\"@id\":\"https:\/\/www.article-marketing.eu\/comunicati\/viaggi-e-vacanze\/viaggi-e-turismo\/acquisto-casa-sardegna-laffare-del-momento\/#breadcrumb\"},\"inLanguage\":\"it-IT\",\"potentialAction\":[{\"@type\":\"ReadAction\",\"target\":[\"https:\/\/www.article-marketing.eu\/comunicati\/viaggi-e-vacanze\/viaggi-e-turismo\/acquisto-casa-sardegna-laffare-del-momento\/\"]}]},{\"@type\":\"BreadcrumbList\",\"@id\":\"https:\/\/www.article-marketing.eu\/comunicati\/viaggi-e-vacanze\/viaggi-e-turismo\/acquisto-casa-sardegna-laffare-del-momento\/#breadcrumb\",\"itemListElement\":[{\"@type\":\"ListItem\",\"position\":1,\"name\":\"Home\",\"item\":\"https:\/\/www.article-marketing.eu\/comunicati\/\"},{\"@type\":\"ListItem\",\"position\":2,\"name\":\"Acquisto casa Sardegna, l&#8217;affare del momento\"}]},{\"@type\":\"WebSite\",\"@id\":\"https:\/\/www.article-marketing.eu\/comunicati\/#website\",\"url\":\"https:\/\/www.article-marketing.eu\/comunicati\/\",\"name\":\"Article Marketing\",\"description\":\"article marketing &amp; press release\",\"potentialAction\":[{\"@type\":\"SearchAction\",\"target\":{\"@type\":\"EntryPoint\",\"urlTemplate\":\"https:\/\/www.article-marketing.eu\/comunicati\/?s={search_term_string}\"},\"query-input\":{\"@type\":\"PropertyValueSpecification\",\"valueRequired\":true,\"valueName\":\"search_term_string\"}}],\"inLanguage\":\"it-IT\"},{\"@type\":\"Person\",\"@id\":\"https:\/\/www.article-marketing.eu\/comunicati\/#\/schema\/person\/44372e4d4d0fa797b18e03ed1ace9017\",\"name\":\"Redazione Comunicati Stampa\",\"image\":{\"@type\":\"ImageObject\",\"inLanguage\":\"it-IT\",\"@id\":\"https:\/\/www.article-marketing.eu\/comunicati\/#\/schema\/person\/image\/\",\"url\":\"https:\/\/secure.gravatar.com\/avatar\/50e5c6421d3072f42e7ace803501602c60d75233d34e29fd05feb91c8760b792?s=96&d=mm&r=g\",\"contentUrl\":\"https:\/\/secure.gravatar.com\/avatar\/50e5c6421d3072f42e7ace803501602c60d75233d34e29fd05feb91c8760b792?s=96&d=mm&r=g\",\"caption\":\"Redazione Comunicati Stampa\"},\"url\":\"https:\/\/www.article-marketing.eu\/comunicati\/author\/redazione-comunicati-stampa\/\"}]}<\/script>\n<!-- \/ Yoast SEO plugin. -->","yoast_head_json":{"title":"Acquisto casa Sardegna, l'affare del momento - Article Marketing","robots":{"index":"index","follow":"follow","max-snippet":"max-snippet:-1","max-image-preview":"max-image-preview:large","max-video-preview":"max-video-preview:-1"},"canonical":"https:\/\/www.article-marketing.eu\/comunicati\/viaggi-e-vacanze\/viaggi-e-turismo\/acquisto-casa-sardegna-laffare-del-momento\/","og_locale":"it_IT","og_type":"article","og_title":"Acquisto casa Sardegna, l'affare del momento - Article Marketing","og_description":"L'acquisto di case in Sardegna \u00e8 anche in tempo di crisi un ottimo affare. Noi vi spieghiamo i motivi.","og_url":"https:\/\/www.article-marketing.eu\/comunicati\/viaggi-e-vacanze\/viaggi-e-turismo\/acquisto-casa-sardegna-laffare-del-momento\/","og_site_name":"Article Marketing","article_published_time":"2009-05-28T11:25:49+00:00","article_modified_time":"2018-06-04T18:15:51+00:00","author":"Redazione Comunicati Stampa","twitter_card":"summary_large_image","twitter_misc":{"Scritto da":"Redazione Comunicati Stampa","Tempo di lettura stimato":"2 minuti"},"schema":{"@context":"https:\/\/schema.org","@graph":[{"@type":"Article","@id":"https:\/\/www.article-marketing.eu\/comunicati\/viaggi-e-vacanze\/viaggi-e-turismo\/acquisto-casa-sardegna-laffare-del-momento\/#article","isPartOf":{"@id":"https:\/\/www.article-marketing.eu\/comunicati\/viaggi-e-vacanze\/viaggi-e-turismo\/acquisto-casa-sardegna-laffare-del-momento\/"},"author":{"name":"Redazione Comunicati Stampa","@id":"https:\/\/www.article-marketing.eu\/comunicati\/#\/schema\/person\/44372e4d4d0fa797b18e03ed1ace9017"},"headline":"Acquisto casa Sardegna, l&#8217;affare del momento","datePublished":"2009-05-28T11:25:49+00:00","dateModified":"2018-06-04T18:15:51+00:00","mainEntityOfPage":{"@id":"https:\/\/www.article-marketing.eu\/comunicati\/viaggi-e-vacanze\/viaggi-e-turismo\/acquisto-casa-sardegna-laffare-del-momento\/"},"wordCount":434,"commentCount":0,"keywords":["acquisto casa sardegna","vendita case sardegna"],"articleSection":["Viaggi e Turismo"],"inLanguage":"it-IT","potentialAction":[{"@type":"CommentAction","name":"Comment","target":["https:\/\/www.article-marketing.eu\/comunicati\/viaggi-e-vacanze\/viaggi-e-turismo\/acquisto-casa-sardegna-laffare-del-momento\/#respond"]}]},{"@type":"WebPage","@id":"https:\/\/www.article-marketing.eu\/comunicati\/viaggi-e-vacanze\/viaggi-e-turismo\/acquisto-casa-sardegna-laffare-del-momento\/","url":"https:\/\/www.article-marketing.eu\/comunicati\/viaggi-e-vacanze\/viaggi-e-turismo\/acquisto-casa-sardegna-laffare-del-momento\/","name":"Acquisto casa Sardegna, l'affare del momento - Article Marketing","isPartOf":{"@id":"https:\/\/www.article-marketing.eu\/comunicati\/#website"},"datePublished":"2009-05-28T11:25:49+00:00","dateModified":"2018-06-04T18:15:51+00:00","author":{"@id":"https:\/\/www.article-marketing.eu\/comunicati\/#\/schema\/person\/44372e4d4d0fa797b18e03ed1ace9017"},"breadcrumb":{"@id":"https:\/\/www.article-marketing.eu\/comunicati\/viaggi-e-vacanze\/viaggi-e-turismo\/acquisto-casa-sardegna-laffare-del-momento\/#breadcrumb"},"inLanguage":"it-IT","potentialAction":[{"@type":"ReadAction","target":["https:\/\/www.article-marketing.eu\/comunicati\/viaggi-e-vacanze\/viaggi-e-turismo\/acquisto-casa-sardegna-laffare-del-momento\/"]}]},{"@type":"BreadcrumbList","@id":"https:\/\/www.article-marketing.eu\/comunicati\/viaggi-e-vacanze\/viaggi-e-turismo\/acquisto-casa-sardegna-laffare-del-momento\/#breadcrumb","itemListElement":[{"@type":"ListItem","position":1,"name":"Home","item":"https:\/\/www.article-marketing.eu\/comunicati\/"},{"@type":"ListItem","position":2,"name":"Acquisto casa Sardegna, l&#8217;affare del momento"}]},{"@type":"WebSite","@id":"https:\/\/www.article-marketing.eu\/comunicati\/#website","url":"https:\/\/www.article-marketing.eu\/comunicati\/","name":"Article Marketing","description":"article marketing &amp; press release","potentialAction":[{"@type":"SearchAction","target":{"@type":"EntryPoint","urlTemplate":"https:\/\/www.article-marketing.eu\/comunicati\/?s={search_term_string}"},"query-input":{"@type":"PropertyValueSpecification","valueRequired":true,"valueName":"search_term_string"}}],"inLanguage":"it-IT"},{"@type":"Person","@id":"https:\/\/www.article-marketing.eu\/comunicati\/#\/schema\/person\/44372e4d4d0fa797b18e03ed1ace9017","name":"Redazione Comunicati Stampa","image":{"@type":"ImageObject","inLanguage":"it-IT","@id":"https:\/\/www.article-marketing.eu\/comunicati\/#\/schema\/person\/image\/","url":"https:\/\/secure.gravatar.com\/avatar\/50e5c6421d3072f42e7ace803501602c60d75233d34e29fd05feb91c8760b792?s=96&d=mm&r=g","contentUrl":"https:\/\/secure.gravatar.com\/avatar\/50e5c6421d3072f42e7ace803501602c60d75233d34e29fd05feb91c8760b792?s=96&d=mm&r=g","caption":"Redazione Comunicati Stampa"},"url":"https:\/\/www.article-marketing.eu\/comunicati\/author\/redazione-comunicati-stampa\/"}]}},"_links":{"self":[{"href":"https:\/\/www.article-marketing.eu\/comunicati\/wp-json\/wp\/v2\/posts\/2074","targetHints":{"allow":["GET"]}}],"collection":[{"href":"https:\/\/www.article-marketing.eu\/comunicati\/wp-json\/wp\/v2\/posts"}],"about":[{"href":"https:\/\/www.article-marketing.eu\/comunicati\/wp-json\/wp\/v2\/types\/post"}],"author":[{"embeddable":true,"href":"https:\/\/www.article-marketing.eu\/comunicati\/wp-json\/wp\/v2\/users\/10"}],"replies":[{"embeddable":true,"href":"https:\/\/www.article-marketing.eu\/comunicati\/wp-json\/wp\/v2\/comments?post=2074"}],"version-history":[{"count":1,"href":"https:\/\/www.article-marketing.eu\/comunicati\/wp-json\/wp\/v2\/posts\/2074\/revisions"}],"predecessor-version":[{"id":55489,"href":"https:\/\/www.article-marketing.eu\/comunicati\/wp-json\/wp\/v2\/posts\/2074\/revisions\/55489"}],"wp:attachment":[{"href":"https:\/\/www.article-marketing.eu\/comunicati\/wp-json\/wp\/v2\/media?parent=2074"}],"wp:term":[{"taxonomy":"category","embeddable":true,"href":"https:\/\/www.article-marketing.eu\/comunicati\/wp-json\/wp\/v2\/categories?post=2074"},{"taxonomy":"post_tag","embeddable":true,"href":"https:\/\/www.article-marketing.eu\/comunicati\/wp-json\/wp\/v2\/tags?post=2074"}],"curies":[{"name":"wp","href":"https:\/\/api.w.org\/{rel}","templated":true}]}}