{"id":2077,"date":"2009-05-28T16:08:09","date_gmt":"2009-05-28T14:08:09","guid":{"rendered":"http:\/\/www.article-marketing.eu\/comunicati\/senza-categoria\/roma-concerto-nine-inch-nails-22-luglio-2009\/"},"modified":"2009-05-28T16:08:09","modified_gmt":"2009-05-28T14:08:09","slug":"roma-concerto-nine-inch-nails-22-luglio-2009","status":"publish","type":"post","link":"https:\/\/www.article-marketing.eu\/comunicati\/comunicati-stampa\/eventi\/roma-concerto-nine-inch-nails-22-luglio-2009\/","title":{"rendered":"Roma: Concerto Nine Inch Nails, 22 Luglio 2009"},"content":{"rendered":"<p>Il primo motivo per cui dovete assolutamente approfittare delle <a href=\"http:\/\/it.flashbooking.com\/navigation\/europa_italia_roma_all_all.html\">offerte vacanze a Roma<\/a> e recarvi al concerto dei Nine Inch Nails \u00e8 per la spettacolarit\u00e0 che caratterizza le esibizioni live del gruppo: tra giochi di luce e maestosit\u00e0 sonore, Trent Reznor e i musicisti che lo accompagnano sul palco sanno come rendere un concerto coinvolgente e indimenticabile. <\/p>\n<p>La seconda ragione \u00e8 da ricercare nei gruppi spalla che introdurranno la performance dei Nine Inch Nails: la band statunitense \u00e8 infatti solo l\u2019headliner di una serata che comprender\u00e0 anche le esibizioni di TV on the Radio e Animal Collective. I primi, americani di Brooklyn, hanno pubblicato nel 2008 il loro ultimo lavoro, Dear Science, molto acclamato come pure i precedenti Desperate Youth, Blood Thirsty Babes e Return to Cookie Mountain, mentre gli Animal Collective, band formatasi a Baltimora, hanno da poco pubblicato Merriweather Post Pavilion, loro ottavo album in studio. Grazie anche alla partecipazione di questi due gruppi, il concerto dei Nine Inch Nails, che si svolger\u00e0 all\u2019Ippodromo delle Capannelle di Roma nell\u2019ambito di Rock in Roma, una rassegna che dal 27 giugno al 25 luglio ospiter\u00e0 una quantit\u00e0 incredibile di artisti italiani e internazionali, si presenta come una delle serate pi\u00f9 interessanti e attese del festival. <\/p>\n<p>Il terzo e principale motivo per cui dovreste affrettarvi ad acquistare i biglietti e affittare appartamenti a Roma \u00e8 che questa sar\u00e0 l\u2019ultima tourn\u00e9e dei Nine Inch Nails. Trent Reznor, fondatore e unico membro stabile della band, ha infatti annunciato che non pubblicher\u00e0 pi\u00f9 album con il nome Nine Inch Nails. Si conclude cos\u00ec, a venti anni esatti dalla pubblicazione del primo album, Pretty Hate Machine, la storia di uno dei gruppi pi\u00f9 importanti e influenti degli ultimi due decenni, che con album come The Downward Spiral del 1994 e The Fragile del 1999 ha lasciato un\u2019impronta inconfondibile nel mondo della musica. La storia della band, che si identifica con il cantante, polistrumentista, produttore, autore e compositore Trent Reznor, inizia negli anni Ottanta a Cleveland, nell\u2019Ohio, dove Reznor comincia a collaborare col batterista Chris Vrenna. Ben presto Reznor si rende conto che non ci sono musicisti che riescano a suonare le sue canzoni come vuole lui, per cui decide di incidere personalmente tutte le parti strumentali, ad eccezione della batteria. Questa tecnica compositiva diventer\u00e0 il suo marchio di fabbrica, tanto che Reznor assolder\u00e0 altri strumentisti solo per accompagnarlo durante le esibizioni dal vivo. Pretty Hate Machine, pubblicato nel 1989, diventa uno dei manifesti dell\u2019industrial rock, genere che mescola rock ed elettronica, mentre il suo successore, il concept album The Downward Spiral, viene pubblicato nel 1994, diventando uno degli album industrial pi\u00f9 venduti. Il 1999 \u00e8 l\u2019anno di The Fragile, cui segue un periodo di pausa, interrotto dalla pubblicazione di With Teeth nel 2005. Da allora i Nine Inch Nails non si fermano pi\u00f9: Year Zero vede la luce nel 2007, e nello stesso anno Reznor annuncia di essersi liberato da qualsiasi contratto discografico. Il nuovo corso della band inizia nel 2008 con Ghosts I-IV, primo esperimento dei Nine Inch Nails con la distribuzione digitale, cui segue, a brevissima distanza, The Slip (scaricabile gratuitamente dal sito della band), ultimo tassello della carriera ventennale dei Nine Inch Nails. Non perdetevi l\u2019occasione di partecipare per l\u2019ultima volta ad un concerto di questa storica band, prenotate subito i migliori hotel di Roma. <\/p>\n<p>Biglietti: 40 euro <\/p>\n<p>Data: 22 Luglio 2009 <\/p>\n<p>Dove: Ippodromo delle Capannelle, Roma, Italia <\/p>\n","protected":false},"excerpt":{"rendered":"<p>Il concerto che i Nine Inch Nails terranno a Roma il 22 luglio sar\u00e0 un evento imperdibile per tutti i fans della band per almeno tre ragioni.<\/p>\n","protected":false},"author":10,"featured_media":0,"comment_status":"open","ping_status":"open","sticky":false,"template":"","format":"standard","meta":{"cybocfi_hide_featured_image":"","footnotes":""},"categories":[388],"tags":[1840,1379,6484,5669,6481,6405,6483,6482],"class_list":["post-2077","post","type-post","status-publish","format-standard","hentry","category-eventi","tag-concerti","tag-festival","tag-industrial-rock","tag-musica-dal-vivo","tag-nine-inch-nails","tag-rock-in-roma","tag-the-slip","tag-trent-reznor"],"yoast_head":"<!-- This site is optimized with the Yoast SEO plugin v27.0 - https:\/\/yoast.com\/product\/yoast-seo-wordpress\/ -->\n<title>Roma: Concerto Nine Inch Nails, 22 Luglio 2009 - Article Marketing<\/title>\n<meta name=\"robots\" content=\"index, follow, max-snippet:-1, max-image-preview:large, max-video-preview:-1\" \/>\n<link rel=\"canonical\" href=\"https:\/\/www.article-marketing.eu\/comunicati\/comunicati-stampa\/eventi\/roma-concerto-nine-inch-nails-22-luglio-2009\/\" \/>\n<meta property=\"og:locale\" content=\"it_IT\" \/>\n<meta property=\"og:type\" content=\"article\" \/>\n<meta property=\"og:title\" content=\"Roma: Concerto Nine Inch Nails, 22 Luglio 2009 - Article Marketing\" \/>\n<meta property=\"og:description\" content=\"Il concerto che i Nine Inch Nails terranno a Roma il 22 luglio sar\u00e0 un evento imperdibile per tutti i fans della band per almeno tre ragioni.\" \/>\n<meta property=\"og:url\" content=\"https:\/\/www.article-marketing.eu\/comunicati\/comunicati-stampa\/eventi\/roma-concerto-nine-inch-nails-22-luglio-2009\/\" \/>\n<meta property=\"og:site_name\" content=\"Article Marketing\" \/>\n<meta property=\"article:published_time\" content=\"2009-05-28T14:08:09+00:00\" \/>\n<meta name=\"author\" content=\"Redazione Comunicati Stampa\" \/>\n<meta name=\"twitter:card\" content=\"summary_large_image\" \/>\n<meta name=\"twitter:label1\" content=\"Scritto da\" \/>\n\t<meta name=\"twitter:data1\" content=\"Redazione Comunicati Stampa\" \/>\n\t<meta name=\"twitter:label2\" content=\"Tempo di lettura stimato\" \/>\n\t<meta name=\"twitter:data2\" content=\"3 minuti\" \/>\n<script type=\"application\/ld+json\" class=\"yoast-schema-graph\">{\"@context\":\"https:\/\/schema.org\",\"@graph\":[{\"@type\":\"Article\",\"@id\":\"https:\/\/www.article-marketing.eu\/comunicati\/comunicati-stampa\/eventi\/roma-concerto-nine-inch-nails-22-luglio-2009\/#article\",\"isPartOf\":{\"@id\":\"https:\/\/www.article-marketing.eu\/comunicati\/comunicati-stampa\/eventi\/roma-concerto-nine-inch-nails-22-luglio-2009\/\"},\"author\":{\"name\":\"Redazione Comunicati Stampa\",\"@id\":\"https:\/\/www.article-marketing.eu\/comunicati\/#\/schema\/person\/44372e4d4d0fa797b18e03ed1ace9017\"},\"headline\":\"Roma: Concerto Nine Inch Nails, 22 Luglio 2009\",\"datePublished\":\"2009-05-28T14:08:09+00:00\",\"mainEntityOfPage\":{\"@id\":\"https:\/\/www.article-marketing.eu\/comunicati\/comunicati-stampa\/eventi\/roma-concerto-nine-inch-nails-22-luglio-2009\/\"},\"wordCount\":564,\"commentCount\":0,\"keywords\":[\"concerti\",\"festival\",\"industrial rock\",\"musica dal vivo\",\"Nine Inch Nails\",\"Rock in Roma\",\"The Slip\",\"Trent Reznor\"],\"articleSection\":[\"Eventi\"],\"inLanguage\":\"it-IT\",\"potentialAction\":[{\"@type\":\"CommentAction\",\"name\":\"Comment\",\"target\":[\"https:\/\/www.article-marketing.eu\/comunicati\/comunicati-stampa\/eventi\/roma-concerto-nine-inch-nails-22-luglio-2009\/#respond\"]}]},{\"@type\":\"WebPage\",\"@id\":\"https:\/\/www.article-marketing.eu\/comunicati\/comunicati-stampa\/eventi\/roma-concerto-nine-inch-nails-22-luglio-2009\/\",\"url\":\"https:\/\/www.article-marketing.eu\/comunicati\/comunicati-stampa\/eventi\/roma-concerto-nine-inch-nails-22-luglio-2009\/\",\"name\":\"Roma: Concerto Nine Inch Nails, 22 Luglio 2009 - Article Marketing\",\"isPartOf\":{\"@id\":\"https:\/\/www.article-marketing.eu\/comunicati\/#website\"},\"datePublished\":\"2009-05-28T14:08:09+00:00\",\"author\":{\"@id\":\"https:\/\/www.article-marketing.eu\/comunicati\/#\/schema\/person\/44372e4d4d0fa797b18e03ed1ace9017\"},\"breadcrumb\":{\"@id\":\"https:\/\/www.article-marketing.eu\/comunicati\/comunicati-stampa\/eventi\/roma-concerto-nine-inch-nails-22-luglio-2009\/#breadcrumb\"},\"inLanguage\":\"it-IT\",\"potentialAction\":[{\"@type\":\"ReadAction\",\"target\":[\"https:\/\/www.article-marketing.eu\/comunicati\/comunicati-stampa\/eventi\/roma-concerto-nine-inch-nails-22-luglio-2009\/\"]}]},{\"@type\":\"BreadcrumbList\",\"@id\":\"https:\/\/www.article-marketing.eu\/comunicati\/comunicati-stampa\/eventi\/roma-concerto-nine-inch-nails-22-luglio-2009\/#breadcrumb\",\"itemListElement\":[{\"@type\":\"ListItem\",\"position\":1,\"name\":\"Home\",\"item\":\"https:\/\/www.article-marketing.eu\/comunicati\/\"},{\"@type\":\"ListItem\",\"position\":2,\"name\":\"Roma: Concerto Nine Inch Nails, 22 Luglio 2009\"}]},{\"@type\":\"WebSite\",\"@id\":\"https:\/\/www.article-marketing.eu\/comunicati\/#website\",\"url\":\"https:\/\/www.article-marketing.eu\/comunicati\/\",\"name\":\"Article Marketing\",\"description\":\"article marketing &amp; press release\",\"potentialAction\":[{\"@type\":\"SearchAction\",\"target\":{\"@type\":\"EntryPoint\",\"urlTemplate\":\"https:\/\/www.article-marketing.eu\/comunicati\/?s={search_term_string}\"},\"query-input\":{\"@type\":\"PropertyValueSpecification\",\"valueRequired\":true,\"valueName\":\"search_term_string\"}}],\"inLanguage\":\"it-IT\"},{\"@type\":\"Person\",\"@id\":\"https:\/\/www.article-marketing.eu\/comunicati\/#\/schema\/person\/44372e4d4d0fa797b18e03ed1ace9017\",\"name\":\"Redazione Comunicati Stampa\",\"image\":{\"@type\":\"ImageObject\",\"inLanguage\":\"it-IT\",\"@id\":\"https:\/\/www.article-marketing.eu\/comunicati\/#\/schema\/person\/image\/\",\"url\":\"https:\/\/secure.gravatar.com\/avatar\/50e5c6421d3072f42e7ace803501602c60d75233d34e29fd05feb91c8760b792?s=96&d=mm&r=g\",\"contentUrl\":\"https:\/\/secure.gravatar.com\/avatar\/50e5c6421d3072f42e7ace803501602c60d75233d34e29fd05feb91c8760b792?s=96&d=mm&r=g\",\"caption\":\"Redazione Comunicati Stampa\"},\"url\":\"https:\/\/www.article-marketing.eu\/comunicati\/author\/redazione-comunicati-stampa\/\"}]}<\/script>\n<!-- \/ Yoast SEO plugin. -->","yoast_head_json":{"title":"Roma: Concerto Nine Inch Nails, 22 Luglio 2009 - Article Marketing","robots":{"index":"index","follow":"follow","max-snippet":"max-snippet:-1","max-image-preview":"max-image-preview:large","max-video-preview":"max-video-preview:-1"},"canonical":"https:\/\/www.article-marketing.eu\/comunicati\/comunicati-stampa\/eventi\/roma-concerto-nine-inch-nails-22-luglio-2009\/","og_locale":"it_IT","og_type":"article","og_title":"Roma: Concerto Nine Inch Nails, 22 Luglio 2009 - Article Marketing","og_description":"Il concerto che i Nine Inch Nails terranno a Roma il 22 luglio sar\u00e0 un evento imperdibile per tutti i fans della band per almeno tre ragioni.","og_url":"https:\/\/www.article-marketing.eu\/comunicati\/comunicati-stampa\/eventi\/roma-concerto-nine-inch-nails-22-luglio-2009\/","og_site_name":"Article Marketing","article_published_time":"2009-05-28T14:08:09+00:00","author":"Redazione Comunicati Stampa","twitter_card":"summary_large_image","twitter_misc":{"Scritto da":"Redazione Comunicati Stampa","Tempo di lettura stimato":"3 minuti"},"schema":{"@context":"https:\/\/schema.org","@graph":[{"@type":"Article","@id":"https:\/\/www.article-marketing.eu\/comunicati\/comunicati-stampa\/eventi\/roma-concerto-nine-inch-nails-22-luglio-2009\/#article","isPartOf":{"@id":"https:\/\/www.article-marketing.eu\/comunicati\/comunicati-stampa\/eventi\/roma-concerto-nine-inch-nails-22-luglio-2009\/"},"author":{"name":"Redazione Comunicati Stampa","@id":"https:\/\/www.article-marketing.eu\/comunicati\/#\/schema\/person\/44372e4d4d0fa797b18e03ed1ace9017"},"headline":"Roma: Concerto Nine Inch Nails, 22 Luglio 2009","datePublished":"2009-05-28T14:08:09+00:00","mainEntityOfPage":{"@id":"https:\/\/www.article-marketing.eu\/comunicati\/comunicati-stampa\/eventi\/roma-concerto-nine-inch-nails-22-luglio-2009\/"},"wordCount":564,"commentCount":0,"keywords":["concerti","festival","industrial rock","musica dal vivo","Nine Inch Nails","Rock in Roma","The Slip","Trent Reznor"],"articleSection":["Eventi"],"inLanguage":"it-IT","potentialAction":[{"@type":"CommentAction","name":"Comment","target":["https:\/\/www.article-marketing.eu\/comunicati\/comunicati-stampa\/eventi\/roma-concerto-nine-inch-nails-22-luglio-2009\/#respond"]}]},{"@type":"WebPage","@id":"https:\/\/www.article-marketing.eu\/comunicati\/comunicati-stampa\/eventi\/roma-concerto-nine-inch-nails-22-luglio-2009\/","url":"https:\/\/www.article-marketing.eu\/comunicati\/comunicati-stampa\/eventi\/roma-concerto-nine-inch-nails-22-luglio-2009\/","name":"Roma: Concerto Nine Inch Nails, 22 Luglio 2009 - Article Marketing","isPartOf":{"@id":"https:\/\/www.article-marketing.eu\/comunicati\/#website"},"datePublished":"2009-05-28T14:08:09+00:00","author":{"@id":"https:\/\/www.article-marketing.eu\/comunicati\/#\/schema\/person\/44372e4d4d0fa797b18e03ed1ace9017"},"breadcrumb":{"@id":"https:\/\/www.article-marketing.eu\/comunicati\/comunicati-stampa\/eventi\/roma-concerto-nine-inch-nails-22-luglio-2009\/#breadcrumb"},"inLanguage":"it-IT","potentialAction":[{"@type":"ReadAction","target":["https:\/\/www.article-marketing.eu\/comunicati\/comunicati-stampa\/eventi\/roma-concerto-nine-inch-nails-22-luglio-2009\/"]}]},{"@type":"BreadcrumbList","@id":"https:\/\/www.article-marketing.eu\/comunicati\/comunicati-stampa\/eventi\/roma-concerto-nine-inch-nails-22-luglio-2009\/#breadcrumb","itemListElement":[{"@type":"ListItem","position":1,"name":"Home","item":"https:\/\/www.article-marketing.eu\/comunicati\/"},{"@type":"ListItem","position":2,"name":"Roma: Concerto Nine Inch Nails, 22 Luglio 2009"}]},{"@type":"WebSite","@id":"https:\/\/www.article-marketing.eu\/comunicati\/#website","url":"https:\/\/www.article-marketing.eu\/comunicati\/","name":"Article Marketing","description":"article marketing &amp; press release","potentialAction":[{"@type":"SearchAction","target":{"@type":"EntryPoint","urlTemplate":"https:\/\/www.article-marketing.eu\/comunicati\/?s={search_term_string}"},"query-input":{"@type":"PropertyValueSpecification","valueRequired":true,"valueName":"search_term_string"}}],"inLanguage":"it-IT"},{"@type":"Person","@id":"https:\/\/www.article-marketing.eu\/comunicati\/#\/schema\/person\/44372e4d4d0fa797b18e03ed1ace9017","name":"Redazione Comunicati Stampa","image":{"@type":"ImageObject","inLanguage":"it-IT","@id":"https:\/\/www.article-marketing.eu\/comunicati\/#\/schema\/person\/image\/","url":"https:\/\/secure.gravatar.com\/avatar\/50e5c6421d3072f42e7ace803501602c60d75233d34e29fd05feb91c8760b792?s=96&d=mm&r=g","contentUrl":"https:\/\/secure.gravatar.com\/avatar\/50e5c6421d3072f42e7ace803501602c60d75233d34e29fd05feb91c8760b792?s=96&d=mm&r=g","caption":"Redazione Comunicati Stampa"},"url":"https:\/\/www.article-marketing.eu\/comunicati\/author\/redazione-comunicati-stampa\/"}]}},"_links":{"self":[{"href":"https:\/\/www.article-marketing.eu\/comunicati\/wp-json\/wp\/v2\/posts\/2077","targetHints":{"allow":["GET"]}}],"collection":[{"href":"https:\/\/www.article-marketing.eu\/comunicati\/wp-json\/wp\/v2\/posts"}],"about":[{"href":"https:\/\/www.article-marketing.eu\/comunicati\/wp-json\/wp\/v2\/types\/post"}],"author":[{"embeddable":true,"href":"https:\/\/www.article-marketing.eu\/comunicati\/wp-json\/wp\/v2\/users\/10"}],"replies":[{"embeddable":true,"href":"https:\/\/www.article-marketing.eu\/comunicati\/wp-json\/wp\/v2\/comments?post=2077"}],"version-history":[{"count":0,"href":"https:\/\/www.article-marketing.eu\/comunicati\/wp-json\/wp\/v2\/posts\/2077\/revisions"}],"wp:attachment":[{"href":"https:\/\/www.article-marketing.eu\/comunicati\/wp-json\/wp\/v2\/media?parent=2077"}],"wp:term":[{"taxonomy":"category","embeddable":true,"href":"https:\/\/www.article-marketing.eu\/comunicati\/wp-json\/wp\/v2\/categories?post=2077"},{"taxonomy":"post_tag","embeddable":true,"href":"https:\/\/www.article-marketing.eu\/comunicati\/wp-json\/wp\/v2\/tags?post=2077"}],"curies":[{"name":"wp","href":"https:\/\/api.w.org\/{rel}","templated":true}]}}