{"id":2083,"date":"2009-05-29T11:35:26","date_gmt":"2009-05-29T09:35:26","guid":{"rendered":"http:\/\/www.article-marketing.eu\/comunicati\/senza-categoria\/le-learning-week-davanti-alla-telecamera-i-primi-filmati-con-protagonisti-gli-studenti-lombardi-degli-istituti-superiori\/"},"modified":"2009-05-29T11:35:26","modified_gmt":"2009-05-29T09:35:26","slug":"le-learning-week-davanti-alla-telecamera-i-primi-filmati-con-protagonisti-gli-studenti-lombardi-degli-istituti-superiori","status":"publish","type":"post","link":"https:\/\/www.article-marketing.eu\/comunicati\/istruzione\/scuole\/le-learning-week-davanti-alla-telecamera-i-primi-filmati-con-protagonisti-gli-studenti-lombardi-degli-istituti-superiori\/","title":{"rendered":"Le Learning Week davanti alla telecamera:  i primi filmati con protagonisti gli studenti lombardi degli Istituti Superiori"},"content":{"rendered":"<p>L\u2019innovativo progetto Learning Week, fortemente voluto dalla Direzione Generale Istruzione Formazione Lavoro della Regione Lombardia, ha preso il via con l\u2019anno scolastico 2008\/2009 e prevede la realizzazione di corsi intensivi extracurriculari, dedicati a uno o pi\u00f9 ambiti disciplinari e culturali, concentrati nell\u2019arco di una settimana. Una full immersion realizzata dalle scuole e dalle Istituzioni Formative della Lombardia, che ha l\u2019obiettivo di stimolare la creativit\u00e0 e l\u2019espressivit\u00e0 dello studente, oltre che prepararlo al mondo del lavoro.<\/p>\n<p>I percorsi attualmente a catalogo- consultabili sul sito http:\/\/www.learningweek.it- sono 348  e approfondiscono una grande variet\u00e0 di argomenti, originali e stimolanti. Il progetto ha ottenuto riscontri molto positivi nel corso dell\u2019anno scolastico da parte di studenti che hanno partecipato alle Learning Week, come evidenziato dai dati di monitoraggio raccolti sulla base di un questionario di gradimento somministrato a 338 studenti, tra novembre 2008 e febbraio 2009. Infatti, la valutazione complessiva data dai ragazzi su 16 percorsi Learning Week realizzati \u00e8 pari a 4,01: \u201cPositiva\u201d (in una scala di punteggio da 1 a 5). <\/p>\n<p>Negli ultimi mesi alcuni percorsi Learning Week sono stati \u201craccontati\u201d in video, attraverso filmati che costituiscono importanti documenti delle esperienze formative vissute dagli studenti.<br \/>\nDi seguito l\u2019elenco dei percorsi Learning Week di cui \u00e8 disponibile il video:<\/p>\n<p>1) Life Skills<br \/>\nLuogo e data di svolgimento: Pavia, dal 15 al 20 dicembre 2008.<br \/>\nEnte Formativo promotore: Centro Servizi Formazione di Pavia<br \/>\nScuola coinvolta: Istituto Adelaide Cairoli di Pavia<br \/>\nIl percorso ha permesso ai ragazzi di sviluppare conoscenze, capacit\u00e0 e attitudini in grado di promuovere il loro potenziale umano, sociale e curricolare.<\/p>\n<p>2) Apprendere e Imprendere<br \/>\nLuogo e data di svolgimento: Milano, dal 12 al 16 gennaio 2009<br \/>\nEnte Formativo Promotore: CILF di Milano<br \/>\nScuola coinvolta: IPSIA Ercole Marelli di Milano<br \/>\n I ragazzi hanno vissuto un\u2019esperienza di \u2018simulazione\u2019 delle dinamiche lavorative aziendali, attraverso la costruzione dei ruoli, l\u2019esplorazione dei propri talenti, la sperimentazione della competizione e la rappresentazione scenica.<\/p>\n<p>3) Lavoro in corso. A tu per tu con ambienti, metodiche e testimonial del mondo delle professioni<br \/>\nLuogo e data di svolgimento: Milano\/Calcio\/Chiari,  dal 12 al 16 gennaio 2009<br \/>\nEnte Formativo Promotore: IKAROS di Calcio (BG)<br \/>\nScuola coinvolta: Istituto Professionale Acconciatori e Istituto Professionale Servizi per le Imprese, di Calcio.<br \/>\nIl percorso si \u00e8 rivolto in particolare ai ragazzi in procinto di inserirsi nel mondo del lavoro e agli studenti interessati a svolgere un\u2019attivit\u00e0 di stage in azienda.<\/p>\n<p>4) Di fronte al cosmo: astronomia di ieri e di oggi tra suggestione e indagine scientifica<br \/>\nLuogo e data di svolgimento: Lodi\/Bologna, dal 28 gennaio al 2 febbraio 2009<br \/>\nEnte Formativo Promotore: Consorzio per la Formazione Professionale e per l\u2019Educazione di Casalpusterlengo (Lodi)<br \/>\nScuola coinvolta: Liceo Scientifico \u201cGandini\u201d di Lodi<br \/>\nIl percorso, in parte realizzato presso il Dipartimento di Astronomia dell&#8217;Universit\u00e0 degli Studi di Bologna, ha voluto soddisfare il bisogno di indagine e di approfondimento nell\u2019ambito delle discipline scientifiche, con particolare attenzione all\u2019aspetto del problem solving e della didattica laboratoriale.<\/p>\n<p>5) Business Plan relativo ad un centro di servizi fisioterapici che opera nell\u2019ambito dello sport<br \/>\nLuogo e data di svolgimento: Milano, dal 4 all\u201911 febbraio 2009<br \/>\nEnte Formativo Promotore: Centro di formazione professionale GALDUS Societ\u00e0 Cooperativa di Milano<br \/>\nScuola coinvolta: Istituto Tecnico Commerciale Statale Schiapparelli-Gramsci di Milano.<br \/>\nIl percorso \u00e8 stato pensato per gli studenti di quinta superiore che intendevano approfondire tematiche organizzative, commerciali, fiscali del loro mondo professionale di riferimento, partendo da un\u2019idea di impresa. <\/p>\n<p> 6) L\u2019arte di conservare l\u2019arte. Laboratori di introduzione al restauro<br \/>\nLuogo e data di svolgimento: Botticino (BS), dal 23 al 27 febbraio 2009<br \/>\nEnte Formativo Promotore: ENAIP Lombardia di Botticino<br \/>\nScuola coinvolta: Istituto ISA Fausto Melotti di Cant\u00f9.<br \/>\nIl percorso  ha cercato di introdurre gli studenti alle problematiche e alle tecniche della conservazione e del restauro delle opere d\u2019arte e dei beni culturali tutelati, con la finalit\u00e0 di far loro acquisire elementi valutativi e orientativi per il loro futuro professionale<\/p>\n<p>7) La storia siamo noi. Dalla rivoluzione alla costituzione<br \/>\nLuogo e data di svolgimento: Busto Arsizio, Loc. Premia (VB), dal 9 al 13 marzo 2009<br \/>\nEnte Formativo Promotore: ENAIP Lombardia di Busto Arsizio.<br \/>\nScuola coinvolta:studenti dell\u2019ENAIP Lombardia di Busto Arsizio<br \/>\nUn laboratorio di ricerca e sperimentazione legato a tematiche di ambito prevalentemente storico, filosofico e giuridico.<\/p>\n<p> 8) Imparare giocando. Verso un apprendimento creativo<br \/>\nLuogo e data di svolgimento: Brescia, dal 2 al 6 marzo 2009<br \/>\nEnte Formativo Promotore: AIL CISL Lombardia di Brescia<br \/>\nScuola coinvolta: Istituto di Istruzione Superiore \u201cF. Tassara\u201d di Breno (BS).<br \/>\nIl percorso ha voluto favorire lo sviluppo di concrete abilit\u00e0 nella progettazione e nella realizzazione degli interventi nell\u2019ambito del sociale, dei minori e degli anziani. Con particolare attenzione allo strumento metodologico dell\u2019 animazione.<\/p>\n<p> 9) Saremo Famosi<br \/>\n Luogo e data di svolgimento: Marina di Massa, dal 30 marzo al 3 aprile 2009<br \/>\nEnte Formativo Promotore: CILF di Milano<br \/>\nScuola coinvolta:Istituto Daniele Marignoni- Marco Polo di Milano<br \/>\nFinalizzato all\u2019organizzazione di un evento che consisteva nella realizzazione di un Musical autoprodotto da un gruppo di studenti.<\/p>\n<p>10) AGRI\/cultura:arte, genio riscoprendo il tempo<br \/>\nLuogo e data di svolgimento: Cremona, dal 20 al 24 aprile 2009<br \/>\nEnte Formativo Promotore: : IAL CISL Lombardia<br \/>\nScuola coinvolta: Istituto professionale per l&#8217;agricoltura &#8220;Stanga&#8221; di Cremona e Istituto Professionale di Stato Luigi Einaudi, sempre di Cremona.<br \/>\nIl percorso puntava alla realizzazione di una piccola citt\u00e0 delle professioni in grado di mettere in relazione e contatto le svariate abilit\u00e0 professionali maturate dai partecipanti durante i loro singoli percorsi formativi, e di rafforzarle e potenziarle.<\/p>\n<p> 11) L\u2019abile traccia dei Walser: un percorso alla riscoperta delle tradizioni, della cultura, delle tecniche abitative delle comunit\u00e0 Walser in Valsenia<br \/>\nLuogo e data di svolgimento: Casa Alpina- Rifugio in localit\u00e0 Alagna Valsesia (VC), dal 20 al 24 aprile 2009<br \/>\nEnte Formativo Promotore: ENAIP Lombardia<br \/>\nScuola coinvolta: Istituto Professionale di Stato per i Servizi Commerciali e Turistici \u201cP. Verri\u201d di Busto Arsizio.<br \/>\nIl percorso ha voluto offrire strumenti di conoscenza e di interpretazione della cultura Walser.<\/p>\n<p>INFORMAZIONI GENERALI SULLE LEARNING WEEK <\/p>\n<p>Cosa sono: le Learning Week sono un progetto formativo, anche  a carattere residenziale, voluto dalla Direzione Generale Istruzione Formazione Lavoro della Regione Lombardia<\/p>\n<p>A chi si rivolgono: le Learning Week sono rivolte agli studenti lombardi che frequentano il 3\u00b0, 4\u00b0, 5\u00b0 anno degli Istituti Secondari Superiori, statali o paritari, e a quelli iscritti al 3\u00b0 o 4\u00b0 anno dei percorsi sperimentali di Diritto Dovere di Istruzione e Formazione Professionale (D.D.I.F.)<\/p>\n<p>Quanto durano:  le Learning Week hanno durata di una settimana, per un totale di 40 ore<\/p>\n<p>Come accedere: le Learning Week sono finanziate tramite lo strumento della \u201cDote\u201d : i percorsi possono essere selezionati dal Catalogo sul sito  http:\/\/www.learningweek.it e rivolgendosi all\u2019Istituzione Formativa titolare  del percorso o all\u2019Istituto Scolastico in rete.<\/p>\n<p>Per informazioni: Entertraining societ\u00e0 consortile a r.l, via Vida, 11 \u2013 20127 Milano.<br \/>\nInfoPoint: 02-33.572.348. L\u2019infoPoint \u00e8 aperto dal luned\u00ec al venerd\u00ec dalle ore 9.00 alle ore 12.00 e dalle ore 14.30 alle ore 16.30.<br \/>\nE-mail: info@learningweek.it Internet: http:\/\/www.learningweek.it<\/p>\n<p>Per ulteriori informazioni:<br \/>\nUFFICIO STAMPA LEARNING WEEK<br \/>\nSimona Artanidi<br \/>\nTel. 339.1685505<br \/>\ne-mail: simona.artanidi@learningweek.it<\/p>\n","protected":false},"excerpt":{"rendered":"<p>Sono disponibili i primi video che documentano i percorsi pi\u00f9 significativi del progetto formativo Learning Week, che coinvolge gli studenti degli Istituti Secondari Superiori di tutte le province lombarde.<\/p>\n","protected":false},"author":10,"featured_media":0,"comment_status":"open","ping_status":"open","sticky":false,"template":"","format":"standard","meta":{"cybocfi_hide_featured_image":"","footnotes":""},"categories":[879],"tags":[4783,1921],"class_list":["post-2083","post","type-post","status-publish","format-standard","hentry","category-scuole","tag-learning-week","tag-regione-lombardia"],"yoast_head":"<!-- This site is optimized with the Yoast SEO plugin v27.0 - https:\/\/yoast.com\/product\/yoast-seo-wordpress\/ -->\n<title>Le Learning Week davanti alla telecamera: i primi filmati con protagonisti gli studenti lombardi degli Istituti Superiori - Article Marketing<\/title>\n<meta name=\"robots\" content=\"index, follow, max-snippet:-1, max-image-preview:large, max-video-preview:-1\" \/>\n<link rel=\"canonical\" href=\"https:\/\/www.article-marketing.eu\/comunicati\/istruzione\/scuole\/le-learning-week-davanti-alla-telecamera-i-primi-filmati-con-protagonisti-gli-studenti-lombardi-degli-istituti-superiori\/\" \/>\n<meta property=\"og:locale\" content=\"it_IT\" \/>\n<meta property=\"og:type\" content=\"article\" \/>\n<meta property=\"og:title\" content=\"Le Learning Week davanti alla telecamera: i primi filmati con protagonisti gli studenti lombardi degli Istituti Superiori - Article Marketing\" \/>\n<meta property=\"og:description\" content=\"Sono disponibili i primi video che documentano i percorsi pi\u00f9 significativi del progetto formativo Learning Week, che coinvolge gli studenti degli Istituti Secondari Superiori di tutte le province lombarde.\" \/>\n<meta property=\"og:url\" content=\"https:\/\/www.article-marketing.eu\/comunicati\/istruzione\/scuole\/le-learning-week-davanti-alla-telecamera-i-primi-filmati-con-protagonisti-gli-studenti-lombardi-degli-istituti-superiori\/\" \/>\n<meta property=\"og:site_name\" content=\"Article Marketing\" \/>\n<meta property=\"article:published_time\" content=\"2009-05-29T09:35:26+00:00\" \/>\n<meta name=\"author\" content=\"Redazione Comunicati Stampa\" \/>\n<meta name=\"twitter:card\" content=\"summary_large_image\" \/>\n<meta name=\"twitter:label1\" content=\"Scritto da\" \/>\n\t<meta name=\"twitter:data1\" content=\"Redazione Comunicati Stampa\" \/>\n\t<meta name=\"twitter:label2\" content=\"Tempo di lettura stimato\" \/>\n\t<meta name=\"twitter:data2\" content=\"6 minuti\" \/>\n<script type=\"application\/ld+json\" class=\"yoast-schema-graph\">{\"@context\":\"https:\/\/schema.org\",\"@graph\":[{\"@type\":\"Article\",\"@id\":\"https:\/\/www.article-marketing.eu\/comunicati\/istruzione\/scuole\/le-learning-week-davanti-alla-telecamera-i-primi-filmati-con-protagonisti-gli-studenti-lombardi-degli-istituti-superiori\/#article\",\"isPartOf\":{\"@id\":\"https:\/\/www.article-marketing.eu\/comunicati\/istruzione\/scuole\/le-learning-week-davanti-alla-telecamera-i-primi-filmati-con-protagonisti-gli-studenti-lombardi-degli-istituti-superiori\/\"},\"author\":{\"name\":\"Redazione Comunicati Stampa\",\"@id\":\"https:\/\/www.article-marketing.eu\/comunicati\/#\/schema\/person\/44372e4d4d0fa797b18e03ed1ace9017\"},\"headline\":\"Le Learning Week davanti alla telecamera: i primi filmati con protagonisti gli studenti lombardi degli Istituti Superiori\",\"datePublished\":\"2009-05-29T09:35:26+00:00\",\"mainEntityOfPage\":{\"@id\":\"https:\/\/www.article-marketing.eu\/comunicati\/istruzione\/scuole\/le-learning-week-davanti-alla-telecamera-i-primi-filmati-con-protagonisti-gli-studenti-lombardi-degli-istituti-superiori\/\"},\"wordCount\":1145,\"commentCount\":0,\"keywords\":[\"Learning Week\",\"regione lombardia\"],\"articleSection\":[\"Scuole\"],\"inLanguage\":\"it-IT\",\"potentialAction\":[{\"@type\":\"CommentAction\",\"name\":\"Comment\",\"target\":[\"https:\/\/www.article-marketing.eu\/comunicati\/istruzione\/scuole\/le-learning-week-davanti-alla-telecamera-i-primi-filmati-con-protagonisti-gli-studenti-lombardi-degli-istituti-superiori\/#respond\"]}]},{\"@type\":\"WebPage\",\"@id\":\"https:\/\/www.article-marketing.eu\/comunicati\/istruzione\/scuole\/le-learning-week-davanti-alla-telecamera-i-primi-filmati-con-protagonisti-gli-studenti-lombardi-degli-istituti-superiori\/\",\"url\":\"https:\/\/www.article-marketing.eu\/comunicati\/istruzione\/scuole\/le-learning-week-davanti-alla-telecamera-i-primi-filmati-con-protagonisti-gli-studenti-lombardi-degli-istituti-superiori\/\",\"name\":\"Le Learning Week davanti alla telecamera: i primi filmati con protagonisti gli studenti lombardi degli Istituti Superiori - Article Marketing\",\"isPartOf\":{\"@id\":\"https:\/\/www.article-marketing.eu\/comunicati\/#website\"},\"datePublished\":\"2009-05-29T09:35:26+00:00\",\"author\":{\"@id\":\"https:\/\/www.article-marketing.eu\/comunicati\/#\/schema\/person\/44372e4d4d0fa797b18e03ed1ace9017\"},\"breadcrumb\":{\"@id\":\"https:\/\/www.article-marketing.eu\/comunicati\/istruzione\/scuole\/le-learning-week-davanti-alla-telecamera-i-primi-filmati-con-protagonisti-gli-studenti-lombardi-degli-istituti-superiori\/#breadcrumb\"},\"inLanguage\":\"it-IT\",\"potentialAction\":[{\"@type\":\"ReadAction\",\"target\":[\"https:\/\/www.article-marketing.eu\/comunicati\/istruzione\/scuole\/le-learning-week-davanti-alla-telecamera-i-primi-filmati-con-protagonisti-gli-studenti-lombardi-degli-istituti-superiori\/\"]}]},{\"@type\":\"BreadcrumbList\",\"@id\":\"https:\/\/www.article-marketing.eu\/comunicati\/istruzione\/scuole\/le-learning-week-davanti-alla-telecamera-i-primi-filmati-con-protagonisti-gli-studenti-lombardi-degli-istituti-superiori\/#breadcrumb\",\"itemListElement\":[{\"@type\":\"ListItem\",\"position\":1,\"name\":\"Home\",\"item\":\"https:\/\/www.article-marketing.eu\/comunicati\/\"},{\"@type\":\"ListItem\",\"position\":2,\"name\":\"Le Learning Week davanti alla telecamera: i primi filmati con protagonisti gli studenti lombardi degli Istituti Superiori\"}]},{\"@type\":\"WebSite\",\"@id\":\"https:\/\/www.article-marketing.eu\/comunicati\/#website\",\"url\":\"https:\/\/www.article-marketing.eu\/comunicati\/\",\"name\":\"Article Marketing\",\"description\":\"article marketing &amp; press release\",\"potentialAction\":[{\"@type\":\"SearchAction\",\"target\":{\"@type\":\"EntryPoint\",\"urlTemplate\":\"https:\/\/www.article-marketing.eu\/comunicati\/?s={search_term_string}\"},\"query-input\":{\"@type\":\"PropertyValueSpecification\",\"valueRequired\":true,\"valueName\":\"search_term_string\"}}],\"inLanguage\":\"it-IT\"},{\"@type\":\"Person\",\"@id\":\"https:\/\/www.article-marketing.eu\/comunicati\/#\/schema\/person\/44372e4d4d0fa797b18e03ed1ace9017\",\"name\":\"Redazione Comunicati Stampa\",\"image\":{\"@type\":\"ImageObject\",\"inLanguage\":\"it-IT\",\"@id\":\"https:\/\/www.article-marketing.eu\/comunicati\/#\/schema\/person\/image\/\",\"url\":\"https:\/\/secure.gravatar.com\/avatar\/50e5c6421d3072f42e7ace803501602c60d75233d34e29fd05feb91c8760b792?s=96&d=mm&r=g\",\"contentUrl\":\"https:\/\/secure.gravatar.com\/avatar\/50e5c6421d3072f42e7ace803501602c60d75233d34e29fd05feb91c8760b792?s=96&d=mm&r=g\",\"caption\":\"Redazione Comunicati Stampa\"},\"url\":\"https:\/\/www.article-marketing.eu\/comunicati\/author\/redazione-comunicati-stampa\/\"}]}<\/script>\n<!-- \/ Yoast SEO plugin. -->","yoast_head_json":{"title":"Le Learning Week davanti alla telecamera: i primi filmati con protagonisti gli studenti lombardi degli Istituti Superiori - Article Marketing","robots":{"index":"index","follow":"follow","max-snippet":"max-snippet:-1","max-image-preview":"max-image-preview:large","max-video-preview":"max-video-preview:-1"},"canonical":"https:\/\/www.article-marketing.eu\/comunicati\/istruzione\/scuole\/le-learning-week-davanti-alla-telecamera-i-primi-filmati-con-protagonisti-gli-studenti-lombardi-degli-istituti-superiori\/","og_locale":"it_IT","og_type":"article","og_title":"Le Learning Week davanti alla telecamera: i primi filmati con protagonisti gli studenti lombardi degli Istituti Superiori - Article Marketing","og_description":"Sono disponibili i primi video che documentano i percorsi pi\u00f9 significativi del progetto formativo Learning Week, che coinvolge gli studenti degli Istituti Secondari Superiori di tutte le province lombarde.","og_url":"https:\/\/www.article-marketing.eu\/comunicati\/istruzione\/scuole\/le-learning-week-davanti-alla-telecamera-i-primi-filmati-con-protagonisti-gli-studenti-lombardi-degli-istituti-superiori\/","og_site_name":"Article Marketing","article_published_time":"2009-05-29T09:35:26+00:00","author":"Redazione Comunicati Stampa","twitter_card":"summary_large_image","twitter_misc":{"Scritto da":"Redazione Comunicati Stampa","Tempo di lettura stimato":"6 minuti"},"schema":{"@context":"https:\/\/schema.org","@graph":[{"@type":"Article","@id":"https:\/\/www.article-marketing.eu\/comunicati\/istruzione\/scuole\/le-learning-week-davanti-alla-telecamera-i-primi-filmati-con-protagonisti-gli-studenti-lombardi-degli-istituti-superiori\/#article","isPartOf":{"@id":"https:\/\/www.article-marketing.eu\/comunicati\/istruzione\/scuole\/le-learning-week-davanti-alla-telecamera-i-primi-filmati-con-protagonisti-gli-studenti-lombardi-degli-istituti-superiori\/"},"author":{"name":"Redazione Comunicati Stampa","@id":"https:\/\/www.article-marketing.eu\/comunicati\/#\/schema\/person\/44372e4d4d0fa797b18e03ed1ace9017"},"headline":"Le Learning Week davanti alla telecamera: i primi filmati con protagonisti gli studenti lombardi degli Istituti Superiori","datePublished":"2009-05-29T09:35:26+00:00","mainEntityOfPage":{"@id":"https:\/\/www.article-marketing.eu\/comunicati\/istruzione\/scuole\/le-learning-week-davanti-alla-telecamera-i-primi-filmati-con-protagonisti-gli-studenti-lombardi-degli-istituti-superiori\/"},"wordCount":1145,"commentCount":0,"keywords":["Learning Week","regione lombardia"],"articleSection":["Scuole"],"inLanguage":"it-IT","potentialAction":[{"@type":"CommentAction","name":"Comment","target":["https:\/\/www.article-marketing.eu\/comunicati\/istruzione\/scuole\/le-learning-week-davanti-alla-telecamera-i-primi-filmati-con-protagonisti-gli-studenti-lombardi-degli-istituti-superiori\/#respond"]}]},{"@type":"WebPage","@id":"https:\/\/www.article-marketing.eu\/comunicati\/istruzione\/scuole\/le-learning-week-davanti-alla-telecamera-i-primi-filmati-con-protagonisti-gli-studenti-lombardi-degli-istituti-superiori\/","url":"https:\/\/www.article-marketing.eu\/comunicati\/istruzione\/scuole\/le-learning-week-davanti-alla-telecamera-i-primi-filmati-con-protagonisti-gli-studenti-lombardi-degli-istituti-superiori\/","name":"Le Learning Week davanti alla telecamera: i primi filmati con protagonisti gli studenti lombardi degli Istituti Superiori - Article Marketing","isPartOf":{"@id":"https:\/\/www.article-marketing.eu\/comunicati\/#website"},"datePublished":"2009-05-29T09:35:26+00:00","author":{"@id":"https:\/\/www.article-marketing.eu\/comunicati\/#\/schema\/person\/44372e4d4d0fa797b18e03ed1ace9017"},"breadcrumb":{"@id":"https:\/\/www.article-marketing.eu\/comunicati\/istruzione\/scuole\/le-learning-week-davanti-alla-telecamera-i-primi-filmati-con-protagonisti-gli-studenti-lombardi-degli-istituti-superiori\/#breadcrumb"},"inLanguage":"it-IT","potentialAction":[{"@type":"ReadAction","target":["https:\/\/www.article-marketing.eu\/comunicati\/istruzione\/scuole\/le-learning-week-davanti-alla-telecamera-i-primi-filmati-con-protagonisti-gli-studenti-lombardi-degli-istituti-superiori\/"]}]},{"@type":"BreadcrumbList","@id":"https:\/\/www.article-marketing.eu\/comunicati\/istruzione\/scuole\/le-learning-week-davanti-alla-telecamera-i-primi-filmati-con-protagonisti-gli-studenti-lombardi-degli-istituti-superiori\/#breadcrumb","itemListElement":[{"@type":"ListItem","position":1,"name":"Home","item":"https:\/\/www.article-marketing.eu\/comunicati\/"},{"@type":"ListItem","position":2,"name":"Le Learning Week davanti alla telecamera: i primi filmati con protagonisti gli studenti lombardi degli Istituti Superiori"}]},{"@type":"WebSite","@id":"https:\/\/www.article-marketing.eu\/comunicati\/#website","url":"https:\/\/www.article-marketing.eu\/comunicati\/","name":"Article Marketing","description":"article marketing &amp; press release","potentialAction":[{"@type":"SearchAction","target":{"@type":"EntryPoint","urlTemplate":"https:\/\/www.article-marketing.eu\/comunicati\/?s={search_term_string}"},"query-input":{"@type":"PropertyValueSpecification","valueRequired":true,"valueName":"search_term_string"}}],"inLanguage":"it-IT"},{"@type":"Person","@id":"https:\/\/www.article-marketing.eu\/comunicati\/#\/schema\/person\/44372e4d4d0fa797b18e03ed1ace9017","name":"Redazione Comunicati Stampa","image":{"@type":"ImageObject","inLanguage":"it-IT","@id":"https:\/\/www.article-marketing.eu\/comunicati\/#\/schema\/person\/image\/","url":"https:\/\/secure.gravatar.com\/avatar\/50e5c6421d3072f42e7ace803501602c60d75233d34e29fd05feb91c8760b792?s=96&d=mm&r=g","contentUrl":"https:\/\/secure.gravatar.com\/avatar\/50e5c6421d3072f42e7ace803501602c60d75233d34e29fd05feb91c8760b792?s=96&d=mm&r=g","caption":"Redazione Comunicati Stampa"},"url":"https:\/\/www.article-marketing.eu\/comunicati\/author\/redazione-comunicati-stampa\/"}]}},"_links":{"self":[{"href":"https:\/\/www.article-marketing.eu\/comunicati\/wp-json\/wp\/v2\/posts\/2083","targetHints":{"allow":["GET"]}}],"collection":[{"href":"https:\/\/www.article-marketing.eu\/comunicati\/wp-json\/wp\/v2\/posts"}],"about":[{"href":"https:\/\/www.article-marketing.eu\/comunicati\/wp-json\/wp\/v2\/types\/post"}],"author":[{"embeddable":true,"href":"https:\/\/www.article-marketing.eu\/comunicati\/wp-json\/wp\/v2\/users\/10"}],"replies":[{"embeddable":true,"href":"https:\/\/www.article-marketing.eu\/comunicati\/wp-json\/wp\/v2\/comments?post=2083"}],"version-history":[{"count":0,"href":"https:\/\/www.article-marketing.eu\/comunicati\/wp-json\/wp\/v2\/posts\/2083\/revisions"}],"wp:attachment":[{"href":"https:\/\/www.article-marketing.eu\/comunicati\/wp-json\/wp\/v2\/media?parent=2083"}],"wp:term":[{"taxonomy":"category","embeddable":true,"href":"https:\/\/www.article-marketing.eu\/comunicati\/wp-json\/wp\/v2\/categories?post=2083"},{"taxonomy":"post_tag","embeddable":true,"href":"https:\/\/www.article-marketing.eu\/comunicati\/wp-json\/wp\/v2\/tags?post=2083"}],"curies":[{"name":"wp","href":"https:\/\/api.w.org\/{rel}","templated":true}]}}