{"id":2089,"date":"2009-05-29T16:33:45","date_gmt":"2009-05-29T14:33:45","guid":{"rendered":"http:\/\/www.article-marketing.eu\/comunicati\/senza-categoria\/roma-concerto-lauryn-hill-3-luglio-2009\/"},"modified":"2009-05-29T16:33:45","modified_gmt":"2009-05-29T14:33:45","slug":"roma-concerto-lauryn-hill-3-luglio-2009","status":"publish","type":"post","link":"https:\/\/www.article-marketing.eu\/comunicati\/comunicati-stampa\/eventi\/roma-concerto-lauryn-hill-3-luglio-2009\/","title":{"rendered":"Roma: Concerto Lauryn Hill, 3 Luglio 2009"},"content":{"rendered":"<p>Una delle canzoni che pi\u00f9 hanno segnato gli anni Novanta, diventando un classico della musica, \u00e8 Killing me Softly, reinterpretazione dei Fugees del brano cantato da Roberta Flack. Chiunque sia stato appassionato di musica negli anni Novanta ricorder\u00e0 questo pezzo, un brano che port\u00f2 alla ribalta il gruppo composto da Pras, Wyclef Jean ma soprattutto da Lauryn Hill, che con la sua voce calda ed espressiva forn\u00ec un\u2019interpretazione unica del pezzo. Il gruppo si separ\u00f2 poco dopo la pubblicazione dell\u2019album The Score, che conteneva, oltre al pezzo citato, anche altri successi come Ready or not, Fu-Gee-La e la cover di No Woman, no Cry di Bob Marley, ma le canzoni del gruppo, caratterizzate da un inedito, per quei tempi, mix di stili diversi, che ben si adattava alla poliedrica voce della Hill, rimangono dei veri e propri capisaldi, non solo per gli amanti di un genere specifico, ma per gli appassionati della buona musica in generale. Dopo la separazione del gruppo, i fan di Lauryn Hill e della sua bellissima voce non rimasero a bocca asciutta per troppo tempo: la cantante inizi\u00f2 infatti una carriera da solista, senza essere per\u00f2 mai molto prolifica. In poco pi\u00f9 di 10 anni la Hill ha infatti pubblicato solo 3 album, The Miseducation of Lauryn Hill, MTV Unplagged No. 2.0 e il pi\u00f9 recente Call me Ms Hill, ma i fan della cantante americana ora hanno la possibilit\u00e0 di riascoltare la sua voce e le sue canzoni prenotando un soggiorno in albergo a Roma e partecipando al concerto che l\u2019artista terr\u00e0 nella capitale il 3 luglio. <\/p>\n<p>Lauryn Hill sar\u00e0 infatti una delle punte di diamante della rassegna musicale \u201cLuglio suona bene\u201d, che si svolger\u00e0 quest\u2019estate a Roma ospitando vari artisti italiani e internazionali. Se siete in <a href=\"http:\/\/it.flashbooking.com\/navigation\/europa_italia_roma_all_all.html\">vacanza a Roma<\/a> non potete assolutamente perdervi l\u2019esibizione di Lauryn Hill, che dopo una serie di successi sia come membro dei Fugees che come cantante solista decise di abbandonare il mondo dello show-business per dedicarsi alla famiglia, ma che ora torna sulla scena con un concerto pi\u00f9 atteso che mai. La sua voce dallo stile unico, grazie alla quale la Hill non fatica a passare dal rap al reggae, dal soul all\u2019hip hop, dal blues all\u2019R&amp;B, sar\u00e0 la protagonista assoluta del concerto, una voce grazie alla quale la Hill si \u00e8 imposta come una delle cantanti pi\u00f9 importanti degli ultimi anni, apprezzata sia dal pubblico che dalla critica. Per capire il successo ottenuto dalla Hill nella sua carriera basta guardare i numeri riguardanti il suo primo album da solista, The Miseducation of Lauryn Hill, pubblicato nel 1998: quasi mezzo milione di copie vendute nella prima settimana, quasi 20 milioni di copie vendute in tutto il mondo, critici unanimi nel definire il disco come un lavoro eccezionale, e ben 5 grammy vinti nel 1999 nella stessa sera, un record che fino ad allora non era mai stato stabilito da nessun\u2019altra cantante donna: album dell\u2019anno, migliore album R&amp;B, miglior canzone R&amp;B, migliore performance femminile R&amp;B e migliore nuovo artista. Approfittate delle offerte ostelli a Roma e non perdetevi questo evento! Biglietti: 35 \u2013 45 euro Date: 3 Luglio 2009 Dove: Auditorium Parco della Musica, Roma, Italia<\/p>\n","protected":false},"excerpt":{"rendered":"<p>Ci sono alcune canzoni che rimangono impresse nella memoria di almeno una generazione, marchiando un periodo e andando al di l\u00e0 delle distinzioni di genere e delle diversit\u00e0 dei gusti personali.<\/p>\n","protected":false},"author":10,"featured_media":0,"comment_status":"open","ping_status":"open","sticky":false,"template":"","format":"standard","meta":{"cybocfi_hide_featured_image":"","footnotes":""},"categories":[388],"tags":[6449,1840,6518,6517,6519,5669,251],"class_list":["post-2089","post","type-post","status-publish","format-standard","hentry","category-eventi","tag-auditorium-parco-della-musica","tag-concerti","tag-fugees","tag-lauryn-hill","tag-luglio-suona-bene","tag-musica-dal-vivo","tag-roma"],"yoast_head":"<!-- This site is optimized with the Yoast SEO plugin v27.0 - https:\/\/yoast.com\/product\/yoast-seo-wordpress\/ -->\n<title>Roma: Concerto Lauryn Hill, 3 Luglio 2009 - Article Marketing<\/title>\n<meta name=\"robots\" content=\"index, follow, max-snippet:-1, max-image-preview:large, max-video-preview:-1\" \/>\n<link rel=\"canonical\" href=\"https:\/\/www.article-marketing.eu\/comunicati\/comunicati-stampa\/eventi\/roma-concerto-lauryn-hill-3-luglio-2009\/\" \/>\n<meta property=\"og:locale\" content=\"it_IT\" \/>\n<meta property=\"og:type\" content=\"article\" \/>\n<meta property=\"og:title\" content=\"Roma: Concerto Lauryn Hill, 3 Luglio 2009 - Article Marketing\" \/>\n<meta property=\"og:description\" content=\"Ci sono alcune canzoni che rimangono impresse nella memoria di almeno una generazione, marchiando un periodo e andando al di l\u00e0 delle distinzioni di genere e delle diversit\u00e0 dei gusti personali.\" \/>\n<meta property=\"og:url\" content=\"https:\/\/www.article-marketing.eu\/comunicati\/comunicati-stampa\/eventi\/roma-concerto-lauryn-hill-3-luglio-2009\/\" \/>\n<meta property=\"og:site_name\" content=\"Article Marketing\" \/>\n<meta property=\"article:published_time\" content=\"2009-05-29T14:33:45+00:00\" \/>\n<meta name=\"author\" content=\"Redazione Comunicati Stampa\" \/>\n<meta name=\"twitter:card\" content=\"summary_large_image\" \/>\n<meta name=\"twitter:label1\" content=\"Scritto da\" \/>\n\t<meta name=\"twitter:data1\" content=\"Redazione Comunicati Stampa\" \/>\n\t<meta name=\"twitter:label2\" content=\"Tempo di lettura stimato\" \/>\n\t<meta name=\"twitter:data2\" content=\"3 minuti\" \/>\n<script type=\"application\/ld+json\" class=\"yoast-schema-graph\">{\"@context\":\"https:\/\/schema.org\",\"@graph\":[{\"@type\":\"Article\",\"@id\":\"https:\/\/www.article-marketing.eu\/comunicati\/comunicati-stampa\/eventi\/roma-concerto-lauryn-hill-3-luglio-2009\/#article\",\"isPartOf\":{\"@id\":\"https:\/\/www.article-marketing.eu\/comunicati\/comunicati-stampa\/eventi\/roma-concerto-lauryn-hill-3-luglio-2009\/\"},\"author\":{\"name\":\"Redazione Comunicati Stampa\",\"@id\":\"https:\/\/www.article-marketing.eu\/comunicati\/#\/schema\/person\/44372e4d4d0fa797b18e03ed1ace9017\"},\"headline\":\"Roma: Concerto Lauryn Hill, 3 Luglio 2009\",\"datePublished\":\"2009-05-29T14:33:45+00:00\",\"mainEntityOfPage\":{\"@id\":\"https:\/\/www.article-marketing.eu\/comunicati\/comunicati-stampa\/eventi\/roma-concerto-lauryn-hill-3-luglio-2009\/\"},\"wordCount\":533,\"commentCount\":0,\"keywords\":[\"auditorium parco della musica\",\"concerti\",\"Fugees\",\"Lauryn Hill\",\"Luglio suona bene\",\"musica dal vivo\",\"roma\"],\"articleSection\":[\"Eventi\"],\"inLanguage\":\"it-IT\",\"potentialAction\":[{\"@type\":\"CommentAction\",\"name\":\"Comment\",\"target\":[\"https:\/\/www.article-marketing.eu\/comunicati\/comunicati-stampa\/eventi\/roma-concerto-lauryn-hill-3-luglio-2009\/#respond\"]}]},{\"@type\":\"WebPage\",\"@id\":\"https:\/\/www.article-marketing.eu\/comunicati\/comunicati-stampa\/eventi\/roma-concerto-lauryn-hill-3-luglio-2009\/\",\"url\":\"https:\/\/www.article-marketing.eu\/comunicati\/comunicati-stampa\/eventi\/roma-concerto-lauryn-hill-3-luglio-2009\/\",\"name\":\"Roma: Concerto Lauryn Hill, 3 Luglio 2009 - Article Marketing\",\"isPartOf\":{\"@id\":\"https:\/\/www.article-marketing.eu\/comunicati\/#website\"},\"datePublished\":\"2009-05-29T14:33:45+00:00\",\"author\":{\"@id\":\"https:\/\/www.article-marketing.eu\/comunicati\/#\/schema\/person\/44372e4d4d0fa797b18e03ed1ace9017\"},\"breadcrumb\":{\"@id\":\"https:\/\/www.article-marketing.eu\/comunicati\/comunicati-stampa\/eventi\/roma-concerto-lauryn-hill-3-luglio-2009\/#breadcrumb\"},\"inLanguage\":\"it-IT\",\"potentialAction\":[{\"@type\":\"ReadAction\",\"target\":[\"https:\/\/www.article-marketing.eu\/comunicati\/comunicati-stampa\/eventi\/roma-concerto-lauryn-hill-3-luglio-2009\/\"]}]},{\"@type\":\"BreadcrumbList\",\"@id\":\"https:\/\/www.article-marketing.eu\/comunicati\/comunicati-stampa\/eventi\/roma-concerto-lauryn-hill-3-luglio-2009\/#breadcrumb\",\"itemListElement\":[{\"@type\":\"ListItem\",\"position\":1,\"name\":\"Home\",\"item\":\"https:\/\/www.article-marketing.eu\/comunicati\/\"},{\"@type\":\"ListItem\",\"position\":2,\"name\":\"Roma: Concerto Lauryn Hill, 3 Luglio 2009\"}]},{\"@type\":\"WebSite\",\"@id\":\"https:\/\/www.article-marketing.eu\/comunicati\/#website\",\"url\":\"https:\/\/www.article-marketing.eu\/comunicati\/\",\"name\":\"Article Marketing\",\"description\":\"article marketing &amp; press release\",\"potentialAction\":[{\"@type\":\"SearchAction\",\"target\":{\"@type\":\"EntryPoint\",\"urlTemplate\":\"https:\/\/www.article-marketing.eu\/comunicati\/?s={search_term_string}\"},\"query-input\":{\"@type\":\"PropertyValueSpecification\",\"valueRequired\":true,\"valueName\":\"search_term_string\"}}],\"inLanguage\":\"it-IT\"},{\"@type\":\"Person\",\"@id\":\"https:\/\/www.article-marketing.eu\/comunicati\/#\/schema\/person\/44372e4d4d0fa797b18e03ed1ace9017\",\"name\":\"Redazione Comunicati Stampa\",\"image\":{\"@type\":\"ImageObject\",\"inLanguage\":\"it-IT\",\"@id\":\"https:\/\/www.article-marketing.eu\/comunicati\/#\/schema\/person\/image\/\",\"url\":\"https:\/\/secure.gravatar.com\/avatar\/50e5c6421d3072f42e7ace803501602c60d75233d34e29fd05feb91c8760b792?s=96&d=mm&r=g\",\"contentUrl\":\"https:\/\/secure.gravatar.com\/avatar\/50e5c6421d3072f42e7ace803501602c60d75233d34e29fd05feb91c8760b792?s=96&d=mm&r=g\",\"caption\":\"Redazione Comunicati Stampa\"},\"url\":\"https:\/\/www.article-marketing.eu\/comunicati\/author\/redazione-comunicati-stampa\/\"}]}<\/script>\n<!-- \/ Yoast SEO plugin. -->","yoast_head_json":{"title":"Roma: Concerto Lauryn Hill, 3 Luglio 2009 - Article Marketing","robots":{"index":"index","follow":"follow","max-snippet":"max-snippet:-1","max-image-preview":"max-image-preview:large","max-video-preview":"max-video-preview:-1"},"canonical":"https:\/\/www.article-marketing.eu\/comunicati\/comunicati-stampa\/eventi\/roma-concerto-lauryn-hill-3-luglio-2009\/","og_locale":"it_IT","og_type":"article","og_title":"Roma: Concerto Lauryn Hill, 3 Luglio 2009 - Article Marketing","og_description":"Ci sono alcune canzoni che rimangono impresse nella memoria di almeno una generazione, marchiando un periodo e andando al di l\u00e0 delle distinzioni di genere e delle diversit\u00e0 dei gusti personali.","og_url":"https:\/\/www.article-marketing.eu\/comunicati\/comunicati-stampa\/eventi\/roma-concerto-lauryn-hill-3-luglio-2009\/","og_site_name":"Article Marketing","article_published_time":"2009-05-29T14:33:45+00:00","author":"Redazione Comunicati Stampa","twitter_card":"summary_large_image","twitter_misc":{"Scritto da":"Redazione Comunicati Stampa","Tempo di lettura stimato":"3 minuti"},"schema":{"@context":"https:\/\/schema.org","@graph":[{"@type":"Article","@id":"https:\/\/www.article-marketing.eu\/comunicati\/comunicati-stampa\/eventi\/roma-concerto-lauryn-hill-3-luglio-2009\/#article","isPartOf":{"@id":"https:\/\/www.article-marketing.eu\/comunicati\/comunicati-stampa\/eventi\/roma-concerto-lauryn-hill-3-luglio-2009\/"},"author":{"name":"Redazione Comunicati Stampa","@id":"https:\/\/www.article-marketing.eu\/comunicati\/#\/schema\/person\/44372e4d4d0fa797b18e03ed1ace9017"},"headline":"Roma: Concerto Lauryn Hill, 3 Luglio 2009","datePublished":"2009-05-29T14:33:45+00:00","mainEntityOfPage":{"@id":"https:\/\/www.article-marketing.eu\/comunicati\/comunicati-stampa\/eventi\/roma-concerto-lauryn-hill-3-luglio-2009\/"},"wordCount":533,"commentCount":0,"keywords":["auditorium parco della musica","concerti","Fugees","Lauryn Hill","Luglio suona bene","musica dal vivo","roma"],"articleSection":["Eventi"],"inLanguage":"it-IT","potentialAction":[{"@type":"CommentAction","name":"Comment","target":["https:\/\/www.article-marketing.eu\/comunicati\/comunicati-stampa\/eventi\/roma-concerto-lauryn-hill-3-luglio-2009\/#respond"]}]},{"@type":"WebPage","@id":"https:\/\/www.article-marketing.eu\/comunicati\/comunicati-stampa\/eventi\/roma-concerto-lauryn-hill-3-luglio-2009\/","url":"https:\/\/www.article-marketing.eu\/comunicati\/comunicati-stampa\/eventi\/roma-concerto-lauryn-hill-3-luglio-2009\/","name":"Roma: Concerto Lauryn Hill, 3 Luglio 2009 - Article Marketing","isPartOf":{"@id":"https:\/\/www.article-marketing.eu\/comunicati\/#website"},"datePublished":"2009-05-29T14:33:45+00:00","author":{"@id":"https:\/\/www.article-marketing.eu\/comunicati\/#\/schema\/person\/44372e4d4d0fa797b18e03ed1ace9017"},"breadcrumb":{"@id":"https:\/\/www.article-marketing.eu\/comunicati\/comunicati-stampa\/eventi\/roma-concerto-lauryn-hill-3-luglio-2009\/#breadcrumb"},"inLanguage":"it-IT","potentialAction":[{"@type":"ReadAction","target":["https:\/\/www.article-marketing.eu\/comunicati\/comunicati-stampa\/eventi\/roma-concerto-lauryn-hill-3-luglio-2009\/"]}]},{"@type":"BreadcrumbList","@id":"https:\/\/www.article-marketing.eu\/comunicati\/comunicati-stampa\/eventi\/roma-concerto-lauryn-hill-3-luglio-2009\/#breadcrumb","itemListElement":[{"@type":"ListItem","position":1,"name":"Home","item":"https:\/\/www.article-marketing.eu\/comunicati\/"},{"@type":"ListItem","position":2,"name":"Roma: Concerto Lauryn Hill, 3 Luglio 2009"}]},{"@type":"WebSite","@id":"https:\/\/www.article-marketing.eu\/comunicati\/#website","url":"https:\/\/www.article-marketing.eu\/comunicati\/","name":"Article Marketing","description":"article marketing &amp; press release","potentialAction":[{"@type":"SearchAction","target":{"@type":"EntryPoint","urlTemplate":"https:\/\/www.article-marketing.eu\/comunicati\/?s={search_term_string}"},"query-input":{"@type":"PropertyValueSpecification","valueRequired":true,"valueName":"search_term_string"}}],"inLanguage":"it-IT"},{"@type":"Person","@id":"https:\/\/www.article-marketing.eu\/comunicati\/#\/schema\/person\/44372e4d4d0fa797b18e03ed1ace9017","name":"Redazione Comunicati Stampa","image":{"@type":"ImageObject","inLanguage":"it-IT","@id":"https:\/\/www.article-marketing.eu\/comunicati\/#\/schema\/person\/image\/","url":"https:\/\/secure.gravatar.com\/avatar\/50e5c6421d3072f42e7ace803501602c60d75233d34e29fd05feb91c8760b792?s=96&d=mm&r=g","contentUrl":"https:\/\/secure.gravatar.com\/avatar\/50e5c6421d3072f42e7ace803501602c60d75233d34e29fd05feb91c8760b792?s=96&d=mm&r=g","caption":"Redazione Comunicati Stampa"},"url":"https:\/\/www.article-marketing.eu\/comunicati\/author\/redazione-comunicati-stampa\/"}]}},"_links":{"self":[{"href":"https:\/\/www.article-marketing.eu\/comunicati\/wp-json\/wp\/v2\/posts\/2089","targetHints":{"allow":["GET"]}}],"collection":[{"href":"https:\/\/www.article-marketing.eu\/comunicati\/wp-json\/wp\/v2\/posts"}],"about":[{"href":"https:\/\/www.article-marketing.eu\/comunicati\/wp-json\/wp\/v2\/types\/post"}],"author":[{"embeddable":true,"href":"https:\/\/www.article-marketing.eu\/comunicati\/wp-json\/wp\/v2\/users\/10"}],"replies":[{"embeddable":true,"href":"https:\/\/www.article-marketing.eu\/comunicati\/wp-json\/wp\/v2\/comments?post=2089"}],"version-history":[{"count":0,"href":"https:\/\/www.article-marketing.eu\/comunicati\/wp-json\/wp\/v2\/posts\/2089\/revisions"}],"wp:attachment":[{"href":"https:\/\/www.article-marketing.eu\/comunicati\/wp-json\/wp\/v2\/media?parent=2089"}],"wp:term":[{"taxonomy":"category","embeddable":true,"href":"https:\/\/www.article-marketing.eu\/comunicati\/wp-json\/wp\/v2\/categories?post=2089"},{"taxonomy":"post_tag","embeddable":true,"href":"https:\/\/www.article-marketing.eu\/comunicati\/wp-json\/wp\/v2\/tags?post=2089"}],"curies":[{"name":"wp","href":"https:\/\/api.w.org\/{rel}","templated":true}]}}