{"id":2093,"date":"2009-05-31T16:45:46","date_gmt":"2009-05-31T14:45:46","guid":{"rendered":"http:\/\/www.article-marketing.eu\/comunicati\/senza-categoria\/i-maccheroncini-di-campofilone-nelle-marche\/"},"modified":"2009-05-31T16:45:46","modified_gmt":"2009-05-31T14:45:46","slug":"i-maccheroncini-di-campofilone-nelle-marche","status":"publish","type":"post","link":"https:\/\/www.article-marketing.eu\/comunicati\/comunicati-stampa\/eventi\/i-maccheroncini-di-campofilone-nelle-marche\/","title":{"rendered":"I Maccheroncini di Campofilone nelle Marche"},"content":{"rendered":"<p class=\" \" style=\"TEXT-ALIGN: justify\">La ricetta dei &quot;Maccheroncini fini fini&quot; risale al 400. Ulteriori citazioni si trovano in alcuni documenti del Concilio di Trento. Si parla di &quot;Maccheroncini&quot; anche nei ricettari del 1700 e del 1800. La caratteristica fondamentale di questa particolare e antica ricetta \u00e8 la sua stessa semplicit\u00e0: 10 uova per chilogrammo di farina senza aggiunta di acqua. Il prodotto finale sono maccheroncini sottili, detti &quot;capelli di angelo&quot;, sono tagliati a mano, con il solo utilizzo di un coltello affilatissimo, da persone dotate di particolare esperienza e abilit\u00e0. I maccheroncini di Campofilone sono un &quot;piatto unico&quot; della tradizione marchigiana, considerato, nell&#8217;antica tradizione gastronomica,un piatto nobile, servito cio\u00e8 nelle occasioni importanti. La &quot;Sagra dei Maccheroncini di Campofilone&quot; \u00e8 celebrata ogni anno, nel mese di Agosto ed \u00e8 frequentata da migliaia di turisti. Immerso nella verde collina marchigiana, Campofilone ha quel particolare fascino di paese ricco di storia e di tradizione. Nato sui resti di un insediamento romano, racchiude nelle sue mura castellane un&#8217;antica e ricca Abbazia Benedettina, dedicata a San Bartolomeo (patrono della citt\u00e0) le cui origini risalgono al secolo XI.<\/p>\n<p class=\" \" style=\"TEXT-ALIGN: justify\">Sempre nel Territorio suggeriamo&#8230;<\/p>\n<p class=\" \"><strong>La Festa delle Cove di Petritoli<\/strong><\/p>\n<p class=\" \">\u00c8 una festa di tradizione rurale, che ebbe origine dalla volont\u00e0 di offrire alla Madonna un tributo di grano per ringraziarla del buon raccolto ottenuto. I festeggiamenti iniziano il sabato per svilupparsi nell\u2019intera giornata di domenica: sfilata delle \u201ccanestrelle\u201d, suono di organetti, canto di stornelli, ed infine sfilata di carri lungo le vie del paese. I carri, fatti con covoni di grano, sono allestisti dalle varie contrade con temi ispirati all\u2019intera \u201cStoria del grano\u201d, dalla semina alla cottura del pane. Da alcuni anni, uno di questi carri viene allestito da cittadini stranieri residenti nel territorio. In genere cittadini inglesi, questi gradiscono molto partecipare al clima di festa ed esserne protagonisti. Tutte le vie sono addobbate con mazzetti di grano. Durante i festeggiamenti si possono gustare specialit\u00e0 gastronomiche tipiche della tradizione contadina locale.<\/p>\n<p class=\" \" style=\"TEXT-ALIGN: justify\">&nbsp;<\/p>\n<p class=\" \" style=\"TEXT-ALIGN: justify\">Per coloro che intendano programmare le loro vacanze nel territorio di Petritoli suggeriamo alcune soluzioni di totale soddisfazione.<\/p>\n<p class=\" \" style=\"TEXT-ALIGN: justify\">Il Biologico di Livia \u2013 Bed and Breakfast e azienda biologica certificata a Petritoli. <a href=\"http:\/\/www.ilbiologicodilivia.com\/\">http:\/\/www.ilbiologicodilivia.com<\/a> <\/p>\n<p class=\" \" style=\"TEXT-ALIGN: justify\">Uliveto Casa Vacanze Marche \u2013 http:\/\/www.ulivetovacanze.com \u2013 \u00e8 una Villa in affitto a Campofilone.<\/p>\n<p class=\" \" style=\"TEXT-ALIGN: justify\">\n<p class=\" \" style=\"TEXT-ALIGN: justify\">Per coloro che intendano programmare le loro vacanze nel territorio di Campofilone suggeriamo alcune soluzioni di totale soddisfazione. Uliveto Casa Vacanze Marche \u2013 http:\/\/www.ulivetovacanze.com \u2013 \u00e8 una Villa in affitto immersa nel verde a due passi dal mare dotata di tutti i confort. Da un minimo di quattro persone sino ad un massimo di otto, l\u2019Uliveto Casa Vacanze dispone di un allestimento di alta gamma, con arredi di ottimo gusto, un bellissimo salone per le vostre serate in compagnia e una cucina dotata di tutto il necessario.<\/p>\n<p class=\" \" style=\"TEXT-ALIGN: justify\">Il Biologico di Livia \u2013 Bed and Breakfast e azienda biologica certificata a Petritoli. Prodotti come: Olio Extravergine di Oliva in blend o monovarietale, Pat\u00e8 di Oliva Tenera Ascolana Dop, Olive in Salamoia, Farine biologiche di grano e granturco&nbsp;macinate a pietra, Mandorle etc.&nbsp;&nbsp;&nbsp;&nbsp;&nbsp; http:\/\/www.ilbiologicodilivia.com <\/p><\/p>\n","protected":false},"excerpt":{"rendered":"<p>La ricetta dei &#8220;Maccheroncini fini fini&#8221; risale al 400. Ulteriori citazioni si trovano in alcuni documenti del Concilio di Trento. Si parla di &#8220;Maccheroncini&#8221; anche nei ricettari del 1700 e del 1800.<\/p>\n","protected":false},"author":10,"featured_media":0,"comment_status":"open","ping_status":"open","sticky":false,"template":"","format":"standard","meta":{"cybocfi_hide_featured_image":"","footnotes":""},"categories":[388],"tags":[6520,3861,1379,3865,1706,6521,3,2462],"class_list":["post-2093","post","type-post","status-publish","format-standard","hentry","category-eventi","tag-ascoli-piceno","tag-cibo","tag-festival","tag-food","tag-marche","tag-sagra","tag-vacanze","tag-vino"],"yoast_head":"<!-- This site is optimized with the Yoast SEO plugin v27.0 - https:\/\/yoast.com\/product\/yoast-seo-wordpress\/ -->\n<title>I Maccheroncini di Campofilone nelle Marche - Article Marketing<\/title>\n<meta name=\"robots\" content=\"index, follow, max-snippet:-1, max-image-preview:large, max-video-preview:-1\" \/>\n<link rel=\"canonical\" href=\"https:\/\/www.article-marketing.eu\/comunicati\/comunicati-stampa\/eventi\/i-maccheroncini-di-campofilone-nelle-marche\/\" \/>\n<meta property=\"og:locale\" content=\"it_IT\" \/>\n<meta property=\"og:type\" content=\"article\" \/>\n<meta property=\"og:title\" content=\"I Maccheroncini di Campofilone nelle Marche - Article Marketing\" \/>\n<meta property=\"og:description\" content=\"La ricetta dei &quot;Maccheroncini fini fini&quot; risale al 400. Ulteriori citazioni si trovano in alcuni documenti del Concilio di Trento. Si parla di &quot;Maccheroncini&quot; anche nei ricettari del 1700 e del 1800.\" \/>\n<meta property=\"og:url\" content=\"https:\/\/www.article-marketing.eu\/comunicati\/comunicati-stampa\/eventi\/i-maccheroncini-di-campofilone-nelle-marche\/\" \/>\n<meta property=\"og:site_name\" content=\"Article Marketing\" \/>\n<meta property=\"article:published_time\" content=\"2009-05-31T14:45:46+00:00\" \/>\n<meta name=\"author\" content=\"Redazione Comunicati Stampa\" \/>\n<meta name=\"twitter:card\" content=\"summary_large_image\" \/>\n<meta name=\"twitter:label1\" content=\"Scritto da\" \/>\n\t<meta name=\"twitter:data1\" content=\"Redazione Comunicati Stampa\" \/>\n\t<meta name=\"twitter:label2\" content=\"Tempo di lettura stimato\" \/>\n\t<meta name=\"twitter:data2\" content=\"3 minuti\" \/>\n<script type=\"application\/ld+json\" class=\"yoast-schema-graph\">{\"@context\":\"https:\/\/schema.org\",\"@graph\":[{\"@type\":\"Article\",\"@id\":\"https:\/\/www.article-marketing.eu\/comunicati\/comunicati-stampa\/eventi\/i-maccheroncini-di-campofilone-nelle-marche\/#article\",\"isPartOf\":{\"@id\":\"https:\/\/www.article-marketing.eu\/comunicati\/comunicati-stampa\/eventi\/i-maccheroncini-di-campofilone-nelle-marche\/\"},\"author\":{\"name\":\"Redazione Comunicati Stampa\",\"@id\":\"https:\/\/www.article-marketing.eu\/comunicati\/#\/schema\/person\/44372e4d4d0fa797b18e03ed1ace9017\"},\"headline\":\"I Maccheroncini di Campofilone nelle Marche\",\"datePublished\":\"2009-05-31T14:45:46+00:00\",\"mainEntityOfPage\":{\"@id\":\"https:\/\/www.article-marketing.eu\/comunicati\/comunicati-stampa\/eventi\/i-maccheroncini-di-campofilone-nelle-marche\/\"},\"wordCount\":522,\"commentCount\":0,\"keywords\":[\"ascoli piceno\",\"cibo\",\"festival\",\"food\",\"marche\",\"sagra\",\"vacanze\",\"vino\"],\"articleSection\":[\"Eventi\"],\"inLanguage\":\"it-IT\",\"potentialAction\":[{\"@type\":\"CommentAction\",\"name\":\"Comment\",\"target\":[\"https:\/\/www.article-marketing.eu\/comunicati\/comunicati-stampa\/eventi\/i-maccheroncini-di-campofilone-nelle-marche\/#respond\"]}]},{\"@type\":\"WebPage\",\"@id\":\"https:\/\/www.article-marketing.eu\/comunicati\/comunicati-stampa\/eventi\/i-maccheroncini-di-campofilone-nelle-marche\/\",\"url\":\"https:\/\/www.article-marketing.eu\/comunicati\/comunicati-stampa\/eventi\/i-maccheroncini-di-campofilone-nelle-marche\/\",\"name\":\"I Maccheroncini di Campofilone nelle Marche - Article Marketing\",\"isPartOf\":{\"@id\":\"https:\/\/www.article-marketing.eu\/comunicati\/#website\"},\"datePublished\":\"2009-05-31T14:45:46+00:00\",\"author\":{\"@id\":\"https:\/\/www.article-marketing.eu\/comunicati\/#\/schema\/person\/44372e4d4d0fa797b18e03ed1ace9017\"},\"breadcrumb\":{\"@id\":\"https:\/\/www.article-marketing.eu\/comunicati\/comunicati-stampa\/eventi\/i-maccheroncini-di-campofilone-nelle-marche\/#breadcrumb\"},\"inLanguage\":\"it-IT\",\"potentialAction\":[{\"@type\":\"ReadAction\",\"target\":[\"https:\/\/www.article-marketing.eu\/comunicati\/comunicati-stampa\/eventi\/i-maccheroncini-di-campofilone-nelle-marche\/\"]}]},{\"@type\":\"BreadcrumbList\",\"@id\":\"https:\/\/www.article-marketing.eu\/comunicati\/comunicati-stampa\/eventi\/i-maccheroncini-di-campofilone-nelle-marche\/#breadcrumb\",\"itemListElement\":[{\"@type\":\"ListItem\",\"position\":1,\"name\":\"Home\",\"item\":\"https:\/\/www.article-marketing.eu\/comunicati\/\"},{\"@type\":\"ListItem\",\"position\":2,\"name\":\"I Maccheroncini di Campofilone nelle Marche\"}]},{\"@type\":\"WebSite\",\"@id\":\"https:\/\/www.article-marketing.eu\/comunicati\/#website\",\"url\":\"https:\/\/www.article-marketing.eu\/comunicati\/\",\"name\":\"Article Marketing\",\"description\":\"article marketing &amp; press release\",\"potentialAction\":[{\"@type\":\"SearchAction\",\"target\":{\"@type\":\"EntryPoint\",\"urlTemplate\":\"https:\/\/www.article-marketing.eu\/comunicati\/?s={search_term_string}\"},\"query-input\":{\"@type\":\"PropertyValueSpecification\",\"valueRequired\":true,\"valueName\":\"search_term_string\"}}],\"inLanguage\":\"it-IT\"},{\"@type\":\"Person\",\"@id\":\"https:\/\/www.article-marketing.eu\/comunicati\/#\/schema\/person\/44372e4d4d0fa797b18e03ed1ace9017\",\"name\":\"Redazione Comunicati Stampa\",\"image\":{\"@type\":\"ImageObject\",\"inLanguage\":\"it-IT\",\"@id\":\"https:\/\/www.article-marketing.eu\/comunicati\/#\/schema\/person\/image\/\",\"url\":\"https:\/\/secure.gravatar.com\/avatar\/50e5c6421d3072f42e7ace803501602c60d75233d34e29fd05feb91c8760b792?s=96&d=mm&r=g\",\"contentUrl\":\"https:\/\/secure.gravatar.com\/avatar\/50e5c6421d3072f42e7ace803501602c60d75233d34e29fd05feb91c8760b792?s=96&d=mm&r=g\",\"caption\":\"Redazione Comunicati Stampa\"},\"url\":\"https:\/\/www.article-marketing.eu\/comunicati\/author\/redazione-comunicati-stampa\/\"}]}<\/script>\n<!-- \/ Yoast SEO plugin. -->","yoast_head_json":{"title":"I Maccheroncini di Campofilone nelle Marche - Article Marketing","robots":{"index":"index","follow":"follow","max-snippet":"max-snippet:-1","max-image-preview":"max-image-preview:large","max-video-preview":"max-video-preview:-1"},"canonical":"https:\/\/www.article-marketing.eu\/comunicati\/comunicati-stampa\/eventi\/i-maccheroncini-di-campofilone-nelle-marche\/","og_locale":"it_IT","og_type":"article","og_title":"I Maccheroncini di Campofilone nelle Marche - Article Marketing","og_description":"La ricetta dei \"Maccheroncini fini fini\" risale al 400. Ulteriori citazioni si trovano in alcuni documenti del Concilio di Trento. Si parla di \"Maccheroncini\" anche nei ricettari del 1700 e del 1800.","og_url":"https:\/\/www.article-marketing.eu\/comunicati\/comunicati-stampa\/eventi\/i-maccheroncini-di-campofilone-nelle-marche\/","og_site_name":"Article Marketing","article_published_time":"2009-05-31T14:45:46+00:00","author":"Redazione Comunicati Stampa","twitter_card":"summary_large_image","twitter_misc":{"Scritto da":"Redazione Comunicati Stampa","Tempo di lettura stimato":"3 minuti"},"schema":{"@context":"https:\/\/schema.org","@graph":[{"@type":"Article","@id":"https:\/\/www.article-marketing.eu\/comunicati\/comunicati-stampa\/eventi\/i-maccheroncini-di-campofilone-nelle-marche\/#article","isPartOf":{"@id":"https:\/\/www.article-marketing.eu\/comunicati\/comunicati-stampa\/eventi\/i-maccheroncini-di-campofilone-nelle-marche\/"},"author":{"name":"Redazione Comunicati Stampa","@id":"https:\/\/www.article-marketing.eu\/comunicati\/#\/schema\/person\/44372e4d4d0fa797b18e03ed1ace9017"},"headline":"I Maccheroncini di Campofilone nelle Marche","datePublished":"2009-05-31T14:45:46+00:00","mainEntityOfPage":{"@id":"https:\/\/www.article-marketing.eu\/comunicati\/comunicati-stampa\/eventi\/i-maccheroncini-di-campofilone-nelle-marche\/"},"wordCount":522,"commentCount":0,"keywords":["ascoli piceno","cibo","festival","food","marche","sagra","vacanze","vino"],"articleSection":["Eventi"],"inLanguage":"it-IT","potentialAction":[{"@type":"CommentAction","name":"Comment","target":["https:\/\/www.article-marketing.eu\/comunicati\/comunicati-stampa\/eventi\/i-maccheroncini-di-campofilone-nelle-marche\/#respond"]}]},{"@type":"WebPage","@id":"https:\/\/www.article-marketing.eu\/comunicati\/comunicati-stampa\/eventi\/i-maccheroncini-di-campofilone-nelle-marche\/","url":"https:\/\/www.article-marketing.eu\/comunicati\/comunicati-stampa\/eventi\/i-maccheroncini-di-campofilone-nelle-marche\/","name":"I Maccheroncini di Campofilone nelle Marche - Article Marketing","isPartOf":{"@id":"https:\/\/www.article-marketing.eu\/comunicati\/#website"},"datePublished":"2009-05-31T14:45:46+00:00","author":{"@id":"https:\/\/www.article-marketing.eu\/comunicati\/#\/schema\/person\/44372e4d4d0fa797b18e03ed1ace9017"},"breadcrumb":{"@id":"https:\/\/www.article-marketing.eu\/comunicati\/comunicati-stampa\/eventi\/i-maccheroncini-di-campofilone-nelle-marche\/#breadcrumb"},"inLanguage":"it-IT","potentialAction":[{"@type":"ReadAction","target":["https:\/\/www.article-marketing.eu\/comunicati\/comunicati-stampa\/eventi\/i-maccheroncini-di-campofilone-nelle-marche\/"]}]},{"@type":"BreadcrumbList","@id":"https:\/\/www.article-marketing.eu\/comunicati\/comunicati-stampa\/eventi\/i-maccheroncini-di-campofilone-nelle-marche\/#breadcrumb","itemListElement":[{"@type":"ListItem","position":1,"name":"Home","item":"https:\/\/www.article-marketing.eu\/comunicati\/"},{"@type":"ListItem","position":2,"name":"I Maccheroncini di Campofilone nelle Marche"}]},{"@type":"WebSite","@id":"https:\/\/www.article-marketing.eu\/comunicati\/#website","url":"https:\/\/www.article-marketing.eu\/comunicati\/","name":"Article Marketing","description":"article marketing &amp; press release","potentialAction":[{"@type":"SearchAction","target":{"@type":"EntryPoint","urlTemplate":"https:\/\/www.article-marketing.eu\/comunicati\/?s={search_term_string}"},"query-input":{"@type":"PropertyValueSpecification","valueRequired":true,"valueName":"search_term_string"}}],"inLanguage":"it-IT"},{"@type":"Person","@id":"https:\/\/www.article-marketing.eu\/comunicati\/#\/schema\/person\/44372e4d4d0fa797b18e03ed1ace9017","name":"Redazione Comunicati Stampa","image":{"@type":"ImageObject","inLanguage":"it-IT","@id":"https:\/\/www.article-marketing.eu\/comunicati\/#\/schema\/person\/image\/","url":"https:\/\/secure.gravatar.com\/avatar\/50e5c6421d3072f42e7ace803501602c60d75233d34e29fd05feb91c8760b792?s=96&d=mm&r=g","contentUrl":"https:\/\/secure.gravatar.com\/avatar\/50e5c6421d3072f42e7ace803501602c60d75233d34e29fd05feb91c8760b792?s=96&d=mm&r=g","caption":"Redazione Comunicati Stampa"},"url":"https:\/\/www.article-marketing.eu\/comunicati\/author\/redazione-comunicati-stampa\/"}]}},"_links":{"self":[{"href":"https:\/\/www.article-marketing.eu\/comunicati\/wp-json\/wp\/v2\/posts\/2093","targetHints":{"allow":["GET"]}}],"collection":[{"href":"https:\/\/www.article-marketing.eu\/comunicati\/wp-json\/wp\/v2\/posts"}],"about":[{"href":"https:\/\/www.article-marketing.eu\/comunicati\/wp-json\/wp\/v2\/types\/post"}],"author":[{"embeddable":true,"href":"https:\/\/www.article-marketing.eu\/comunicati\/wp-json\/wp\/v2\/users\/10"}],"replies":[{"embeddable":true,"href":"https:\/\/www.article-marketing.eu\/comunicati\/wp-json\/wp\/v2\/comments?post=2093"}],"version-history":[{"count":0,"href":"https:\/\/www.article-marketing.eu\/comunicati\/wp-json\/wp\/v2\/posts\/2093\/revisions"}],"wp:attachment":[{"href":"https:\/\/www.article-marketing.eu\/comunicati\/wp-json\/wp\/v2\/media?parent=2093"}],"wp:term":[{"taxonomy":"category","embeddable":true,"href":"https:\/\/www.article-marketing.eu\/comunicati\/wp-json\/wp\/v2\/categories?post=2093"},{"taxonomy":"post_tag","embeddable":true,"href":"https:\/\/www.article-marketing.eu\/comunicati\/wp-json\/wp\/v2\/tags?post=2093"}],"curies":[{"name":"wp","href":"https:\/\/api.w.org\/{rel}","templated":true}]}}