{"id":2100,"date":"2009-06-01T18:33:02","date_gmt":"2009-06-01T16:33:02","guid":{"rendered":"http:\/\/www.article-marketing.eu\/comunicati\/senza-categoria\/berlino-holocaust-mahmal-il-monumento-degli-ebrei-deuropa-assassinati\/"},"modified":"2009-06-01T18:33:02","modified_gmt":"2009-06-01T16:33:02","slug":"berlino-holocaust-mahmal-il-monumento-degli-ebrei-deuropa-assassinati","status":"publish","type":"post","link":"https:\/\/www.article-marketing.eu\/comunicati\/viaggi-e-vacanze\/berlino-holocaust-mahmal-il-monumento-degli-ebrei-deuropa-assassinati\/","title":{"rendered":"Berlino: Holocaust Mahmal. Il monumento degli ebrei d&#8217;Europa assassinati."},"content":{"rendered":"<p>L\u2019Holocaust Mahnmal di Berlino sa coniugare in modo efficace l\u2019esigenza di non dimenticare le atrocit\u00e0 della shoah con il bisogno di farlo in modo antiretorico, essenziale.<br \/>\nIl progetto di un memoriale \u00e8 datato ancora al 1988\/89, lanciato dalla pubblicista Lea Rosh con il sostegno, tra gli altri, di Willy Brandt, Gunter Grass e Christa Wolf.<br \/>\nViene realizzato solo dopo diciassette anni e aperto al pubblico il 12 maggio 2005, su progetto di Peter Eisenman, architetto americano di origine tedesca le cui opere risentono di autori come Borromini, Balla, il Futurismo, soprattutto Marcel Duchamp, ma anche manifestano influssi delle scienze fisico-matematiche e della logica. Lo spazio occupato, tra la porta di Brandeburgo e Potsdamer Platz, al centro di Berlino, vicino al parlamento e al governo, non ricorda particolari eventi qui avvenuti legati all\u2019olocausto, ma vuole sottolineare il carattere pubblico del Monumento, la sua destinazione sociale.<br \/>\nIn una vasta area sono collocate 2711 stele di cemento, di base uguale ma di altezza variabile, tra i venti centimetri e i quattro metri, posizionate su un pavimento ondulato. Le stele sono molto vicine l\u2019una all\u2019altra tanto che \u00e8 possibile il passaggio di una persona alla volta, costringendo immediatamente a un percorso solitario. Se a prima vista l\u2019impressione pu\u00f2 essere quella di trovarsi di fronte ad un imponente cimitero spoglio e grigio, entrando in esso a poco a poco cresce la sensazione di vivere un\u2019esperienza che ti mette in gioco e ti destabilizza. Dopo un momento di esitazione, ognuno entra da dove vuole, non essendoci ingressi principali n\u00e9 uscite, n\u00e9 un percorso preordinato. A quest\u2019assenza di regole si accompagna il disorientamento di chi si accorge di trovarsi in una sorta di labirinto, per di pi\u00f9 camminando in un piano inclinato. Sembra di essere in una collina che evoca quella dei dormienti di Spoon River di Edgar Lee Masters, anche se l\u00e0 gli epitaffi raccontavano vite, storie, e qui invece domina il silenzio, la presenza anonima di tante vittime. Nessun ritratto \u00e8 presente (come nel cimitero ebraico di Praga, dato che la religione ebraica lo vieta), ma non vi \u00e8 neppure un simbolo; ogni retorica \u00e8 deliberatamente evitata per lasciare il posto alla costruzione individuale di un percorso della memoria. Nel lato orientale del monumento si trova, in uno spazio sotterraneo, un Centro d\u2019informazioni concernenti la politica nazionalistica dello sterminio dal 1933 al 1945. Vi sono quattro sale tematiche: nella prima si trovano quindici testimonianze autentiche di ebrei perseguitati, seguono poi, nella seconda, le storie di quindici famiglie ebree; la terza \u00e8 la sala dei nomi. Si tratta di un ambiente buio in cui sono proiettati, sulle quattro pareti,nomi e brevi biografie delle vittime. L\u2019ultima sala, quella dei luoghi, riprende, in fotografie e film, 200 aree geografiche di persecuzione e sterminio.<br \/>\nSicuramente utile e ben allestito, ma di\u2019impianto tradizionale, il Centro d\u2019informazioni nulla aggiunge, tuttavia, alla potenza del \u201cnon detto\u201d che caratterizza il Monumento, in parte spezzando e quasi disturbando, col suo esplicito parlato, quella intensa e intima emozione che era stata precedentemente raggiunta.<\/p>\n","protected":false},"excerpt":{"rendered":"<p>Descrizione del monumento situato vicino alla porta di Brandeburgo dedicato all&#8217;olocausto, progettato dall&#8217;architetto americano Peter Eisenman e aperto al pubblico il 12 maggio 2005.<\/p>\n","protected":false},"author":10,"featured_media":0,"comment_status":"open","ping_status":"open","sticky":false,"template":"","format":"standard","meta":{"cybocfi_hide_featured_image":"","footnotes":""},"categories":[280],"tags":[],"class_list":["post-2100","post","type-post","status-publish","format-standard","hentry","category-viaggi-e-vacanze"],"yoast_head":"<!-- This site is optimized with the Yoast SEO plugin v27.0 - https:\/\/yoast.com\/product\/yoast-seo-wordpress\/ -->\n<title>Berlino: Holocaust Mahmal. Il monumento degli ebrei d&#039;Europa assassinati. - Article Marketing<\/title>\n<meta name=\"robots\" content=\"index, follow, max-snippet:-1, max-image-preview:large, max-video-preview:-1\" \/>\n<link rel=\"canonical\" href=\"https:\/\/www.article-marketing.eu\/comunicati\/viaggi-e-vacanze\/berlino-holocaust-mahmal-il-monumento-degli-ebrei-deuropa-assassinati\/\" \/>\n<meta property=\"og:locale\" content=\"it_IT\" \/>\n<meta property=\"og:type\" content=\"article\" \/>\n<meta property=\"og:title\" content=\"Berlino: Holocaust Mahmal. Il monumento degli ebrei d&#039;Europa assassinati. - Article Marketing\" \/>\n<meta property=\"og:description\" content=\"Descrizione del monumento situato vicino alla porta di Brandeburgo dedicato all&#039;olocausto, progettato dall&#039;architetto americano Peter Eisenman e aperto al pubblico il 12 maggio 2005.\" \/>\n<meta property=\"og:url\" content=\"https:\/\/www.article-marketing.eu\/comunicati\/viaggi-e-vacanze\/berlino-holocaust-mahmal-il-monumento-degli-ebrei-deuropa-assassinati\/\" \/>\n<meta property=\"og:site_name\" content=\"Article Marketing\" \/>\n<meta property=\"article:published_time\" content=\"2009-06-01T16:33:02+00:00\" \/>\n<meta name=\"author\" content=\"Redazione Comunicati Stampa\" \/>\n<meta name=\"twitter:card\" content=\"summary_large_image\" \/>\n<meta name=\"twitter:label1\" content=\"Scritto da\" \/>\n\t<meta name=\"twitter:data1\" content=\"Redazione Comunicati Stampa\" \/>\n\t<meta name=\"twitter:label2\" content=\"Tempo di lettura stimato\" \/>\n\t<meta name=\"twitter:data2\" content=\"2 minuti\" \/>\n<script type=\"application\/ld+json\" class=\"yoast-schema-graph\">{\"@context\":\"https:\/\/schema.org\",\"@graph\":[{\"@type\":\"Article\",\"@id\":\"https:\/\/www.article-marketing.eu\/comunicati\/viaggi-e-vacanze\/berlino-holocaust-mahmal-il-monumento-degli-ebrei-deuropa-assassinati\/#article\",\"isPartOf\":{\"@id\":\"https:\/\/www.article-marketing.eu\/comunicati\/viaggi-e-vacanze\/berlino-holocaust-mahmal-il-monumento-degli-ebrei-deuropa-assassinati\/\"},\"author\":{\"name\":\"Redazione Comunicati Stampa\",\"@id\":\"https:\/\/www.article-marketing.eu\/comunicati\/#\/schema\/person\/44372e4d4d0fa797b18e03ed1ace9017\"},\"headline\":\"Berlino: Holocaust Mahmal. Il monumento degli ebrei d&#8217;Europa assassinati.\",\"datePublished\":\"2009-06-01T16:33:02+00:00\",\"mainEntityOfPage\":{\"@id\":\"https:\/\/www.article-marketing.eu\/comunicati\/viaggi-e-vacanze\/berlino-holocaust-mahmal-il-monumento-degli-ebrei-deuropa-assassinati\/\"},\"wordCount\":507,\"commentCount\":0,\"articleSection\":[\"Viaggi e vacanze\"],\"inLanguage\":\"it-IT\",\"potentialAction\":[{\"@type\":\"CommentAction\",\"name\":\"Comment\",\"target\":[\"https:\/\/www.article-marketing.eu\/comunicati\/viaggi-e-vacanze\/berlino-holocaust-mahmal-il-monumento-degli-ebrei-deuropa-assassinati\/#respond\"]}]},{\"@type\":\"WebPage\",\"@id\":\"https:\/\/www.article-marketing.eu\/comunicati\/viaggi-e-vacanze\/berlino-holocaust-mahmal-il-monumento-degli-ebrei-deuropa-assassinati\/\",\"url\":\"https:\/\/www.article-marketing.eu\/comunicati\/viaggi-e-vacanze\/berlino-holocaust-mahmal-il-monumento-degli-ebrei-deuropa-assassinati\/\",\"name\":\"Berlino: Holocaust Mahmal. Il monumento degli ebrei d'Europa assassinati. - Article Marketing\",\"isPartOf\":{\"@id\":\"https:\/\/www.article-marketing.eu\/comunicati\/#website\"},\"datePublished\":\"2009-06-01T16:33:02+00:00\",\"author\":{\"@id\":\"https:\/\/www.article-marketing.eu\/comunicati\/#\/schema\/person\/44372e4d4d0fa797b18e03ed1ace9017\"},\"breadcrumb\":{\"@id\":\"https:\/\/www.article-marketing.eu\/comunicati\/viaggi-e-vacanze\/berlino-holocaust-mahmal-il-monumento-degli-ebrei-deuropa-assassinati\/#breadcrumb\"},\"inLanguage\":\"it-IT\",\"potentialAction\":[{\"@type\":\"ReadAction\",\"target\":[\"https:\/\/www.article-marketing.eu\/comunicati\/viaggi-e-vacanze\/berlino-holocaust-mahmal-il-monumento-degli-ebrei-deuropa-assassinati\/\"]}]},{\"@type\":\"BreadcrumbList\",\"@id\":\"https:\/\/www.article-marketing.eu\/comunicati\/viaggi-e-vacanze\/berlino-holocaust-mahmal-il-monumento-degli-ebrei-deuropa-assassinati\/#breadcrumb\",\"itemListElement\":[{\"@type\":\"ListItem\",\"position\":1,\"name\":\"Home\",\"item\":\"https:\/\/www.article-marketing.eu\/comunicati\/\"},{\"@type\":\"ListItem\",\"position\":2,\"name\":\"Berlino: Holocaust Mahmal. Il monumento degli ebrei d&#8217;Europa assassinati.\"}]},{\"@type\":\"WebSite\",\"@id\":\"https:\/\/www.article-marketing.eu\/comunicati\/#website\",\"url\":\"https:\/\/www.article-marketing.eu\/comunicati\/\",\"name\":\"Article Marketing\",\"description\":\"article marketing &amp; press release\",\"potentialAction\":[{\"@type\":\"SearchAction\",\"target\":{\"@type\":\"EntryPoint\",\"urlTemplate\":\"https:\/\/www.article-marketing.eu\/comunicati\/?s={search_term_string}\"},\"query-input\":{\"@type\":\"PropertyValueSpecification\",\"valueRequired\":true,\"valueName\":\"search_term_string\"}}],\"inLanguage\":\"it-IT\"},{\"@type\":\"Person\",\"@id\":\"https:\/\/www.article-marketing.eu\/comunicati\/#\/schema\/person\/44372e4d4d0fa797b18e03ed1ace9017\",\"name\":\"Redazione Comunicati Stampa\",\"image\":{\"@type\":\"ImageObject\",\"inLanguage\":\"it-IT\",\"@id\":\"https:\/\/www.article-marketing.eu\/comunicati\/#\/schema\/person\/image\/\",\"url\":\"https:\/\/secure.gravatar.com\/avatar\/50e5c6421d3072f42e7ace803501602c60d75233d34e29fd05feb91c8760b792?s=96&d=mm&r=g\",\"contentUrl\":\"https:\/\/secure.gravatar.com\/avatar\/50e5c6421d3072f42e7ace803501602c60d75233d34e29fd05feb91c8760b792?s=96&d=mm&r=g\",\"caption\":\"Redazione Comunicati Stampa\"},\"url\":\"https:\/\/www.article-marketing.eu\/comunicati\/author\/redazione-comunicati-stampa\/\"}]}<\/script>\n<!-- \/ Yoast SEO plugin. -->","yoast_head_json":{"title":"Berlino: Holocaust Mahmal. Il monumento degli ebrei d'Europa assassinati. - Article Marketing","robots":{"index":"index","follow":"follow","max-snippet":"max-snippet:-1","max-image-preview":"max-image-preview:large","max-video-preview":"max-video-preview:-1"},"canonical":"https:\/\/www.article-marketing.eu\/comunicati\/viaggi-e-vacanze\/berlino-holocaust-mahmal-il-monumento-degli-ebrei-deuropa-assassinati\/","og_locale":"it_IT","og_type":"article","og_title":"Berlino: Holocaust Mahmal. Il monumento degli ebrei d'Europa assassinati. - Article Marketing","og_description":"Descrizione del monumento situato vicino alla porta di Brandeburgo dedicato all'olocausto, progettato dall'architetto americano Peter Eisenman e aperto al pubblico il 12 maggio 2005.","og_url":"https:\/\/www.article-marketing.eu\/comunicati\/viaggi-e-vacanze\/berlino-holocaust-mahmal-il-monumento-degli-ebrei-deuropa-assassinati\/","og_site_name":"Article Marketing","article_published_time":"2009-06-01T16:33:02+00:00","author":"Redazione Comunicati Stampa","twitter_card":"summary_large_image","twitter_misc":{"Scritto da":"Redazione Comunicati Stampa","Tempo di lettura stimato":"2 minuti"},"schema":{"@context":"https:\/\/schema.org","@graph":[{"@type":"Article","@id":"https:\/\/www.article-marketing.eu\/comunicati\/viaggi-e-vacanze\/berlino-holocaust-mahmal-il-monumento-degli-ebrei-deuropa-assassinati\/#article","isPartOf":{"@id":"https:\/\/www.article-marketing.eu\/comunicati\/viaggi-e-vacanze\/berlino-holocaust-mahmal-il-monumento-degli-ebrei-deuropa-assassinati\/"},"author":{"name":"Redazione Comunicati Stampa","@id":"https:\/\/www.article-marketing.eu\/comunicati\/#\/schema\/person\/44372e4d4d0fa797b18e03ed1ace9017"},"headline":"Berlino: Holocaust Mahmal. Il monumento degli ebrei d&#8217;Europa assassinati.","datePublished":"2009-06-01T16:33:02+00:00","mainEntityOfPage":{"@id":"https:\/\/www.article-marketing.eu\/comunicati\/viaggi-e-vacanze\/berlino-holocaust-mahmal-il-monumento-degli-ebrei-deuropa-assassinati\/"},"wordCount":507,"commentCount":0,"articleSection":["Viaggi e vacanze"],"inLanguage":"it-IT","potentialAction":[{"@type":"CommentAction","name":"Comment","target":["https:\/\/www.article-marketing.eu\/comunicati\/viaggi-e-vacanze\/berlino-holocaust-mahmal-il-monumento-degli-ebrei-deuropa-assassinati\/#respond"]}]},{"@type":"WebPage","@id":"https:\/\/www.article-marketing.eu\/comunicati\/viaggi-e-vacanze\/berlino-holocaust-mahmal-il-monumento-degli-ebrei-deuropa-assassinati\/","url":"https:\/\/www.article-marketing.eu\/comunicati\/viaggi-e-vacanze\/berlino-holocaust-mahmal-il-monumento-degli-ebrei-deuropa-assassinati\/","name":"Berlino: Holocaust Mahmal. Il monumento degli ebrei d'Europa assassinati. - Article Marketing","isPartOf":{"@id":"https:\/\/www.article-marketing.eu\/comunicati\/#website"},"datePublished":"2009-06-01T16:33:02+00:00","author":{"@id":"https:\/\/www.article-marketing.eu\/comunicati\/#\/schema\/person\/44372e4d4d0fa797b18e03ed1ace9017"},"breadcrumb":{"@id":"https:\/\/www.article-marketing.eu\/comunicati\/viaggi-e-vacanze\/berlino-holocaust-mahmal-il-monumento-degli-ebrei-deuropa-assassinati\/#breadcrumb"},"inLanguage":"it-IT","potentialAction":[{"@type":"ReadAction","target":["https:\/\/www.article-marketing.eu\/comunicati\/viaggi-e-vacanze\/berlino-holocaust-mahmal-il-monumento-degli-ebrei-deuropa-assassinati\/"]}]},{"@type":"BreadcrumbList","@id":"https:\/\/www.article-marketing.eu\/comunicati\/viaggi-e-vacanze\/berlino-holocaust-mahmal-il-monumento-degli-ebrei-deuropa-assassinati\/#breadcrumb","itemListElement":[{"@type":"ListItem","position":1,"name":"Home","item":"https:\/\/www.article-marketing.eu\/comunicati\/"},{"@type":"ListItem","position":2,"name":"Berlino: Holocaust Mahmal. Il monumento degli ebrei d&#8217;Europa assassinati."}]},{"@type":"WebSite","@id":"https:\/\/www.article-marketing.eu\/comunicati\/#website","url":"https:\/\/www.article-marketing.eu\/comunicati\/","name":"Article Marketing","description":"article marketing &amp; press release","potentialAction":[{"@type":"SearchAction","target":{"@type":"EntryPoint","urlTemplate":"https:\/\/www.article-marketing.eu\/comunicati\/?s={search_term_string}"},"query-input":{"@type":"PropertyValueSpecification","valueRequired":true,"valueName":"search_term_string"}}],"inLanguage":"it-IT"},{"@type":"Person","@id":"https:\/\/www.article-marketing.eu\/comunicati\/#\/schema\/person\/44372e4d4d0fa797b18e03ed1ace9017","name":"Redazione Comunicati Stampa","image":{"@type":"ImageObject","inLanguage":"it-IT","@id":"https:\/\/www.article-marketing.eu\/comunicati\/#\/schema\/person\/image\/","url":"https:\/\/secure.gravatar.com\/avatar\/50e5c6421d3072f42e7ace803501602c60d75233d34e29fd05feb91c8760b792?s=96&d=mm&r=g","contentUrl":"https:\/\/secure.gravatar.com\/avatar\/50e5c6421d3072f42e7ace803501602c60d75233d34e29fd05feb91c8760b792?s=96&d=mm&r=g","caption":"Redazione Comunicati Stampa"},"url":"https:\/\/www.article-marketing.eu\/comunicati\/author\/redazione-comunicati-stampa\/"}]}},"_links":{"self":[{"href":"https:\/\/www.article-marketing.eu\/comunicati\/wp-json\/wp\/v2\/posts\/2100","targetHints":{"allow":["GET"]}}],"collection":[{"href":"https:\/\/www.article-marketing.eu\/comunicati\/wp-json\/wp\/v2\/posts"}],"about":[{"href":"https:\/\/www.article-marketing.eu\/comunicati\/wp-json\/wp\/v2\/types\/post"}],"author":[{"embeddable":true,"href":"https:\/\/www.article-marketing.eu\/comunicati\/wp-json\/wp\/v2\/users\/10"}],"replies":[{"embeddable":true,"href":"https:\/\/www.article-marketing.eu\/comunicati\/wp-json\/wp\/v2\/comments?post=2100"}],"version-history":[{"count":0,"href":"https:\/\/www.article-marketing.eu\/comunicati\/wp-json\/wp\/v2\/posts\/2100\/revisions"}],"wp:attachment":[{"href":"https:\/\/www.article-marketing.eu\/comunicati\/wp-json\/wp\/v2\/media?parent=2100"}],"wp:term":[{"taxonomy":"category","embeddable":true,"href":"https:\/\/www.article-marketing.eu\/comunicati\/wp-json\/wp\/v2\/categories?post=2100"},{"taxonomy":"post_tag","embeddable":true,"href":"https:\/\/www.article-marketing.eu\/comunicati\/wp-json\/wp\/v2\/tags?post=2100"}],"curies":[{"name":"wp","href":"https:\/\/api.w.org\/{rel}","templated":true}]}}