{"id":21064,"date":"2011-10-31T12:33:39","date_gmt":"2011-10-31T11:33:39","guid":{"rendered":"http:\/\/www.article-marketing.eu\/comunicati\/senza-categoria\/ferrara-il-mondo-%c3%a8-pi%c3%b9-vicino\/"},"modified":"2011-10-31T12:33:39","modified_gmt":"2011-10-31T11:33:39","slug":"ferrara-il-mondo-%c3%a8-pi%c3%b9-vicino","status":"publish","type":"post","link":"https:\/\/www.article-marketing.eu\/comunicati\/viaggi-e-vacanze\/viaggi-e-turismo\/ferrara-il-mondo-%c3%a8-pi%c3%b9-vicino\/","title":{"rendered":"Ferrara, il mondo \u00e8 pi\u00f9 vicino"},"content":{"rendered":"<p><a><\/a><a>Turismo, internazionalizzazione, reti di imprese ed innovazione: queste le principali parole chiave di <strong>un&rsquo;operazione senza precedenti che vede l&rsquo;aeroporto di Bologna al centro di una strategia di promozione territorial<\/strong>e. Il vantaggio per Ferrara di trovarsi a pochi minuti da uno degli scali aerei pi&ugrave; importanti d&rsquo;Italia ha, infatti, portato all&#8217;ideazione e realizzazione di un progetto per <strong>agevolare i collegamenti tra i due territori. <\/strong><\/a> L&#8217;aeroporto felsineo ha conosciuto un volume di oltre 5.500.000 passeggeri nel corso del 2010, con un aumento del 15% rispetto l&rsquo;anno precedente e dell&rsquo;89% in relazione al 2004; dati, che non potevano passare inosservati. &#8220;<em>L&#8217;evidenza dei numeri<\/em> &#8211; ha sottolineato l&#8217;Assessore al Turismo della Provincia di Ferrara Davide Bellotti &#8211; <em>ci ha portato a considerare l&#8217;opportunit&agrave; di realizzare un progetto specifico per sfruttare l&#8217;aeroporto di Bologna, nel tentativo di incrementare il numero di turisti stranieri in ingresso nella nostra provincia<\/em>&#8220;<\/p>\n<p> <strong>Un progetto funzionale, dunque, alla crescita della capacit&agrave; competitiva ed economica del territorio ferrarese attraverso le diverse opportunit&agrave; di sviluppo ed articolazione dell&#8217;offerta turistica locale. L&rsquo;aspetto innovativo del progetto &egrave; da ricercarsi nel tipo di coinvolgimento che sta alla base dell&rsquo;intera strategia: non solo pubblico e privato, l&rsquo;azione coinvolger&agrave; anche territori e livelli istituzionali differenti. Regione Emilia Romagna, APT servizi, Camera di Commercio di Bologna e di Ferrara, Unione di Prodotto Citt&agrave; d&rsquo;Arte, Provincia e Comune di Ferrara, Agenzia per la mobilit&agrave;, sono i soggetti che daranno vita ad un&rsquo;azione per promuovere i collegamenti da e per l&rsquo;aeroporto di Bologna. Tra questi, spicca la contestuale attivazione del servizio interamente realizzato da alcune imprese di trasporto aderenti alla CNA di Ferrara (Corbus, Autonoleggi Cornacchini, Autoservizi Sarasini, Autoservizi Vezzali, Luppo Italo e Andrea Autotrasporti), che unendosi sotto il nome dell&rsquo;ATI &ldquo;Ferrara al volo&rdquo;, realizzer&agrave; per la prima volta un servizio navetta di linea con 16 corse giornaliere e tre fermate urbane a Ferrara, nel convincimento che da tale iniziativa possano derivare nuove importanti opportunit&agrave; per l&#8217;economia e per lo sviluppo locale.<\/strong><\/p>\n<p> <strong>Il nuovo servizio va ad aggiungersi alle possibilit&agrave; di collegamento gi&agrave; esistenti come taxi, vetture con autista, rent a car e treni in combinazione con l&rsquo;Aerobus di ATC Bologna<\/strong>: uno spettro di possibilit&agrave; ampio ed articolato al servizio del turista e del cittadino ferrarese e soprattutto un&rsquo;opportunit&agrave; di sviluppo del sistema turistico dalle straordinarie potenzialit&agrave;. <br \/> &#8220;<em>In un contesto in cui le risorse economiche sono sempre pi&ugrave; in calo <\/em>&#8211; ha affermato il Presidente del CNA di Ferrara Merli &#8211; , <em>diventa quanto mai fondamentale puntare sul &lsquo;capitale sociale&rsquo; rappresentato dalle relazioni tra enti, associazioni, imprese e soggetti diversi, e tale progetto ne &egrave; un esempio straordinario<\/em>&#8220;<\/p>\n<p> &#8220;<em>L&#8217;aeroporto di Bologna deve essere aeroporto di tutti<\/em> &#8211; ha poi proseguito il Presidente della Camera di Commercio di Bologna Filetti -; <em>il tempo dei campanilismi &egrave; finito e tutti devono comprendere che l&#8217;integrazione tra Ferrara e Bologna assume una straordinaria valenza per entrambe<\/em>&#8221; Il primo obiettivo, quindi, &egrave; gi&agrave; stato centrato: quello, cio&egrave;, di <strong>concentrare le risorse di tutti i soggetti verso un fine comune, che funga da volano per l&rsquo;intero sistema<\/strong>. Il valore del progetto di durata triennale, vedr&agrave; un investimento promozionale nei primi due anni di oltre 150.000 euro di fonte pubblica a cui si aggiungeranno gli investimenti dei privati. <strong>Un progetto di collaborazione tra enti pubblici ed operatori privati che &egrave; al centro di una specifica campagna di comunicazione<\/strong> finalizzata a far percepire Ferrara pi&ugrave; vicina a tutte le destinazioni raggiungibili con l&rsquo;aereo e che, appunto, si muover&agrave; su due piani differenti, locale ed internazionale, che si rivolgeranno ad altrettante tipologie di utenza. <strong>L&rsquo;azione locale si rivolger&agrave; prevalentemente alla popolazione di Ferrara al fine di informare non solo sulle nuove opportunit&agrave; di trasporto<\/strong>, ma anche su tutti i dettagli operativi come numeri di telefono, orari, combinazioni, fermate attraverso differenti tipologie di strumenti che comprendono <strong>pagine tabellari sui quotidiani, banner sui siti di informazione, cartellonistica e realizzazione di folder dedicati e di una pagina web con tutte le informazioni in 5 lingue<\/strong>. <strong>La campagna che si rivolge al pubblico internazionale si propone, invece, non solo di informare ma anche di promuovere il territorio<\/strong>: pianificazione web, interventi redazionali, distribuzione di folder turistici e cartellonistica negli aeroporti di partenza e nelle agenzie di viaggio saranno gli elementi attraverso i quali Ferrara e il suo territorio <strong>verranno promossi nelle localit&agrave; di partenza delle rotte con destinazione Bologna <br \/><\/strong> <strong>Un progetto di grande complessit&agrave;<\/strong> che vuole interpretare i rapidi cambiamenti del panorama turistico mondiale ponendo al centro della propria strategia operativa elementi di straordinaria importanza per il raggiungimento di risultati concreti: <strong>un sistema di Rete proattivo tra pubblico e privati, una pianificazione strutturata e multimediale, un target ampio e variegato soggetto ad azioni diversificate e una comunicazione elastica e chiara. <\/strong> <strong>&ldquo;Ferrara, il mondo &egrave; pi&ugrave; vicino&rdquo; riassume con forza ognuno di questi elementi.<\/strong> <strong>http:\/\/www.ferraraterraeacqua.it\/ferraratransfer\/index.html<\/strong><\/p>\n","protected":false},"excerpt":{"rendered":"<p>Presentati i nuovi collegamenti tra la citt\u00e0 di Ferrara e l&#8217;aeroporto di Bologna. Un&#8217;operazione senza precedenti che vede il terminal bolognese al centro di una strategia di promozione territoriale<\/p>\n","protected":false},"author":10,"featured_media":0,"comment_status":"open","ping_status":"open","sticky":false,"template":"","format":"standard","meta":{"cybocfi_hide_featured_image":"","footnotes":""},"categories":[2],"tags":[],"class_list":["post-21064","post","type-post","status-publish","format-standard","hentry","category-viaggi-e-turismo"],"yoast_head":"<!-- This site is optimized with the Yoast SEO plugin v27.0 - https:\/\/yoast.com\/product\/yoast-seo-wordpress\/ -->\n<title>Ferrara, il mondo \u00e8 pi\u00f9 vicino - Article Marketing<\/title>\n<meta name=\"robots\" content=\"index, follow, max-snippet:-1, max-image-preview:large, max-video-preview:-1\" \/>\n<link rel=\"canonical\" href=\"https:\/\/www.article-marketing.eu\/comunicati\/viaggi-e-vacanze\/viaggi-e-turismo\/ferrara-il-mondo-\u00e8-pi\u00f9-vicino\/\" \/>\n<meta property=\"og:locale\" content=\"it_IT\" \/>\n<meta property=\"og:type\" content=\"article\" \/>\n<meta property=\"og:title\" content=\"Ferrara, il mondo \u00e8 pi\u00f9 vicino - Article Marketing\" \/>\n<meta property=\"og:description\" content=\"Presentati i nuovi collegamenti tra la citt\u00e0 di Ferrara e l&#039;aeroporto di Bologna. Un&#039;operazione senza precedenti che vede il terminal bolognese al centro di una strategia di promozione territoriale\" \/>\n<meta property=\"og:url\" content=\"https:\/\/www.article-marketing.eu\/comunicati\/viaggi-e-vacanze\/viaggi-e-turismo\/ferrara-il-mondo-\u00e8-pi\u00f9-vicino\/\" \/>\n<meta property=\"og:site_name\" content=\"Article Marketing\" \/>\n<meta property=\"article:published_time\" content=\"2011-10-31T11:33:39+00:00\" \/>\n<meta name=\"author\" content=\"Redazione Comunicati Stampa\" \/>\n<meta name=\"twitter:card\" content=\"summary_large_image\" \/>\n<meta name=\"twitter:label1\" content=\"Scritto da\" \/>\n\t<meta name=\"twitter:data1\" content=\"Redazione Comunicati Stampa\" \/>\n\t<meta name=\"twitter:label2\" content=\"Tempo di lettura stimato\" \/>\n\t<meta name=\"twitter:data2\" content=\"4 minuti\" \/>\n<script type=\"application\/ld+json\" class=\"yoast-schema-graph\">{\"@context\":\"https:\/\/schema.org\",\"@graph\":[{\"@type\":\"Article\",\"@id\":\"https:\/\/www.article-marketing.eu\/comunicati\/viaggi-e-vacanze\/viaggi-e-turismo\/ferrara-il-mondo-%c3%a8-pi%c3%b9-vicino\/#article\",\"isPartOf\":{\"@id\":\"https:\/\/www.article-marketing.eu\/comunicati\/viaggi-e-vacanze\/viaggi-e-turismo\/ferrara-il-mondo-%c3%a8-pi%c3%b9-vicino\/\"},\"author\":{\"name\":\"Redazione Comunicati Stampa\",\"@id\":\"https:\/\/www.article-marketing.eu\/comunicati\/#\/schema\/person\/44372e4d4d0fa797b18e03ed1ace9017\"},\"headline\":\"Ferrara, il mondo \u00e8 pi\u00f9 vicino\",\"datePublished\":\"2011-10-31T11:33:39+00:00\",\"mainEntityOfPage\":{\"@id\":\"https:\/\/www.article-marketing.eu\/comunicati\/viaggi-e-vacanze\/viaggi-e-turismo\/ferrara-il-mondo-%c3%a8-pi%c3%b9-vicino\/\"},\"wordCount\":857,\"commentCount\":0,\"articleSection\":[\"Viaggi e Turismo\"],\"inLanguage\":\"it-IT\",\"potentialAction\":[{\"@type\":\"CommentAction\",\"name\":\"Comment\",\"target\":[\"https:\/\/www.article-marketing.eu\/comunicati\/viaggi-e-vacanze\/viaggi-e-turismo\/ferrara-il-mondo-%c3%a8-pi%c3%b9-vicino\/#respond\"]}]},{\"@type\":\"WebPage\",\"@id\":\"https:\/\/www.article-marketing.eu\/comunicati\/viaggi-e-vacanze\/viaggi-e-turismo\/ferrara-il-mondo-%c3%a8-pi%c3%b9-vicino\/\",\"url\":\"https:\/\/www.article-marketing.eu\/comunicati\/viaggi-e-vacanze\/viaggi-e-turismo\/ferrara-il-mondo-%c3%a8-pi%c3%b9-vicino\/\",\"name\":\"Ferrara, il mondo \u00e8 pi\u00f9 vicino - Article Marketing\",\"isPartOf\":{\"@id\":\"https:\/\/www.article-marketing.eu\/comunicati\/#website\"},\"datePublished\":\"2011-10-31T11:33:39+00:00\",\"author\":{\"@id\":\"https:\/\/www.article-marketing.eu\/comunicati\/#\/schema\/person\/44372e4d4d0fa797b18e03ed1ace9017\"},\"breadcrumb\":{\"@id\":\"https:\/\/www.article-marketing.eu\/comunicati\/viaggi-e-vacanze\/viaggi-e-turismo\/ferrara-il-mondo-%c3%a8-pi%c3%b9-vicino\/#breadcrumb\"},\"inLanguage\":\"it-IT\",\"potentialAction\":[{\"@type\":\"ReadAction\",\"target\":[\"https:\/\/www.article-marketing.eu\/comunicati\/viaggi-e-vacanze\/viaggi-e-turismo\/ferrara-il-mondo-%c3%a8-pi%c3%b9-vicino\/\"]}]},{\"@type\":\"BreadcrumbList\",\"@id\":\"https:\/\/www.article-marketing.eu\/comunicati\/viaggi-e-vacanze\/viaggi-e-turismo\/ferrara-il-mondo-%c3%a8-pi%c3%b9-vicino\/#breadcrumb\",\"itemListElement\":[{\"@type\":\"ListItem\",\"position\":1,\"name\":\"Home\",\"item\":\"https:\/\/www.article-marketing.eu\/comunicati\/\"},{\"@type\":\"ListItem\",\"position\":2,\"name\":\"Ferrara, il mondo \u00e8 pi\u00f9 vicino\"}]},{\"@type\":\"WebSite\",\"@id\":\"https:\/\/www.article-marketing.eu\/comunicati\/#website\",\"url\":\"https:\/\/www.article-marketing.eu\/comunicati\/\",\"name\":\"Article Marketing\",\"description\":\"article marketing &amp; press release\",\"potentialAction\":[{\"@type\":\"SearchAction\",\"target\":{\"@type\":\"EntryPoint\",\"urlTemplate\":\"https:\/\/www.article-marketing.eu\/comunicati\/?s={search_term_string}\"},\"query-input\":{\"@type\":\"PropertyValueSpecification\",\"valueRequired\":true,\"valueName\":\"search_term_string\"}}],\"inLanguage\":\"it-IT\"},{\"@type\":\"Person\",\"@id\":\"https:\/\/www.article-marketing.eu\/comunicati\/#\/schema\/person\/44372e4d4d0fa797b18e03ed1ace9017\",\"name\":\"Redazione Comunicati Stampa\",\"image\":{\"@type\":\"ImageObject\",\"inLanguage\":\"it-IT\",\"@id\":\"https:\/\/www.article-marketing.eu\/comunicati\/#\/schema\/person\/image\/\",\"url\":\"https:\/\/secure.gravatar.com\/avatar\/50e5c6421d3072f42e7ace803501602c60d75233d34e29fd05feb91c8760b792?s=96&d=mm&r=g\",\"contentUrl\":\"https:\/\/secure.gravatar.com\/avatar\/50e5c6421d3072f42e7ace803501602c60d75233d34e29fd05feb91c8760b792?s=96&d=mm&r=g\",\"caption\":\"Redazione Comunicati Stampa\"},\"url\":\"https:\/\/www.article-marketing.eu\/comunicati\/author\/redazione-comunicati-stampa\/\"}]}<\/script>\n<!-- \/ Yoast SEO plugin. -->","yoast_head_json":{"title":"Ferrara, il mondo \u00e8 pi\u00f9 vicino - Article Marketing","robots":{"index":"index","follow":"follow","max-snippet":"max-snippet:-1","max-image-preview":"max-image-preview:large","max-video-preview":"max-video-preview:-1"},"canonical":"https:\/\/www.article-marketing.eu\/comunicati\/viaggi-e-vacanze\/viaggi-e-turismo\/ferrara-il-mondo-\u00e8-pi\u00f9-vicino\/","og_locale":"it_IT","og_type":"article","og_title":"Ferrara, il mondo \u00e8 pi\u00f9 vicino - Article Marketing","og_description":"Presentati i nuovi collegamenti tra la citt\u00e0 di Ferrara e l'aeroporto di Bologna. Un'operazione senza precedenti che vede il terminal bolognese al centro di una strategia di promozione territoriale","og_url":"https:\/\/www.article-marketing.eu\/comunicati\/viaggi-e-vacanze\/viaggi-e-turismo\/ferrara-il-mondo-\u00e8-pi\u00f9-vicino\/","og_site_name":"Article Marketing","article_published_time":"2011-10-31T11:33:39+00:00","author":"Redazione Comunicati Stampa","twitter_card":"summary_large_image","twitter_misc":{"Scritto da":"Redazione Comunicati Stampa","Tempo di lettura stimato":"4 minuti"},"schema":{"@context":"https:\/\/schema.org","@graph":[{"@type":"Article","@id":"https:\/\/www.article-marketing.eu\/comunicati\/viaggi-e-vacanze\/viaggi-e-turismo\/ferrara-il-mondo-%c3%a8-pi%c3%b9-vicino\/#article","isPartOf":{"@id":"https:\/\/www.article-marketing.eu\/comunicati\/viaggi-e-vacanze\/viaggi-e-turismo\/ferrara-il-mondo-%c3%a8-pi%c3%b9-vicino\/"},"author":{"name":"Redazione Comunicati Stampa","@id":"https:\/\/www.article-marketing.eu\/comunicati\/#\/schema\/person\/44372e4d4d0fa797b18e03ed1ace9017"},"headline":"Ferrara, il mondo \u00e8 pi\u00f9 vicino","datePublished":"2011-10-31T11:33:39+00:00","mainEntityOfPage":{"@id":"https:\/\/www.article-marketing.eu\/comunicati\/viaggi-e-vacanze\/viaggi-e-turismo\/ferrara-il-mondo-%c3%a8-pi%c3%b9-vicino\/"},"wordCount":857,"commentCount":0,"articleSection":["Viaggi e Turismo"],"inLanguage":"it-IT","potentialAction":[{"@type":"CommentAction","name":"Comment","target":["https:\/\/www.article-marketing.eu\/comunicati\/viaggi-e-vacanze\/viaggi-e-turismo\/ferrara-il-mondo-%c3%a8-pi%c3%b9-vicino\/#respond"]}]},{"@type":"WebPage","@id":"https:\/\/www.article-marketing.eu\/comunicati\/viaggi-e-vacanze\/viaggi-e-turismo\/ferrara-il-mondo-%c3%a8-pi%c3%b9-vicino\/","url":"https:\/\/www.article-marketing.eu\/comunicati\/viaggi-e-vacanze\/viaggi-e-turismo\/ferrara-il-mondo-%c3%a8-pi%c3%b9-vicino\/","name":"Ferrara, il mondo \u00e8 pi\u00f9 vicino - Article Marketing","isPartOf":{"@id":"https:\/\/www.article-marketing.eu\/comunicati\/#website"},"datePublished":"2011-10-31T11:33:39+00:00","author":{"@id":"https:\/\/www.article-marketing.eu\/comunicati\/#\/schema\/person\/44372e4d4d0fa797b18e03ed1ace9017"},"breadcrumb":{"@id":"https:\/\/www.article-marketing.eu\/comunicati\/viaggi-e-vacanze\/viaggi-e-turismo\/ferrara-il-mondo-%c3%a8-pi%c3%b9-vicino\/#breadcrumb"},"inLanguage":"it-IT","potentialAction":[{"@type":"ReadAction","target":["https:\/\/www.article-marketing.eu\/comunicati\/viaggi-e-vacanze\/viaggi-e-turismo\/ferrara-il-mondo-%c3%a8-pi%c3%b9-vicino\/"]}]},{"@type":"BreadcrumbList","@id":"https:\/\/www.article-marketing.eu\/comunicati\/viaggi-e-vacanze\/viaggi-e-turismo\/ferrara-il-mondo-%c3%a8-pi%c3%b9-vicino\/#breadcrumb","itemListElement":[{"@type":"ListItem","position":1,"name":"Home","item":"https:\/\/www.article-marketing.eu\/comunicati\/"},{"@type":"ListItem","position":2,"name":"Ferrara, il mondo \u00e8 pi\u00f9 vicino"}]},{"@type":"WebSite","@id":"https:\/\/www.article-marketing.eu\/comunicati\/#website","url":"https:\/\/www.article-marketing.eu\/comunicati\/","name":"Article Marketing","description":"article marketing &amp; press release","potentialAction":[{"@type":"SearchAction","target":{"@type":"EntryPoint","urlTemplate":"https:\/\/www.article-marketing.eu\/comunicati\/?s={search_term_string}"},"query-input":{"@type":"PropertyValueSpecification","valueRequired":true,"valueName":"search_term_string"}}],"inLanguage":"it-IT"},{"@type":"Person","@id":"https:\/\/www.article-marketing.eu\/comunicati\/#\/schema\/person\/44372e4d4d0fa797b18e03ed1ace9017","name":"Redazione Comunicati Stampa","image":{"@type":"ImageObject","inLanguage":"it-IT","@id":"https:\/\/www.article-marketing.eu\/comunicati\/#\/schema\/person\/image\/","url":"https:\/\/secure.gravatar.com\/avatar\/50e5c6421d3072f42e7ace803501602c60d75233d34e29fd05feb91c8760b792?s=96&d=mm&r=g","contentUrl":"https:\/\/secure.gravatar.com\/avatar\/50e5c6421d3072f42e7ace803501602c60d75233d34e29fd05feb91c8760b792?s=96&d=mm&r=g","caption":"Redazione Comunicati Stampa"},"url":"https:\/\/www.article-marketing.eu\/comunicati\/author\/redazione-comunicati-stampa\/"}]}},"_links":{"self":[{"href":"https:\/\/www.article-marketing.eu\/comunicati\/wp-json\/wp\/v2\/posts\/21064","targetHints":{"allow":["GET"]}}],"collection":[{"href":"https:\/\/www.article-marketing.eu\/comunicati\/wp-json\/wp\/v2\/posts"}],"about":[{"href":"https:\/\/www.article-marketing.eu\/comunicati\/wp-json\/wp\/v2\/types\/post"}],"author":[{"embeddable":true,"href":"https:\/\/www.article-marketing.eu\/comunicati\/wp-json\/wp\/v2\/users\/10"}],"replies":[{"embeddable":true,"href":"https:\/\/www.article-marketing.eu\/comunicati\/wp-json\/wp\/v2\/comments?post=21064"}],"version-history":[{"count":0,"href":"https:\/\/www.article-marketing.eu\/comunicati\/wp-json\/wp\/v2\/posts\/21064\/revisions"}],"wp:attachment":[{"href":"https:\/\/www.article-marketing.eu\/comunicati\/wp-json\/wp\/v2\/media?parent=21064"}],"wp:term":[{"taxonomy":"category","embeddable":true,"href":"https:\/\/www.article-marketing.eu\/comunicati\/wp-json\/wp\/v2\/categories?post=21064"},{"taxonomy":"post_tag","embeddable":true,"href":"https:\/\/www.article-marketing.eu\/comunicati\/wp-json\/wp\/v2\/tags?post=21064"}],"curies":[{"name":"wp","href":"https:\/\/api.w.org\/{rel}","templated":true}]}}