{"id":2109,"date":"2009-06-04T10:18:46","date_gmt":"2009-06-04T08:18:46","guid":{"rendered":"http:\/\/www.article-marketing.eu\/comunicati\/senza-categoria\/hotel-madrid-regalati-una-vacanza-da-raccontare\/"},"modified":"2009-06-04T10:18:46","modified_gmt":"2009-06-04T08:18:46","slug":"hotel-madrid-regalati-una-vacanza-da-raccontare","status":"publish","type":"post","link":"https:\/\/www.article-marketing.eu\/comunicati\/viaggi-e-vacanze\/hotels-ed-alberghi\/hotel-madrid-regalati-una-vacanza-da-raccontare\/","title":{"rendered":"Hotel Madrid: regalati una vacanza da raccontare."},"content":{"rendered":"<p>Una vacanza a Madrid \u00e8 un&#8217;esperienza davvero memorabile: poche sono le citt\u00e0 che offrono ci\u00f2 che offre la capitale spagnola.<br \/>\nNon solo sole e movida, ma tanti luoghi da vedere e tanta storia da conoscere: una volta prenotato un hotel a Madrid, la citt\u00e0 offre, infatti, tantissime cose da vedere e magnifiche esperienze da vivere.<br \/>\nUna vacanza a Madrid, non a caso, \u00e8 tra le pi\u00f9 ambite dai turisti europei, soprattutto tra i pi\u00f9 giovani.<br \/>\nAttirati dal divertimento e conquistati dall&#8217;arte e dalla storia che si respirano nella capitale, i visitatori di Madrid sono ogni anno pi\u00f9 numerosi (prenotare un albergo a Madrid non \u00e8 certo un&#8217;impresa, data l&#8217;ampia disponibilit\u00e0 di alloggi) e non rinunciano all&#8217;appuntamento con la capitale neanche dopo il tragico attentato terroristico dell&#8217;11 marzo 2004: <\/p>\n<p>La storia di Madrid inizia nell&#8217;anno 865 quando il moro Mohamed I decide di costruire nel sito dell&#8217;attuale capitale spagnola (sulla riva del fiume Manzanares e al centro della Meseta) una fortezza che avr\u00e0 il nome di Magrit.<br \/>\nIl vero e proprio sviluppo economico ed urbanistico della citt\u00e0, per\u00f2, avviene solo qualche secolo dopo, nel XVI secolo, grazie a Filippo II d&#8217;Asburgo che la designa come capitale dell&#8217;Impero.<br \/>\nRimasta fino ad allora di dimensioni contenute, Madrid &#8220;esplode&#8221; e raggiunge il culmine culturale e politico con Filippo IV; in seguito, con l&#8217;avvento dei Borboni e la salita al trono di Carlo III, la citt\u00e0 cambia ancora faccia ed \u00e8 arricchita da nuove meraviglie architettoniche; nel XX secolo, invece, la storia della citt\u00e0 \u00e8 segnata dai tre anni di Guerra Civile (1936 &#8211; 39) e dalla successiva dittatura del generale Franco, che, fino al 1975, non favorisce un grande dinamismo culturale della citt\u00e0.<br \/>\nL&#8217;avvento del giovane re Juan Carlos di Borbone porta invece una ventata di novit\u00e0 a Madrid; la citt\u00e0 spagnola diventa la capitale della &#8220;movida&#8221;, centro museale di indiscusso valore e meta tra le pi\u00f9 ricercate del turismo internazionale.<br \/>\nUna vacanza a Madrid, infatti, \u00e8 diventata negli ultimi anni una tra le pi\u00f9 ambite e in voga tra i turisti europei: la capitale spagnola, del resto, propone luoghi molto interessanti da visitare.<br \/>\nFra questi ricordiamo, il Museo del Prado, il Centro di arte della regina Sof\u00eda (dove si trova il famoso Guernica di Picasso), il Palacio Real e la Puerta del Sol, dove \u00e8 situata la placca del chilometro zero (utilizzata per il calcolo delle distanze nello Stato spagnolo).<br \/>\nQui i madrileni si riuniscono ogni fine anno per aspettare il nuovo anno mangiando un chicco di uva per ognuno dei dodici rintocchi della mezzanotte.<br \/>\nTra i luoghi pi\u00f9 visitati ci sono anche Plaza Mayor, il Parco del Retiro, e il palazzo dell&#8217;Escorial, splendida residenza reale ai tempi di Filippo II: tutti non lontani dalla zona del centro storico, dove non \u00e8 difficile trovare un hotel a Madrid.<br \/>\nTra l&#8217;altro, chi volesse prenotare un albergo a Madrid ha solo l&#8217;imbarazzo della scelta, dato che la capitale spagnola \u00e8 una delle citt\u00e0 pi\u00f9 attrezzate in termini di ricezione turistica.<\/p>\n<p>La citt\u00e0, tuttavia, \u00e8 famosa per la sua movida, termine di cui pu\u00f2 vantare la paternit\u00e0.<br \/>\nPi\u00f9 che nella rivale Barcellona, una vacanza a Madrid prevede una vita notturna molto intensa: per un madrileno uscire a mezzanotte, ballare tutta la notte e poi andare al lavoro non \u00e8 un eccezione.<br \/>\nNon a caso i madrileni sono chiamati gatos (gatti): molti pensano che il soprannome sia dovuto proprio al fatto che amino tirare tardi, andando in giro o semplicemente parlando o saltando da un locale all\u2019altro fino all&#8217;alba.<\/p>\n<p>Citt\u00e0, dunque, dalle mille anime, Madrid rimane impressa nella memoria di chi la visita: ma soprattutto per chi non l&#8217;abbia mai vissuta, una vacanza a Madrid \u00e8 un&#8217;esperienza davvero imprescindibile.<br \/>\nChi volesse organizzarne una e prenotare un hotel a Madrid, pu\u00f2 cercare su Hotel.it (http:\/\/www.hotel.it\/albergo-spagna\/albergo-madrid\/), il metodo pi\u00f9 rapido ed efficace per prenotare una vacanza on line.<\/p>\n","protected":false},"excerpt":{"rendered":"<p>Con Hotel.it alla scoperta di una delle citt\u00e0 pi\u00f9 vive al mondo: Madrid.<\/p>\n","protected":false},"author":10,"featured_media":0,"comment_status":"open","ping_status":"open","sticky":false,"template":"","format":"standard","meta":{"cybocfi_hide_featured_image":"","footnotes":""},"categories":[151],"tags":[6561,6560,6562],"class_list":["post-2109","post","type-post","status-publish","format-standard","hentry","category-hotels-ed-alberghi","tag-albergo-a-madrid","tag-hotel-madrid","tag-vacanza-a-madrid"],"yoast_head":"<!-- This site is optimized with the Yoast SEO plugin v27.0 - https:\/\/yoast.com\/product\/yoast-seo-wordpress\/ -->\n<title>Hotel Madrid: regalati una vacanza da raccontare. - Article Marketing<\/title>\n<meta name=\"robots\" content=\"index, follow, max-snippet:-1, max-image-preview:large, max-video-preview:-1\" \/>\n<link rel=\"canonical\" href=\"https:\/\/www.article-marketing.eu\/comunicati\/viaggi-e-vacanze\/hotels-ed-alberghi\/hotel-madrid-regalati-una-vacanza-da-raccontare\/\" \/>\n<meta property=\"og:locale\" content=\"it_IT\" \/>\n<meta property=\"og:type\" content=\"article\" \/>\n<meta property=\"og:title\" content=\"Hotel Madrid: regalati una vacanza da raccontare. - Article Marketing\" \/>\n<meta property=\"og:description\" content=\"Con Hotel.it alla scoperta di una delle citt\u00e0 pi\u00f9 vive al mondo: Madrid.\" \/>\n<meta property=\"og:url\" content=\"https:\/\/www.article-marketing.eu\/comunicati\/viaggi-e-vacanze\/hotels-ed-alberghi\/hotel-madrid-regalati-una-vacanza-da-raccontare\/\" \/>\n<meta property=\"og:site_name\" content=\"Article Marketing\" \/>\n<meta property=\"article:published_time\" content=\"2009-06-04T08:18:46+00:00\" \/>\n<meta name=\"author\" content=\"Redazione Comunicati Stampa\" \/>\n<meta name=\"twitter:card\" content=\"summary_large_image\" \/>\n<meta name=\"twitter:label1\" content=\"Scritto da\" \/>\n\t<meta name=\"twitter:data1\" content=\"Redazione Comunicati Stampa\" \/>\n\t<meta name=\"twitter:label2\" content=\"Tempo di lettura stimato\" \/>\n\t<meta name=\"twitter:data2\" content=\"3 minuti\" \/>\n<script type=\"application\/ld+json\" class=\"yoast-schema-graph\">{\"@context\":\"https:\/\/schema.org\",\"@graph\":[{\"@type\":\"Article\",\"@id\":\"https:\/\/www.article-marketing.eu\/comunicati\/viaggi-e-vacanze\/hotels-ed-alberghi\/hotel-madrid-regalati-una-vacanza-da-raccontare\/#article\",\"isPartOf\":{\"@id\":\"https:\/\/www.article-marketing.eu\/comunicati\/viaggi-e-vacanze\/hotels-ed-alberghi\/hotel-madrid-regalati-una-vacanza-da-raccontare\/\"},\"author\":{\"name\":\"Redazione Comunicati Stampa\",\"@id\":\"https:\/\/www.article-marketing.eu\/comunicati\/#\/schema\/person\/44372e4d4d0fa797b18e03ed1ace9017\"},\"headline\":\"Hotel Madrid: regalati una vacanza da raccontare.\",\"datePublished\":\"2009-06-04T08:18:46+00:00\",\"mainEntityOfPage\":{\"@id\":\"https:\/\/www.article-marketing.eu\/comunicati\/viaggi-e-vacanze\/hotels-ed-alberghi\/hotel-madrid-regalati-una-vacanza-da-raccontare\/\"},\"wordCount\":637,\"commentCount\":0,\"keywords\":[\"albergo a Madrid\",\"hotel Madrid\",\"vacanza a Madrid\"],\"articleSection\":[\"Hotels ed alberghi\"],\"inLanguage\":\"it-IT\",\"potentialAction\":[{\"@type\":\"CommentAction\",\"name\":\"Comment\",\"target\":[\"https:\/\/www.article-marketing.eu\/comunicati\/viaggi-e-vacanze\/hotels-ed-alberghi\/hotel-madrid-regalati-una-vacanza-da-raccontare\/#respond\"]}]},{\"@type\":\"WebPage\",\"@id\":\"https:\/\/www.article-marketing.eu\/comunicati\/viaggi-e-vacanze\/hotels-ed-alberghi\/hotel-madrid-regalati-una-vacanza-da-raccontare\/\",\"url\":\"https:\/\/www.article-marketing.eu\/comunicati\/viaggi-e-vacanze\/hotels-ed-alberghi\/hotel-madrid-regalati-una-vacanza-da-raccontare\/\",\"name\":\"Hotel Madrid: regalati una vacanza da raccontare. - Article Marketing\",\"isPartOf\":{\"@id\":\"https:\/\/www.article-marketing.eu\/comunicati\/#website\"},\"datePublished\":\"2009-06-04T08:18:46+00:00\",\"author\":{\"@id\":\"https:\/\/www.article-marketing.eu\/comunicati\/#\/schema\/person\/44372e4d4d0fa797b18e03ed1ace9017\"},\"breadcrumb\":{\"@id\":\"https:\/\/www.article-marketing.eu\/comunicati\/viaggi-e-vacanze\/hotels-ed-alberghi\/hotel-madrid-regalati-una-vacanza-da-raccontare\/#breadcrumb\"},\"inLanguage\":\"it-IT\",\"potentialAction\":[{\"@type\":\"ReadAction\",\"target\":[\"https:\/\/www.article-marketing.eu\/comunicati\/viaggi-e-vacanze\/hotels-ed-alberghi\/hotel-madrid-regalati-una-vacanza-da-raccontare\/\"]}]},{\"@type\":\"BreadcrumbList\",\"@id\":\"https:\/\/www.article-marketing.eu\/comunicati\/viaggi-e-vacanze\/hotels-ed-alberghi\/hotel-madrid-regalati-una-vacanza-da-raccontare\/#breadcrumb\",\"itemListElement\":[{\"@type\":\"ListItem\",\"position\":1,\"name\":\"Home\",\"item\":\"https:\/\/www.article-marketing.eu\/comunicati\/\"},{\"@type\":\"ListItem\",\"position\":2,\"name\":\"Hotel Madrid: regalati una vacanza da raccontare.\"}]},{\"@type\":\"WebSite\",\"@id\":\"https:\/\/www.article-marketing.eu\/comunicati\/#website\",\"url\":\"https:\/\/www.article-marketing.eu\/comunicati\/\",\"name\":\"Article Marketing\",\"description\":\"article marketing &amp; press release\",\"potentialAction\":[{\"@type\":\"SearchAction\",\"target\":{\"@type\":\"EntryPoint\",\"urlTemplate\":\"https:\/\/www.article-marketing.eu\/comunicati\/?s={search_term_string}\"},\"query-input\":{\"@type\":\"PropertyValueSpecification\",\"valueRequired\":true,\"valueName\":\"search_term_string\"}}],\"inLanguage\":\"it-IT\"},{\"@type\":\"Person\",\"@id\":\"https:\/\/www.article-marketing.eu\/comunicati\/#\/schema\/person\/44372e4d4d0fa797b18e03ed1ace9017\",\"name\":\"Redazione Comunicati Stampa\",\"image\":{\"@type\":\"ImageObject\",\"inLanguage\":\"it-IT\",\"@id\":\"https:\/\/www.article-marketing.eu\/comunicati\/#\/schema\/person\/image\/\",\"url\":\"https:\/\/secure.gravatar.com\/avatar\/50e5c6421d3072f42e7ace803501602c60d75233d34e29fd05feb91c8760b792?s=96&d=mm&r=g\",\"contentUrl\":\"https:\/\/secure.gravatar.com\/avatar\/50e5c6421d3072f42e7ace803501602c60d75233d34e29fd05feb91c8760b792?s=96&d=mm&r=g\",\"caption\":\"Redazione Comunicati Stampa\"},\"url\":\"https:\/\/www.article-marketing.eu\/comunicati\/author\/redazione-comunicati-stampa\/\"}]}<\/script>\n<!-- \/ Yoast SEO plugin. -->","yoast_head_json":{"title":"Hotel Madrid: regalati una vacanza da raccontare. - Article Marketing","robots":{"index":"index","follow":"follow","max-snippet":"max-snippet:-1","max-image-preview":"max-image-preview:large","max-video-preview":"max-video-preview:-1"},"canonical":"https:\/\/www.article-marketing.eu\/comunicati\/viaggi-e-vacanze\/hotels-ed-alberghi\/hotel-madrid-regalati-una-vacanza-da-raccontare\/","og_locale":"it_IT","og_type":"article","og_title":"Hotel Madrid: regalati una vacanza da raccontare. - Article Marketing","og_description":"Con Hotel.it alla scoperta di una delle citt\u00e0 pi\u00f9 vive al mondo: Madrid.","og_url":"https:\/\/www.article-marketing.eu\/comunicati\/viaggi-e-vacanze\/hotels-ed-alberghi\/hotel-madrid-regalati-una-vacanza-da-raccontare\/","og_site_name":"Article Marketing","article_published_time":"2009-06-04T08:18:46+00:00","author":"Redazione Comunicati Stampa","twitter_card":"summary_large_image","twitter_misc":{"Scritto da":"Redazione Comunicati Stampa","Tempo di lettura stimato":"3 minuti"},"schema":{"@context":"https:\/\/schema.org","@graph":[{"@type":"Article","@id":"https:\/\/www.article-marketing.eu\/comunicati\/viaggi-e-vacanze\/hotels-ed-alberghi\/hotel-madrid-regalati-una-vacanza-da-raccontare\/#article","isPartOf":{"@id":"https:\/\/www.article-marketing.eu\/comunicati\/viaggi-e-vacanze\/hotels-ed-alberghi\/hotel-madrid-regalati-una-vacanza-da-raccontare\/"},"author":{"name":"Redazione Comunicati Stampa","@id":"https:\/\/www.article-marketing.eu\/comunicati\/#\/schema\/person\/44372e4d4d0fa797b18e03ed1ace9017"},"headline":"Hotel Madrid: regalati una vacanza da raccontare.","datePublished":"2009-06-04T08:18:46+00:00","mainEntityOfPage":{"@id":"https:\/\/www.article-marketing.eu\/comunicati\/viaggi-e-vacanze\/hotels-ed-alberghi\/hotel-madrid-regalati-una-vacanza-da-raccontare\/"},"wordCount":637,"commentCount":0,"keywords":["albergo a Madrid","hotel Madrid","vacanza a Madrid"],"articleSection":["Hotels ed alberghi"],"inLanguage":"it-IT","potentialAction":[{"@type":"CommentAction","name":"Comment","target":["https:\/\/www.article-marketing.eu\/comunicati\/viaggi-e-vacanze\/hotels-ed-alberghi\/hotel-madrid-regalati-una-vacanza-da-raccontare\/#respond"]}]},{"@type":"WebPage","@id":"https:\/\/www.article-marketing.eu\/comunicati\/viaggi-e-vacanze\/hotels-ed-alberghi\/hotel-madrid-regalati-una-vacanza-da-raccontare\/","url":"https:\/\/www.article-marketing.eu\/comunicati\/viaggi-e-vacanze\/hotels-ed-alberghi\/hotel-madrid-regalati-una-vacanza-da-raccontare\/","name":"Hotel Madrid: regalati una vacanza da raccontare. - Article Marketing","isPartOf":{"@id":"https:\/\/www.article-marketing.eu\/comunicati\/#website"},"datePublished":"2009-06-04T08:18:46+00:00","author":{"@id":"https:\/\/www.article-marketing.eu\/comunicati\/#\/schema\/person\/44372e4d4d0fa797b18e03ed1ace9017"},"breadcrumb":{"@id":"https:\/\/www.article-marketing.eu\/comunicati\/viaggi-e-vacanze\/hotels-ed-alberghi\/hotel-madrid-regalati-una-vacanza-da-raccontare\/#breadcrumb"},"inLanguage":"it-IT","potentialAction":[{"@type":"ReadAction","target":["https:\/\/www.article-marketing.eu\/comunicati\/viaggi-e-vacanze\/hotels-ed-alberghi\/hotel-madrid-regalati-una-vacanza-da-raccontare\/"]}]},{"@type":"BreadcrumbList","@id":"https:\/\/www.article-marketing.eu\/comunicati\/viaggi-e-vacanze\/hotels-ed-alberghi\/hotel-madrid-regalati-una-vacanza-da-raccontare\/#breadcrumb","itemListElement":[{"@type":"ListItem","position":1,"name":"Home","item":"https:\/\/www.article-marketing.eu\/comunicati\/"},{"@type":"ListItem","position":2,"name":"Hotel Madrid: regalati una vacanza da raccontare."}]},{"@type":"WebSite","@id":"https:\/\/www.article-marketing.eu\/comunicati\/#website","url":"https:\/\/www.article-marketing.eu\/comunicati\/","name":"Article Marketing","description":"article marketing &amp; press release","potentialAction":[{"@type":"SearchAction","target":{"@type":"EntryPoint","urlTemplate":"https:\/\/www.article-marketing.eu\/comunicati\/?s={search_term_string}"},"query-input":{"@type":"PropertyValueSpecification","valueRequired":true,"valueName":"search_term_string"}}],"inLanguage":"it-IT"},{"@type":"Person","@id":"https:\/\/www.article-marketing.eu\/comunicati\/#\/schema\/person\/44372e4d4d0fa797b18e03ed1ace9017","name":"Redazione Comunicati Stampa","image":{"@type":"ImageObject","inLanguage":"it-IT","@id":"https:\/\/www.article-marketing.eu\/comunicati\/#\/schema\/person\/image\/","url":"https:\/\/secure.gravatar.com\/avatar\/50e5c6421d3072f42e7ace803501602c60d75233d34e29fd05feb91c8760b792?s=96&d=mm&r=g","contentUrl":"https:\/\/secure.gravatar.com\/avatar\/50e5c6421d3072f42e7ace803501602c60d75233d34e29fd05feb91c8760b792?s=96&d=mm&r=g","caption":"Redazione Comunicati Stampa"},"url":"https:\/\/www.article-marketing.eu\/comunicati\/author\/redazione-comunicati-stampa\/"}]}},"_links":{"self":[{"href":"https:\/\/www.article-marketing.eu\/comunicati\/wp-json\/wp\/v2\/posts\/2109","targetHints":{"allow":["GET"]}}],"collection":[{"href":"https:\/\/www.article-marketing.eu\/comunicati\/wp-json\/wp\/v2\/posts"}],"about":[{"href":"https:\/\/www.article-marketing.eu\/comunicati\/wp-json\/wp\/v2\/types\/post"}],"author":[{"embeddable":true,"href":"https:\/\/www.article-marketing.eu\/comunicati\/wp-json\/wp\/v2\/users\/10"}],"replies":[{"embeddable":true,"href":"https:\/\/www.article-marketing.eu\/comunicati\/wp-json\/wp\/v2\/comments?post=2109"}],"version-history":[{"count":0,"href":"https:\/\/www.article-marketing.eu\/comunicati\/wp-json\/wp\/v2\/posts\/2109\/revisions"}],"wp:attachment":[{"href":"https:\/\/www.article-marketing.eu\/comunicati\/wp-json\/wp\/v2\/media?parent=2109"}],"wp:term":[{"taxonomy":"category","embeddable":true,"href":"https:\/\/www.article-marketing.eu\/comunicati\/wp-json\/wp\/v2\/categories?post=2109"},{"taxonomy":"post_tag","embeddable":true,"href":"https:\/\/www.article-marketing.eu\/comunicati\/wp-json\/wp\/v2\/tags?post=2109"}],"curies":[{"name":"wp","href":"https:\/\/api.w.org\/{rel}","templated":true}]}}