{"id":2111,"date":"2009-06-04T12:23:07","date_gmt":"2009-06-04T10:23:07","guid":{"rendered":"http:\/\/www.article-marketing.eu\/comunicati\/senza-categoria\/settore-immobiliare-andamento-degli-affitti-e-vendite-di-case-in-veneto\/"},"modified":"2018-06-04T20:15:55","modified_gmt":"2018-06-04T18:15:55","slug":"settore-immobiliare-andamento-degli-affitti-e-vendite-di-case-in-veneto","status":"publish","type":"post","link":"https:\/\/www.article-marketing.eu\/comunicati\/economia-e-lavoro\/settore-immobiliare-andamento-degli-affitti-e-vendite-di-case-in-veneto\/","title":{"rendered":"Settore immobiliare, andamento degli affitti e vendite di case in Veneto"},"content":{"rendered":"<p>Il mercato immobiliare \u00e8 uno dei settori pi\u00f9 importanti per l\u2019economia di una nazione. Negli ultimi mesi purtroppo \u00e8 stato anche uno dei settori che hanno risentito di pi\u00f9 della crisi economica, vediamo ora com\u2019\u00e8 la situazione nel Veneto, una delle regioni da sempre considerate pi\u00f9 floride e pi\u00f9 produttive.<\/p>\n<p>Gi\u00e0 a Marzo, con l\u2019annuale rapporto dell\u2019 Ance (Associazione Nazionale Costruttori Edili) Veneto sul 2008 e le previsioni per il 2009,  si stimava una riduzione degli investimenti pari al -4,5% e anche il 2009 si preannunciava gi\u00e0 come un anno in forte calo. Il rallentamento pi\u00f9 accentuato della regione, tuttavia, si spiega anche perch\u00e9 per oltre un decennio il settore delle costruzioni in Veneto \u00e8 cresciuto pi\u00f9 che nel resto d\u2019Italia.La crisi appare quindi evidente, numeri e rapporti la confermano. Gli elementi che fanno pendere lago della bilancia al segno meno, oltre alla congiuntura gi\u00e0 in flessione lo scorso anno e che coinvolge tutti i comparti economici, sono la stretta creditizia e i ritardi se non addirittura il blocco dei pagamenti da parte degli Enti locali.<\/p>\n<p>In tutte le provincie del Veneto, dall\u2019acquisto immobili nella Provincia di Padova a quella di Belluno, si registra un forte deficit infrastrutturale, soprattutto per quello che riguarda le opere medio-piccole, che invece potrebbero essere subito messe in cantiere, anche perch\u00e9 occorre considerare che il fabbisogno di edifici ad uso abitativo resta alto, grazie soprattutto al notevole sviluppo demografico degli ultimi anni.<\/p>\n<p>Il settore pi\u00f9 in difficolt\u00e0 risulta essere quello delle costruzioni non residenziali pubbliche che nel 2008 evidenzia un calo del 10% rispetto all\u2019anno precedente.<br \/>\nIn forte diminuzione anche il comparto non residenziale privato (appartamenti-6,7%) e la nuova edilizia abitativa (-4,7%). L\u2019unico comparto che mostra ancora, nel 2008, un segno positivo \u00e8 quello degli investimenti di manutenzione straordinaria e recupero dello stock abitativo esistente (+1,3%). Per quanto riguarda insomma l\u2019acquisto trilocale a Padova, come le altre province, i dati non sono affatto favorevoli;  nei primi sei mesi dello scorso anno il numero di compravendite risulta diminuito del 18,6% nel confronto con il primo semestre del 2007. La diminuzione \u00e8 pi\u00f9 accentuata nei comuni non capoluogo (-19,2%) a fronte di un calo del 16,1% nelle citt\u00e0 capoluogo del Veneto.<\/p>\n<p>L\u2019ultimo rapporto Nomisma registra, dopo 10 anni di crescita ininterrotta, i primi segni negativi sui prezzi delle abitazioni. Questo, per\u00f2, non vuol dire che gli investitori stiano voltando le spalle al mattone. I prezzi proposti dalla agenzia immobiliare Veneto per appartamenti a Padova calano del -1,2%,  a Venezia citt\u00e0 -4,2%, a Mestre -3,9%, rispetto al secondo semestre 2007, questi dati segnano quindi una generale tenuta se rapportati alla situazione del resto d\u2019Europa.<\/p>\n<p>La crisi ha colpito anche il settore del credito, che ha varato subito politiche pi\u00f9 restrittive, tra gennaio e settembre 2008. In Veneto si \u00e8 registrato un calo del 17,8% dei finanziamenti al settore non residenziale. I mutui erogati alle famiglie hanno visto in questa regione un calo del 3,6%, ma solo nel terzo trimestre la riduzione \u00e8 stata del 20,2%. Per superare la crisi economico-finanziaria, tutti gli osservatori, nazionali ed internazionali, ribadiscono il ruolo anticiclico che possono svolgere gli investimenti infrastrutturali per la loro capacit\u00e0 di sostenere reddito e occupazione.<\/p>\n<p>I fattori chiave per il rilancio del settore sono stati identificati nell\u2019innovazione tecnologica, soprattutto riferita alla problematica energetica, nello sviluppo delle infrastrutture, fondamentale, sia perch\u00e9 d\u00e0 opportunit\u00e0 di lavoro alle imprese di costruzione, sia perch\u00e9 ogni infrastruttura costituisce la base per un\u2019ulteriore sviluppo socio-economico del territorio, nelle politiche per la casa promosse dalla Regione Veneto per fronteggiare l\u2019emergenza abitativa di ampie fasce della popolazione in Veneto. Infine, in primo piano il complesso rapporto tra le imprese e il mondo creditizio, elemento fondamentale per permettere alle imprese di riprendere ad investire.<\/p>\n","protected":false},"excerpt":{"rendered":"<p>Il mercato immobiliare \u00e8 uno dei settori pi\u00f9 importanti per l\u2019economia di una nazione. Negli ultimi mesi purtroppo \u00e8 stato anche uno dei settori che hanno risentito di pi\u00f9 della crisi economica<\/p>\n","protected":false},"author":10,"featured_media":0,"comment_status":"open","ping_status":"open","sticky":false,"template":"","format":"standard","meta":{"cybocfi_hide_featured_image":"","footnotes":""},"categories":[59],"tags":[6566,6565],"class_list":["post-2111","post","type-post","status-publish","format-standard","hentry","category-economia-e-lavoro","tag-appartamenti-padova","tag-immobiliare-veneto"],"yoast_head":"<!-- This site is optimized with the Yoast SEO plugin v27.0 - https:\/\/yoast.com\/product\/yoast-seo-wordpress\/ -->\n<title>Settore immobiliare, andamento degli affitti e vendite di case in Veneto - Article Marketing<\/title>\n<meta name=\"robots\" content=\"index, follow, max-snippet:-1, max-image-preview:large, max-video-preview:-1\" \/>\n<link rel=\"canonical\" href=\"https:\/\/www.article-marketing.eu\/comunicati\/economia-e-lavoro\/settore-immobiliare-andamento-degli-affitti-e-vendite-di-case-in-veneto\/\" \/>\n<meta property=\"og:locale\" content=\"it_IT\" \/>\n<meta property=\"og:type\" content=\"article\" \/>\n<meta property=\"og:title\" content=\"Settore immobiliare, andamento degli affitti e vendite di case in Veneto - Article Marketing\" \/>\n<meta property=\"og:description\" content=\"Il mercato immobiliare \u00e8 uno dei settori pi\u00f9 importanti per l\u2019economia di una nazione. Negli ultimi mesi purtroppo \u00e8 stato anche uno dei settori che hanno risentito di pi\u00f9 della crisi economica\" \/>\n<meta property=\"og:url\" content=\"https:\/\/www.article-marketing.eu\/comunicati\/economia-e-lavoro\/settore-immobiliare-andamento-degli-affitti-e-vendite-di-case-in-veneto\/\" \/>\n<meta property=\"og:site_name\" content=\"Article Marketing\" \/>\n<meta property=\"article:published_time\" content=\"2009-06-04T10:23:07+00:00\" \/>\n<meta property=\"article:modified_time\" content=\"2018-06-04T18:15:55+00:00\" \/>\n<meta name=\"author\" content=\"Redazione Comunicati Stampa\" \/>\n<meta name=\"twitter:card\" content=\"summary_large_image\" \/>\n<meta name=\"twitter:label1\" content=\"Scritto da\" \/>\n\t<meta name=\"twitter:data1\" content=\"Redazione Comunicati Stampa\" \/>\n\t<meta name=\"twitter:label2\" content=\"Tempo di lettura stimato\" \/>\n\t<meta name=\"twitter:data2\" content=\"3 minuti\" \/>\n<script type=\"application\/ld+json\" class=\"yoast-schema-graph\">{\"@context\":\"https:\/\/schema.org\",\"@graph\":[{\"@type\":\"Article\",\"@id\":\"https:\/\/www.article-marketing.eu\/comunicati\/economia-e-lavoro\/settore-immobiliare-andamento-degli-affitti-e-vendite-di-case-in-veneto\/#article\",\"isPartOf\":{\"@id\":\"https:\/\/www.article-marketing.eu\/comunicati\/economia-e-lavoro\/settore-immobiliare-andamento-degli-affitti-e-vendite-di-case-in-veneto\/\"},\"author\":{\"name\":\"Redazione Comunicati Stampa\",\"@id\":\"https:\/\/www.article-marketing.eu\/comunicati\/#\/schema\/person\/44372e4d4d0fa797b18e03ed1ace9017\"},\"headline\":\"Settore immobiliare, andamento degli affitti e vendite di case in Veneto\",\"datePublished\":\"2009-06-04T10:23:07+00:00\",\"dateModified\":\"2018-06-04T18:15:55+00:00\",\"mainEntityOfPage\":{\"@id\":\"https:\/\/www.article-marketing.eu\/comunicati\/economia-e-lavoro\/settore-immobiliare-andamento-degli-affitti-e-vendite-di-case-in-veneto\/\"},\"wordCount\":618,\"commentCount\":0,\"keywords\":[\"appartamenti padova\",\"immobiliare veneto\"],\"articleSection\":[\"Economia e lavoro\"],\"inLanguage\":\"it-IT\",\"potentialAction\":[{\"@type\":\"CommentAction\",\"name\":\"Comment\",\"target\":[\"https:\/\/www.article-marketing.eu\/comunicati\/economia-e-lavoro\/settore-immobiliare-andamento-degli-affitti-e-vendite-di-case-in-veneto\/#respond\"]}]},{\"@type\":\"WebPage\",\"@id\":\"https:\/\/www.article-marketing.eu\/comunicati\/economia-e-lavoro\/settore-immobiliare-andamento-degli-affitti-e-vendite-di-case-in-veneto\/\",\"url\":\"https:\/\/www.article-marketing.eu\/comunicati\/economia-e-lavoro\/settore-immobiliare-andamento-degli-affitti-e-vendite-di-case-in-veneto\/\",\"name\":\"Settore immobiliare, andamento degli affitti e vendite di case in Veneto - Article Marketing\",\"isPartOf\":{\"@id\":\"https:\/\/www.article-marketing.eu\/comunicati\/#website\"},\"datePublished\":\"2009-06-04T10:23:07+00:00\",\"dateModified\":\"2018-06-04T18:15:55+00:00\",\"author\":{\"@id\":\"https:\/\/www.article-marketing.eu\/comunicati\/#\/schema\/person\/44372e4d4d0fa797b18e03ed1ace9017\"},\"breadcrumb\":{\"@id\":\"https:\/\/www.article-marketing.eu\/comunicati\/economia-e-lavoro\/settore-immobiliare-andamento-degli-affitti-e-vendite-di-case-in-veneto\/#breadcrumb\"},\"inLanguage\":\"it-IT\",\"potentialAction\":[{\"@type\":\"ReadAction\",\"target\":[\"https:\/\/www.article-marketing.eu\/comunicati\/economia-e-lavoro\/settore-immobiliare-andamento-degli-affitti-e-vendite-di-case-in-veneto\/\"]}]},{\"@type\":\"BreadcrumbList\",\"@id\":\"https:\/\/www.article-marketing.eu\/comunicati\/economia-e-lavoro\/settore-immobiliare-andamento-degli-affitti-e-vendite-di-case-in-veneto\/#breadcrumb\",\"itemListElement\":[{\"@type\":\"ListItem\",\"position\":1,\"name\":\"Home\",\"item\":\"https:\/\/www.article-marketing.eu\/comunicati\/\"},{\"@type\":\"ListItem\",\"position\":2,\"name\":\"Settore immobiliare, andamento degli affitti e vendite di case in Veneto\"}]},{\"@type\":\"WebSite\",\"@id\":\"https:\/\/www.article-marketing.eu\/comunicati\/#website\",\"url\":\"https:\/\/www.article-marketing.eu\/comunicati\/\",\"name\":\"Article Marketing\",\"description\":\"article marketing &amp; press release\",\"potentialAction\":[{\"@type\":\"SearchAction\",\"target\":{\"@type\":\"EntryPoint\",\"urlTemplate\":\"https:\/\/www.article-marketing.eu\/comunicati\/?s={search_term_string}\"},\"query-input\":{\"@type\":\"PropertyValueSpecification\",\"valueRequired\":true,\"valueName\":\"search_term_string\"}}],\"inLanguage\":\"it-IT\"},{\"@type\":\"Person\",\"@id\":\"https:\/\/www.article-marketing.eu\/comunicati\/#\/schema\/person\/44372e4d4d0fa797b18e03ed1ace9017\",\"name\":\"Redazione Comunicati Stampa\",\"image\":{\"@type\":\"ImageObject\",\"inLanguage\":\"it-IT\",\"@id\":\"https:\/\/www.article-marketing.eu\/comunicati\/#\/schema\/person\/image\/\",\"url\":\"https:\/\/secure.gravatar.com\/avatar\/50e5c6421d3072f42e7ace803501602c60d75233d34e29fd05feb91c8760b792?s=96&d=mm&r=g\",\"contentUrl\":\"https:\/\/secure.gravatar.com\/avatar\/50e5c6421d3072f42e7ace803501602c60d75233d34e29fd05feb91c8760b792?s=96&d=mm&r=g\",\"caption\":\"Redazione Comunicati Stampa\"},\"url\":\"https:\/\/www.article-marketing.eu\/comunicati\/author\/redazione-comunicati-stampa\/\"}]}<\/script>\n<!-- \/ Yoast SEO plugin. -->","yoast_head_json":{"title":"Settore immobiliare, andamento degli affitti e vendite di case in Veneto - Article Marketing","robots":{"index":"index","follow":"follow","max-snippet":"max-snippet:-1","max-image-preview":"max-image-preview:large","max-video-preview":"max-video-preview:-1"},"canonical":"https:\/\/www.article-marketing.eu\/comunicati\/economia-e-lavoro\/settore-immobiliare-andamento-degli-affitti-e-vendite-di-case-in-veneto\/","og_locale":"it_IT","og_type":"article","og_title":"Settore immobiliare, andamento degli affitti e vendite di case in Veneto - Article Marketing","og_description":"Il mercato immobiliare \u00e8 uno dei settori pi\u00f9 importanti per l\u2019economia di una nazione. Negli ultimi mesi purtroppo \u00e8 stato anche uno dei settori che hanno risentito di pi\u00f9 della crisi economica","og_url":"https:\/\/www.article-marketing.eu\/comunicati\/economia-e-lavoro\/settore-immobiliare-andamento-degli-affitti-e-vendite-di-case-in-veneto\/","og_site_name":"Article Marketing","article_published_time":"2009-06-04T10:23:07+00:00","article_modified_time":"2018-06-04T18:15:55+00:00","author":"Redazione Comunicati Stampa","twitter_card":"summary_large_image","twitter_misc":{"Scritto da":"Redazione Comunicati Stampa","Tempo di lettura stimato":"3 minuti"},"schema":{"@context":"https:\/\/schema.org","@graph":[{"@type":"Article","@id":"https:\/\/www.article-marketing.eu\/comunicati\/economia-e-lavoro\/settore-immobiliare-andamento-degli-affitti-e-vendite-di-case-in-veneto\/#article","isPartOf":{"@id":"https:\/\/www.article-marketing.eu\/comunicati\/economia-e-lavoro\/settore-immobiliare-andamento-degli-affitti-e-vendite-di-case-in-veneto\/"},"author":{"name":"Redazione Comunicati Stampa","@id":"https:\/\/www.article-marketing.eu\/comunicati\/#\/schema\/person\/44372e4d4d0fa797b18e03ed1ace9017"},"headline":"Settore immobiliare, andamento degli affitti e vendite di case in Veneto","datePublished":"2009-06-04T10:23:07+00:00","dateModified":"2018-06-04T18:15:55+00:00","mainEntityOfPage":{"@id":"https:\/\/www.article-marketing.eu\/comunicati\/economia-e-lavoro\/settore-immobiliare-andamento-degli-affitti-e-vendite-di-case-in-veneto\/"},"wordCount":618,"commentCount":0,"keywords":["appartamenti padova","immobiliare veneto"],"articleSection":["Economia e lavoro"],"inLanguage":"it-IT","potentialAction":[{"@type":"CommentAction","name":"Comment","target":["https:\/\/www.article-marketing.eu\/comunicati\/economia-e-lavoro\/settore-immobiliare-andamento-degli-affitti-e-vendite-di-case-in-veneto\/#respond"]}]},{"@type":"WebPage","@id":"https:\/\/www.article-marketing.eu\/comunicati\/economia-e-lavoro\/settore-immobiliare-andamento-degli-affitti-e-vendite-di-case-in-veneto\/","url":"https:\/\/www.article-marketing.eu\/comunicati\/economia-e-lavoro\/settore-immobiliare-andamento-degli-affitti-e-vendite-di-case-in-veneto\/","name":"Settore immobiliare, andamento degli affitti e vendite di case in Veneto - Article Marketing","isPartOf":{"@id":"https:\/\/www.article-marketing.eu\/comunicati\/#website"},"datePublished":"2009-06-04T10:23:07+00:00","dateModified":"2018-06-04T18:15:55+00:00","author":{"@id":"https:\/\/www.article-marketing.eu\/comunicati\/#\/schema\/person\/44372e4d4d0fa797b18e03ed1ace9017"},"breadcrumb":{"@id":"https:\/\/www.article-marketing.eu\/comunicati\/economia-e-lavoro\/settore-immobiliare-andamento-degli-affitti-e-vendite-di-case-in-veneto\/#breadcrumb"},"inLanguage":"it-IT","potentialAction":[{"@type":"ReadAction","target":["https:\/\/www.article-marketing.eu\/comunicati\/economia-e-lavoro\/settore-immobiliare-andamento-degli-affitti-e-vendite-di-case-in-veneto\/"]}]},{"@type":"BreadcrumbList","@id":"https:\/\/www.article-marketing.eu\/comunicati\/economia-e-lavoro\/settore-immobiliare-andamento-degli-affitti-e-vendite-di-case-in-veneto\/#breadcrumb","itemListElement":[{"@type":"ListItem","position":1,"name":"Home","item":"https:\/\/www.article-marketing.eu\/comunicati\/"},{"@type":"ListItem","position":2,"name":"Settore immobiliare, andamento degli affitti e vendite di case in Veneto"}]},{"@type":"WebSite","@id":"https:\/\/www.article-marketing.eu\/comunicati\/#website","url":"https:\/\/www.article-marketing.eu\/comunicati\/","name":"Article Marketing","description":"article marketing &amp; press release","potentialAction":[{"@type":"SearchAction","target":{"@type":"EntryPoint","urlTemplate":"https:\/\/www.article-marketing.eu\/comunicati\/?s={search_term_string}"},"query-input":{"@type":"PropertyValueSpecification","valueRequired":true,"valueName":"search_term_string"}}],"inLanguage":"it-IT"},{"@type":"Person","@id":"https:\/\/www.article-marketing.eu\/comunicati\/#\/schema\/person\/44372e4d4d0fa797b18e03ed1ace9017","name":"Redazione Comunicati Stampa","image":{"@type":"ImageObject","inLanguage":"it-IT","@id":"https:\/\/www.article-marketing.eu\/comunicati\/#\/schema\/person\/image\/","url":"https:\/\/secure.gravatar.com\/avatar\/50e5c6421d3072f42e7ace803501602c60d75233d34e29fd05feb91c8760b792?s=96&d=mm&r=g","contentUrl":"https:\/\/secure.gravatar.com\/avatar\/50e5c6421d3072f42e7ace803501602c60d75233d34e29fd05feb91c8760b792?s=96&d=mm&r=g","caption":"Redazione Comunicati Stampa"},"url":"https:\/\/www.article-marketing.eu\/comunicati\/author\/redazione-comunicati-stampa\/"}]}},"_links":{"self":[{"href":"https:\/\/www.article-marketing.eu\/comunicati\/wp-json\/wp\/v2\/posts\/2111","targetHints":{"allow":["GET"]}}],"collection":[{"href":"https:\/\/www.article-marketing.eu\/comunicati\/wp-json\/wp\/v2\/posts"}],"about":[{"href":"https:\/\/www.article-marketing.eu\/comunicati\/wp-json\/wp\/v2\/types\/post"}],"author":[{"embeddable":true,"href":"https:\/\/www.article-marketing.eu\/comunicati\/wp-json\/wp\/v2\/users\/10"}],"replies":[{"embeddable":true,"href":"https:\/\/www.article-marketing.eu\/comunicati\/wp-json\/wp\/v2\/comments?post=2111"}],"version-history":[{"count":1,"href":"https:\/\/www.article-marketing.eu\/comunicati\/wp-json\/wp\/v2\/posts\/2111\/revisions"}],"predecessor-version":[{"id":55496,"href":"https:\/\/www.article-marketing.eu\/comunicati\/wp-json\/wp\/v2\/posts\/2111\/revisions\/55496"}],"wp:attachment":[{"href":"https:\/\/www.article-marketing.eu\/comunicati\/wp-json\/wp\/v2\/media?parent=2111"}],"wp:term":[{"taxonomy":"category","embeddable":true,"href":"https:\/\/www.article-marketing.eu\/comunicati\/wp-json\/wp\/v2\/categories?post=2111"},{"taxonomy":"post_tag","embeddable":true,"href":"https:\/\/www.article-marketing.eu\/comunicati\/wp-json\/wp\/v2\/tags?post=2111"}],"curies":[{"name":"wp","href":"https:\/\/api.w.org\/{rel}","templated":true}]}}