{"id":2116,"date":"2009-06-04T18:03:53","date_gmt":"2009-06-04T16:03:53","guid":{"rendered":"http:\/\/www.article-marketing.eu\/comunicati\/senza-categoria\/roma-concerto-buena-vista-social-club-11-luglio-2009\/"},"modified":"2009-06-04T18:03:53","modified_gmt":"2009-06-04T16:03:53","slug":"roma-concerto-buena-vista-social-club-11-luglio-2009","status":"publish","type":"post","link":"https:\/\/www.article-marketing.eu\/comunicati\/comunicati-stampa\/eventi\/roma-concerto-buena-vista-social-club-11-luglio-2009\/","title":{"rendered":"Roma: Concerto Buena Vista Social Club, 11 Luglio 2009"},"content":{"rendered":"<p>Tra i tanti eventi musicali e culturali che rendono un <a href=\"http:\/\/it.flashbooking.com\/navigation\/europa_italia_roma_all_all.html\">soggiorno a Roma<\/a> in estate ancora pi\u00f9 accattivante non si pu\u00f2 non citare \u201cLuglio suona bene\u201d, rassegna organizzata dalla Fondazione Musica per Roma e giunta ormai alla sua settima edizione. Il festival, che viene tradizionalmente ospitato all\u2019Auditorium Parco della Musica, si svolger\u00e0 tra la fine di giugno e la fine di luglio, attirando nella citt\u00e0 eterna un gran numero di artisti di diversa provenienza geografica e genere musicale. Una delle caratteristiche principali del festival, che riesce ad attirare sempre moltissimi appassionati di musica nei campeggi economici di Roma, \u00e8 infatti quella di dare spazio alle proposte musicali pi\u00f9 disparate, purch\u00e9 di grande qualit\u00e0, provenienti da ogni parte del pianeta, in modo da fornire un\u2019offerta variegata e soddisfare proprio tutti. Ed ecco che allora, accanto a star nostrane, come Francesco De Gregori e Fiorella Mannoia, a popstar internazionali, come Michael Bolton e Anastacia, e a gruppi \u201cdi nicchia\u201d come i Mogwai, solo per fare pochi esempi, all\u2019auditorium di Roma ci sar\u00e0 spazio anche per i terribili vecchietti dell\u2019orchestra Buena Vista Social Club. <\/p>\n<p>L\u2019Orchestra Buena Vista Social Club, balzata agli onori della cronaca poco pi\u00f9 che un decennio fa, nonostante i suoi membri non siano proprio dei musicisti giovincelli e poco esperti, cre\u00f2 un vero e proprio caso discografico prima, cinematografico poi, alla fine degli anni Novanta. In un decennio musicalmente dominato dalla musica inglese e da ammiccanti boyband, il disco e l\u2019omonimo documentario (diretto dal grande regista tedesco Wim Wenders) Buena Vista Social Club ottennero un successo impensabile, che and\u00f2 oltre le pi\u00f9 rosee aspettative, facendo dell\u2019orchestra uno dei gruppi cubani pi\u00f9 famosi al mondo. <\/p>\n<p>Buena Vista Social Club era il nome di uno storico locale cubano attivo a L\u2019Avana negli anni Quaranta, un luogo di ritrovo per gente di colore (all\u2019epoca i club erano divisi per etnia) dove si ballava e si suonava. Chiusi i battenti del club alla fine degli anni Cinquanta, dopo 40 anni un gruppo di importanti musicisti cubani diede vita all\u2019Afro-Cuban All Stars, pubblicando l\u2019album Buena Vista Social Club (era il 1996) e contribuendo a diffondere la passione per la musica cubana in tutto il mondo. L\u2019orchestra cominci\u00f2 quindi ad esibirsi in varie location: un concerto tenuto ad Amsterdam nel 1999 e un altro alla Carnegie Hall di New York diventarono materia documentaristica per Wim Wenders, e costituirono solo l\u2019inizio di un\u2019attivit\u00e0 live che continua ancora oggi a portare l\u2019orchestra in tutto il mondo, nonostante la morte di qualche membro della formazione originaria. Il concerto di Roma rappresenta un\u2019occasione unica per immergersi nella musica e nell\u2019atmosfera cubana: prenota subito alberghi scontati a Roma. <\/p>\n<p>Biglietti: 25 \u2013 35 euro<br \/>Data: 11 Luglio 2009 <br \/>Dove: Auditorium Parco della Musica, Roma, Italia<\/p>\n","protected":false},"excerpt":{"rendered":"<p>L\u2019estate a Roma \u00e8 sempre particolarmente invitante, grazie ai vari eventi culturali, musicali e di altro genere che la citt\u00e0 regolarmente ospita per la felicit\u00e0 non solo dei tanti turisti che, particolarmente in estate, scelgono la citt\u00e0 eterna come meta turistica, ma anche dei cittadini romani che in estate rimangono in citt\u00e0, e che trovano nell\u2019ampia scelta di eventi, adatti a tutti i gusti e a tutte le et\u00e0, una interessante e piacevole valvola di sfogo dopo una giornata passata al lavoro o nel caos del traffico cittadino.<\/p>\n","protected":false},"author":10,"featured_media":0,"comment_status":"open","ping_status":"open","sticky":false,"template":"","format":"standard","meta":{"cybocfi_hide_featured_image":"","footnotes":""},"categories":[388],"tags":[6569,2058,6570,6519,5669,251],"class_list":["post-2116","post","type-post","status-publish","format-standard","hentry","category-eventi","tag-buena-vista-social-club","tag-concerto","tag-cuba","tag-luglio-suona-bene","tag-musica-dal-vivo","tag-roma"],"yoast_head":"<!-- This site is optimized with the Yoast SEO plugin v27.0 - https:\/\/yoast.com\/product\/yoast-seo-wordpress\/ -->\n<title>Roma: Concerto Buena Vista Social Club, 11 Luglio 2009 - Article Marketing<\/title>\n<meta name=\"robots\" content=\"index, follow, max-snippet:-1, max-image-preview:large, max-video-preview:-1\" \/>\n<link rel=\"canonical\" href=\"https:\/\/www.article-marketing.eu\/comunicati\/comunicati-stampa\/eventi\/roma-concerto-buena-vista-social-club-11-luglio-2009\/\" \/>\n<meta property=\"og:locale\" content=\"it_IT\" \/>\n<meta property=\"og:type\" content=\"article\" \/>\n<meta property=\"og:title\" content=\"Roma: Concerto Buena Vista Social Club, 11 Luglio 2009 - Article Marketing\" \/>\n<meta property=\"og:description\" content=\"L\u2019estate a Roma \u00e8 sempre particolarmente invitante, grazie ai vari eventi culturali, musicali e di altro genere che la citt\u00e0 regolarmente ospita per la felicit\u00e0 non solo dei tanti turisti che, particolarmente in estate, scelgono la citt\u00e0 eterna come meta turistica, ma anche dei cittadini romani che in estate rimangono in citt\u00e0, e che trovano nell\u2019ampia scelta di eventi, adatti a tutti i gusti e a tutte le et\u00e0, una interessante e piacevole valvola di sfogo dopo una giornata passata al lavoro o nel caos del traffico cittadino.\" \/>\n<meta property=\"og:url\" content=\"https:\/\/www.article-marketing.eu\/comunicati\/comunicati-stampa\/eventi\/roma-concerto-buena-vista-social-club-11-luglio-2009\/\" \/>\n<meta property=\"og:site_name\" content=\"Article Marketing\" \/>\n<meta property=\"article:published_time\" content=\"2009-06-04T16:03:53+00:00\" \/>\n<meta name=\"author\" content=\"Redazione Comunicati Stampa\" \/>\n<meta name=\"twitter:card\" content=\"summary_large_image\" \/>\n<meta name=\"twitter:label1\" content=\"Scritto da\" \/>\n\t<meta name=\"twitter:data1\" content=\"Redazione Comunicati Stampa\" \/>\n\t<meta name=\"twitter:label2\" content=\"Tempo di lettura stimato\" \/>\n\t<meta name=\"twitter:data2\" content=\"2 minuti\" \/>\n<script type=\"application\/ld+json\" class=\"yoast-schema-graph\">{\"@context\":\"https:\/\/schema.org\",\"@graph\":[{\"@type\":\"Article\",\"@id\":\"https:\/\/www.article-marketing.eu\/comunicati\/comunicati-stampa\/eventi\/roma-concerto-buena-vista-social-club-11-luglio-2009\/#article\",\"isPartOf\":{\"@id\":\"https:\/\/www.article-marketing.eu\/comunicati\/comunicati-stampa\/eventi\/roma-concerto-buena-vista-social-club-11-luglio-2009\/\"},\"author\":{\"name\":\"Redazione Comunicati Stampa\",\"@id\":\"https:\/\/www.article-marketing.eu\/comunicati\/#\/schema\/person\/44372e4d4d0fa797b18e03ed1ace9017\"},\"headline\":\"Roma: Concerto Buena Vista Social Club, 11 Luglio 2009\",\"datePublished\":\"2009-06-04T16:03:53+00:00\",\"mainEntityOfPage\":{\"@id\":\"https:\/\/www.article-marketing.eu\/comunicati\/comunicati-stampa\/eventi\/roma-concerto-buena-vista-social-club-11-luglio-2009\/\"},\"wordCount\":467,\"commentCount\":0,\"keywords\":[\"Buena Vista Social Club\",\"concerto\",\"Cuba\",\"Luglio suona bene\",\"musica dal vivo\",\"roma\"],\"articleSection\":[\"Eventi\"],\"inLanguage\":\"it-IT\",\"potentialAction\":[{\"@type\":\"CommentAction\",\"name\":\"Comment\",\"target\":[\"https:\/\/www.article-marketing.eu\/comunicati\/comunicati-stampa\/eventi\/roma-concerto-buena-vista-social-club-11-luglio-2009\/#respond\"]}]},{\"@type\":\"WebPage\",\"@id\":\"https:\/\/www.article-marketing.eu\/comunicati\/comunicati-stampa\/eventi\/roma-concerto-buena-vista-social-club-11-luglio-2009\/\",\"url\":\"https:\/\/www.article-marketing.eu\/comunicati\/comunicati-stampa\/eventi\/roma-concerto-buena-vista-social-club-11-luglio-2009\/\",\"name\":\"Roma: Concerto Buena Vista Social Club, 11 Luglio 2009 - Article Marketing\",\"isPartOf\":{\"@id\":\"https:\/\/www.article-marketing.eu\/comunicati\/#website\"},\"datePublished\":\"2009-06-04T16:03:53+00:00\",\"author\":{\"@id\":\"https:\/\/www.article-marketing.eu\/comunicati\/#\/schema\/person\/44372e4d4d0fa797b18e03ed1ace9017\"},\"breadcrumb\":{\"@id\":\"https:\/\/www.article-marketing.eu\/comunicati\/comunicati-stampa\/eventi\/roma-concerto-buena-vista-social-club-11-luglio-2009\/#breadcrumb\"},\"inLanguage\":\"it-IT\",\"potentialAction\":[{\"@type\":\"ReadAction\",\"target\":[\"https:\/\/www.article-marketing.eu\/comunicati\/comunicati-stampa\/eventi\/roma-concerto-buena-vista-social-club-11-luglio-2009\/\"]}]},{\"@type\":\"BreadcrumbList\",\"@id\":\"https:\/\/www.article-marketing.eu\/comunicati\/comunicati-stampa\/eventi\/roma-concerto-buena-vista-social-club-11-luglio-2009\/#breadcrumb\",\"itemListElement\":[{\"@type\":\"ListItem\",\"position\":1,\"name\":\"Home\",\"item\":\"https:\/\/www.article-marketing.eu\/comunicati\/\"},{\"@type\":\"ListItem\",\"position\":2,\"name\":\"Roma: Concerto Buena Vista Social Club, 11 Luglio 2009\"}]},{\"@type\":\"WebSite\",\"@id\":\"https:\/\/www.article-marketing.eu\/comunicati\/#website\",\"url\":\"https:\/\/www.article-marketing.eu\/comunicati\/\",\"name\":\"Article Marketing\",\"description\":\"article marketing &amp; press release\",\"potentialAction\":[{\"@type\":\"SearchAction\",\"target\":{\"@type\":\"EntryPoint\",\"urlTemplate\":\"https:\/\/www.article-marketing.eu\/comunicati\/?s={search_term_string}\"},\"query-input\":{\"@type\":\"PropertyValueSpecification\",\"valueRequired\":true,\"valueName\":\"search_term_string\"}}],\"inLanguage\":\"it-IT\"},{\"@type\":\"Person\",\"@id\":\"https:\/\/www.article-marketing.eu\/comunicati\/#\/schema\/person\/44372e4d4d0fa797b18e03ed1ace9017\",\"name\":\"Redazione Comunicati Stampa\",\"image\":{\"@type\":\"ImageObject\",\"inLanguage\":\"it-IT\",\"@id\":\"https:\/\/www.article-marketing.eu\/comunicati\/#\/schema\/person\/image\/\",\"url\":\"https:\/\/secure.gravatar.com\/avatar\/50e5c6421d3072f42e7ace803501602c60d75233d34e29fd05feb91c8760b792?s=96&d=mm&r=g\",\"contentUrl\":\"https:\/\/secure.gravatar.com\/avatar\/50e5c6421d3072f42e7ace803501602c60d75233d34e29fd05feb91c8760b792?s=96&d=mm&r=g\",\"caption\":\"Redazione Comunicati Stampa\"},\"url\":\"https:\/\/www.article-marketing.eu\/comunicati\/author\/redazione-comunicati-stampa\/\"}]}<\/script>\n<!-- \/ Yoast SEO plugin. -->","yoast_head_json":{"title":"Roma: Concerto Buena Vista Social Club, 11 Luglio 2009 - Article Marketing","robots":{"index":"index","follow":"follow","max-snippet":"max-snippet:-1","max-image-preview":"max-image-preview:large","max-video-preview":"max-video-preview:-1"},"canonical":"https:\/\/www.article-marketing.eu\/comunicati\/comunicati-stampa\/eventi\/roma-concerto-buena-vista-social-club-11-luglio-2009\/","og_locale":"it_IT","og_type":"article","og_title":"Roma: Concerto Buena Vista Social Club, 11 Luglio 2009 - Article Marketing","og_description":"L\u2019estate a Roma \u00e8 sempre particolarmente invitante, grazie ai vari eventi culturali, musicali e di altro genere che la citt\u00e0 regolarmente ospita per la felicit\u00e0 non solo dei tanti turisti che, particolarmente in estate, scelgono la citt\u00e0 eterna come meta turistica, ma anche dei cittadini romani che in estate rimangono in citt\u00e0, e che trovano nell\u2019ampia scelta di eventi, adatti a tutti i gusti e a tutte le et\u00e0, una interessante e piacevole valvola di sfogo dopo una giornata passata al lavoro o nel caos del traffico cittadino.","og_url":"https:\/\/www.article-marketing.eu\/comunicati\/comunicati-stampa\/eventi\/roma-concerto-buena-vista-social-club-11-luglio-2009\/","og_site_name":"Article Marketing","article_published_time":"2009-06-04T16:03:53+00:00","author":"Redazione Comunicati Stampa","twitter_card":"summary_large_image","twitter_misc":{"Scritto da":"Redazione Comunicati Stampa","Tempo di lettura stimato":"2 minuti"},"schema":{"@context":"https:\/\/schema.org","@graph":[{"@type":"Article","@id":"https:\/\/www.article-marketing.eu\/comunicati\/comunicati-stampa\/eventi\/roma-concerto-buena-vista-social-club-11-luglio-2009\/#article","isPartOf":{"@id":"https:\/\/www.article-marketing.eu\/comunicati\/comunicati-stampa\/eventi\/roma-concerto-buena-vista-social-club-11-luglio-2009\/"},"author":{"name":"Redazione Comunicati Stampa","@id":"https:\/\/www.article-marketing.eu\/comunicati\/#\/schema\/person\/44372e4d4d0fa797b18e03ed1ace9017"},"headline":"Roma: Concerto Buena Vista Social Club, 11 Luglio 2009","datePublished":"2009-06-04T16:03:53+00:00","mainEntityOfPage":{"@id":"https:\/\/www.article-marketing.eu\/comunicati\/comunicati-stampa\/eventi\/roma-concerto-buena-vista-social-club-11-luglio-2009\/"},"wordCount":467,"commentCount":0,"keywords":["Buena Vista Social Club","concerto","Cuba","Luglio suona bene","musica dal vivo","roma"],"articleSection":["Eventi"],"inLanguage":"it-IT","potentialAction":[{"@type":"CommentAction","name":"Comment","target":["https:\/\/www.article-marketing.eu\/comunicati\/comunicati-stampa\/eventi\/roma-concerto-buena-vista-social-club-11-luglio-2009\/#respond"]}]},{"@type":"WebPage","@id":"https:\/\/www.article-marketing.eu\/comunicati\/comunicati-stampa\/eventi\/roma-concerto-buena-vista-social-club-11-luglio-2009\/","url":"https:\/\/www.article-marketing.eu\/comunicati\/comunicati-stampa\/eventi\/roma-concerto-buena-vista-social-club-11-luglio-2009\/","name":"Roma: Concerto Buena Vista Social Club, 11 Luglio 2009 - Article Marketing","isPartOf":{"@id":"https:\/\/www.article-marketing.eu\/comunicati\/#website"},"datePublished":"2009-06-04T16:03:53+00:00","author":{"@id":"https:\/\/www.article-marketing.eu\/comunicati\/#\/schema\/person\/44372e4d4d0fa797b18e03ed1ace9017"},"breadcrumb":{"@id":"https:\/\/www.article-marketing.eu\/comunicati\/comunicati-stampa\/eventi\/roma-concerto-buena-vista-social-club-11-luglio-2009\/#breadcrumb"},"inLanguage":"it-IT","potentialAction":[{"@type":"ReadAction","target":["https:\/\/www.article-marketing.eu\/comunicati\/comunicati-stampa\/eventi\/roma-concerto-buena-vista-social-club-11-luglio-2009\/"]}]},{"@type":"BreadcrumbList","@id":"https:\/\/www.article-marketing.eu\/comunicati\/comunicati-stampa\/eventi\/roma-concerto-buena-vista-social-club-11-luglio-2009\/#breadcrumb","itemListElement":[{"@type":"ListItem","position":1,"name":"Home","item":"https:\/\/www.article-marketing.eu\/comunicati\/"},{"@type":"ListItem","position":2,"name":"Roma: Concerto Buena Vista Social Club, 11 Luglio 2009"}]},{"@type":"WebSite","@id":"https:\/\/www.article-marketing.eu\/comunicati\/#website","url":"https:\/\/www.article-marketing.eu\/comunicati\/","name":"Article Marketing","description":"article marketing &amp; press release","potentialAction":[{"@type":"SearchAction","target":{"@type":"EntryPoint","urlTemplate":"https:\/\/www.article-marketing.eu\/comunicati\/?s={search_term_string}"},"query-input":{"@type":"PropertyValueSpecification","valueRequired":true,"valueName":"search_term_string"}}],"inLanguage":"it-IT"},{"@type":"Person","@id":"https:\/\/www.article-marketing.eu\/comunicati\/#\/schema\/person\/44372e4d4d0fa797b18e03ed1ace9017","name":"Redazione Comunicati Stampa","image":{"@type":"ImageObject","inLanguage":"it-IT","@id":"https:\/\/www.article-marketing.eu\/comunicati\/#\/schema\/person\/image\/","url":"https:\/\/secure.gravatar.com\/avatar\/50e5c6421d3072f42e7ace803501602c60d75233d34e29fd05feb91c8760b792?s=96&d=mm&r=g","contentUrl":"https:\/\/secure.gravatar.com\/avatar\/50e5c6421d3072f42e7ace803501602c60d75233d34e29fd05feb91c8760b792?s=96&d=mm&r=g","caption":"Redazione Comunicati Stampa"},"url":"https:\/\/www.article-marketing.eu\/comunicati\/author\/redazione-comunicati-stampa\/"}]}},"_links":{"self":[{"href":"https:\/\/www.article-marketing.eu\/comunicati\/wp-json\/wp\/v2\/posts\/2116","targetHints":{"allow":["GET"]}}],"collection":[{"href":"https:\/\/www.article-marketing.eu\/comunicati\/wp-json\/wp\/v2\/posts"}],"about":[{"href":"https:\/\/www.article-marketing.eu\/comunicati\/wp-json\/wp\/v2\/types\/post"}],"author":[{"embeddable":true,"href":"https:\/\/www.article-marketing.eu\/comunicati\/wp-json\/wp\/v2\/users\/10"}],"replies":[{"embeddable":true,"href":"https:\/\/www.article-marketing.eu\/comunicati\/wp-json\/wp\/v2\/comments?post=2116"}],"version-history":[{"count":0,"href":"https:\/\/www.article-marketing.eu\/comunicati\/wp-json\/wp\/v2\/posts\/2116\/revisions"}],"wp:attachment":[{"href":"https:\/\/www.article-marketing.eu\/comunicati\/wp-json\/wp\/v2\/media?parent=2116"}],"wp:term":[{"taxonomy":"category","embeddable":true,"href":"https:\/\/www.article-marketing.eu\/comunicati\/wp-json\/wp\/v2\/categories?post=2116"},{"taxonomy":"post_tag","embeddable":true,"href":"https:\/\/www.article-marketing.eu\/comunicati\/wp-json\/wp\/v2\/tags?post=2116"}],"curies":[{"name":"wp","href":"https:\/\/api.w.org\/{rel}","templated":true}]}}