{"id":21194,"date":"2011-11-06T18:51:14","date_gmt":"2011-11-06T17:51:14","guid":{"rendered":"http:\/\/www.article-marketing.eu\/comunicati\/senza-categoria\/serata-di-solidariet%25c3%25a0-di-orphanaid-africa-per-i-bambini-del-ghana\/"},"modified":"2011-11-06T18:51:14","modified_gmt":"2011-11-06T17:51:14","slug":"serata-di-solidariet%25c3%25a0-di-orphanaid-africa-per-i-bambini-del-ghana","status":"publish","type":"post","link":"https:\/\/www.article-marketing.eu\/comunicati\/comunicati-stampa\/eventi\/serata-di-solidariet%25c3%25a0-di-orphanaid-africa-per-i-bambini-del-ghana\/","title":{"rendered":"Serata di Solidariet\u00e0 di OrphanAid Africa per i bambini del Ghana"},"content":{"rendered":"<p><strong>Mercoled&igrave; 9 novembre: presso l&rsquo;Enterprise Hotel di Milano, si terr&agrave; la<\/strong><strong style=\"mso-bidi-font-weight: normal;\"> Serata di Solidariet&agrave; per aiutare i bambini di OrphanAid Africa,<\/strong> associazione non profit che realizza progetti in Ghana per migliorare le condizioni di vita degli orfani e dei bambini bisognosi, aiutandone ogni mese pi&ugrave; di 5.000. <br \/><strong> <\/strong><br \/><strong>Un percorso culinario realizzato da Otello Moser<\/strong>, storico chef dell&rsquo;Enterprise Hotel, e <strong>Pasquale D&rsquo;Ambrosio<\/strong>, stella nascente tra gli chef italiani. Un lavoro a quattro mani in cui l&rsquo;esperienza matura di Moser e l&rsquo;estro creativo del giovane D&rsquo;Ambrosio daranno vita a una <strong>cena di alto valore emozionale<\/strong>.<\/p>\n<p>Tra gli <strong>ospiti d&rsquo;onore<\/strong>, la <strong>Contessa Marta Marzotto<\/strong>, da tempo sostenitrice dell&rsquo;associazione,<strong> Ana Laura Ribas, Carla Nani Mocenigo, Carolyn Smith e Alessandro Scorsone<\/strong> &#8211; Capo del Cerimoniale della Presidenza della Repubblica, Camera e Senato ed esperto sommelier, che guider&agrave; gli ospiti alla degustazione dei vini offerti da <strong>Santi Dimitri<\/strong>.<br \/><strong> <\/strong><br \/><strong>I fondi raccolti<\/strong> nel corso della serata, <strong>verranno utilizzati per aiutare i bambini meno fortunati<\/strong>, permettendogli di crescere in contesti familiari protetti e sicuri, con accesso all&rsquo;istruzione ed alla sanit&agrave;, anzich&eacute; doverli far vivere abbandonati in istituti.<br \/><strong> <\/strong><br \/><strong>In Ghana l&#8217;80% dei bambini in istituto non sono orfani,<\/strong> la maggior parte sono stati abbandonati per grave indigenza delle famiglie che, in buona fede, li consegnano agli orfanotrofi nella speranza di offrirgli una vita migliore. <strong>OrphanAid Africa realizza progetti per prevenire l&rsquo;abbandono minorile e reinserisce i minori abbandonati in contesti familiari<\/strong> in cui possano crescere amati e protetti. Il costante monitoraggio delle condizioni di vita dei bambini e dell&rsquo;affidabilit&agrave; delle famiglie, &egrave; parte integrante del lavoro quotidiano dell&rsquo;associazione. Inoltre, OrphanAid Africa &egrave; uno dei partner principali del Governo del Ghana nel progetto di Care Reform Initiative (www.ovcghana.org).<\/p>\n<p>Molti i <strong>molti marchi che, da tempo, supportano l&rsquo;associazione<\/strong> donando preziosi omaggi per la riffa che, al contrario di altre attivit&agrave; simili, prevede che ciascun ospite torni a casa con un oggetto, <strong>tra i marchi di quest&rsquo;anno <\/strong>ci sono<strong>: <\/strong>Amaltea, Azienda Agricola Ricci Curbastro, Azzurra Gronchi, Blumarine, Chantecler, Colombo, Consorzio Vino Chianti Classico, Costume National, Davite &amp; Delucchi, Doriani, Due Torri Hotel, Est&eacute;e Lauder, Federdoc, FuturoRemoto Gioielli, Gattinoni, Gianni Calignano, Gonzalez Byass, Health Club Corso Venezia 50, Herself, La Prairie, Laura Biagiotti, Larusmiani, Le Ragazze di Saint B, Lino Santi, L&#8217;OCCITANE, Lumberjack, Masseria Potenti, Memoriosa, Missoni, Mistral, Movimento Turismo del Vino Puglia, Ottavia Failla, Paul Smith, Pomellato, Reminescenze, Rosa Clandestino, Santangelica, Santi Dimitri, Stefanel, Susana Traca, Tondo e Quadrato di Giulia Rositani, Tory Burch, Triumph, Veribel, Villa Sandi, 830 Sign.<br \/><strong> <\/strong><br \/>Per maggiori informazioni sui progetti e su come sostenere i bambini di OrphanAid Africa: <strong><a href=\"http:\/\/www.oafrica.org\">www.oafrica.org<\/a>.<\/strong><\/p>\n","protected":false},"excerpt":{"rendered":"<p>Serata di Solidariet\u00e0 di OrphanAid Africa per i bambini del Ghana: mercoled\u00ec 9 novembre, all&#8217;Enterprise Hotel di Milano, un cena di alto valore emozionale<\/p>\n","protected":false},"author":10,"featured_media":0,"comment_status":"open","ping_status":"open","sticky":false,"template":"","format":"standard","meta":{"cybocfi_hide_featured_image":"","footnotes":""},"categories":[388],"tags":[2401,30794,30791,30792,30790,30793],"class_list":["post-21194","post","type-post","status-publish","format-standard","hentry","category-eventi","tag-bambini","tag-enterprise-hotel","tag-ghana","tag-orfani","tag-orphanaid-africa","tag-serata-di-solidarieta"],"yoast_head":"<!-- This site is optimized with the Yoast SEO plugin v27.0 - https:\/\/yoast.com\/product\/yoast-seo-wordpress\/ -->\n<title>Serata di Solidariet\u00e0 di OrphanAid Africa per i bambini del Ghana - Article Marketing<\/title>\n<meta name=\"robots\" content=\"index, follow, max-snippet:-1, max-image-preview:large, max-video-preview:-1\" \/>\n<link rel=\"canonical\" href=\"https:\/\/www.article-marketing.eu\/comunicati\/comunicati-stampa\/eventi\/serata-di-solidariet%c3%a0-di-orphanaid-africa-per-i-bambini-del-ghana\/\" \/>\n<meta property=\"og:locale\" content=\"it_IT\" \/>\n<meta property=\"og:type\" content=\"article\" \/>\n<meta property=\"og:title\" content=\"Serata di Solidariet\u00e0 di OrphanAid Africa per i bambini del Ghana - Article Marketing\" \/>\n<meta property=\"og:description\" content=\"Serata di Solidariet\u00e0 di OrphanAid Africa per i bambini del Ghana: mercoled\u00ec 9 novembre, all&#039;Enterprise Hotel di Milano, un cena di alto valore emozionale\" \/>\n<meta property=\"og:url\" content=\"https:\/\/www.article-marketing.eu\/comunicati\/comunicati-stampa\/eventi\/serata-di-solidariet%c3%a0-di-orphanaid-africa-per-i-bambini-del-ghana\/\" \/>\n<meta property=\"og:site_name\" content=\"Article Marketing\" \/>\n<meta property=\"article:published_time\" content=\"2011-11-06T17:51:14+00:00\" \/>\n<meta name=\"author\" content=\"Redazione Comunicati Stampa\" \/>\n<meta name=\"twitter:card\" content=\"summary_large_image\" \/>\n<meta name=\"twitter:label1\" content=\"Scritto da\" \/>\n\t<meta name=\"twitter:data1\" content=\"Redazione Comunicati Stampa\" \/>\n\t<meta name=\"twitter:label2\" content=\"Tempo di lettura stimato\" \/>\n\t<meta name=\"twitter:data2\" content=\"2 minuti\" \/>\n<script type=\"application\/ld+json\" class=\"yoast-schema-graph\">{\"@context\":\"https:\/\/schema.org\",\"@graph\":[{\"@type\":\"Article\",\"@id\":\"https:\/\/www.article-marketing.eu\/comunicati\/comunicati-stampa\/eventi\/serata-di-solidariet%25c3%25a0-di-orphanaid-africa-per-i-bambini-del-ghana\/#article\",\"isPartOf\":{\"@id\":\"https:\/\/www.article-marketing.eu\/comunicati\/comunicati-stampa\/eventi\/serata-di-solidariet%25c3%25a0-di-orphanaid-africa-per-i-bambini-del-ghana\/\"},\"author\":{\"name\":\"Redazione Comunicati Stampa\",\"@id\":\"https:\/\/www.article-marketing.eu\/comunicati\/#\/schema\/person\/44372e4d4d0fa797b18e03ed1ace9017\"},\"headline\":\"Serata di Solidariet\u00e0 di OrphanAid Africa per i bambini del Ghana\",\"datePublished\":\"2011-11-06T17:51:14+00:00\",\"mainEntityOfPage\":{\"@id\":\"https:\/\/www.article-marketing.eu\/comunicati\/comunicati-stampa\/eventi\/serata-di-solidariet%25c3%25a0-di-orphanaid-africa-per-i-bambini-del-ghana\/\"},\"wordCount\":472,\"commentCount\":0,\"keywords\":[\"bambini\",\"enterprise hotel\",\"ghana\",\"orfani\",\"orphanaid africa\",\"serata di solidariet\u00e0\"],\"articleSection\":[\"Eventi\"],\"inLanguage\":\"it-IT\",\"potentialAction\":[{\"@type\":\"CommentAction\",\"name\":\"Comment\",\"target\":[\"https:\/\/www.article-marketing.eu\/comunicati\/comunicati-stampa\/eventi\/serata-di-solidariet%25c3%25a0-di-orphanaid-africa-per-i-bambini-del-ghana\/#respond\"]}]},{\"@type\":\"WebPage\",\"@id\":\"https:\/\/www.article-marketing.eu\/comunicati\/comunicati-stampa\/eventi\/serata-di-solidariet%25c3%25a0-di-orphanaid-africa-per-i-bambini-del-ghana\/\",\"url\":\"https:\/\/www.article-marketing.eu\/comunicati\/comunicati-stampa\/eventi\/serata-di-solidariet%25c3%25a0-di-orphanaid-africa-per-i-bambini-del-ghana\/\",\"name\":\"Serata di Solidariet\u00e0 di OrphanAid Africa per i bambini del Ghana - Article Marketing\",\"isPartOf\":{\"@id\":\"https:\/\/www.article-marketing.eu\/comunicati\/#website\"},\"datePublished\":\"2011-11-06T17:51:14+00:00\",\"author\":{\"@id\":\"https:\/\/www.article-marketing.eu\/comunicati\/#\/schema\/person\/44372e4d4d0fa797b18e03ed1ace9017\"},\"breadcrumb\":{\"@id\":\"https:\/\/www.article-marketing.eu\/comunicati\/comunicati-stampa\/eventi\/serata-di-solidariet%25c3%25a0-di-orphanaid-africa-per-i-bambini-del-ghana\/#breadcrumb\"},\"inLanguage\":\"it-IT\",\"potentialAction\":[{\"@type\":\"ReadAction\",\"target\":[\"https:\/\/www.article-marketing.eu\/comunicati\/comunicati-stampa\/eventi\/serata-di-solidariet%25c3%25a0-di-orphanaid-africa-per-i-bambini-del-ghana\/\"]}]},{\"@type\":\"BreadcrumbList\",\"@id\":\"https:\/\/www.article-marketing.eu\/comunicati\/comunicati-stampa\/eventi\/serata-di-solidariet%25c3%25a0-di-orphanaid-africa-per-i-bambini-del-ghana\/#breadcrumb\",\"itemListElement\":[{\"@type\":\"ListItem\",\"position\":1,\"name\":\"Home\",\"item\":\"https:\/\/www.article-marketing.eu\/comunicati\/\"},{\"@type\":\"ListItem\",\"position\":2,\"name\":\"Serata di Solidariet\u00e0 di OrphanAid Africa per i bambini del Ghana\"}]},{\"@type\":\"WebSite\",\"@id\":\"https:\/\/www.article-marketing.eu\/comunicati\/#website\",\"url\":\"https:\/\/www.article-marketing.eu\/comunicati\/\",\"name\":\"Article Marketing\",\"description\":\"article marketing &amp; press release\",\"potentialAction\":[{\"@type\":\"SearchAction\",\"target\":{\"@type\":\"EntryPoint\",\"urlTemplate\":\"https:\/\/www.article-marketing.eu\/comunicati\/?s={search_term_string}\"},\"query-input\":{\"@type\":\"PropertyValueSpecification\",\"valueRequired\":true,\"valueName\":\"search_term_string\"}}],\"inLanguage\":\"it-IT\"},{\"@type\":\"Person\",\"@id\":\"https:\/\/www.article-marketing.eu\/comunicati\/#\/schema\/person\/44372e4d4d0fa797b18e03ed1ace9017\",\"name\":\"Redazione Comunicati Stampa\",\"image\":{\"@type\":\"ImageObject\",\"inLanguage\":\"it-IT\",\"@id\":\"https:\/\/www.article-marketing.eu\/comunicati\/#\/schema\/person\/image\/\",\"url\":\"https:\/\/secure.gravatar.com\/avatar\/50e5c6421d3072f42e7ace803501602c60d75233d34e29fd05feb91c8760b792?s=96&d=mm&r=g\",\"contentUrl\":\"https:\/\/secure.gravatar.com\/avatar\/50e5c6421d3072f42e7ace803501602c60d75233d34e29fd05feb91c8760b792?s=96&d=mm&r=g\",\"caption\":\"Redazione Comunicati Stampa\"},\"url\":\"https:\/\/www.article-marketing.eu\/comunicati\/author\/redazione-comunicati-stampa\/\"}]}<\/script>\n<!-- \/ Yoast SEO plugin. -->","yoast_head_json":{"title":"Serata di Solidariet\u00e0 di OrphanAid Africa per i bambini del Ghana - Article Marketing","robots":{"index":"index","follow":"follow","max-snippet":"max-snippet:-1","max-image-preview":"max-image-preview:large","max-video-preview":"max-video-preview:-1"},"canonical":"https:\/\/www.article-marketing.eu\/comunicati\/comunicati-stampa\/eventi\/serata-di-solidariet%c3%a0-di-orphanaid-africa-per-i-bambini-del-ghana\/","og_locale":"it_IT","og_type":"article","og_title":"Serata di Solidariet\u00e0 di OrphanAid Africa per i bambini del Ghana - Article Marketing","og_description":"Serata di Solidariet\u00e0 di OrphanAid Africa per i bambini del Ghana: mercoled\u00ec 9 novembre, all'Enterprise Hotel di Milano, un cena di alto valore emozionale","og_url":"https:\/\/www.article-marketing.eu\/comunicati\/comunicati-stampa\/eventi\/serata-di-solidariet%c3%a0-di-orphanaid-africa-per-i-bambini-del-ghana\/","og_site_name":"Article Marketing","article_published_time":"2011-11-06T17:51:14+00:00","author":"Redazione Comunicati Stampa","twitter_card":"summary_large_image","twitter_misc":{"Scritto da":"Redazione Comunicati Stampa","Tempo di lettura stimato":"2 minuti"},"schema":{"@context":"https:\/\/schema.org","@graph":[{"@type":"Article","@id":"https:\/\/www.article-marketing.eu\/comunicati\/comunicati-stampa\/eventi\/serata-di-solidariet%25c3%25a0-di-orphanaid-africa-per-i-bambini-del-ghana\/#article","isPartOf":{"@id":"https:\/\/www.article-marketing.eu\/comunicati\/comunicati-stampa\/eventi\/serata-di-solidariet%25c3%25a0-di-orphanaid-africa-per-i-bambini-del-ghana\/"},"author":{"name":"Redazione Comunicati Stampa","@id":"https:\/\/www.article-marketing.eu\/comunicati\/#\/schema\/person\/44372e4d4d0fa797b18e03ed1ace9017"},"headline":"Serata di Solidariet\u00e0 di OrphanAid Africa per i bambini del Ghana","datePublished":"2011-11-06T17:51:14+00:00","mainEntityOfPage":{"@id":"https:\/\/www.article-marketing.eu\/comunicati\/comunicati-stampa\/eventi\/serata-di-solidariet%25c3%25a0-di-orphanaid-africa-per-i-bambini-del-ghana\/"},"wordCount":472,"commentCount":0,"keywords":["bambini","enterprise hotel","ghana","orfani","orphanaid africa","serata di solidariet\u00e0"],"articleSection":["Eventi"],"inLanguage":"it-IT","potentialAction":[{"@type":"CommentAction","name":"Comment","target":["https:\/\/www.article-marketing.eu\/comunicati\/comunicati-stampa\/eventi\/serata-di-solidariet%25c3%25a0-di-orphanaid-africa-per-i-bambini-del-ghana\/#respond"]}]},{"@type":"WebPage","@id":"https:\/\/www.article-marketing.eu\/comunicati\/comunicati-stampa\/eventi\/serata-di-solidariet%25c3%25a0-di-orphanaid-africa-per-i-bambini-del-ghana\/","url":"https:\/\/www.article-marketing.eu\/comunicati\/comunicati-stampa\/eventi\/serata-di-solidariet%25c3%25a0-di-orphanaid-africa-per-i-bambini-del-ghana\/","name":"Serata di Solidariet\u00e0 di OrphanAid Africa per i bambini del Ghana - Article Marketing","isPartOf":{"@id":"https:\/\/www.article-marketing.eu\/comunicati\/#website"},"datePublished":"2011-11-06T17:51:14+00:00","author":{"@id":"https:\/\/www.article-marketing.eu\/comunicati\/#\/schema\/person\/44372e4d4d0fa797b18e03ed1ace9017"},"breadcrumb":{"@id":"https:\/\/www.article-marketing.eu\/comunicati\/comunicati-stampa\/eventi\/serata-di-solidariet%25c3%25a0-di-orphanaid-africa-per-i-bambini-del-ghana\/#breadcrumb"},"inLanguage":"it-IT","potentialAction":[{"@type":"ReadAction","target":["https:\/\/www.article-marketing.eu\/comunicati\/comunicati-stampa\/eventi\/serata-di-solidariet%25c3%25a0-di-orphanaid-africa-per-i-bambini-del-ghana\/"]}]},{"@type":"BreadcrumbList","@id":"https:\/\/www.article-marketing.eu\/comunicati\/comunicati-stampa\/eventi\/serata-di-solidariet%25c3%25a0-di-orphanaid-africa-per-i-bambini-del-ghana\/#breadcrumb","itemListElement":[{"@type":"ListItem","position":1,"name":"Home","item":"https:\/\/www.article-marketing.eu\/comunicati\/"},{"@type":"ListItem","position":2,"name":"Serata di Solidariet\u00e0 di OrphanAid Africa per i bambini del Ghana"}]},{"@type":"WebSite","@id":"https:\/\/www.article-marketing.eu\/comunicati\/#website","url":"https:\/\/www.article-marketing.eu\/comunicati\/","name":"Article Marketing","description":"article marketing &amp; press release","potentialAction":[{"@type":"SearchAction","target":{"@type":"EntryPoint","urlTemplate":"https:\/\/www.article-marketing.eu\/comunicati\/?s={search_term_string}"},"query-input":{"@type":"PropertyValueSpecification","valueRequired":true,"valueName":"search_term_string"}}],"inLanguage":"it-IT"},{"@type":"Person","@id":"https:\/\/www.article-marketing.eu\/comunicati\/#\/schema\/person\/44372e4d4d0fa797b18e03ed1ace9017","name":"Redazione Comunicati Stampa","image":{"@type":"ImageObject","inLanguage":"it-IT","@id":"https:\/\/www.article-marketing.eu\/comunicati\/#\/schema\/person\/image\/","url":"https:\/\/secure.gravatar.com\/avatar\/50e5c6421d3072f42e7ace803501602c60d75233d34e29fd05feb91c8760b792?s=96&d=mm&r=g","contentUrl":"https:\/\/secure.gravatar.com\/avatar\/50e5c6421d3072f42e7ace803501602c60d75233d34e29fd05feb91c8760b792?s=96&d=mm&r=g","caption":"Redazione Comunicati Stampa"},"url":"https:\/\/www.article-marketing.eu\/comunicati\/author\/redazione-comunicati-stampa\/"}]}},"_links":{"self":[{"href":"https:\/\/www.article-marketing.eu\/comunicati\/wp-json\/wp\/v2\/posts\/21194","targetHints":{"allow":["GET"]}}],"collection":[{"href":"https:\/\/www.article-marketing.eu\/comunicati\/wp-json\/wp\/v2\/posts"}],"about":[{"href":"https:\/\/www.article-marketing.eu\/comunicati\/wp-json\/wp\/v2\/types\/post"}],"author":[{"embeddable":true,"href":"https:\/\/www.article-marketing.eu\/comunicati\/wp-json\/wp\/v2\/users\/10"}],"replies":[{"embeddable":true,"href":"https:\/\/www.article-marketing.eu\/comunicati\/wp-json\/wp\/v2\/comments?post=21194"}],"version-history":[{"count":0,"href":"https:\/\/www.article-marketing.eu\/comunicati\/wp-json\/wp\/v2\/posts\/21194\/revisions"}],"wp:attachment":[{"href":"https:\/\/www.article-marketing.eu\/comunicati\/wp-json\/wp\/v2\/media?parent=21194"}],"wp:term":[{"taxonomy":"category","embeddable":true,"href":"https:\/\/www.article-marketing.eu\/comunicati\/wp-json\/wp\/v2\/categories?post=21194"},{"taxonomy":"post_tag","embeddable":true,"href":"https:\/\/www.article-marketing.eu\/comunicati\/wp-json\/wp\/v2\/tags?post=21194"}],"curies":[{"name":"wp","href":"https:\/\/api.w.org\/{rel}","templated":true}]}}