{"id":2134,"date":"2009-06-08T09:58:16","date_gmt":"2009-06-08T07:58:16","guid":{"rendered":"http:\/\/www.article-marketing.eu\/comunicati\/senza-categoria\/vacanze-in-puglia-ospiti-di-una-corte\/"},"modified":"2009-06-08T09:58:16","modified_gmt":"2009-06-08T07:58:16","slug":"vacanze-in-puglia-ospiti-di-una-corte","status":"publish","type":"post","link":"https:\/\/www.article-marketing.eu\/comunicati\/viaggi-e-vacanze\/vacanze-in-puglia-ospiti-di-una-corte\/","title":{"rendered":"Vacanze in Puglia ospiti di una corte"},"content":{"rendered":"<p>Il viaggio alla scoperta della <a href=\"http:\/\/it.pugliae.com\/\">Puglia<\/a> ci porta questa volta a Conversano, in provincia di Bari. Il centro di Conversano \u00e8 ubicato tra le colline e il mare. Vanta una posizione geografica strategica che lo rende il luogo ideale di partenza per affascinanti vacanze puglia e Basilicata.<\/br><\/br><\/p>\n<p>\u00c8 una vera cittadina d&#8217;arte, animata da un vivo fermento culturale, arricchitasi di bellezze artistiche e storia durante i secoli. Chiese e monasteri popolano il suo centro storico. &#8220;Norba&#8221; era il nome con cui veniva chiamata la citt\u00e0 di Conversano durante il paleolitico e, oggi, grazie al suo patrimonio archeologico rappresenta uno dei pi\u00f9 grandi e antichi centri &#8220;peuceti&#8221;. <\/br><\/br><\/p>\n<p>La vita cittadina si \u00e8 sviluppata intorno al Castello di Conversano, edificato su antiche mura megalitiche dai Normanni intorno al 1054 come fortezza difensiva. I Conti Acquaviva a partire dal XVII secolo lo hanno trasformato in sfarzoso alloggio signorile. Il castello ha una forma trapezoidale con quattro torri agli angoli, di cui una sola di forma cilindrica.<\/br><\/br><\/p>\n<p>Tra le chiese spicca la cattedrale (fine dell&#8217;XI sec.-inizi del XII sec. d.C.) dedicata a Santa Maria Assunta e costruita sui resti di un antico tempio paleocristiano in stile romanico. Nelle vicinanze della cittadina interessante da vedere \u00e8 il Castello Marchione, casa di caccia fuori citt\u00e0 degli Acquaviva di Aragona. Ai piedi delle alture che circondano la cittadina, si possono ammirare dieci laghetti ricchi di avifauna che si formano in seguito alle piogge.<\/br><\/br><\/p>\n<p>La dimora ideale per un soggiorno in questo angolo di Puglia \u00e8 l&#8217;Hotel Corte Altavilla, un&#8217;antica corte medievale, situata nel cuore del centro storico di Conversano. Grazie a un&#8217;accurata ristrutturazione, l&#8217;antica corte \u00e8 stata trasformata in un raffinato relais che propone sia camere che eleganti suite ed appartamenti. <\/br><\/br><\/p>\n<p>Murature in pietra bianca, volte a botte e travi in legno conferiscono agli ambienti grande fascino. La struttura \u00e8 realizzata nella piena cura dei particolari dando vita ad un&#8217;eleganza fatta di semplicit\u00e0, di spazi del passato ed elementi del presente accostati in armonioso contrasto. La professionalit\u00e0 del servizio unita alla cordialit\u00e0 e disponibilit\u00e0 della reception a rispondere ad ogni esigenza completano il quadro.<\/br><\/br><\/p>\n<p>Un vero punto centrale. Dalla corte Altavilla a Conversano si pu\u00f2 raggiungere in breve tempo il mare. A 7 km si trova la localit\u00e0 balneare di Cozze e a 9 km si trova la stupenda Polignano a Mare, arroccata su falesie alte fino a 70 metri con grotte e caverne marine uniche e altamente suggestive. Si possono facilmente raggiungere le spiagge di sabbia bianca finissima in direzione Monopoli \u2013 Capitolo. <\/br><\/br><\/p>\n<p>Di grande interesse inoltre sono le famose Grotte di Castellana, magico labirinto di cavit\u00e0 sotterranee, sorprendenti soprattutto per la loro vastit\u00e0. Alberobello, il paese dei Trulli dista solo 25 km e Bari 30 km, oltre ad altri innumerevoli luoghi e borghi di storia e tradizione antica, come Ostuni, Castel del Monte ad Andria, i sassi di Matera, il Salento, le masserie, la chiesette rupestri, le campagne ricche di ulivi secolari, viti e ciliegi.<\/p>\n","protected":false},"excerpt":{"rendered":"<p>Un borgo ricco d&#8217;arte, immerso tra le colline in provincia di Bari. Una posizione ottimale per visitare il centro della Puglia e spostarsi sino alla Basilicata. Un centro antico da scoprire, dove trascorrere delle rilassanti vacanze di qualit\u00e0.<\/p>\n","protected":false},"author":10,"featured_media":0,"comment_status":"open","ping_status":"open","sticky":false,"template":"","format":"standard","meta":{"cybocfi_hide_featured_image":"","footnotes":""},"categories":[280],"tags":[6609,6610,255,1051,3],"class_list":["post-2134","post","type-post","status-publish","format-standard","hentry","category-viaggi-e-vacanze","tag-conversano","tag-corte-altavilla","tag-hotel","tag-puglia","tag-vacanze"],"yoast_head":"<!-- This site is optimized with the Yoast SEO plugin v27.0 - https:\/\/yoast.com\/product\/yoast-seo-wordpress\/ -->\n<title>Vacanze in Puglia ospiti di una corte - Article Marketing<\/title>\n<meta name=\"robots\" content=\"index, follow, max-snippet:-1, max-image-preview:large, max-video-preview:-1\" \/>\n<link rel=\"canonical\" href=\"https:\/\/www.article-marketing.eu\/comunicati\/viaggi-e-vacanze\/vacanze-in-puglia-ospiti-di-una-corte\/\" \/>\n<meta property=\"og:locale\" content=\"it_IT\" \/>\n<meta property=\"og:type\" content=\"article\" \/>\n<meta property=\"og:title\" content=\"Vacanze in Puglia ospiti di una corte - Article Marketing\" \/>\n<meta property=\"og:description\" content=\"Un borgo ricco d&#039;arte, immerso tra le colline in provincia di Bari. Una posizione ottimale per visitare il centro della Puglia e spostarsi sino alla Basilicata. Un centro antico da scoprire, dove trascorrere delle rilassanti vacanze di qualit\u00e0.\" \/>\n<meta property=\"og:url\" content=\"https:\/\/www.article-marketing.eu\/comunicati\/viaggi-e-vacanze\/vacanze-in-puglia-ospiti-di-una-corte\/\" \/>\n<meta property=\"og:site_name\" content=\"Article Marketing\" \/>\n<meta property=\"article:published_time\" content=\"2009-06-08T07:58:16+00:00\" \/>\n<meta name=\"author\" content=\"Redazione Comunicati Stampa\" \/>\n<meta name=\"twitter:card\" content=\"summary_large_image\" \/>\n<meta name=\"twitter:label1\" content=\"Scritto da\" \/>\n\t<meta name=\"twitter:data1\" content=\"Redazione Comunicati Stampa\" \/>\n\t<meta name=\"twitter:label2\" content=\"Tempo di lettura stimato\" \/>\n\t<meta name=\"twitter:data2\" content=\"2 minuti\" \/>\n<script type=\"application\/ld+json\" class=\"yoast-schema-graph\">{\"@context\":\"https:\/\/schema.org\",\"@graph\":[{\"@type\":\"Article\",\"@id\":\"https:\/\/www.article-marketing.eu\/comunicati\/viaggi-e-vacanze\/vacanze-in-puglia-ospiti-di-una-corte\/#article\",\"isPartOf\":{\"@id\":\"https:\/\/www.article-marketing.eu\/comunicati\/viaggi-e-vacanze\/vacanze-in-puglia-ospiti-di-una-corte\/\"},\"author\":{\"name\":\"Redazione Comunicati Stampa\",\"@id\":\"https:\/\/www.article-marketing.eu\/comunicati\/#\/schema\/person\/44372e4d4d0fa797b18e03ed1ace9017\"},\"headline\":\"Vacanze in Puglia ospiti di una corte\",\"datePublished\":\"2009-06-08T07:58:16+00:00\",\"mainEntityOfPage\":{\"@id\":\"https:\/\/www.article-marketing.eu\/comunicati\/viaggi-e-vacanze\/vacanze-in-puglia-ospiti-di-una-corte\/\"},\"wordCount\":485,\"commentCount\":0,\"keywords\":[\"conversano\",\"corte altavilla\",\"hotel\",\"puglia\",\"vacanze\"],\"articleSection\":[\"Viaggi e vacanze\"],\"inLanguage\":\"it-IT\",\"potentialAction\":[{\"@type\":\"CommentAction\",\"name\":\"Comment\",\"target\":[\"https:\/\/www.article-marketing.eu\/comunicati\/viaggi-e-vacanze\/vacanze-in-puglia-ospiti-di-una-corte\/#respond\"]}]},{\"@type\":\"WebPage\",\"@id\":\"https:\/\/www.article-marketing.eu\/comunicati\/viaggi-e-vacanze\/vacanze-in-puglia-ospiti-di-una-corte\/\",\"url\":\"https:\/\/www.article-marketing.eu\/comunicati\/viaggi-e-vacanze\/vacanze-in-puglia-ospiti-di-una-corte\/\",\"name\":\"Vacanze in Puglia ospiti di una corte - Article Marketing\",\"isPartOf\":{\"@id\":\"https:\/\/www.article-marketing.eu\/comunicati\/#website\"},\"datePublished\":\"2009-06-08T07:58:16+00:00\",\"author\":{\"@id\":\"https:\/\/www.article-marketing.eu\/comunicati\/#\/schema\/person\/44372e4d4d0fa797b18e03ed1ace9017\"},\"breadcrumb\":{\"@id\":\"https:\/\/www.article-marketing.eu\/comunicati\/viaggi-e-vacanze\/vacanze-in-puglia-ospiti-di-una-corte\/#breadcrumb\"},\"inLanguage\":\"it-IT\",\"potentialAction\":[{\"@type\":\"ReadAction\",\"target\":[\"https:\/\/www.article-marketing.eu\/comunicati\/viaggi-e-vacanze\/vacanze-in-puglia-ospiti-di-una-corte\/\"]}]},{\"@type\":\"BreadcrumbList\",\"@id\":\"https:\/\/www.article-marketing.eu\/comunicati\/viaggi-e-vacanze\/vacanze-in-puglia-ospiti-di-una-corte\/#breadcrumb\",\"itemListElement\":[{\"@type\":\"ListItem\",\"position\":1,\"name\":\"Home\",\"item\":\"https:\/\/www.article-marketing.eu\/comunicati\/\"},{\"@type\":\"ListItem\",\"position\":2,\"name\":\"Vacanze in Puglia ospiti di una corte\"}]},{\"@type\":\"WebSite\",\"@id\":\"https:\/\/www.article-marketing.eu\/comunicati\/#website\",\"url\":\"https:\/\/www.article-marketing.eu\/comunicati\/\",\"name\":\"Article Marketing\",\"description\":\"article marketing &amp; press release\",\"potentialAction\":[{\"@type\":\"SearchAction\",\"target\":{\"@type\":\"EntryPoint\",\"urlTemplate\":\"https:\/\/www.article-marketing.eu\/comunicati\/?s={search_term_string}\"},\"query-input\":{\"@type\":\"PropertyValueSpecification\",\"valueRequired\":true,\"valueName\":\"search_term_string\"}}],\"inLanguage\":\"it-IT\"},{\"@type\":\"Person\",\"@id\":\"https:\/\/www.article-marketing.eu\/comunicati\/#\/schema\/person\/44372e4d4d0fa797b18e03ed1ace9017\",\"name\":\"Redazione Comunicati Stampa\",\"image\":{\"@type\":\"ImageObject\",\"inLanguage\":\"it-IT\",\"@id\":\"https:\/\/www.article-marketing.eu\/comunicati\/#\/schema\/person\/image\/\",\"url\":\"https:\/\/secure.gravatar.com\/avatar\/50e5c6421d3072f42e7ace803501602c60d75233d34e29fd05feb91c8760b792?s=96&d=mm&r=g\",\"contentUrl\":\"https:\/\/secure.gravatar.com\/avatar\/50e5c6421d3072f42e7ace803501602c60d75233d34e29fd05feb91c8760b792?s=96&d=mm&r=g\",\"caption\":\"Redazione Comunicati Stampa\"},\"url\":\"https:\/\/www.article-marketing.eu\/comunicati\/author\/redazione-comunicati-stampa\/\"}]}<\/script>\n<!-- \/ Yoast SEO plugin. -->","yoast_head_json":{"title":"Vacanze in Puglia ospiti di una corte - Article Marketing","robots":{"index":"index","follow":"follow","max-snippet":"max-snippet:-1","max-image-preview":"max-image-preview:large","max-video-preview":"max-video-preview:-1"},"canonical":"https:\/\/www.article-marketing.eu\/comunicati\/viaggi-e-vacanze\/vacanze-in-puglia-ospiti-di-una-corte\/","og_locale":"it_IT","og_type":"article","og_title":"Vacanze in Puglia ospiti di una corte - Article Marketing","og_description":"Un borgo ricco d'arte, immerso tra le colline in provincia di Bari. Una posizione ottimale per visitare il centro della Puglia e spostarsi sino alla Basilicata. Un centro antico da scoprire, dove trascorrere delle rilassanti vacanze di qualit\u00e0.","og_url":"https:\/\/www.article-marketing.eu\/comunicati\/viaggi-e-vacanze\/vacanze-in-puglia-ospiti-di-una-corte\/","og_site_name":"Article Marketing","article_published_time":"2009-06-08T07:58:16+00:00","author":"Redazione Comunicati Stampa","twitter_card":"summary_large_image","twitter_misc":{"Scritto da":"Redazione Comunicati Stampa","Tempo di lettura stimato":"2 minuti"},"schema":{"@context":"https:\/\/schema.org","@graph":[{"@type":"Article","@id":"https:\/\/www.article-marketing.eu\/comunicati\/viaggi-e-vacanze\/vacanze-in-puglia-ospiti-di-una-corte\/#article","isPartOf":{"@id":"https:\/\/www.article-marketing.eu\/comunicati\/viaggi-e-vacanze\/vacanze-in-puglia-ospiti-di-una-corte\/"},"author":{"name":"Redazione Comunicati Stampa","@id":"https:\/\/www.article-marketing.eu\/comunicati\/#\/schema\/person\/44372e4d4d0fa797b18e03ed1ace9017"},"headline":"Vacanze in Puglia ospiti di una corte","datePublished":"2009-06-08T07:58:16+00:00","mainEntityOfPage":{"@id":"https:\/\/www.article-marketing.eu\/comunicati\/viaggi-e-vacanze\/vacanze-in-puglia-ospiti-di-una-corte\/"},"wordCount":485,"commentCount":0,"keywords":["conversano","corte altavilla","hotel","puglia","vacanze"],"articleSection":["Viaggi e vacanze"],"inLanguage":"it-IT","potentialAction":[{"@type":"CommentAction","name":"Comment","target":["https:\/\/www.article-marketing.eu\/comunicati\/viaggi-e-vacanze\/vacanze-in-puglia-ospiti-di-una-corte\/#respond"]}]},{"@type":"WebPage","@id":"https:\/\/www.article-marketing.eu\/comunicati\/viaggi-e-vacanze\/vacanze-in-puglia-ospiti-di-una-corte\/","url":"https:\/\/www.article-marketing.eu\/comunicati\/viaggi-e-vacanze\/vacanze-in-puglia-ospiti-di-una-corte\/","name":"Vacanze in Puglia ospiti di una corte - Article Marketing","isPartOf":{"@id":"https:\/\/www.article-marketing.eu\/comunicati\/#website"},"datePublished":"2009-06-08T07:58:16+00:00","author":{"@id":"https:\/\/www.article-marketing.eu\/comunicati\/#\/schema\/person\/44372e4d4d0fa797b18e03ed1ace9017"},"breadcrumb":{"@id":"https:\/\/www.article-marketing.eu\/comunicati\/viaggi-e-vacanze\/vacanze-in-puglia-ospiti-di-una-corte\/#breadcrumb"},"inLanguage":"it-IT","potentialAction":[{"@type":"ReadAction","target":["https:\/\/www.article-marketing.eu\/comunicati\/viaggi-e-vacanze\/vacanze-in-puglia-ospiti-di-una-corte\/"]}]},{"@type":"BreadcrumbList","@id":"https:\/\/www.article-marketing.eu\/comunicati\/viaggi-e-vacanze\/vacanze-in-puglia-ospiti-di-una-corte\/#breadcrumb","itemListElement":[{"@type":"ListItem","position":1,"name":"Home","item":"https:\/\/www.article-marketing.eu\/comunicati\/"},{"@type":"ListItem","position":2,"name":"Vacanze in Puglia ospiti di una corte"}]},{"@type":"WebSite","@id":"https:\/\/www.article-marketing.eu\/comunicati\/#website","url":"https:\/\/www.article-marketing.eu\/comunicati\/","name":"Article Marketing","description":"article marketing &amp; press release","potentialAction":[{"@type":"SearchAction","target":{"@type":"EntryPoint","urlTemplate":"https:\/\/www.article-marketing.eu\/comunicati\/?s={search_term_string}"},"query-input":{"@type":"PropertyValueSpecification","valueRequired":true,"valueName":"search_term_string"}}],"inLanguage":"it-IT"},{"@type":"Person","@id":"https:\/\/www.article-marketing.eu\/comunicati\/#\/schema\/person\/44372e4d4d0fa797b18e03ed1ace9017","name":"Redazione Comunicati Stampa","image":{"@type":"ImageObject","inLanguage":"it-IT","@id":"https:\/\/www.article-marketing.eu\/comunicati\/#\/schema\/person\/image\/","url":"https:\/\/secure.gravatar.com\/avatar\/50e5c6421d3072f42e7ace803501602c60d75233d34e29fd05feb91c8760b792?s=96&d=mm&r=g","contentUrl":"https:\/\/secure.gravatar.com\/avatar\/50e5c6421d3072f42e7ace803501602c60d75233d34e29fd05feb91c8760b792?s=96&d=mm&r=g","caption":"Redazione Comunicati Stampa"},"url":"https:\/\/www.article-marketing.eu\/comunicati\/author\/redazione-comunicati-stampa\/"}]}},"_links":{"self":[{"href":"https:\/\/www.article-marketing.eu\/comunicati\/wp-json\/wp\/v2\/posts\/2134","targetHints":{"allow":["GET"]}}],"collection":[{"href":"https:\/\/www.article-marketing.eu\/comunicati\/wp-json\/wp\/v2\/posts"}],"about":[{"href":"https:\/\/www.article-marketing.eu\/comunicati\/wp-json\/wp\/v2\/types\/post"}],"author":[{"embeddable":true,"href":"https:\/\/www.article-marketing.eu\/comunicati\/wp-json\/wp\/v2\/users\/10"}],"replies":[{"embeddable":true,"href":"https:\/\/www.article-marketing.eu\/comunicati\/wp-json\/wp\/v2\/comments?post=2134"}],"version-history":[{"count":0,"href":"https:\/\/www.article-marketing.eu\/comunicati\/wp-json\/wp\/v2\/posts\/2134\/revisions"}],"wp:attachment":[{"href":"https:\/\/www.article-marketing.eu\/comunicati\/wp-json\/wp\/v2\/media?parent=2134"}],"wp:term":[{"taxonomy":"category","embeddable":true,"href":"https:\/\/www.article-marketing.eu\/comunicati\/wp-json\/wp\/v2\/categories?post=2134"},{"taxonomy":"post_tag","embeddable":true,"href":"https:\/\/www.article-marketing.eu\/comunicati\/wp-json\/wp\/v2\/tags?post=2134"}],"curies":[{"name":"wp","href":"https:\/\/api.w.org\/{rel}","templated":true}]}}