{"id":2135,"date":"2009-06-08T11:14:29","date_gmt":"2009-06-08T09:14:29","guid":{"rendered":"http:\/\/www.article-marketing.eu\/comunicati\/senza-categoria\/citt%e0-natale-di-tanti-personaggi-illustri-rimini-culla-della-cultura-italiana\/"},"modified":"2009-06-08T11:14:29","modified_gmt":"2009-06-08T09:14:29","slug":"citt%e0-natale-di-tanti-personaggi-illustri-rimini-culla-della-cultura-italiana","status":"publish","type":"post","link":"https:\/\/www.article-marketing.eu\/comunicati\/arte-e-cultura\/citt%e0-natale-di-tanti-personaggi-illustri-rimini-culla-della-cultura-italiana\/","title":{"rendered":"Citt\u00e0 natale di tanti personaggi illustri: Rimini culla della cultura italiana"},"content":{"rendered":"<p>Sono molte le personalit\u00e0 del mondo dello spettacolo legate alla citt\u00e0 di Rimini. Rimini ha infatti dato i natali a molti celebri personaggi, oppure per molti \u00e8 stata un posto molto speciale.<\/p>\n<p>Il primo, il pi\u00f9 importante, il pi\u00f9 legato di tutti \u00e8 stato senza dubbio Federico Fellini. Il grande maestro del cinema italiano \u00e8 nato a Rimini il 20 gennaio 1920. qui egli trascorse la giovinezza e gli anni del liceo, anni su cui poi ritorn\u00f2 diverse volte nei suoi film. Tuttavia da quando si trasfer\u00ec a Roma a vent\u2019anni, torn\u00f2 poco e malvolentieri a Rimini, dove abitavano ancora la sua famiglia, sua madre e sua sorella. Ma Rimini per lui era soprattutto un luogo della memoria, del ricordo. Ecco come descriveva il mastro questo fatto:<br \/>\n\u201cSoprattutto mi pare, il ritorno, un compiaciuto, masochistico rimasticamento della memoria: un&#8217;operazione teatrale, letteraria. Certo, essa pu\u00f2 avere il suo fascino. Un fascino sonnolento, torbido. Ma ecco: non riesco a considerare Rimini come un fatto oggettivo.\u201d<\/p>\n<p>Tuttavia alcuni dei suoi personaggi pi\u00f9 conosciuti derivano proprio dai suoi ricordi del liceo e delle esperienze durante l\u2019estate trascorse nei vari <a href=\"http:\/\/www.hotelaristeo.com\/hotel-rimini\/alberghi-rimini-mare-ambienti_6.html \">Rimini 3 stelle<\/a>, come in Amarcord, film che segna proprio un ritorno, con la memoria, ai tempi della giovinezza. Ricordi su cui Fellini tornava spesso, ripensando a quando era bambino e andava in carrozza coi genitori, o ancora le case dove ha abitato con la famiglia per esempio. Una Rimini familiare, fatta di emozioni, che non era in grado di oggettivare. I suoi luoghi preferiti, che sono ancora meta per molti turisti, erano il molo di Rimini, il Faro sul porto canale, il tempio malatestiano e il Cinema Fulgor.<\/p>\n<p>La citt\u00e0 di Rimini ancora ricorda il grane maestro a cui diede i natali e che li fu sepolto accanto alla moglie, Giulietta Masina, con molti eventi ed iniziative in suo onore. A Rimini ha sede la Fondazione Federico Fellini e Museo di Fellini, che accoglie testi, video e documentazione di varia natura su Fellini. La Fondazione organizza diverse attivit\u00e0, come l\u2019esposizione \u201cI libri di casa mia\u201d dove si possono visitare i pi\u00f9 di 2000 volumi della sua biblioteca personale. Visitabile da turisti e appassionati fino al 16 agosto. Vengono spesso anche organizzate rassegne cinematografiche sui grandi maestri del cinema.<\/p>\n<p>Ma molte altre personalit\u00e0 hanno dato lustro a questa citt\u00e0, qui sono nati per esempio Hugo Pratt, uno dei pi\u00f9 famosi fumettisti al mondo, creatore di Corto Maltese, uno dei pi\u00f9 noti personaggi del fumetto internazionale. Qui \u00e8 nato anche Renato Zavagli, chiamato Ren\u00e8 Gruau, uno dei pi\u00f9 importanti graphic designer del mondo, che cre\u00f2 alcuni dei pi\u00f9 famosi manifesti per i cabaret di Parigi.<br \/>\nSempre a Rimini nacque Delio Rossi, ex calciatore e allenatore di calcio italiano. E in tempi pi\u00f9 recenti Samuele Bersani, originale cantautore italiano.<br \/>\nA dare lustro a Rimini ci pens\u00f2 anche Carlton Myers, uno dei pi\u00f9 grandi giocatori di basket italiani, che gioc\u00f2 con la maglia del Basket Rimini dal 1988 al 1992 e nella stagione 1994-1995. Qui crebbe cestisticamente e si mise in luce per la prima volta.<\/p>\n","protected":false},"excerpt":{"rendered":"<p>Sono molte le personalit\u00e0 del mondo dello spettacolo legate alla citt\u00e0 di Rimini. Rimini ha infatti dato i natali a molti celebri personaggi, oppure per molti \u00e8 stata un posto molto speciale.<\/p>\n","protected":false},"author":10,"featured_media":0,"comment_status":"open","ping_status":"open","sticky":false,"template":"","format":"standard","meta":{"cybocfi_hide_featured_image":"","footnotes":""},"categories":[27],"tags":[6611,6612,5848],"class_list":["post-2135","post","type-post","status-publish","format-standard","hentry","category-arte-e-cultura","tag-alberghi-fiera","tag-alberghi-rimini","tag-storia-rimini"],"yoast_head":"<!-- This site is optimized with the Yoast SEO plugin v27.0 - https:\/\/yoast.com\/product\/yoast-seo-wordpress\/ -->\n<title>Citt\u00e0 natale di tanti personaggi illustri: Rimini culla della cultura italiana - Article Marketing<\/title>\n<meta name=\"robots\" content=\"index, follow, max-snippet:-1, max-image-preview:large, max-video-preview:-1\" \/>\n<link rel=\"canonical\" href=\"https:\/\/www.article-marketing.eu\/comunicati\/arte-e-cultura\/citt?-natale-di-tanti-personaggi-illustri-rimini-culla-della-cultura-italiana\/\" \/>\n<meta property=\"og:locale\" content=\"it_IT\" \/>\n<meta property=\"og:type\" content=\"article\" \/>\n<meta property=\"og:title\" content=\"Citt\u00e0 natale di tanti personaggi illustri: Rimini culla della cultura italiana - Article Marketing\" \/>\n<meta property=\"og:description\" content=\"Sono molte le personalit\u00e0 del mondo dello spettacolo legate alla citt\u00e0 di Rimini. Rimini ha infatti dato i natali a molti celebri personaggi, oppure per molti \u00e8 stata un posto molto speciale.\" \/>\n<meta property=\"og:url\" content=\"\" \/>\n<meta property=\"og:site_name\" content=\"Article Marketing\" \/>\n<meta property=\"article:published_time\" content=\"2009-06-08T09:14:29+00:00\" \/>\n<meta name=\"author\" content=\"Redazione Comunicati Stampa\" \/>\n<meta name=\"twitter:card\" content=\"summary_large_image\" \/>\n<meta name=\"twitter:label1\" content=\"Scritto da\" \/>\n\t<meta name=\"twitter:data1\" content=\"Redazione Comunicati Stampa\" \/>\n\t<meta name=\"twitter:label2\" content=\"Tempo di lettura stimato\" \/>\n\t<meta name=\"twitter:data2\" content=\"3 minuti\" \/>\n<script type=\"application\/ld+json\" class=\"yoast-schema-graph\">{\"@context\":\"https:\/\/schema.org\",\"@graph\":[{\"@type\":\"Article\",\"@id\":\"https:\/\/www.article-marketing.eu\/comunicati\/arte-e-cultura\/citt%e0-natale-di-tanti-personaggi-illustri-rimini-culla-della-cultura-italiana\/#article\",\"isPartOf\":{\"@id\":\"https:\/\/www.article-marketing.eu\/comunicati\/arte-e-cultura\/citt%e0-natale-di-tanti-personaggi-illustri-rimini-culla-della-cultura-italiana\/\"},\"author\":{\"name\":\"Redazione Comunicati Stampa\",\"@id\":\"https:\/\/www.article-marketing.eu\/comunicati\/#\/schema\/person\/44372e4d4d0fa797b18e03ed1ace9017\"},\"headline\":\"Citt\u00e0 natale di tanti personaggi illustri: Rimini culla della cultura italiana\",\"datePublished\":\"2009-06-08T09:14:29+00:00\",\"mainEntityOfPage\":{\"@id\":\"https:\/\/www.article-marketing.eu\/comunicati\/arte-e-cultura\/citt%e0-natale-di-tanti-personaggi-illustri-rimini-culla-della-cultura-italiana\/\"},\"wordCount\":511,\"commentCount\":0,\"keywords\":[\"alberghi fiera\",\"alberghi rimini\",\"storia rimini\"],\"articleSection\":[\"Arte e cultura\"],\"inLanguage\":\"it-IT\",\"potentialAction\":[{\"@type\":\"CommentAction\",\"name\":\"Comment\",\"target\":[\"https:\/\/www.article-marketing.eu\/comunicati\/arte-e-cultura\/citt%e0-natale-di-tanti-personaggi-illustri-rimini-culla-della-cultura-italiana\/#respond\"]}]},{\"@type\":\"WebPage\",\"@id\":\"https:\/\/www.article-marketing.eu\/comunicati\/arte-e-cultura\/citt%e0-natale-di-tanti-personaggi-illustri-rimini-culla-della-cultura-italiana\/\",\"url\":\"https:\/\/www.article-marketing.eu\/comunicati\/arte-e-cultura\/citt%e0-natale-di-tanti-personaggi-illustri-rimini-culla-della-cultura-italiana\/\",\"name\":\"Citt\u00e0 natale di tanti personaggi illustri: Rimini culla della cultura italiana - Article Marketing\",\"isPartOf\":{\"@id\":\"https:\/\/www.article-marketing.eu\/comunicati\/#website\"},\"datePublished\":\"2009-06-08T09:14:29+00:00\",\"author\":{\"@id\":\"https:\/\/www.article-marketing.eu\/comunicati\/#\/schema\/person\/44372e4d4d0fa797b18e03ed1ace9017\"},\"breadcrumb\":{\"@id\":\"https:\/\/www.article-marketing.eu\/comunicati\/arte-e-cultura\/citt%e0-natale-di-tanti-personaggi-illustri-rimini-culla-della-cultura-italiana\/#breadcrumb\"},\"inLanguage\":\"it-IT\",\"potentialAction\":[{\"@type\":\"ReadAction\",\"target\":[\"https:\/\/www.article-marketing.eu\/comunicati\/arte-e-cultura\/citt%e0-natale-di-tanti-personaggi-illustri-rimini-culla-della-cultura-italiana\/\"]}]},{\"@type\":\"BreadcrumbList\",\"@id\":\"https:\/\/www.article-marketing.eu\/comunicati\/arte-e-cultura\/citt%e0-natale-di-tanti-personaggi-illustri-rimini-culla-della-cultura-italiana\/#breadcrumb\",\"itemListElement\":[{\"@type\":\"ListItem\",\"position\":1,\"name\":\"Home\",\"item\":\"https:\/\/www.article-marketing.eu\/comunicati\/\"},{\"@type\":\"ListItem\",\"position\":2,\"name\":\"Citt\u00e0 natale di tanti personaggi illustri: Rimini culla della cultura italiana\"}]},{\"@type\":\"WebSite\",\"@id\":\"https:\/\/www.article-marketing.eu\/comunicati\/#website\",\"url\":\"https:\/\/www.article-marketing.eu\/comunicati\/\",\"name\":\"Article Marketing\",\"description\":\"article marketing &amp; press release\",\"potentialAction\":[{\"@type\":\"SearchAction\",\"target\":{\"@type\":\"EntryPoint\",\"urlTemplate\":\"https:\/\/www.article-marketing.eu\/comunicati\/?s={search_term_string}\"},\"query-input\":{\"@type\":\"PropertyValueSpecification\",\"valueRequired\":true,\"valueName\":\"search_term_string\"}}],\"inLanguage\":\"it-IT\"},{\"@type\":\"Person\",\"@id\":\"https:\/\/www.article-marketing.eu\/comunicati\/#\/schema\/person\/44372e4d4d0fa797b18e03ed1ace9017\",\"name\":\"Redazione Comunicati Stampa\",\"image\":{\"@type\":\"ImageObject\",\"inLanguage\":\"it-IT\",\"@id\":\"https:\/\/www.article-marketing.eu\/comunicati\/#\/schema\/person\/image\/\",\"url\":\"https:\/\/secure.gravatar.com\/avatar\/50e5c6421d3072f42e7ace803501602c60d75233d34e29fd05feb91c8760b792?s=96&d=mm&r=g\",\"contentUrl\":\"https:\/\/secure.gravatar.com\/avatar\/50e5c6421d3072f42e7ace803501602c60d75233d34e29fd05feb91c8760b792?s=96&d=mm&r=g\",\"caption\":\"Redazione Comunicati Stampa\"},\"url\":\"https:\/\/www.article-marketing.eu\/comunicati\/author\/redazione-comunicati-stampa\/\"}]}<\/script>\n<!-- \/ Yoast SEO plugin. -->","yoast_head_json":{"title":"Citt\u00e0 natale di tanti personaggi illustri: Rimini culla della cultura italiana - Article Marketing","robots":{"index":"index","follow":"follow","max-snippet":"max-snippet:-1","max-image-preview":"max-image-preview:large","max-video-preview":"max-video-preview:-1"},"canonical":"https:\/\/www.article-marketing.eu\/comunicati\/arte-e-cultura\/citt?-natale-di-tanti-personaggi-illustri-rimini-culla-della-cultura-italiana\/","og_locale":"it_IT","og_type":"article","og_title":"Citt\u00e0 natale di tanti personaggi illustri: Rimini culla della cultura italiana - Article Marketing","og_description":"Sono molte le personalit\u00e0 del mondo dello spettacolo legate alla citt\u00e0 di Rimini. Rimini ha infatti dato i natali a molti celebri personaggi, oppure per molti \u00e8 stata un posto molto speciale.","og_url":"https:\/\/www.article-marketing.eu\/comunicati\/arte-e-cultura\/citt?-natale-di-tanti-personaggi-illustri-rimini-culla-della-cultura-italiana\/","og_site_name":"Article Marketing","article_published_time":"2009-06-08T09:14:29+00:00","author":"Redazione Comunicati Stampa","twitter_card":"summary_large_image","twitter_misc":{"Scritto da":"Redazione Comunicati Stampa","Tempo di lettura stimato":"3 minuti"},"schema":{"@context":"https:\/\/schema.org","@graph":[{"@type":"Article","@id":"https:\/\/www.article-marketing.eu\/comunicati\/arte-e-cultura\/citt%e0-natale-di-tanti-personaggi-illustri-rimini-culla-della-cultura-italiana\/#article","isPartOf":{"@id":"https:\/\/www.article-marketing.eu\/comunicati\/arte-e-cultura\/citt%e0-natale-di-tanti-personaggi-illustri-rimini-culla-della-cultura-italiana\/"},"author":{"name":"Redazione Comunicati Stampa","@id":"https:\/\/www.article-marketing.eu\/comunicati\/#\/schema\/person\/44372e4d4d0fa797b18e03ed1ace9017"},"headline":"Citt\u00e0 natale di tanti personaggi illustri: Rimini culla della cultura italiana","datePublished":"2009-06-08T09:14:29+00:00","mainEntityOfPage":{"@id":"https:\/\/www.article-marketing.eu\/comunicati\/arte-e-cultura\/citt%e0-natale-di-tanti-personaggi-illustri-rimini-culla-della-cultura-italiana\/"},"wordCount":511,"commentCount":0,"keywords":["alberghi fiera","alberghi rimini","storia rimini"],"articleSection":["Arte e cultura"],"inLanguage":"it-IT","potentialAction":[{"@type":"CommentAction","name":"Comment","target":["https:\/\/www.article-marketing.eu\/comunicati\/arte-e-cultura\/citt%e0-natale-di-tanti-personaggi-illustri-rimini-culla-della-cultura-italiana\/#respond"]}]},{"@type":"WebPage","@id":"https:\/\/www.article-marketing.eu\/comunicati\/arte-e-cultura\/citt%e0-natale-di-tanti-personaggi-illustri-rimini-culla-della-cultura-italiana\/","url":"https:\/\/www.article-marketing.eu\/comunicati\/arte-e-cultura\/citt%e0-natale-di-tanti-personaggi-illustri-rimini-culla-della-cultura-italiana\/","name":"Citt\u00e0 natale di tanti personaggi illustri: Rimini culla della cultura italiana - Article Marketing","isPartOf":{"@id":"https:\/\/www.article-marketing.eu\/comunicati\/#website"},"datePublished":"2009-06-08T09:14:29+00:00","author":{"@id":"https:\/\/www.article-marketing.eu\/comunicati\/#\/schema\/person\/44372e4d4d0fa797b18e03ed1ace9017"},"breadcrumb":{"@id":"https:\/\/www.article-marketing.eu\/comunicati\/arte-e-cultura\/citt%e0-natale-di-tanti-personaggi-illustri-rimini-culla-della-cultura-italiana\/#breadcrumb"},"inLanguage":"it-IT","potentialAction":[{"@type":"ReadAction","target":["https:\/\/www.article-marketing.eu\/comunicati\/arte-e-cultura\/citt%e0-natale-di-tanti-personaggi-illustri-rimini-culla-della-cultura-italiana\/"]}]},{"@type":"BreadcrumbList","@id":"https:\/\/www.article-marketing.eu\/comunicati\/arte-e-cultura\/citt%e0-natale-di-tanti-personaggi-illustri-rimini-culla-della-cultura-italiana\/#breadcrumb","itemListElement":[{"@type":"ListItem","position":1,"name":"Home","item":"https:\/\/www.article-marketing.eu\/comunicati\/"},{"@type":"ListItem","position":2,"name":"Citt\u00e0 natale di tanti personaggi illustri: Rimini culla della cultura italiana"}]},{"@type":"WebSite","@id":"https:\/\/www.article-marketing.eu\/comunicati\/#website","url":"https:\/\/www.article-marketing.eu\/comunicati\/","name":"Article Marketing","description":"article marketing &amp; press release","potentialAction":[{"@type":"SearchAction","target":{"@type":"EntryPoint","urlTemplate":"https:\/\/www.article-marketing.eu\/comunicati\/?s={search_term_string}"},"query-input":{"@type":"PropertyValueSpecification","valueRequired":true,"valueName":"search_term_string"}}],"inLanguage":"it-IT"},{"@type":"Person","@id":"https:\/\/www.article-marketing.eu\/comunicati\/#\/schema\/person\/44372e4d4d0fa797b18e03ed1ace9017","name":"Redazione Comunicati Stampa","image":{"@type":"ImageObject","inLanguage":"it-IT","@id":"https:\/\/www.article-marketing.eu\/comunicati\/#\/schema\/person\/image\/","url":"https:\/\/secure.gravatar.com\/avatar\/50e5c6421d3072f42e7ace803501602c60d75233d34e29fd05feb91c8760b792?s=96&d=mm&r=g","contentUrl":"https:\/\/secure.gravatar.com\/avatar\/50e5c6421d3072f42e7ace803501602c60d75233d34e29fd05feb91c8760b792?s=96&d=mm&r=g","caption":"Redazione Comunicati Stampa"},"url":"https:\/\/www.article-marketing.eu\/comunicati\/author\/redazione-comunicati-stampa\/"}]}},"_links":{"self":[{"href":"https:\/\/www.article-marketing.eu\/comunicati\/wp-json\/wp\/v2\/posts\/2135","targetHints":{"allow":["GET"]}}],"collection":[{"href":"https:\/\/www.article-marketing.eu\/comunicati\/wp-json\/wp\/v2\/posts"}],"about":[{"href":"https:\/\/www.article-marketing.eu\/comunicati\/wp-json\/wp\/v2\/types\/post"}],"author":[{"embeddable":true,"href":"https:\/\/www.article-marketing.eu\/comunicati\/wp-json\/wp\/v2\/users\/10"}],"replies":[{"embeddable":true,"href":"https:\/\/www.article-marketing.eu\/comunicati\/wp-json\/wp\/v2\/comments?post=2135"}],"version-history":[{"count":0,"href":"https:\/\/www.article-marketing.eu\/comunicati\/wp-json\/wp\/v2\/posts\/2135\/revisions"}],"wp:attachment":[{"href":"https:\/\/www.article-marketing.eu\/comunicati\/wp-json\/wp\/v2\/media?parent=2135"}],"wp:term":[{"taxonomy":"category","embeddable":true,"href":"https:\/\/www.article-marketing.eu\/comunicati\/wp-json\/wp\/v2\/categories?post=2135"},{"taxonomy":"post_tag","embeddable":true,"href":"https:\/\/www.article-marketing.eu\/comunicati\/wp-json\/wp\/v2\/tags?post=2135"}],"curies":[{"name":"wp","href":"https:\/\/api.w.org\/{rel}","templated":true}]}}