{"id":2139,"date":"2009-06-08T12:44:24","date_gmt":"2009-06-08T10:44:24","guid":{"rendered":"http:\/\/www.article-marketing.eu\/comunicati\/senza-categoria\/roma-8-giugno-eureka-enel-al-premio-nazionale-per-linnovazione\/"},"modified":"2009-06-08T12:44:24","modified_gmt":"2009-06-08T10:44:24","slug":"roma-8-giugno-eureka-enel-al-premio-nazionale-per-linnovazione","status":"publish","type":"post","link":"https:\/\/www.article-marketing.eu\/comunicati\/comunicati-stampa\/eventi\/roma-8-giugno-eureka-enel-al-premio-nazionale-per-linnovazione\/","title":{"rendered":"Roma 8 giugno &#8211; Eureka! Enel al Premio Nazionale per l&#8217;Innovazione"},"content":{"rendered":"<p>Un concorso per incentivare e valorizzare lo spirito innovativo delle persone che lavorano in Enel. E per rendere ancora pi\u00f9 efficace il rapporto con il mondo accademico. \u00c8 con questi obiettivi che, nel giugno del 2007, \u00e8 stato lanciato \u201cEureka! \u2013 un\u2019idea per l\u2019energia\u201d.<\/p>\n<p>Il concorso ha riscosso un notevole successo. Prima di tutto fra i dipendenti, che nella prima fase hanno presentato ben 70 progetti di ricerca su temi d\u2019interesse strategico per l\u2019azienda. Una volta individuate le 6 proposte migliori, attraverso un bando pubblico Enel si \u00e8 rivolta alle universit\u00e0, invitandole a una manifestazione di interesse.<\/p>\n<p>Anche la risposta del mondo accademico \u00e8 stata positiva: oltre 5mila professionisti e ricercatori contattati, mentre 155, fra universit\u00e0 e dipartimenti, hanno raccolto la sfida. All\u2019ultima selezione (organizzata secondo i criteri di valutazione della qualit\u00e0 del team di ricercatori, del budget proposto e dello sviluppo della ricerca) sono arrivate 57 proposte, da cui sono state selezionate le 6 vincitrici. <\/p>\n<p>I sei progetti per i quali le Universit\u00e0 hanno presentato una manifestazione di interesse riguardano le seguenti aree: il marketing nel settore energetico; l\u2019ottimizzazione dello stoccaggio del gas e il quadro regolatorio; le reti di distribuzione elettrica; ingegneria delle dighe idroelettriche; modelli di simulazione per i mercati energetici; il portafoglio di generazione \u2013 l\u2019ottimizzazione del rischio.<\/p>\n<p>A tal fine, Enel ha lanciato questo bando per stimolare le universit\u00e0 a presentarsi in base alle loro qualifiche professionali, alla loro interpretazione del progetto, alla loro proposta di organizzazione, timing e budget. I 6 progetti di ricerca Eureka! rappresenteranno un&#8217;occasione per sviluppare un approccio commerciale, produttivo ed efficiente con le Universit\u00e0, dove i vincitori del concorso saranno i garanti della congruenza tra la ricerca finale e gli interessi di Enel.<\/p>\n<p>I progetti di ricerca, realizzati in collaborazione con Enel e finanziati dall\u2019azienda fino a 45mila euro l\u2019uno, sono stati avviati nel settembre del 2008 e si sono conclusi nel giugno del 2009.<\/p>\n<p>Proprio grazie a Eureka! anche Enel partecipa al Premio Nazionale per l&#8217;Innovazione. Il riconoscimento sar\u00e0 assegnato al Quirinale alla presenza del Presidente della Repubblica, Napolitano, e delle pi\u00f9 alte cariche dello Stato. L\u2019appuntamento \u00e8 in programma per l\u20198 giugno. <\/p>\n<p>Nell\u2019occasione, viene celebrata la Giornata Nazionale dell\u2019Innovazione. L\u2019iniziativa ha l&#8217;obiettivo di assicurare un momento annuale di riflessione in merito allo stato dell&#8217;innovazione nel Paese e condividere gli obiettivi strategici da raggiungere, e intende valorizzare, in un&#8217;occasione unica e di rilevanza nazionale, le migliori esperienze di innovazione in Italia.<\/p>\n<p>Informazioni su \u201cEureka! \u2013 un\u2019idea per l\u2019energia\u201d.<br \/>\nUn concorso per incentivare e valorizzare lo spirito innovativo delle persone che lavorano in Enel. E per rendere ancora pi\u00f9 efficace il rapporto con il mondo accademico. \u00c8 con questi obiettivi che, nel giugno del 2007, \u00e8 stato lanciato \u201cEureka! \u2013 un\u2019idea per l\u2019energia\u201d.<\/p>\n","protected":false},"excerpt":{"rendered":"<p>Grazie al progetto Eureka! Il concorso per i dipendenti Enel e le universit\u00e0, anche Enel partecipa al Premio Nazionale per l&#8217;Innovazione. Il riconoscimento sar\u00e0 assegnato al Quirinale alla presenza del Presidente della Repubblica, Napolitano, e delle pi\u00f9 alte cariche dello Stato. L\u2019appuntamento \u00e8 l\u2019 8 giugno.<\/p>\n","protected":false},"author":10,"featured_media":0,"comment_status":"open","ping_status":"open","sticky":false,"template":"","format":"standard","meta":{"cybocfi_hide_featured_image":"","footnotes":""},"categories":[388],"tags":[3663,113,1826,912,32],"class_list":["post-2139","post","type-post","status-publish","format-standard","hentry","category-eventi","tag-enel","tag-energia","tag-innovazione","tag-premio","tag-scienza"],"yoast_head":"<!-- This site is optimized with the Yoast SEO plugin v27.0 - https:\/\/yoast.com\/product\/yoast-seo-wordpress\/ -->\n<title>Roma 8 giugno - Eureka! Enel al Premio Nazionale per l&#039;Innovazione - Article Marketing<\/title>\n<meta name=\"robots\" content=\"index, follow, max-snippet:-1, max-image-preview:large, max-video-preview:-1\" \/>\n<link rel=\"canonical\" href=\"https:\/\/www.article-marketing.eu\/comunicati\/comunicati-stampa\/eventi\/roma-8-giugno-eureka-enel-al-premio-nazionale-per-linnovazione\/\" \/>\n<meta property=\"og:locale\" content=\"it_IT\" \/>\n<meta property=\"og:type\" content=\"article\" \/>\n<meta property=\"og:title\" content=\"Roma 8 giugno - Eureka! Enel al Premio Nazionale per l&#039;Innovazione - Article Marketing\" \/>\n<meta property=\"og:description\" content=\"Grazie al progetto Eureka! Il concorso per i dipendenti Enel e le universit\u00e0, anche Enel partecipa al Premio Nazionale per l&#039;Innovazione. Il riconoscimento sar\u00e0 assegnato al Quirinale alla presenza del Presidente della Repubblica, Napolitano, e delle pi\u00f9 alte cariche dello Stato. L\u2019appuntamento \u00e8 l\u2019 8 giugno.\" \/>\n<meta property=\"og:url\" content=\"https:\/\/www.article-marketing.eu\/comunicati\/comunicati-stampa\/eventi\/roma-8-giugno-eureka-enel-al-premio-nazionale-per-linnovazione\/\" \/>\n<meta property=\"og:site_name\" content=\"Article Marketing\" \/>\n<meta property=\"article:published_time\" content=\"2009-06-08T10:44:24+00:00\" \/>\n<meta name=\"author\" content=\"Redazione Comunicati Stampa\" \/>\n<meta name=\"twitter:card\" content=\"summary_large_image\" \/>\n<meta name=\"twitter:label1\" content=\"Scritto da\" \/>\n\t<meta name=\"twitter:data1\" content=\"Redazione Comunicati Stampa\" \/>\n\t<meta name=\"twitter:label2\" content=\"Tempo di lettura stimato\" \/>\n\t<meta name=\"twitter:data2\" content=\"2 minuti\" \/>\n<script type=\"application\/ld+json\" class=\"yoast-schema-graph\">{\"@context\":\"https:\/\/schema.org\",\"@graph\":[{\"@type\":\"Article\",\"@id\":\"https:\/\/www.article-marketing.eu\/comunicati\/comunicati-stampa\/eventi\/roma-8-giugno-eureka-enel-al-premio-nazionale-per-linnovazione\/#article\",\"isPartOf\":{\"@id\":\"https:\/\/www.article-marketing.eu\/comunicati\/comunicati-stampa\/eventi\/roma-8-giugno-eureka-enel-al-premio-nazionale-per-linnovazione\/\"},\"author\":{\"name\":\"Redazione Comunicati Stampa\",\"@id\":\"https:\/\/www.article-marketing.eu\/comunicati\/#\/schema\/person\/44372e4d4d0fa797b18e03ed1ace9017\"},\"headline\":\"Roma 8 giugno &#8211; Eureka! Enel al Premio Nazionale per l&#8217;Innovazione\",\"datePublished\":\"2009-06-08T10:44:24+00:00\",\"mainEntityOfPage\":{\"@id\":\"https:\/\/www.article-marketing.eu\/comunicati\/comunicati-stampa\/eventi\/roma-8-giugno-eureka-enel-al-premio-nazionale-per-linnovazione\/\"},\"wordCount\":459,\"commentCount\":0,\"keywords\":[\"enel\",\"energia\",\"innovazione\",\"premio\",\"scienza\"],\"articleSection\":[\"Eventi\"],\"inLanguage\":\"it-IT\",\"potentialAction\":[{\"@type\":\"CommentAction\",\"name\":\"Comment\",\"target\":[\"https:\/\/www.article-marketing.eu\/comunicati\/comunicati-stampa\/eventi\/roma-8-giugno-eureka-enel-al-premio-nazionale-per-linnovazione\/#respond\"]}]},{\"@type\":\"WebPage\",\"@id\":\"https:\/\/www.article-marketing.eu\/comunicati\/comunicati-stampa\/eventi\/roma-8-giugno-eureka-enel-al-premio-nazionale-per-linnovazione\/\",\"url\":\"https:\/\/www.article-marketing.eu\/comunicati\/comunicati-stampa\/eventi\/roma-8-giugno-eureka-enel-al-premio-nazionale-per-linnovazione\/\",\"name\":\"Roma 8 giugno - Eureka! Enel al Premio Nazionale per l'Innovazione - Article Marketing\",\"isPartOf\":{\"@id\":\"https:\/\/www.article-marketing.eu\/comunicati\/#website\"},\"datePublished\":\"2009-06-08T10:44:24+00:00\",\"author\":{\"@id\":\"https:\/\/www.article-marketing.eu\/comunicati\/#\/schema\/person\/44372e4d4d0fa797b18e03ed1ace9017\"},\"breadcrumb\":{\"@id\":\"https:\/\/www.article-marketing.eu\/comunicati\/comunicati-stampa\/eventi\/roma-8-giugno-eureka-enel-al-premio-nazionale-per-linnovazione\/#breadcrumb\"},\"inLanguage\":\"it-IT\",\"potentialAction\":[{\"@type\":\"ReadAction\",\"target\":[\"https:\/\/www.article-marketing.eu\/comunicati\/comunicati-stampa\/eventi\/roma-8-giugno-eureka-enel-al-premio-nazionale-per-linnovazione\/\"]}]},{\"@type\":\"BreadcrumbList\",\"@id\":\"https:\/\/www.article-marketing.eu\/comunicati\/comunicati-stampa\/eventi\/roma-8-giugno-eureka-enel-al-premio-nazionale-per-linnovazione\/#breadcrumb\",\"itemListElement\":[{\"@type\":\"ListItem\",\"position\":1,\"name\":\"Home\",\"item\":\"https:\/\/www.article-marketing.eu\/comunicati\/\"},{\"@type\":\"ListItem\",\"position\":2,\"name\":\"Roma 8 giugno &#8211; Eureka! Enel al Premio Nazionale per l&#8217;Innovazione\"}]},{\"@type\":\"WebSite\",\"@id\":\"https:\/\/www.article-marketing.eu\/comunicati\/#website\",\"url\":\"https:\/\/www.article-marketing.eu\/comunicati\/\",\"name\":\"Article Marketing\",\"description\":\"article marketing &amp; press release\",\"potentialAction\":[{\"@type\":\"SearchAction\",\"target\":{\"@type\":\"EntryPoint\",\"urlTemplate\":\"https:\/\/www.article-marketing.eu\/comunicati\/?s={search_term_string}\"},\"query-input\":{\"@type\":\"PropertyValueSpecification\",\"valueRequired\":true,\"valueName\":\"search_term_string\"}}],\"inLanguage\":\"it-IT\"},{\"@type\":\"Person\",\"@id\":\"https:\/\/www.article-marketing.eu\/comunicati\/#\/schema\/person\/44372e4d4d0fa797b18e03ed1ace9017\",\"name\":\"Redazione Comunicati Stampa\",\"image\":{\"@type\":\"ImageObject\",\"inLanguage\":\"it-IT\",\"@id\":\"https:\/\/www.article-marketing.eu\/comunicati\/#\/schema\/person\/image\/\",\"url\":\"https:\/\/secure.gravatar.com\/avatar\/50e5c6421d3072f42e7ace803501602c60d75233d34e29fd05feb91c8760b792?s=96&d=mm&r=g\",\"contentUrl\":\"https:\/\/secure.gravatar.com\/avatar\/50e5c6421d3072f42e7ace803501602c60d75233d34e29fd05feb91c8760b792?s=96&d=mm&r=g\",\"caption\":\"Redazione Comunicati Stampa\"},\"url\":\"https:\/\/www.article-marketing.eu\/comunicati\/author\/redazione-comunicati-stampa\/\"}]}<\/script>\n<!-- \/ Yoast SEO plugin. -->","yoast_head_json":{"title":"Roma 8 giugno - Eureka! Enel al Premio Nazionale per l'Innovazione - Article Marketing","robots":{"index":"index","follow":"follow","max-snippet":"max-snippet:-1","max-image-preview":"max-image-preview:large","max-video-preview":"max-video-preview:-1"},"canonical":"https:\/\/www.article-marketing.eu\/comunicati\/comunicati-stampa\/eventi\/roma-8-giugno-eureka-enel-al-premio-nazionale-per-linnovazione\/","og_locale":"it_IT","og_type":"article","og_title":"Roma 8 giugno - Eureka! Enel al Premio Nazionale per l'Innovazione - Article Marketing","og_description":"Grazie al progetto Eureka! Il concorso per i dipendenti Enel e le universit\u00e0, anche Enel partecipa al Premio Nazionale per l'Innovazione. Il riconoscimento sar\u00e0 assegnato al Quirinale alla presenza del Presidente della Repubblica, Napolitano, e delle pi\u00f9 alte cariche dello Stato. L\u2019appuntamento \u00e8 l\u2019 8 giugno.","og_url":"https:\/\/www.article-marketing.eu\/comunicati\/comunicati-stampa\/eventi\/roma-8-giugno-eureka-enel-al-premio-nazionale-per-linnovazione\/","og_site_name":"Article Marketing","article_published_time":"2009-06-08T10:44:24+00:00","author":"Redazione Comunicati Stampa","twitter_card":"summary_large_image","twitter_misc":{"Scritto da":"Redazione Comunicati Stampa","Tempo di lettura stimato":"2 minuti"},"schema":{"@context":"https:\/\/schema.org","@graph":[{"@type":"Article","@id":"https:\/\/www.article-marketing.eu\/comunicati\/comunicati-stampa\/eventi\/roma-8-giugno-eureka-enel-al-premio-nazionale-per-linnovazione\/#article","isPartOf":{"@id":"https:\/\/www.article-marketing.eu\/comunicati\/comunicati-stampa\/eventi\/roma-8-giugno-eureka-enel-al-premio-nazionale-per-linnovazione\/"},"author":{"name":"Redazione Comunicati Stampa","@id":"https:\/\/www.article-marketing.eu\/comunicati\/#\/schema\/person\/44372e4d4d0fa797b18e03ed1ace9017"},"headline":"Roma 8 giugno &#8211; Eureka! Enel al Premio Nazionale per l&#8217;Innovazione","datePublished":"2009-06-08T10:44:24+00:00","mainEntityOfPage":{"@id":"https:\/\/www.article-marketing.eu\/comunicati\/comunicati-stampa\/eventi\/roma-8-giugno-eureka-enel-al-premio-nazionale-per-linnovazione\/"},"wordCount":459,"commentCount":0,"keywords":["enel","energia","innovazione","premio","scienza"],"articleSection":["Eventi"],"inLanguage":"it-IT","potentialAction":[{"@type":"CommentAction","name":"Comment","target":["https:\/\/www.article-marketing.eu\/comunicati\/comunicati-stampa\/eventi\/roma-8-giugno-eureka-enel-al-premio-nazionale-per-linnovazione\/#respond"]}]},{"@type":"WebPage","@id":"https:\/\/www.article-marketing.eu\/comunicati\/comunicati-stampa\/eventi\/roma-8-giugno-eureka-enel-al-premio-nazionale-per-linnovazione\/","url":"https:\/\/www.article-marketing.eu\/comunicati\/comunicati-stampa\/eventi\/roma-8-giugno-eureka-enel-al-premio-nazionale-per-linnovazione\/","name":"Roma 8 giugno - Eureka! Enel al Premio Nazionale per l'Innovazione - Article Marketing","isPartOf":{"@id":"https:\/\/www.article-marketing.eu\/comunicati\/#website"},"datePublished":"2009-06-08T10:44:24+00:00","author":{"@id":"https:\/\/www.article-marketing.eu\/comunicati\/#\/schema\/person\/44372e4d4d0fa797b18e03ed1ace9017"},"breadcrumb":{"@id":"https:\/\/www.article-marketing.eu\/comunicati\/comunicati-stampa\/eventi\/roma-8-giugno-eureka-enel-al-premio-nazionale-per-linnovazione\/#breadcrumb"},"inLanguage":"it-IT","potentialAction":[{"@type":"ReadAction","target":["https:\/\/www.article-marketing.eu\/comunicati\/comunicati-stampa\/eventi\/roma-8-giugno-eureka-enel-al-premio-nazionale-per-linnovazione\/"]}]},{"@type":"BreadcrumbList","@id":"https:\/\/www.article-marketing.eu\/comunicati\/comunicati-stampa\/eventi\/roma-8-giugno-eureka-enel-al-premio-nazionale-per-linnovazione\/#breadcrumb","itemListElement":[{"@type":"ListItem","position":1,"name":"Home","item":"https:\/\/www.article-marketing.eu\/comunicati\/"},{"@type":"ListItem","position":2,"name":"Roma 8 giugno &#8211; Eureka! Enel al Premio Nazionale per l&#8217;Innovazione"}]},{"@type":"WebSite","@id":"https:\/\/www.article-marketing.eu\/comunicati\/#website","url":"https:\/\/www.article-marketing.eu\/comunicati\/","name":"Article Marketing","description":"article marketing &amp; press release","potentialAction":[{"@type":"SearchAction","target":{"@type":"EntryPoint","urlTemplate":"https:\/\/www.article-marketing.eu\/comunicati\/?s={search_term_string}"},"query-input":{"@type":"PropertyValueSpecification","valueRequired":true,"valueName":"search_term_string"}}],"inLanguage":"it-IT"},{"@type":"Person","@id":"https:\/\/www.article-marketing.eu\/comunicati\/#\/schema\/person\/44372e4d4d0fa797b18e03ed1ace9017","name":"Redazione Comunicati Stampa","image":{"@type":"ImageObject","inLanguage":"it-IT","@id":"https:\/\/www.article-marketing.eu\/comunicati\/#\/schema\/person\/image\/","url":"https:\/\/secure.gravatar.com\/avatar\/50e5c6421d3072f42e7ace803501602c60d75233d34e29fd05feb91c8760b792?s=96&d=mm&r=g","contentUrl":"https:\/\/secure.gravatar.com\/avatar\/50e5c6421d3072f42e7ace803501602c60d75233d34e29fd05feb91c8760b792?s=96&d=mm&r=g","caption":"Redazione Comunicati Stampa"},"url":"https:\/\/www.article-marketing.eu\/comunicati\/author\/redazione-comunicati-stampa\/"}]}},"_links":{"self":[{"href":"https:\/\/www.article-marketing.eu\/comunicati\/wp-json\/wp\/v2\/posts\/2139","targetHints":{"allow":["GET"]}}],"collection":[{"href":"https:\/\/www.article-marketing.eu\/comunicati\/wp-json\/wp\/v2\/posts"}],"about":[{"href":"https:\/\/www.article-marketing.eu\/comunicati\/wp-json\/wp\/v2\/types\/post"}],"author":[{"embeddable":true,"href":"https:\/\/www.article-marketing.eu\/comunicati\/wp-json\/wp\/v2\/users\/10"}],"replies":[{"embeddable":true,"href":"https:\/\/www.article-marketing.eu\/comunicati\/wp-json\/wp\/v2\/comments?post=2139"}],"version-history":[{"count":0,"href":"https:\/\/www.article-marketing.eu\/comunicati\/wp-json\/wp\/v2\/posts\/2139\/revisions"}],"wp:attachment":[{"href":"https:\/\/www.article-marketing.eu\/comunicati\/wp-json\/wp\/v2\/media?parent=2139"}],"wp:term":[{"taxonomy":"category","embeddable":true,"href":"https:\/\/www.article-marketing.eu\/comunicati\/wp-json\/wp\/v2\/categories?post=2139"},{"taxonomy":"post_tag","embeddable":true,"href":"https:\/\/www.article-marketing.eu\/comunicati\/wp-json\/wp\/v2\/tags?post=2139"}],"curies":[{"name":"wp","href":"https:\/\/api.w.org\/{rel}","templated":true}]}}