{"id":2152,"date":"2009-06-10T10:07:27","date_gmt":"2009-06-10T08:07:27","guid":{"rendered":"http:\/\/www.article-marketing.eu\/comunicati\/senza-categoria\/velo-plus-lancia-la-nuova-promozione-estiva\/"},"modified":"2009-06-10T10:07:27","modified_gmt":"2009-06-10T08:07:27","slug":"velo-plus-lancia-la-nuova-promozione-estiva","status":"publish","type":"post","link":"https:\/\/www.article-marketing.eu\/comunicati\/economia-e-lavoro\/attivita-commerciali\/velo-plus-lancia-la-nuova-promozione-estiva\/","title":{"rendered":"VELO PLUS lancia la nuova promozione estiva"},"content":{"rendered":"<p>Azienda <strong>Velo Plus<\/strong> sviluppa la progettazione e la realizzazione dei propri capi, in linea con elevati standard qualitativi a partire dalla scelta dei materiali utilizzati, fino alla definizione dei minimi dettagli, non dimenticando mai la sua vocazione di base: dare ai team e alle squadre una serie di Plus significativi in termini di: <\/p>\n<ul type=\"square\">\n<li>qualit\u00e0 e performance del prodotto <\/li>\n<li>design e progettazione stilistica <\/li>\n<li>tempistiche di consegna <\/li>\n<li>quantitativi minimi di acquisto <\/li>\n<li>condizioni commerciali <\/li>\n<li>promozioni dedicate <\/li>\n<\/ul>\n<p>Velo Plus propone diverse collezioni specifiche per rispondere a tutte le esigenze tipiche delle squadre, dei gruppi sportivi e degli organizzatori di gare, eventi e manifestazioni sportive.<br \/>Per tutti i nuovi clienti che richiederanno un preventivo on line sull&#8217;abbigliamento mezza-stagione\/estate, entro il 30 Giugno, uno sconto EXTRA del 10%!<\/p>\n<p><strong><\/p>\n<ul>\n<li><strong>Abbigliamento Ciclismo: Linea Tecnica<\/strong><br \/>(Abbigliamento tecnico e divise per Squadre e Gruppi Sportivi per il ciclismo strada e mountain bike) <\/li>\n<li><strong>Abbigliamento Ciclismo: Linea Dopo Gara e Riposo<\/strong><br \/>(Abbigliamento dopo gara e da riposo e divise per Squadre e Gruppi Sportivi) <\/li>\n<li><strong>Abbigliamento Ciclismo: Linea Accessori<\/strong><br \/>(Accessori e abbigliamento tecnico per Squadre e Gruppi Sportivi per il ciclismo strada e mountain bike) <\/li>\n<li><strong>Abbigliamento Ciclismo: Linea Spinning <\/strong><br \/>(Abbigliamento per Spinning) <\/li>\n<li><strong>Abbigliamento Ciclismo: Linea Promo Plus <\/strong><br \/>(Abbigliamento promozionale e Gadgets dedicato agli organizzatori di gare, eventi e manifestazioni sportive) <\/li>\n<\/ul>\n<p>&nbsp;I Nostri materiali<\/p>\n<p>Windtex \u00e8 una membrana termoregolatrice che oltre a respingere l&#8217;acqua e il vento \u00e8 elastica e leggera.<br \/>Nella pratica del ciclismo invernale, pur a basse temperature circostanti, la temperatura del corpo aumenta. Necessariamente, per contenere la temperatura corporea entro certi limiti, il calore viene disperso attraverso la sudorazione. L&#8217;alto grado di traspirazione di Windtex consente il mantenimento del microclima corporeo.<\/p>\n<p>Super Roubaix<\/p>\n<p>Le notevoli caratteristiche di traspirabilit\u00e0, scatto, elasticit\u00e0, comfort, morbidezza del pelo e mano gonfia unite alla indiscutibile resistenza anche ad utilizzi intensi e la facilit\u00e0 di manutenzione, ne fanno un autentico punto di riferimento nel settore dei tessuti a pelo stretch, che non ha eguali. I capi prodotti in Super Roubaix forniscono un effetto massaggiante ai muscoli grazie al favorevole potere di compressione.<\/p>\n<p>Lycra<\/p>\n<p>Tessuto dotato di un innata capacit\u00e0 di adattarsi alle forme del corpo, senza stressare o comprimere, semplicemente seguendone le forme.<br \/>La sua elasticit\u00e0 si presta bene alla realizzazione dei body, delle salopette e dei copriscarpe estivi, dove la praticit\u00e0, l&#8217;aerodinamica e la vestibilit\u00e0 sono concetti fondamentali. La <strong>Lycra<\/strong> usata da Veloplus \u00e8 di primissima qualit\u00e0, testata dal nostro team in estenuanti prove di durata e di lavaggio.<\/p>\n<p>Per conoscere i servizi e i prodotti di Veloplus e qualsiasi informazione di carattere generale, scrivete a: <\/p>\n<p><a href=\"mailto:info@veloplus.it\">info@veloplus.it<\/a><\/p>\n<p>Per richiedere un contatto e la visita di un nostro responsabile commerciale, per proposte di partnership commerciali e operazioni di co-marketing scrivete a:<\/p>\n<p>&nbsp;marketing@veloplus.it <\/p>\n<p><\/p>\n<p>&nbsp;<\/p>\n<p><strong>Contattaci e richiedi un preventivo personalizzato!<\/strong> <\/p>\n<p>Scarica il nostro catalogo completo! <\/p>\n<p>Per parlare direttamente con un nostro responsabile contattaci ai numeri <strong>347\/59.47.084 &#8211; 039\/95.40.882<\/strong>&nbsp; <strong>039\/921.07.31<\/strong><\/p>\n<p>&nbsp;<\/p>\n<p><\/p>\n<p><\/strong><\/p>\n","protected":false},"excerpt":{"rendered":"<p>PRMOZIONE ESTIVA<br \/>\nVelo Plus propone diverse collezioni specifiche per rispondere a tutte le esigenze tipiche delle squadre, dei gruppi sportivi e degli organizzatori di gare, eventi e manifestazioni sportive.<br \/>\nPer tutti i nuovi clienti che richiederanno un preventivo on line sull&#8217;abbigliamento mezza-stagione\/estate, entro il 30 Giugno, uno sconto EXTRA del 10%!<\/p>\n","protected":false},"author":10,"featured_media":0,"comment_status":"open","ping_status":"open","sticky":false,"template":"","format":"standard","meta":{"cybocfi_hide_featured_image":"","footnotes":""},"categories":[413],"tags":[1007,6660,2073,6661,11],"class_list":["post-2152","post","type-post","status-publish","format-standard","hentry","category-attivita-commerciali","tag-abbigliamento","tag-abbigliamento-sportivo-personalizzato","tag-ciclismo","tag-maglie-ciclismo","tag-sport"],"yoast_head":"<!-- This site is optimized with the Yoast SEO plugin v27.0 - https:\/\/yoast.com\/product\/yoast-seo-wordpress\/ -->\n<title>VELO PLUS lancia la nuova promozione estiva - Article Marketing<\/title>\n<meta name=\"robots\" content=\"index, follow, max-snippet:-1, max-image-preview:large, max-video-preview:-1\" \/>\n<link rel=\"canonical\" href=\"https:\/\/www.article-marketing.eu\/comunicati\/economia-e-lavoro\/attivita-commerciali\/velo-plus-lancia-la-nuova-promozione-estiva\/\" \/>\n<meta property=\"og:locale\" content=\"it_IT\" \/>\n<meta property=\"og:type\" content=\"article\" \/>\n<meta property=\"og:title\" content=\"VELO PLUS lancia la nuova promozione estiva - Article Marketing\" \/>\n<meta property=\"og:description\" content=\"PRMOZIONE ESTIVA Velo Plus propone diverse collezioni specifiche per rispondere a tutte le esigenze tipiche delle squadre, dei gruppi sportivi e degli organizzatori di gare, eventi e manifestazioni sportive. Per tutti i nuovi clienti che richiederanno un preventivo on line sull&#039;abbigliamento mezza-stagione\/estate, entro il 30 Giugno, uno sconto EXTRA del 10%!\" \/>\n<meta property=\"og:url\" content=\"https:\/\/www.article-marketing.eu\/comunicati\/economia-e-lavoro\/attivita-commerciali\/velo-plus-lancia-la-nuova-promozione-estiva\/\" \/>\n<meta property=\"og:site_name\" content=\"Article Marketing\" \/>\n<meta property=\"article:published_time\" content=\"2009-06-10T08:07:27+00:00\" \/>\n<meta name=\"author\" content=\"Redazione Comunicati Stampa\" \/>\n<meta name=\"twitter:card\" content=\"summary_large_image\" \/>\n<meta name=\"twitter:label1\" content=\"Scritto da\" \/>\n\t<meta name=\"twitter:data1\" content=\"Redazione Comunicati Stampa\" \/>\n\t<meta name=\"twitter:label2\" content=\"Tempo di lettura stimato\" \/>\n\t<meta name=\"twitter:data2\" content=\"2 minuti\" \/>\n<script type=\"application\/ld+json\" class=\"yoast-schema-graph\">{\"@context\":\"https:\/\/schema.org\",\"@graph\":[{\"@type\":\"Article\",\"@id\":\"https:\/\/www.article-marketing.eu\/comunicati\/economia-e-lavoro\/attivita-commerciali\/velo-plus-lancia-la-nuova-promozione-estiva\/#article\",\"isPartOf\":{\"@id\":\"https:\/\/www.article-marketing.eu\/comunicati\/economia-e-lavoro\/attivita-commerciali\/velo-plus-lancia-la-nuova-promozione-estiva\/\"},\"author\":{\"name\":\"Redazione Comunicati Stampa\",\"@id\":\"https:\/\/www.article-marketing.eu\/comunicati\/#\/schema\/person\/44372e4d4d0fa797b18e03ed1ace9017\"},\"headline\":\"VELO PLUS lancia la nuova promozione estiva\",\"datePublished\":\"2009-06-10T08:07:27+00:00\",\"mainEntityOfPage\":{\"@id\":\"https:\/\/www.article-marketing.eu\/comunicati\/economia-e-lavoro\/attivita-commerciali\/velo-plus-lancia-la-nuova-promozione-estiva\/\"},\"wordCount\":479,\"commentCount\":0,\"keywords\":[\"abbigliamento\",\"abbigliamento sportivo personalizzato\",\"ciclismo\",\"maglie ciclismo\",\"sport\"],\"articleSection\":[\"Attivit\u00e0 Commerciali\"],\"inLanguage\":\"it-IT\",\"potentialAction\":[{\"@type\":\"CommentAction\",\"name\":\"Comment\",\"target\":[\"https:\/\/www.article-marketing.eu\/comunicati\/economia-e-lavoro\/attivita-commerciali\/velo-plus-lancia-la-nuova-promozione-estiva\/#respond\"]}]},{\"@type\":\"WebPage\",\"@id\":\"https:\/\/www.article-marketing.eu\/comunicati\/economia-e-lavoro\/attivita-commerciali\/velo-plus-lancia-la-nuova-promozione-estiva\/\",\"url\":\"https:\/\/www.article-marketing.eu\/comunicati\/economia-e-lavoro\/attivita-commerciali\/velo-plus-lancia-la-nuova-promozione-estiva\/\",\"name\":\"VELO PLUS lancia la nuova promozione estiva - Article Marketing\",\"isPartOf\":{\"@id\":\"https:\/\/www.article-marketing.eu\/comunicati\/#website\"},\"datePublished\":\"2009-06-10T08:07:27+00:00\",\"author\":{\"@id\":\"https:\/\/www.article-marketing.eu\/comunicati\/#\/schema\/person\/44372e4d4d0fa797b18e03ed1ace9017\"},\"breadcrumb\":{\"@id\":\"https:\/\/www.article-marketing.eu\/comunicati\/economia-e-lavoro\/attivita-commerciali\/velo-plus-lancia-la-nuova-promozione-estiva\/#breadcrumb\"},\"inLanguage\":\"it-IT\",\"potentialAction\":[{\"@type\":\"ReadAction\",\"target\":[\"https:\/\/www.article-marketing.eu\/comunicati\/economia-e-lavoro\/attivita-commerciali\/velo-plus-lancia-la-nuova-promozione-estiva\/\"]}]},{\"@type\":\"BreadcrumbList\",\"@id\":\"https:\/\/www.article-marketing.eu\/comunicati\/economia-e-lavoro\/attivita-commerciali\/velo-plus-lancia-la-nuova-promozione-estiva\/#breadcrumb\",\"itemListElement\":[{\"@type\":\"ListItem\",\"position\":1,\"name\":\"Home\",\"item\":\"https:\/\/www.article-marketing.eu\/comunicati\/\"},{\"@type\":\"ListItem\",\"position\":2,\"name\":\"VELO PLUS lancia la nuova promozione estiva\"}]},{\"@type\":\"WebSite\",\"@id\":\"https:\/\/www.article-marketing.eu\/comunicati\/#website\",\"url\":\"https:\/\/www.article-marketing.eu\/comunicati\/\",\"name\":\"Article Marketing\",\"description\":\"article marketing &amp; press release\",\"potentialAction\":[{\"@type\":\"SearchAction\",\"target\":{\"@type\":\"EntryPoint\",\"urlTemplate\":\"https:\/\/www.article-marketing.eu\/comunicati\/?s={search_term_string}\"},\"query-input\":{\"@type\":\"PropertyValueSpecification\",\"valueRequired\":true,\"valueName\":\"search_term_string\"}}],\"inLanguage\":\"it-IT\"},{\"@type\":\"Person\",\"@id\":\"https:\/\/www.article-marketing.eu\/comunicati\/#\/schema\/person\/44372e4d4d0fa797b18e03ed1ace9017\",\"name\":\"Redazione Comunicati Stampa\",\"image\":{\"@type\":\"ImageObject\",\"inLanguage\":\"it-IT\",\"@id\":\"https:\/\/www.article-marketing.eu\/comunicati\/#\/schema\/person\/image\/\",\"url\":\"https:\/\/secure.gravatar.com\/avatar\/50e5c6421d3072f42e7ace803501602c60d75233d34e29fd05feb91c8760b792?s=96&d=mm&r=g\",\"contentUrl\":\"https:\/\/secure.gravatar.com\/avatar\/50e5c6421d3072f42e7ace803501602c60d75233d34e29fd05feb91c8760b792?s=96&d=mm&r=g\",\"caption\":\"Redazione Comunicati Stampa\"},\"url\":\"https:\/\/www.article-marketing.eu\/comunicati\/author\/redazione-comunicati-stampa\/\"}]}<\/script>\n<!-- \/ Yoast SEO plugin. -->","yoast_head_json":{"title":"VELO PLUS lancia la nuova promozione estiva - Article Marketing","robots":{"index":"index","follow":"follow","max-snippet":"max-snippet:-1","max-image-preview":"max-image-preview:large","max-video-preview":"max-video-preview:-1"},"canonical":"https:\/\/www.article-marketing.eu\/comunicati\/economia-e-lavoro\/attivita-commerciali\/velo-plus-lancia-la-nuova-promozione-estiva\/","og_locale":"it_IT","og_type":"article","og_title":"VELO PLUS lancia la nuova promozione estiva - Article Marketing","og_description":"PRMOZIONE ESTIVA Velo Plus propone diverse collezioni specifiche per rispondere a tutte le esigenze tipiche delle squadre, dei gruppi sportivi e degli organizzatori di gare, eventi e manifestazioni sportive. Per tutti i nuovi clienti che richiederanno un preventivo on line sull'abbigliamento mezza-stagione\/estate, entro il 30 Giugno, uno sconto EXTRA del 10%!","og_url":"https:\/\/www.article-marketing.eu\/comunicati\/economia-e-lavoro\/attivita-commerciali\/velo-plus-lancia-la-nuova-promozione-estiva\/","og_site_name":"Article Marketing","article_published_time":"2009-06-10T08:07:27+00:00","author":"Redazione Comunicati Stampa","twitter_card":"summary_large_image","twitter_misc":{"Scritto da":"Redazione Comunicati Stampa","Tempo di lettura stimato":"2 minuti"},"schema":{"@context":"https:\/\/schema.org","@graph":[{"@type":"Article","@id":"https:\/\/www.article-marketing.eu\/comunicati\/economia-e-lavoro\/attivita-commerciali\/velo-plus-lancia-la-nuova-promozione-estiva\/#article","isPartOf":{"@id":"https:\/\/www.article-marketing.eu\/comunicati\/economia-e-lavoro\/attivita-commerciali\/velo-plus-lancia-la-nuova-promozione-estiva\/"},"author":{"name":"Redazione Comunicati Stampa","@id":"https:\/\/www.article-marketing.eu\/comunicati\/#\/schema\/person\/44372e4d4d0fa797b18e03ed1ace9017"},"headline":"VELO PLUS lancia la nuova promozione estiva","datePublished":"2009-06-10T08:07:27+00:00","mainEntityOfPage":{"@id":"https:\/\/www.article-marketing.eu\/comunicati\/economia-e-lavoro\/attivita-commerciali\/velo-plus-lancia-la-nuova-promozione-estiva\/"},"wordCount":479,"commentCount":0,"keywords":["abbigliamento","abbigliamento sportivo personalizzato","ciclismo","maglie ciclismo","sport"],"articleSection":["Attivit\u00e0 Commerciali"],"inLanguage":"it-IT","potentialAction":[{"@type":"CommentAction","name":"Comment","target":["https:\/\/www.article-marketing.eu\/comunicati\/economia-e-lavoro\/attivita-commerciali\/velo-plus-lancia-la-nuova-promozione-estiva\/#respond"]}]},{"@type":"WebPage","@id":"https:\/\/www.article-marketing.eu\/comunicati\/economia-e-lavoro\/attivita-commerciali\/velo-plus-lancia-la-nuova-promozione-estiva\/","url":"https:\/\/www.article-marketing.eu\/comunicati\/economia-e-lavoro\/attivita-commerciali\/velo-plus-lancia-la-nuova-promozione-estiva\/","name":"VELO PLUS lancia la nuova promozione estiva - Article Marketing","isPartOf":{"@id":"https:\/\/www.article-marketing.eu\/comunicati\/#website"},"datePublished":"2009-06-10T08:07:27+00:00","author":{"@id":"https:\/\/www.article-marketing.eu\/comunicati\/#\/schema\/person\/44372e4d4d0fa797b18e03ed1ace9017"},"breadcrumb":{"@id":"https:\/\/www.article-marketing.eu\/comunicati\/economia-e-lavoro\/attivita-commerciali\/velo-plus-lancia-la-nuova-promozione-estiva\/#breadcrumb"},"inLanguage":"it-IT","potentialAction":[{"@type":"ReadAction","target":["https:\/\/www.article-marketing.eu\/comunicati\/economia-e-lavoro\/attivita-commerciali\/velo-plus-lancia-la-nuova-promozione-estiva\/"]}]},{"@type":"BreadcrumbList","@id":"https:\/\/www.article-marketing.eu\/comunicati\/economia-e-lavoro\/attivita-commerciali\/velo-plus-lancia-la-nuova-promozione-estiva\/#breadcrumb","itemListElement":[{"@type":"ListItem","position":1,"name":"Home","item":"https:\/\/www.article-marketing.eu\/comunicati\/"},{"@type":"ListItem","position":2,"name":"VELO PLUS lancia la nuova promozione estiva"}]},{"@type":"WebSite","@id":"https:\/\/www.article-marketing.eu\/comunicati\/#website","url":"https:\/\/www.article-marketing.eu\/comunicati\/","name":"Article Marketing","description":"article marketing &amp; press release","potentialAction":[{"@type":"SearchAction","target":{"@type":"EntryPoint","urlTemplate":"https:\/\/www.article-marketing.eu\/comunicati\/?s={search_term_string}"},"query-input":{"@type":"PropertyValueSpecification","valueRequired":true,"valueName":"search_term_string"}}],"inLanguage":"it-IT"},{"@type":"Person","@id":"https:\/\/www.article-marketing.eu\/comunicati\/#\/schema\/person\/44372e4d4d0fa797b18e03ed1ace9017","name":"Redazione Comunicati Stampa","image":{"@type":"ImageObject","inLanguage":"it-IT","@id":"https:\/\/www.article-marketing.eu\/comunicati\/#\/schema\/person\/image\/","url":"https:\/\/secure.gravatar.com\/avatar\/50e5c6421d3072f42e7ace803501602c60d75233d34e29fd05feb91c8760b792?s=96&d=mm&r=g","contentUrl":"https:\/\/secure.gravatar.com\/avatar\/50e5c6421d3072f42e7ace803501602c60d75233d34e29fd05feb91c8760b792?s=96&d=mm&r=g","caption":"Redazione Comunicati Stampa"},"url":"https:\/\/www.article-marketing.eu\/comunicati\/author\/redazione-comunicati-stampa\/"}]}},"_links":{"self":[{"href":"https:\/\/www.article-marketing.eu\/comunicati\/wp-json\/wp\/v2\/posts\/2152","targetHints":{"allow":["GET"]}}],"collection":[{"href":"https:\/\/www.article-marketing.eu\/comunicati\/wp-json\/wp\/v2\/posts"}],"about":[{"href":"https:\/\/www.article-marketing.eu\/comunicati\/wp-json\/wp\/v2\/types\/post"}],"author":[{"embeddable":true,"href":"https:\/\/www.article-marketing.eu\/comunicati\/wp-json\/wp\/v2\/users\/10"}],"replies":[{"embeddable":true,"href":"https:\/\/www.article-marketing.eu\/comunicati\/wp-json\/wp\/v2\/comments?post=2152"}],"version-history":[{"count":0,"href":"https:\/\/www.article-marketing.eu\/comunicati\/wp-json\/wp\/v2\/posts\/2152\/revisions"}],"wp:attachment":[{"href":"https:\/\/www.article-marketing.eu\/comunicati\/wp-json\/wp\/v2\/media?parent=2152"}],"wp:term":[{"taxonomy":"category","embeddable":true,"href":"https:\/\/www.article-marketing.eu\/comunicati\/wp-json\/wp\/v2\/categories?post=2152"},{"taxonomy":"post_tag","embeddable":true,"href":"https:\/\/www.article-marketing.eu\/comunicati\/wp-json\/wp\/v2\/tags?post=2152"}],"curies":[{"name":"wp","href":"https:\/\/api.w.org\/{rel}","templated":true}]}}