{"id":2159,"date":"2009-06-11T16:09:17","date_gmt":"2009-06-11T14:09:17","guid":{"rendered":"http:\/\/www.article-marketing.eu\/comunicati\/senza-categoria\/eventi-e-opportunit%e0-della-primavera-a-roma\/"},"modified":"2018-06-04T20:16:03","modified_gmt":"2018-06-04T18:16:03","slug":"eventi-e-opportunit%e0-della-primavera-a-roma","status":"publish","type":"post","link":"https:\/\/www.article-marketing.eu\/comunicati\/tempo-libero\/eventi-e-opportunit%e0-della-primavera-a-roma\/","title":{"rendered":"Eventi e opportunit\u00e0 della primavera a Roma"},"content":{"rendered":"<p>Finalmente \u00e8 arrivata la primavera, il caldo, la bella stagione, e<br \/>\nsoprattutto si avvicinano le vacanze estive. Tutti ormai stiamo<br \/>\npianificando dove andare a rilassarci quest\u2019estate, al mare in montagna<br \/>\ne perch\u00e9 no nelle citt\u00e0 d\u2019arte.<\/p>\n<p>Per<br \/>\nnoi italiani la citt\u00e0 d\u2019arte per eccellenza \u00e8 Roma, una citt\u00e0 magica e<br \/>\nmagnifica, che non delude mai. Che sia per una settimana di vacanza o<br \/>\nanche solo per un week end di relax, Roma resta sempre una meta<br \/>\ninteressante, che pu\u00f2 offrire a tutti i turisti sia momenti di cultura<br \/>\nche di divertimento. Roma infatti in primavera si colora di nuove luci.<\/p>\n<p>Ma Roma non \u00e8 solo citt\u00e0 d\u2019arte, infatti c\u2019\u00e8 un universo parallelo oltre al Colosseo Roma,<br \/>\ndifatti \u00e8 anche citt\u00e0 di mare, con spiagge, dune e un nuovissimo porto<br \/>\nturistico. Tutto ci\u00f2 la rende assolutamente unica e per questo ambita<br \/>\nda molti: con l\u2019arrivo delle belle giornate \u00e8 facile arrivare a uno<br \/>\ndegli stabilimenti di Ostia e godere di una giornata all\u2019aria aperta<br \/>\npasseggiando in riva al mare.<\/p>\n<p>Ma non dimentichiamo anche che<br \/>\nmaggio \u00e8 il mese dei fiori: d\u2019obbligo quindi la visita al Roseto<br \/>\nComunale che, solo per pochi giorni, apre i suoi cancelli per mostrare<br \/>\na tutti gli amanti delle rose, pi\u00f9 di 1.000 esemplari provenienti da<br \/>\ntutto il mondo.<br \/>Spettacoli e manifestazioni sono stati, invece,<br \/>\norganizzati per dar vita ad una notte davvero speciale, la Notte dei<br \/>\nmusei, che consentir\u00e0 a tutti di avvicinarsi all\u2019arte con ingresso<br \/>\ngratuito in insoliti orari serali.<br \/>Sul finire del mese, da non<br \/>\nperdere, l\u2019evento che richiama ogni anno migliaia di spettatori, il<br \/>\nFestival delle Letterature, con autori rinomati e testi inediti<br \/>\ninaugura la stagione dell\u2019estate romana.<\/p>\n<p>Moltissimi e accattivanti sono quindi gli eventi in programma e le informazioni su Roma<br \/>\ncertamente non mancano, qui le possibilit\u00e0 non mancano mai, in nessun<br \/>\nperiodo dell\u2019anno, ma in questo particolarmente. La spiaggia di Ostia \u00e8<br \/>\ndavvero a poca distanza, i locali, i ristoranti, gli hotel, i pub non<br \/>\nmancano di certo, anzi la vita notturna romana \u00e8 fra le pi\u00f9 famose in<br \/>\nEuropa.<\/p>\n<p>Inoltre non mancano certo le novit\u00e0, qualche giorno fa \u00e8<br \/>\nstato presentato un progetto di perfettibilit\u00e0 per la prossima<br \/>\ncreazione di un circuito di F1, che probabilmente proprio nel 2012 si<br \/>\ncorrer\u00e0 a Roma. L\u2019area individuata \u00e8 quella dell\u2019Eur, tra viale<br \/>\ndell\u2019Arte, viale delle Tre Fontane e via di Val Fiorita, in cui<br \/>\nverrebbe costruito un circuito di 4.669 metri da percorrere in poco pi\u00f9<br \/>\ndi un minuto e mezzo, ad una velocit\u00e0 media di quasi 180 km\/h.<\/p>\n<p>Si<br \/>\ntratta di un grande progetto sportivo che contribuir\u00e0 ad attrarre nuovi<br \/>\nflussi turistici e allo stesso tempo a creare nuovi posti di lavoro. Il<br \/>\nGran Premio di Formula 1 si inserisce nel ventaglio di iniziative<br \/>\nprogettate per la creazione del Secondo Polo Turistico della capitale,<br \/>\nnuovo polo di attrazione rivolto ai diversi segmenti del mercato<br \/>\nturistico. Accanto al Gran Premio di Formula 1 si attiveranno, inoltre,<br \/>\nuna serie di strutture parallele come la Fiera di Roma, il Palazzo dei<br \/>\nCongressi, il Palazzo della Civilt\u00e0 e del Lavoro, la futura Nuvola di<br \/>\nFuksas e tanti altri.<\/p>\n<p>Una citt\u00e0 che ha molto da offrire, anche grazie alle sue sistemazioni a Roma,<br \/>\ne che sempre di pi\u00f9 ne avr\u00e0 in futuro, perci\u00f2 affrettatevi a<br \/>\norganizzare la vostra vacanza a Roma e potete essere certi che,<br \/>\nqualsiasi siano i vostri interessi, saranno di certo soddisfatti dalla<br \/>\nvariegata gamma di offerte di questa sempre magica citt\u00e0!<\/p>\n<p><\/p>\n","protected":false},"excerpt":{"rendered":"<p>Per noi italiani la citt\u00e0 d\u2019arte per eccellenza \u00e8 Roma, una citt\u00e0 magica e magnifica, che non delude mai. Che sia per una settimana di vacanza o anche solo per un week end di relax, Roma resta sempre una meta interessante<\/p>\n","protected":false},"author":10,"featured_media":0,"comment_status":"open","ping_status":"open","sticky":false,"template":"","format":"standard","meta":{"cybocfi_hide_featured_image":"","footnotes":""},"categories":[295],"tags":[6676],"class_list":["post-2159","post","type-post","status-publish","format-standard","hentry","category-tempo-libero","tag-alloggi-roma"],"yoast_head":"<!-- This site is optimized with the Yoast SEO plugin v27.0 - https:\/\/yoast.com\/product\/yoast-seo-wordpress\/ -->\n<title>Eventi e opportunit\u00e0 della primavera a Roma - Article Marketing<\/title>\n<meta name=\"robots\" content=\"index, follow, max-snippet:-1, max-image-preview:large, max-video-preview:-1\" \/>\n<link rel=\"canonical\" href=\"https:\/\/www.article-marketing.eu\/comunicati\/tempo-libero\/eventi-e-opportunit?-della-primavera-a-roma\/\" \/>\n<meta property=\"og:locale\" content=\"it_IT\" \/>\n<meta property=\"og:type\" content=\"article\" \/>\n<meta property=\"og:title\" content=\"Eventi e opportunit\u00e0 della primavera a Roma - Article Marketing\" \/>\n<meta property=\"og:description\" content=\"Per noi italiani la citt\u00e0 d\u2019arte per eccellenza \u00e8 Roma, una citt\u00e0 magica e magnifica, che non delude mai. Che sia per una settimana di vacanza o anche solo per un week end di relax, Roma resta sempre una meta interessante\" \/>\n<meta property=\"og:url\" content=\"\" \/>\n<meta property=\"og:site_name\" content=\"Article Marketing\" \/>\n<meta property=\"article:published_time\" content=\"2009-06-11T14:09:17+00:00\" \/>\n<meta property=\"article:modified_time\" content=\"2018-06-04T18:16:03+00:00\" \/>\n<meta name=\"author\" content=\"Redazione Comunicati Stampa\" \/>\n<meta name=\"twitter:card\" content=\"summary_large_image\" \/>\n<meta name=\"twitter:label1\" content=\"Scritto da\" \/>\n\t<meta name=\"twitter:data1\" content=\"Redazione Comunicati Stampa\" \/>\n\t<meta name=\"twitter:label2\" content=\"Tempo di lettura stimato\" \/>\n\t<meta name=\"twitter:data2\" content=\"3 minuti\" \/>\n<script type=\"application\/ld+json\" class=\"yoast-schema-graph\">{\"@context\":\"https:\/\/schema.org\",\"@graph\":[{\"@type\":\"Article\",\"@id\":\"https:\/\/www.article-marketing.eu\/comunicati\/tempo-libero\/eventi-e-opportunit%e0-della-primavera-a-roma\/#article\",\"isPartOf\":{\"@id\":\"https:\/\/www.article-marketing.eu\/comunicati\/tempo-libero\/eventi-e-opportunit%e0-della-primavera-a-roma\/\"},\"author\":{\"name\":\"Redazione Comunicati Stampa\",\"@id\":\"https:\/\/www.article-marketing.eu\/comunicati\/#\/schema\/person\/44372e4d4d0fa797b18e03ed1ace9017\"},\"headline\":\"Eventi e opportunit\u00e0 della primavera a Roma\",\"datePublished\":\"2009-06-11T14:09:17+00:00\",\"dateModified\":\"2018-06-04T18:16:03+00:00\",\"mainEntityOfPage\":{\"@id\":\"https:\/\/www.article-marketing.eu\/comunicati\/tempo-libero\/eventi-e-opportunit%e0-della-primavera-a-roma\/\"},\"wordCount\":575,\"commentCount\":0,\"keywords\":[\"alloggi roma\"],\"articleSection\":[\"Tempo libero\"],\"inLanguage\":\"it-IT\",\"potentialAction\":[{\"@type\":\"CommentAction\",\"name\":\"Comment\",\"target\":[\"https:\/\/www.article-marketing.eu\/comunicati\/tempo-libero\/eventi-e-opportunit%e0-della-primavera-a-roma\/#respond\"]}]},{\"@type\":\"WebPage\",\"@id\":\"https:\/\/www.article-marketing.eu\/comunicati\/tempo-libero\/eventi-e-opportunit%e0-della-primavera-a-roma\/\",\"url\":\"https:\/\/www.article-marketing.eu\/comunicati\/tempo-libero\/eventi-e-opportunit%e0-della-primavera-a-roma\/\",\"name\":\"Eventi e opportunit\u00e0 della primavera a Roma - Article Marketing\",\"isPartOf\":{\"@id\":\"https:\/\/www.article-marketing.eu\/comunicati\/#website\"},\"datePublished\":\"2009-06-11T14:09:17+00:00\",\"dateModified\":\"2018-06-04T18:16:03+00:00\",\"author\":{\"@id\":\"https:\/\/www.article-marketing.eu\/comunicati\/#\/schema\/person\/44372e4d4d0fa797b18e03ed1ace9017\"},\"breadcrumb\":{\"@id\":\"https:\/\/www.article-marketing.eu\/comunicati\/tempo-libero\/eventi-e-opportunit%e0-della-primavera-a-roma\/#breadcrumb\"},\"inLanguage\":\"it-IT\",\"potentialAction\":[{\"@type\":\"ReadAction\",\"target\":[\"https:\/\/www.article-marketing.eu\/comunicati\/tempo-libero\/eventi-e-opportunit%e0-della-primavera-a-roma\/\"]}]},{\"@type\":\"BreadcrumbList\",\"@id\":\"https:\/\/www.article-marketing.eu\/comunicati\/tempo-libero\/eventi-e-opportunit%e0-della-primavera-a-roma\/#breadcrumb\",\"itemListElement\":[{\"@type\":\"ListItem\",\"position\":1,\"name\":\"Home\",\"item\":\"https:\/\/www.article-marketing.eu\/comunicati\/\"},{\"@type\":\"ListItem\",\"position\":2,\"name\":\"Eventi e opportunit\u00e0 della primavera a Roma\"}]},{\"@type\":\"WebSite\",\"@id\":\"https:\/\/www.article-marketing.eu\/comunicati\/#website\",\"url\":\"https:\/\/www.article-marketing.eu\/comunicati\/\",\"name\":\"Article Marketing\",\"description\":\"article marketing &amp; press release\",\"potentialAction\":[{\"@type\":\"SearchAction\",\"target\":{\"@type\":\"EntryPoint\",\"urlTemplate\":\"https:\/\/www.article-marketing.eu\/comunicati\/?s={search_term_string}\"},\"query-input\":{\"@type\":\"PropertyValueSpecification\",\"valueRequired\":true,\"valueName\":\"search_term_string\"}}],\"inLanguage\":\"it-IT\"},{\"@type\":\"Person\",\"@id\":\"https:\/\/www.article-marketing.eu\/comunicati\/#\/schema\/person\/44372e4d4d0fa797b18e03ed1ace9017\",\"name\":\"Redazione Comunicati Stampa\",\"image\":{\"@type\":\"ImageObject\",\"inLanguage\":\"it-IT\",\"@id\":\"https:\/\/www.article-marketing.eu\/comunicati\/#\/schema\/person\/image\/\",\"url\":\"https:\/\/secure.gravatar.com\/avatar\/50e5c6421d3072f42e7ace803501602c60d75233d34e29fd05feb91c8760b792?s=96&d=mm&r=g\",\"contentUrl\":\"https:\/\/secure.gravatar.com\/avatar\/50e5c6421d3072f42e7ace803501602c60d75233d34e29fd05feb91c8760b792?s=96&d=mm&r=g\",\"caption\":\"Redazione Comunicati Stampa\"},\"url\":\"https:\/\/www.article-marketing.eu\/comunicati\/author\/redazione-comunicati-stampa\/\"}]}<\/script>\n<!-- \/ Yoast SEO plugin. -->","yoast_head_json":{"title":"Eventi e opportunit\u00e0 della primavera a Roma - Article Marketing","robots":{"index":"index","follow":"follow","max-snippet":"max-snippet:-1","max-image-preview":"max-image-preview:large","max-video-preview":"max-video-preview:-1"},"canonical":"https:\/\/www.article-marketing.eu\/comunicati\/tempo-libero\/eventi-e-opportunit?-della-primavera-a-roma\/","og_locale":"it_IT","og_type":"article","og_title":"Eventi e opportunit\u00e0 della primavera a Roma - Article Marketing","og_description":"Per noi italiani la citt\u00e0 d\u2019arte per eccellenza \u00e8 Roma, una citt\u00e0 magica e magnifica, che non delude mai. Che sia per una settimana di vacanza o anche solo per un week end di relax, Roma resta sempre una meta interessante","og_url":"https:\/\/www.article-marketing.eu\/comunicati\/tempo-libero\/eventi-e-opportunit?-della-primavera-a-roma\/","og_site_name":"Article Marketing","article_published_time":"2009-06-11T14:09:17+00:00","article_modified_time":"2018-06-04T18:16:03+00:00","author":"Redazione Comunicati Stampa","twitter_card":"summary_large_image","twitter_misc":{"Scritto da":"Redazione Comunicati Stampa","Tempo di lettura stimato":"3 minuti"},"schema":{"@context":"https:\/\/schema.org","@graph":[{"@type":"Article","@id":"https:\/\/www.article-marketing.eu\/comunicati\/tempo-libero\/eventi-e-opportunit%e0-della-primavera-a-roma\/#article","isPartOf":{"@id":"https:\/\/www.article-marketing.eu\/comunicati\/tempo-libero\/eventi-e-opportunit%e0-della-primavera-a-roma\/"},"author":{"name":"Redazione Comunicati Stampa","@id":"https:\/\/www.article-marketing.eu\/comunicati\/#\/schema\/person\/44372e4d4d0fa797b18e03ed1ace9017"},"headline":"Eventi e opportunit\u00e0 della primavera a Roma","datePublished":"2009-06-11T14:09:17+00:00","dateModified":"2018-06-04T18:16:03+00:00","mainEntityOfPage":{"@id":"https:\/\/www.article-marketing.eu\/comunicati\/tempo-libero\/eventi-e-opportunit%e0-della-primavera-a-roma\/"},"wordCount":575,"commentCount":0,"keywords":["alloggi roma"],"articleSection":["Tempo libero"],"inLanguage":"it-IT","potentialAction":[{"@type":"CommentAction","name":"Comment","target":["https:\/\/www.article-marketing.eu\/comunicati\/tempo-libero\/eventi-e-opportunit%e0-della-primavera-a-roma\/#respond"]}]},{"@type":"WebPage","@id":"https:\/\/www.article-marketing.eu\/comunicati\/tempo-libero\/eventi-e-opportunit%e0-della-primavera-a-roma\/","url":"https:\/\/www.article-marketing.eu\/comunicati\/tempo-libero\/eventi-e-opportunit%e0-della-primavera-a-roma\/","name":"Eventi e opportunit\u00e0 della primavera a Roma - Article Marketing","isPartOf":{"@id":"https:\/\/www.article-marketing.eu\/comunicati\/#website"},"datePublished":"2009-06-11T14:09:17+00:00","dateModified":"2018-06-04T18:16:03+00:00","author":{"@id":"https:\/\/www.article-marketing.eu\/comunicati\/#\/schema\/person\/44372e4d4d0fa797b18e03ed1ace9017"},"breadcrumb":{"@id":"https:\/\/www.article-marketing.eu\/comunicati\/tempo-libero\/eventi-e-opportunit%e0-della-primavera-a-roma\/#breadcrumb"},"inLanguage":"it-IT","potentialAction":[{"@type":"ReadAction","target":["https:\/\/www.article-marketing.eu\/comunicati\/tempo-libero\/eventi-e-opportunit%e0-della-primavera-a-roma\/"]}]},{"@type":"BreadcrumbList","@id":"https:\/\/www.article-marketing.eu\/comunicati\/tempo-libero\/eventi-e-opportunit%e0-della-primavera-a-roma\/#breadcrumb","itemListElement":[{"@type":"ListItem","position":1,"name":"Home","item":"https:\/\/www.article-marketing.eu\/comunicati\/"},{"@type":"ListItem","position":2,"name":"Eventi e opportunit\u00e0 della primavera a Roma"}]},{"@type":"WebSite","@id":"https:\/\/www.article-marketing.eu\/comunicati\/#website","url":"https:\/\/www.article-marketing.eu\/comunicati\/","name":"Article Marketing","description":"article marketing &amp; press release","potentialAction":[{"@type":"SearchAction","target":{"@type":"EntryPoint","urlTemplate":"https:\/\/www.article-marketing.eu\/comunicati\/?s={search_term_string}"},"query-input":{"@type":"PropertyValueSpecification","valueRequired":true,"valueName":"search_term_string"}}],"inLanguage":"it-IT"},{"@type":"Person","@id":"https:\/\/www.article-marketing.eu\/comunicati\/#\/schema\/person\/44372e4d4d0fa797b18e03ed1ace9017","name":"Redazione Comunicati Stampa","image":{"@type":"ImageObject","inLanguage":"it-IT","@id":"https:\/\/www.article-marketing.eu\/comunicati\/#\/schema\/person\/image\/","url":"https:\/\/secure.gravatar.com\/avatar\/50e5c6421d3072f42e7ace803501602c60d75233d34e29fd05feb91c8760b792?s=96&d=mm&r=g","contentUrl":"https:\/\/secure.gravatar.com\/avatar\/50e5c6421d3072f42e7ace803501602c60d75233d34e29fd05feb91c8760b792?s=96&d=mm&r=g","caption":"Redazione Comunicati Stampa"},"url":"https:\/\/www.article-marketing.eu\/comunicati\/author\/redazione-comunicati-stampa\/"}]}},"_links":{"self":[{"href":"https:\/\/www.article-marketing.eu\/comunicati\/wp-json\/wp\/v2\/posts\/2159","targetHints":{"allow":["GET"]}}],"collection":[{"href":"https:\/\/www.article-marketing.eu\/comunicati\/wp-json\/wp\/v2\/posts"}],"about":[{"href":"https:\/\/www.article-marketing.eu\/comunicati\/wp-json\/wp\/v2\/types\/post"}],"author":[{"embeddable":true,"href":"https:\/\/www.article-marketing.eu\/comunicati\/wp-json\/wp\/v2\/users\/10"}],"replies":[{"embeddable":true,"href":"https:\/\/www.article-marketing.eu\/comunicati\/wp-json\/wp\/v2\/comments?post=2159"}],"version-history":[{"count":1,"href":"https:\/\/www.article-marketing.eu\/comunicati\/wp-json\/wp\/v2\/posts\/2159\/revisions"}],"predecessor-version":[{"id":55507,"href":"https:\/\/www.article-marketing.eu\/comunicati\/wp-json\/wp\/v2\/posts\/2159\/revisions\/55507"}],"wp:attachment":[{"href":"https:\/\/www.article-marketing.eu\/comunicati\/wp-json\/wp\/v2\/media?parent=2159"}],"wp:term":[{"taxonomy":"category","embeddable":true,"href":"https:\/\/www.article-marketing.eu\/comunicati\/wp-json\/wp\/v2\/categories?post=2159"},{"taxonomy":"post_tag","embeddable":true,"href":"https:\/\/www.article-marketing.eu\/comunicati\/wp-json\/wp\/v2\/tags?post=2159"}],"curies":[{"name":"wp","href":"https:\/\/api.w.org\/{rel}","templated":true}]}}