{"id":2178,"date":"2009-06-15T15:04:32","date_gmt":"2009-06-15T13:04:32","guid":{"rendered":"http:\/\/www.article-marketing.eu\/comunicati\/senza-categoria\/gianluca-comin-alla-guida-di-ferpi-per-un-altro-biennio\/"},"modified":"2009-06-15T15:04:32","modified_gmt":"2009-06-15T13:04:32","slug":"gianluca-comin-alla-guida-di-ferpi-per-un-altro-biennio","status":"publish","type":"post","link":"https:\/\/www.article-marketing.eu\/comunicati\/comunicati-stampa\/gianluca-comin-alla-guida-di-ferpi-per-un-altro-biennio\/","title":{"rendered":"Gianluca Comin alla guida di FERPI per un altro biennio"},"content":{"rendered":"<p style=\"BACKGROUND: white; TEXT-ALIGN: justify\"><strong>Milano &#8211; 15 giugno \u2013 <\/strong>Gianluca Comin, Direttore Relazioni Esterne di Enel, \u00e8 stato confermato alla guida di FERPI, Federazione Relazioni Pubbliche Italiana, per un altro biennio, fino al 2011. Alla vicepresidenza \u00e8 stato confermato Giampietro Vecchiato, professionista delle RP di Padova. L\u2019assemblea dei soci, riunita a Milano, ha inoltre nominato il nuovo consiglio direttivo composto da 25 membri. Hanno votato circa 200 soci, segnando il record storico di partecipazione nella vita di FERPI.<br \/><em><br \/>\u201cL\u2019ultimo mandato del biennio appena concluso ha registrato importanti risultati, conseguiti grazie ad un grande lavoro di squadra<\/em> \u2013 ha affermato <strong>Gianluca Comin<\/strong> al termine dell\u2019Assemblea che lo ha eletto per il secondo mandato consecutivo \u2013 .<em> I 115 eventi promossi dalla Federazione nell\u2019ultimo biennio, l\u2019ingresso pari al 20% di nuovi soci, le 2.650 ore di formazione dedicate ai professionisti delle relazioni pubbliche, sono per\u00f2 solo il punto di partenza per continuare il cammino di crescita della prima Federazione Italiana della nostra professione, che si avvia a festeggiare i suoi 40 anni nel 2010\u201d.<br \/><\/em><br \/>Tra i propositi per il nuovo biennio, Comin ha illustrato <u>cinque progetti operativi<\/u>: stimolare la <strong>partecipazione <\/strong>dei soci<strong> <\/strong>nella vita associativa<strong> <\/strong>e la <strong>misurazione<\/strong> delle attivit\u00e0; promuovere la <strong>crescita<\/strong> della FERPI, la prima e pi\u00f9 autorevole Associazione dei professionisti di Rp; coinvolgere i <strong>giovani<\/strong> guidandoli per entrare nel mondo del lavoro; aumentare la <strong>visibilit\u00e0 su new e social media <\/strong>grazie alle funzionalit\u00e0 del nuovo sito lanciato nello scorso mandato ed infine puntare su <strong>innovazione<\/strong> e <strong>internazionalit\u00e0<\/strong> per costruire anche in Italia una comunicazione all\u2019avanguardia. Il tutto con concretezza e pragmatismo.<\/p>\n<p style=\"TEXT-ALIGN: justify\">\u201c<em>\u00c8 cos\u00ec che vogliamo continuare a far crescere<\/em> <em>un\u2019associazione <\/em>&#8211; ha dichiarato Comin &#8211; <em>che in 39 anni, ha costruito in Italia un modello per la nostra professione, le ha saputo dare uno status \u201csociale\u201d ed \u00e8 riuscita a metterla degnamente a confronto con le pi\u00f9 brillanti esperienze internazionali.\u201d<br \/><\/em><\/p>\n<p style=\"TEXT-ALIGN: justify\">E il prossimo obiettivo del secondo mandato della presidenza Comin sar\u00e0 proprio la celebrazione dei 40 anni di FERPI: un traguardo importante che vedr\u00e0 impegnato il nuovo gruppo dirigente per la crescita della Federazione che, per missione, valorizza e istituzionalizza la professione chiave del XXI secolo. <\/p>\n<p><strong>Gianluca Comin<\/strong>, 46 anni, sposato con tre figli, giornalista professionista, \u00e8 entrato in Enel a luglio del 2002 come Direttore Comunicazione e ora, come Direttore delle Relazioni Esterne, \u00e8 anche incaricato degli Affari Istituzionali Nazionali e Internazionali. Si \u00e8 occupato di comunicazione anche in Telecom Italia come responsabile Media relations e in Montedison come responsabile delle Relazioni Esterne. Tra le esperienze professionali \u00e8 stato, tra il 1997 e il 1998, portavoce e capo ufficio stampa del Ministero dei Lavori pubblici. Per circa dieci anni ha lavorato per il quotidiano Il Gazzettino, con l\u2019incarico di redattore economico e parlamentare.<\/p>\n<p style=\"BACKGROUND: white; TEXT-ALIGN: justify\">\u00c8 consigliere delegato di Enel Cuore, componente della Giunta nazionale di Confindustria, vicepresidente per la Grande Industria dell\u2019Unione Industriali di Venezia e componente del Consiglio Regionale della Confindustria Veneta.<\/p>\n<p style=\"BACKGROUND: white; TEXT-ALIGN: justify\">\u00c8 docente di Communication Strategy nella facolt\u00e0 di Economia, Corso di laurea in Economia e Direzione delle imprese, presso la LUISS Guido Carli di Roma. <\/p>\n<p style=\"BACKGROUND: white\"><strong><br \/>FERPI<\/strong><strong>, Federazione Relazioni Pubbliche Italiana<\/strong>, \u00e8 l\u2019associazione che rappresenta i professionisti che operano nelle Relazioni Pubbliche e nella Comunicazione nel nostro Paese. L\u2019Associazione, costituita nel 1970, opera per valorizzare la professione dei relatori pubblici e dei comunicatori, per rappresentare i propri iscritti e per garantire nei confronti di committenti ed imprese una tutela assicurata dai principi di etica e di autoregolamentazione dei comportamenti grazie ai Codici adottati. FERPI conta oggi circa 1000 iscritti presenti su tutto il territorio nazionale, con un\u2019attivit\u00e0 associativa affidata a 13 Sezioni Regionali e Territoriali.<\/p>\n<p><strong>I componenti del Consiglio Direttivo Nazionale<\/strong>:<\/p>\n<p>Gianluca Comin (Enel), Presidente; Giampietro Vecchiato, Vicepresidente; Ruben Abattista; Celeste Bertolini; Sergio Bruno (ENAC); Florence Castiglioni; Silvia De Blasio (Vodafone); Attilio De Pascalis (BPM); Marco Galdiolo; Paolo Iammatteo (Enel); Emanuele Invernizzi (Universit\u00e0 IULM); Mariapaola La Caria; Stefano Lucchini (Eni); Alessandro Magnoni (Coca-Cola Hellenic); Giorgio Opisso; Giancarlo Panico; Simonetta Pattuglia (Universit\u00e0 Tor Vergata); Andrea Prandi (Edison); Sara Ranzini (Coca-Cola Italia); Antonio Riva; Patrizia Rutigliano (Autogrill); Amanda Jane Succi (Universit\u00e0 Catania); Sergio Vazzoler; Fabio Ventoruzzo; Luigi Vianello (Mediobanca); Dina Zanieri (Enel).<\/p>\n<p style=\"BACKGROUND: white\"><strong>Ufficio Stampa<\/strong> &nbsp;<br \/>Donatella Giglio \u2013 Sara Pellegatta <br \/>+39.02.58312455 \u2013 <a href=\"mailto:ufficiostampa@ferpi.it\">ufficiostampa@ferpi.it<\/a><\/p>\n<p>&nbsp;<\/p>\n","protected":false},"excerpt":{"rendered":"<p>L\u2019Assemblea dei soci FERPI ha confermato il mandato al proprio Presidente e Direttore delle Relazioni Esterne di Enel, per il secondo biennio consecutivo. Continua dunque l\u2019impegno di Comin che guider\u00e0 l\u2019Associazione fino al 2011<\/p>\n","protected":false},"author":10,"featured_media":0,"comment_status":"open","ping_status":"open","sticky":false,"template":"","format":"standard","meta":{"cybocfi_hide_featured_image":"","footnotes":""},"categories":[190],"tags":[6760,199,6761,6762],"class_list":["post-2178","post","type-post","status-publish","format-standard","hentry","category-comunicati-stampa","tag-comin","tag-comunicazione","tag-ferpi","tag-relazioni-pubbliche"],"yoast_head":"<!-- This site is optimized with the Yoast SEO plugin v27.0 - https:\/\/yoast.com\/product\/yoast-seo-wordpress\/ -->\n<title>Gianluca Comin alla guida di FERPI per un altro biennio - Article Marketing<\/title>\n<meta name=\"robots\" content=\"index, follow, max-snippet:-1, max-image-preview:large, max-video-preview:-1\" \/>\n<link rel=\"canonical\" href=\"https:\/\/www.article-marketing.eu\/comunicati\/comunicati-stampa\/gianluca-comin-alla-guida-di-ferpi-per-un-altro-biennio\/\" \/>\n<meta property=\"og:locale\" content=\"it_IT\" \/>\n<meta property=\"og:type\" content=\"article\" \/>\n<meta property=\"og:title\" content=\"Gianluca Comin alla guida di FERPI per un altro biennio - Article Marketing\" \/>\n<meta property=\"og:description\" content=\"L\u2019Assemblea dei soci FERPI ha confermato il mandato al proprio Presidente e Direttore delle Relazioni Esterne di Enel, per il secondo biennio consecutivo. Continua dunque l\u2019impegno di Comin che guider\u00e0 l\u2019Associazione fino al 2011\" \/>\n<meta property=\"og:url\" content=\"https:\/\/www.article-marketing.eu\/comunicati\/comunicati-stampa\/gianluca-comin-alla-guida-di-ferpi-per-un-altro-biennio\/\" \/>\n<meta property=\"og:site_name\" content=\"Article Marketing\" \/>\n<meta property=\"article:published_time\" content=\"2009-06-15T13:04:32+00:00\" \/>\n<meta name=\"author\" content=\"Redazione Comunicati Stampa\" \/>\n<meta name=\"twitter:card\" content=\"summary_large_image\" \/>\n<meta name=\"twitter:label1\" content=\"Scritto da\" \/>\n\t<meta name=\"twitter:data1\" content=\"Redazione Comunicati Stampa\" \/>\n\t<meta name=\"twitter:label2\" content=\"Tempo di lettura stimato\" \/>\n\t<meta name=\"twitter:data2\" content=\"3 minuti\" \/>\n<script type=\"application\/ld+json\" class=\"yoast-schema-graph\">{\"@context\":\"https:\/\/schema.org\",\"@graph\":[{\"@type\":\"Article\",\"@id\":\"https:\/\/www.article-marketing.eu\/comunicati\/comunicati-stampa\/gianluca-comin-alla-guida-di-ferpi-per-un-altro-biennio\/#article\",\"isPartOf\":{\"@id\":\"https:\/\/www.article-marketing.eu\/comunicati\/comunicati-stampa\/gianluca-comin-alla-guida-di-ferpi-per-un-altro-biennio\/\"},\"author\":{\"name\":\"Redazione Comunicati Stampa\",\"@id\":\"https:\/\/www.article-marketing.eu\/comunicati\/#\/schema\/person\/44372e4d4d0fa797b18e03ed1ace9017\"},\"headline\":\"Gianluca Comin alla guida di FERPI per un altro biennio\",\"datePublished\":\"2009-06-15T13:04:32+00:00\",\"mainEntityOfPage\":{\"@id\":\"https:\/\/www.article-marketing.eu\/comunicati\/comunicati-stampa\/gianluca-comin-alla-guida-di-ferpi-per-un-altro-biennio\/\"},\"wordCount\":679,\"commentCount\":0,\"keywords\":[\"Comin\",\"comunicazione\",\"Ferpi\",\"relazioni pubbliche\"],\"articleSection\":[\"Comunicati stampa\"],\"inLanguage\":\"it-IT\",\"potentialAction\":[{\"@type\":\"CommentAction\",\"name\":\"Comment\",\"target\":[\"https:\/\/www.article-marketing.eu\/comunicati\/comunicati-stampa\/gianluca-comin-alla-guida-di-ferpi-per-un-altro-biennio\/#respond\"]}]},{\"@type\":\"WebPage\",\"@id\":\"https:\/\/www.article-marketing.eu\/comunicati\/comunicati-stampa\/gianluca-comin-alla-guida-di-ferpi-per-un-altro-biennio\/\",\"url\":\"https:\/\/www.article-marketing.eu\/comunicati\/comunicati-stampa\/gianluca-comin-alla-guida-di-ferpi-per-un-altro-biennio\/\",\"name\":\"Gianluca Comin alla guida di FERPI per un altro biennio - Article Marketing\",\"isPartOf\":{\"@id\":\"https:\/\/www.article-marketing.eu\/comunicati\/#website\"},\"datePublished\":\"2009-06-15T13:04:32+00:00\",\"author\":{\"@id\":\"https:\/\/www.article-marketing.eu\/comunicati\/#\/schema\/person\/44372e4d4d0fa797b18e03ed1ace9017\"},\"breadcrumb\":{\"@id\":\"https:\/\/www.article-marketing.eu\/comunicati\/comunicati-stampa\/gianluca-comin-alla-guida-di-ferpi-per-un-altro-biennio\/#breadcrumb\"},\"inLanguage\":\"it-IT\",\"potentialAction\":[{\"@type\":\"ReadAction\",\"target\":[\"https:\/\/www.article-marketing.eu\/comunicati\/comunicati-stampa\/gianluca-comin-alla-guida-di-ferpi-per-un-altro-biennio\/\"]}]},{\"@type\":\"BreadcrumbList\",\"@id\":\"https:\/\/www.article-marketing.eu\/comunicati\/comunicati-stampa\/gianluca-comin-alla-guida-di-ferpi-per-un-altro-biennio\/#breadcrumb\",\"itemListElement\":[{\"@type\":\"ListItem\",\"position\":1,\"name\":\"Home\",\"item\":\"https:\/\/www.article-marketing.eu\/comunicati\/\"},{\"@type\":\"ListItem\",\"position\":2,\"name\":\"Gianluca Comin alla guida di FERPI per un altro biennio\"}]},{\"@type\":\"WebSite\",\"@id\":\"https:\/\/www.article-marketing.eu\/comunicati\/#website\",\"url\":\"https:\/\/www.article-marketing.eu\/comunicati\/\",\"name\":\"Article Marketing\",\"description\":\"article marketing &amp; press release\",\"potentialAction\":[{\"@type\":\"SearchAction\",\"target\":{\"@type\":\"EntryPoint\",\"urlTemplate\":\"https:\/\/www.article-marketing.eu\/comunicati\/?s={search_term_string}\"},\"query-input\":{\"@type\":\"PropertyValueSpecification\",\"valueRequired\":true,\"valueName\":\"search_term_string\"}}],\"inLanguage\":\"it-IT\"},{\"@type\":\"Person\",\"@id\":\"https:\/\/www.article-marketing.eu\/comunicati\/#\/schema\/person\/44372e4d4d0fa797b18e03ed1ace9017\",\"name\":\"Redazione Comunicati Stampa\",\"image\":{\"@type\":\"ImageObject\",\"inLanguage\":\"it-IT\",\"@id\":\"https:\/\/www.article-marketing.eu\/comunicati\/#\/schema\/person\/image\/\",\"url\":\"https:\/\/secure.gravatar.com\/avatar\/50e5c6421d3072f42e7ace803501602c60d75233d34e29fd05feb91c8760b792?s=96&d=mm&r=g\",\"contentUrl\":\"https:\/\/secure.gravatar.com\/avatar\/50e5c6421d3072f42e7ace803501602c60d75233d34e29fd05feb91c8760b792?s=96&d=mm&r=g\",\"caption\":\"Redazione Comunicati Stampa\"},\"url\":\"https:\/\/www.article-marketing.eu\/comunicati\/author\/redazione-comunicati-stampa\/\"}]}<\/script>\n<!-- \/ Yoast SEO plugin. -->","yoast_head_json":{"title":"Gianluca Comin alla guida di FERPI per un altro biennio - Article Marketing","robots":{"index":"index","follow":"follow","max-snippet":"max-snippet:-1","max-image-preview":"max-image-preview:large","max-video-preview":"max-video-preview:-1"},"canonical":"https:\/\/www.article-marketing.eu\/comunicati\/comunicati-stampa\/gianluca-comin-alla-guida-di-ferpi-per-un-altro-biennio\/","og_locale":"it_IT","og_type":"article","og_title":"Gianluca Comin alla guida di FERPI per un altro biennio - Article Marketing","og_description":"L\u2019Assemblea dei soci FERPI ha confermato il mandato al proprio Presidente e Direttore delle Relazioni Esterne di Enel, per il secondo biennio consecutivo. Continua dunque l\u2019impegno di Comin che guider\u00e0 l\u2019Associazione fino al 2011","og_url":"https:\/\/www.article-marketing.eu\/comunicati\/comunicati-stampa\/gianluca-comin-alla-guida-di-ferpi-per-un-altro-biennio\/","og_site_name":"Article Marketing","article_published_time":"2009-06-15T13:04:32+00:00","author":"Redazione Comunicati Stampa","twitter_card":"summary_large_image","twitter_misc":{"Scritto da":"Redazione Comunicati Stampa","Tempo di lettura stimato":"3 minuti"},"schema":{"@context":"https:\/\/schema.org","@graph":[{"@type":"Article","@id":"https:\/\/www.article-marketing.eu\/comunicati\/comunicati-stampa\/gianluca-comin-alla-guida-di-ferpi-per-un-altro-biennio\/#article","isPartOf":{"@id":"https:\/\/www.article-marketing.eu\/comunicati\/comunicati-stampa\/gianluca-comin-alla-guida-di-ferpi-per-un-altro-biennio\/"},"author":{"name":"Redazione Comunicati Stampa","@id":"https:\/\/www.article-marketing.eu\/comunicati\/#\/schema\/person\/44372e4d4d0fa797b18e03ed1ace9017"},"headline":"Gianluca Comin alla guida di FERPI per un altro biennio","datePublished":"2009-06-15T13:04:32+00:00","mainEntityOfPage":{"@id":"https:\/\/www.article-marketing.eu\/comunicati\/comunicati-stampa\/gianluca-comin-alla-guida-di-ferpi-per-un-altro-biennio\/"},"wordCount":679,"commentCount":0,"keywords":["Comin","comunicazione","Ferpi","relazioni pubbliche"],"articleSection":["Comunicati stampa"],"inLanguage":"it-IT","potentialAction":[{"@type":"CommentAction","name":"Comment","target":["https:\/\/www.article-marketing.eu\/comunicati\/comunicati-stampa\/gianluca-comin-alla-guida-di-ferpi-per-un-altro-biennio\/#respond"]}]},{"@type":"WebPage","@id":"https:\/\/www.article-marketing.eu\/comunicati\/comunicati-stampa\/gianluca-comin-alla-guida-di-ferpi-per-un-altro-biennio\/","url":"https:\/\/www.article-marketing.eu\/comunicati\/comunicati-stampa\/gianluca-comin-alla-guida-di-ferpi-per-un-altro-biennio\/","name":"Gianluca Comin alla guida di FERPI per un altro biennio - Article Marketing","isPartOf":{"@id":"https:\/\/www.article-marketing.eu\/comunicati\/#website"},"datePublished":"2009-06-15T13:04:32+00:00","author":{"@id":"https:\/\/www.article-marketing.eu\/comunicati\/#\/schema\/person\/44372e4d4d0fa797b18e03ed1ace9017"},"breadcrumb":{"@id":"https:\/\/www.article-marketing.eu\/comunicati\/comunicati-stampa\/gianluca-comin-alla-guida-di-ferpi-per-un-altro-biennio\/#breadcrumb"},"inLanguage":"it-IT","potentialAction":[{"@type":"ReadAction","target":["https:\/\/www.article-marketing.eu\/comunicati\/comunicati-stampa\/gianluca-comin-alla-guida-di-ferpi-per-un-altro-biennio\/"]}]},{"@type":"BreadcrumbList","@id":"https:\/\/www.article-marketing.eu\/comunicati\/comunicati-stampa\/gianluca-comin-alla-guida-di-ferpi-per-un-altro-biennio\/#breadcrumb","itemListElement":[{"@type":"ListItem","position":1,"name":"Home","item":"https:\/\/www.article-marketing.eu\/comunicati\/"},{"@type":"ListItem","position":2,"name":"Gianluca Comin alla guida di FERPI per un altro biennio"}]},{"@type":"WebSite","@id":"https:\/\/www.article-marketing.eu\/comunicati\/#website","url":"https:\/\/www.article-marketing.eu\/comunicati\/","name":"Article Marketing","description":"article marketing &amp; press release","potentialAction":[{"@type":"SearchAction","target":{"@type":"EntryPoint","urlTemplate":"https:\/\/www.article-marketing.eu\/comunicati\/?s={search_term_string}"},"query-input":{"@type":"PropertyValueSpecification","valueRequired":true,"valueName":"search_term_string"}}],"inLanguage":"it-IT"},{"@type":"Person","@id":"https:\/\/www.article-marketing.eu\/comunicati\/#\/schema\/person\/44372e4d4d0fa797b18e03ed1ace9017","name":"Redazione Comunicati Stampa","image":{"@type":"ImageObject","inLanguage":"it-IT","@id":"https:\/\/www.article-marketing.eu\/comunicati\/#\/schema\/person\/image\/","url":"https:\/\/secure.gravatar.com\/avatar\/50e5c6421d3072f42e7ace803501602c60d75233d34e29fd05feb91c8760b792?s=96&d=mm&r=g","contentUrl":"https:\/\/secure.gravatar.com\/avatar\/50e5c6421d3072f42e7ace803501602c60d75233d34e29fd05feb91c8760b792?s=96&d=mm&r=g","caption":"Redazione Comunicati Stampa"},"url":"https:\/\/www.article-marketing.eu\/comunicati\/author\/redazione-comunicati-stampa\/"}]}},"_links":{"self":[{"href":"https:\/\/www.article-marketing.eu\/comunicati\/wp-json\/wp\/v2\/posts\/2178","targetHints":{"allow":["GET"]}}],"collection":[{"href":"https:\/\/www.article-marketing.eu\/comunicati\/wp-json\/wp\/v2\/posts"}],"about":[{"href":"https:\/\/www.article-marketing.eu\/comunicati\/wp-json\/wp\/v2\/types\/post"}],"author":[{"embeddable":true,"href":"https:\/\/www.article-marketing.eu\/comunicati\/wp-json\/wp\/v2\/users\/10"}],"replies":[{"embeddable":true,"href":"https:\/\/www.article-marketing.eu\/comunicati\/wp-json\/wp\/v2\/comments?post=2178"}],"version-history":[{"count":0,"href":"https:\/\/www.article-marketing.eu\/comunicati\/wp-json\/wp\/v2\/posts\/2178\/revisions"}],"wp:attachment":[{"href":"https:\/\/www.article-marketing.eu\/comunicati\/wp-json\/wp\/v2\/media?parent=2178"}],"wp:term":[{"taxonomy":"category","embeddable":true,"href":"https:\/\/www.article-marketing.eu\/comunicati\/wp-json\/wp\/v2\/categories?post=2178"},{"taxonomy":"post_tag","embeddable":true,"href":"https:\/\/www.article-marketing.eu\/comunicati\/wp-json\/wp\/v2\/tags?post=2178"}],"curies":[{"name":"wp","href":"https:\/\/api.w.org\/{rel}","templated":true}]}}