{"id":2182,"date":"2009-06-15T15:19:16","date_gmt":"2009-06-15T13:19:16","guid":{"rendered":"http:\/\/www.article-marketing.eu\/comunicati\/senza-categoria\/arriva-il-sole-e-labbronzatura-naturale\/"},"modified":"2018-06-04T20:16:07","modified_gmt":"2018-06-04T18:16:07","slug":"arriva-il-sole-e-labbronzatura-naturale","status":"publish","type":"post","link":"https:\/\/www.article-marketing.eu\/comunicati\/salute-e-benessere\/arriva-il-sole-e-labbronzatura-naturale\/","title":{"rendered":"Arriva il sole&#8230;e l&#8217;abbronzatura naturale&#8230;"},"content":{"rendered":"<p>Il sole \u00e8 energia, luce e calore, ma soprattutto \u00e8 vita! Senza la sua presenza non saremmo qui, \u00e8 banale a dirsi ma troppo spesso ce ne dimentichiamo. Il sole ha effetti benefici per tutti noi: aumenta le difese immunitarie, \u00e8 antidepressivo, stimola la produzione di vitamina D indispensabile per fissare il calcio nelle ossa e promuove la sintesi di melanina che \u00e8 la sostanza che d\u00e0 l&#8217;effetto abbronzatura alla nostra pelle.<\/p>\n<p>D&#8217;altra parte sappiamo anche che il sole pu\u00f2 essere nocivo in caso di esposizione prolungata: pu\u00f2 causare formazioni tumorali, pu\u00f2 formare eritemi e favorisce l&#8217;invecchiamento cutaneo. Questo perch\u00e9 i raggi solari sono raggi ultravioletti a diversa frequenza d&#8217;onda e proprio i raggi a frequenza pi\u00f9 alta risultano i pi\u00f9 dannosi per la nostra pelle.<\/p>\n<p>Ma vediamo pi\u00f9 da vicino il meccanismo dell&#8217;abbronzatura. I raggi UVA, che sono quelli a minore frequenza, penetrano nella pelle, insieme ai raggi UVB, a frequenza d&#8217;onda pi\u00f9 elevata, formando l&#8217;eritema, dovuto alla dilatazione dei vasi sanguigni cutanei, con aumento di temperatura la cui intensit\u00e0 massima si ha nell&#8217;arco di 24 ore. La pelle per difendersi si ispessisce e produce melanina, il pigmento che d\u00e0 origine al colore scuro. La melanina \u00e8 una proteina che viene prodotta a partire dalla tirosina e che pian piano si diffonde nelle cellule dell&#8217;epidermide.<\/p>\n<p>L&#8217;abbronzatura si distingue in due tipi, quella immediata e quella prolungata. La prima \u00e8 dovuta al maggiore assorbimento di raggi UVA, che danno anche eritemi a pi\u00f9 bassa intensit\u00e0; questa abbronzatura dura al massimo qualche giorno; la seconda si manifesta dopo circa 72 ore dall&#8217;esposizione al sole ed \u00e8 provocata soprattutto dai raggi UVB pi\u00f9 penetranti e questa abbronzatura pu\u00f2 durare parecchi giorni: in questo caso all&#8217;inizio si ha ossidazione della melanina gi\u00e0 presente sulla superficie cutanea (\u00e8 il meccanismo su cui si basano le lampade abbronzanti) e poi solo in seguito si ha la formazione di nuova melanina.<\/p>\n<p>Per proteggersi dagli effetti dannosi dell&#8217;esposizione solare esistono tanti prodotti in commercio che fungono da filtro. Come orientarsi nella scelta?<\/p>\n<p>Prima di tutto dobbiamo conoscere qual&#8217;\u00e8 il nostro fototipo, cio\u00e8 capire in base al colore dei capelli e al tipo di carnagione che caratteristiche pu\u00f2 avere l&#8217;abbronzatura:<\/p>\n<p>&nbsp;<\/p>\n<p style=\"TEXT-INDENT: -18pt\">&#8211;&nbsp;&nbsp;&nbsp;&nbsp;&nbsp;&nbsp;&nbsp; c&#8217;\u00e8 il soggetto che ha bassa resistenza, che pi\u00f9 che scuro diventa rosso; sono soggetti di carnagione lattescente, capelli rossicci, biondi o albini; deve esporsi al sole con cautela e con protezioni alte;<\/p>\n<p style=\"TEXT-INDENT: -18pt\">&#8211;&nbsp;&nbsp;&nbsp;&nbsp;&nbsp;&nbsp;&nbsp; c&#8217;\u00e8 il soggetto che ha una media resistenza, si abbronza lentamente, la pelle \u00e8 chiara e i capelli sono biondi o castano chiari; deve esporsi al sole con attenzione e con protezione medio alta;<\/p>\n<p style=\"TEXT-INDENT: -18pt\">&#8211;&nbsp;&nbsp;&nbsp;&nbsp;&nbsp;&nbsp;&nbsp; c&#8217;\u00e8 il soggetto che \u00e8 resistente e si abbronza velocemente ed in modo uniforme, la pelle \u00e8 olivastra ed i capelli sono castano scuro o neri; pu\u00f2 esporsi al sole evitando le ore pi\u00f9 calde ed usando protezioni medie all&#8217;inizio e pi\u00f9 basse poi.<\/p>\n<p>&nbsp;<\/p>\n<p>Quando si acquista un prodotto solare bisogna porre molta attenzione anche all&#8217;SPF, cio\u00e8 al fattore di protezione solare. Esiste un SPF europeo che va da 2 a 50+ ed in cui, per legge, la dicitura \u201cprotezione totale\u201d \u00e8 stata sostituita con la dicitura meno ingannevole \u201cprotezione estrema\u201d; poi esiste un fattore SPF americano i cui valori sono doppi di quelli europei, quindi attenzione!<\/p>\n<p>Vediamo ora quali prodotti naturali possiamo usare per proteggerci dai danni dell&#8217;esposizione al sole. Prima di tutto bisogna evitare il fai da te perch\u00e9 naturale non \u00e8 sempre sinonimo di innocuo. Non bisogna fare intrugli con succo di limone, birra, fico, prezzemolo ecc. al contrario di quanto dice la tradizione popolare&#8230;<\/p>\n<p>E&#8217; meglio ricorrere a prodotti gi\u00e0 pronti e finiti anche perch\u00e9 si ha la garanzia di un corretto metodo di preparazione che ci salva da usare prodotti irranciditi e contaminati da microbi.<\/p>\n<p>Tra le sostanze protettive c&#8217;\u00e8 l&#8217;olio di sesamo e l&#8217;olio di carotene che contengono un filtro solare naturale adatto per le pelli gi\u00e0 un po&#8217; abbronzate o scure; sono anche ricchi di grassi benefici per la pelle. Altre sostanze naturali filtro protettive sono: l&#8217;olio di crusca di riso, gli estratti di aloe vera, la frangola, il rabarbaro, l&#8217;iperico, la camomilla solo per citarne alcuni. L&#8217;olio di avocado stimola la produzione di melanina perch\u00e9 contiene tirosina. La curcuma, spezia molto usata in Oriente, ha potere antiossidante e protettivo. Il mallo di noce&nbsp; non ha potere protettivo per\u00f2 \u00e8 in grado di colorare leggermente la pelle evidenziando l&#8217;abbronzatura.<\/p>\n<p>Sono invece inefficaci l&#8217;olio di cocco e l&#8217;estratto di carota, al contrario di quanto si sente in giro.<\/p>\n<p>Tra i prodotti naturali doposole c&#8217;\u00e8 sempre la camomilla, l&#8217;iperico, il succo di melone, il burro di karit\u00e8, l&#8217;aloe vera e l&#8217;olio di rosa mosqueta. Per quanto riguarda questi prodotti \u00e8 bene ricordare che hanno solo un effetto lenitivo ed idratante, mentre non hanno nessun effetto riparativo del danno cutaneo dovuto ad esposizione prolungata, quindi \u00e8 meglio proteggersi in anticipo o evitare l&#8217;esposizione.<\/p>\n<p>&nbsp;<\/p>\n","protected":false},"excerpt":{"rendered":"<p>Il sole \u00e8 energia, luce e calore, ma soprattutto \u00e8 vita! Senza la sua presenza non saremmo qui, \u00e8 banale a dirsi ma troppo spesso ce ne dimentichiamo. Il sole ha effetti benefici per tutti noi: aumenta le difese immunitarie, \u00e8 antidepressivo, stimola la produzione di vitamina D indispensabile per fissare il calcio nelle ossa e promuove la sintesi di melanina che \u00e8 la sostanza che d\u00e0 l&#8217;effetto abbronzatura alla nostra pelle.<\/p>\n","protected":false},"author":10,"featured_media":0,"comment_status":"open","ping_status":"open","sticky":false,"template":"","format":"standard","meta":{"cybocfi_hide_featured_image":"","footnotes":""},"categories":[265],"tags":[1851,4919,953],"class_list":["post-2182","post","type-post","status-publish","format-standard","hentry","category-salute-e-benessere","tag-bellezza","tag-cura-del-corpo","tag-dieta"],"yoast_head":"<!-- This site is optimized with the Yoast SEO plugin v27.0 - https:\/\/yoast.com\/product\/yoast-seo-wordpress\/ -->\n<title>Arriva il sole...e l&#039;abbronzatura naturale... - Article Marketing<\/title>\n<meta name=\"robots\" content=\"index, follow, max-snippet:-1, max-image-preview:large, max-video-preview:-1\" \/>\n<link rel=\"canonical\" href=\"https:\/\/www.article-marketing.eu\/comunicati\/salute-e-benessere\/arriva-il-sole-e-labbronzatura-naturale\/\" \/>\n<meta property=\"og:locale\" content=\"it_IT\" \/>\n<meta property=\"og:type\" content=\"article\" \/>\n<meta property=\"og:title\" content=\"Arriva il sole...e l&#039;abbronzatura naturale... - Article Marketing\" \/>\n<meta property=\"og:description\" content=\"Il sole \u00e8 energia, luce e calore, ma soprattutto \u00e8 vita! Senza la sua presenza non saremmo qui, \u00e8 banale a dirsi ma troppo spesso ce ne dimentichiamo. Il sole ha effetti benefici per tutti noi: aumenta le difese immunitarie, \u00e8 antidepressivo, stimola la produzione di vitamina D indispensabile per fissare il calcio nelle ossa e promuove la sintesi di melanina che \u00e8 la sostanza che d\u00e0 l&#039;effetto abbronzatura alla nostra pelle.\" \/>\n<meta property=\"og:url\" content=\"https:\/\/www.article-marketing.eu\/comunicati\/salute-e-benessere\/arriva-il-sole-e-labbronzatura-naturale\/\" \/>\n<meta property=\"og:site_name\" content=\"Article Marketing\" \/>\n<meta property=\"article:published_time\" content=\"2009-06-15T13:19:16+00:00\" \/>\n<meta property=\"article:modified_time\" content=\"2018-06-04T18:16:07+00:00\" \/>\n<meta name=\"author\" content=\"Redazione Comunicati Stampa\" \/>\n<meta name=\"twitter:card\" content=\"summary_large_image\" \/>\n<meta name=\"twitter:label1\" content=\"Scritto da\" \/>\n\t<meta name=\"twitter:data1\" content=\"Redazione Comunicati Stampa\" \/>\n\t<meta name=\"twitter:label2\" content=\"Tempo di lettura stimato\" \/>\n\t<meta name=\"twitter:data2\" content=\"4 minuti\" \/>\n<script type=\"application\/ld+json\" class=\"yoast-schema-graph\">{\"@context\":\"https:\/\/schema.org\",\"@graph\":[{\"@type\":\"Article\",\"@id\":\"https:\/\/www.article-marketing.eu\/comunicati\/salute-e-benessere\/arriva-il-sole-e-labbronzatura-naturale\/#article\",\"isPartOf\":{\"@id\":\"https:\/\/www.article-marketing.eu\/comunicati\/salute-e-benessere\/arriva-il-sole-e-labbronzatura-naturale\/\"},\"author\":{\"name\":\"Redazione Comunicati Stampa\",\"@id\":\"https:\/\/www.article-marketing.eu\/comunicati\/#\/schema\/person\/44372e4d4d0fa797b18e03ed1ace9017\"},\"headline\":\"Arriva il sole&#8230;e l&#8217;abbronzatura naturale&#8230;\",\"datePublished\":\"2009-06-15T13:19:16+00:00\",\"dateModified\":\"2018-06-04T18:16:07+00:00\",\"mainEntityOfPage\":{\"@id\":\"https:\/\/www.article-marketing.eu\/comunicati\/salute-e-benessere\/arriva-il-sole-e-labbronzatura-naturale\/\"},\"wordCount\":819,\"commentCount\":0,\"keywords\":[\"bellezza\",\"cura del corpo\",\"dieta\"],\"articleSection\":[\"Salute e benessere\"],\"inLanguage\":\"it-IT\",\"potentialAction\":[{\"@type\":\"CommentAction\",\"name\":\"Comment\",\"target\":[\"https:\/\/www.article-marketing.eu\/comunicati\/salute-e-benessere\/arriva-il-sole-e-labbronzatura-naturale\/#respond\"]}]},{\"@type\":\"WebPage\",\"@id\":\"https:\/\/www.article-marketing.eu\/comunicati\/salute-e-benessere\/arriva-il-sole-e-labbronzatura-naturale\/\",\"url\":\"https:\/\/www.article-marketing.eu\/comunicati\/salute-e-benessere\/arriva-il-sole-e-labbronzatura-naturale\/\",\"name\":\"Arriva il sole...e l'abbronzatura naturale... - Article Marketing\",\"isPartOf\":{\"@id\":\"https:\/\/www.article-marketing.eu\/comunicati\/#website\"},\"datePublished\":\"2009-06-15T13:19:16+00:00\",\"dateModified\":\"2018-06-04T18:16:07+00:00\",\"author\":{\"@id\":\"https:\/\/www.article-marketing.eu\/comunicati\/#\/schema\/person\/44372e4d4d0fa797b18e03ed1ace9017\"},\"breadcrumb\":{\"@id\":\"https:\/\/www.article-marketing.eu\/comunicati\/salute-e-benessere\/arriva-il-sole-e-labbronzatura-naturale\/#breadcrumb\"},\"inLanguage\":\"it-IT\",\"potentialAction\":[{\"@type\":\"ReadAction\",\"target\":[\"https:\/\/www.article-marketing.eu\/comunicati\/salute-e-benessere\/arriva-il-sole-e-labbronzatura-naturale\/\"]}]},{\"@type\":\"BreadcrumbList\",\"@id\":\"https:\/\/www.article-marketing.eu\/comunicati\/salute-e-benessere\/arriva-il-sole-e-labbronzatura-naturale\/#breadcrumb\",\"itemListElement\":[{\"@type\":\"ListItem\",\"position\":1,\"name\":\"Home\",\"item\":\"https:\/\/www.article-marketing.eu\/comunicati\/\"},{\"@type\":\"ListItem\",\"position\":2,\"name\":\"Arriva il sole&#8230;e l&#8217;abbronzatura naturale&#8230;\"}]},{\"@type\":\"WebSite\",\"@id\":\"https:\/\/www.article-marketing.eu\/comunicati\/#website\",\"url\":\"https:\/\/www.article-marketing.eu\/comunicati\/\",\"name\":\"Article Marketing\",\"description\":\"article marketing &amp; press release\",\"potentialAction\":[{\"@type\":\"SearchAction\",\"target\":{\"@type\":\"EntryPoint\",\"urlTemplate\":\"https:\/\/www.article-marketing.eu\/comunicati\/?s={search_term_string}\"},\"query-input\":{\"@type\":\"PropertyValueSpecification\",\"valueRequired\":true,\"valueName\":\"search_term_string\"}}],\"inLanguage\":\"it-IT\"},{\"@type\":\"Person\",\"@id\":\"https:\/\/www.article-marketing.eu\/comunicati\/#\/schema\/person\/44372e4d4d0fa797b18e03ed1ace9017\",\"name\":\"Redazione Comunicati Stampa\",\"image\":{\"@type\":\"ImageObject\",\"inLanguage\":\"it-IT\",\"@id\":\"https:\/\/www.article-marketing.eu\/comunicati\/#\/schema\/person\/image\/\",\"url\":\"https:\/\/secure.gravatar.com\/avatar\/50e5c6421d3072f42e7ace803501602c60d75233d34e29fd05feb91c8760b792?s=96&d=mm&r=g\",\"contentUrl\":\"https:\/\/secure.gravatar.com\/avatar\/50e5c6421d3072f42e7ace803501602c60d75233d34e29fd05feb91c8760b792?s=96&d=mm&r=g\",\"caption\":\"Redazione Comunicati Stampa\"},\"url\":\"https:\/\/www.article-marketing.eu\/comunicati\/author\/redazione-comunicati-stampa\/\"}]}<\/script>\n<!-- \/ Yoast SEO plugin. -->","yoast_head_json":{"title":"Arriva il sole...e l'abbronzatura naturale... - Article Marketing","robots":{"index":"index","follow":"follow","max-snippet":"max-snippet:-1","max-image-preview":"max-image-preview:large","max-video-preview":"max-video-preview:-1"},"canonical":"https:\/\/www.article-marketing.eu\/comunicati\/salute-e-benessere\/arriva-il-sole-e-labbronzatura-naturale\/","og_locale":"it_IT","og_type":"article","og_title":"Arriva il sole...e l'abbronzatura naturale... - Article Marketing","og_description":"Il sole \u00e8 energia, luce e calore, ma soprattutto \u00e8 vita! Senza la sua presenza non saremmo qui, \u00e8 banale a dirsi ma troppo spesso ce ne dimentichiamo. Il sole ha effetti benefici per tutti noi: aumenta le difese immunitarie, \u00e8 antidepressivo, stimola la produzione di vitamina D indispensabile per fissare il calcio nelle ossa e promuove la sintesi di melanina che \u00e8 la sostanza che d\u00e0 l'effetto abbronzatura alla nostra pelle.","og_url":"https:\/\/www.article-marketing.eu\/comunicati\/salute-e-benessere\/arriva-il-sole-e-labbronzatura-naturale\/","og_site_name":"Article Marketing","article_published_time":"2009-06-15T13:19:16+00:00","article_modified_time":"2018-06-04T18:16:07+00:00","author":"Redazione Comunicati Stampa","twitter_card":"summary_large_image","twitter_misc":{"Scritto da":"Redazione Comunicati Stampa","Tempo di lettura stimato":"4 minuti"},"schema":{"@context":"https:\/\/schema.org","@graph":[{"@type":"Article","@id":"https:\/\/www.article-marketing.eu\/comunicati\/salute-e-benessere\/arriva-il-sole-e-labbronzatura-naturale\/#article","isPartOf":{"@id":"https:\/\/www.article-marketing.eu\/comunicati\/salute-e-benessere\/arriva-il-sole-e-labbronzatura-naturale\/"},"author":{"name":"Redazione Comunicati Stampa","@id":"https:\/\/www.article-marketing.eu\/comunicati\/#\/schema\/person\/44372e4d4d0fa797b18e03ed1ace9017"},"headline":"Arriva il sole&#8230;e l&#8217;abbronzatura naturale&#8230;","datePublished":"2009-06-15T13:19:16+00:00","dateModified":"2018-06-04T18:16:07+00:00","mainEntityOfPage":{"@id":"https:\/\/www.article-marketing.eu\/comunicati\/salute-e-benessere\/arriva-il-sole-e-labbronzatura-naturale\/"},"wordCount":819,"commentCount":0,"keywords":["bellezza","cura del corpo","dieta"],"articleSection":["Salute e benessere"],"inLanguage":"it-IT","potentialAction":[{"@type":"CommentAction","name":"Comment","target":["https:\/\/www.article-marketing.eu\/comunicati\/salute-e-benessere\/arriva-il-sole-e-labbronzatura-naturale\/#respond"]}]},{"@type":"WebPage","@id":"https:\/\/www.article-marketing.eu\/comunicati\/salute-e-benessere\/arriva-il-sole-e-labbronzatura-naturale\/","url":"https:\/\/www.article-marketing.eu\/comunicati\/salute-e-benessere\/arriva-il-sole-e-labbronzatura-naturale\/","name":"Arriva il sole...e l'abbronzatura naturale... - Article Marketing","isPartOf":{"@id":"https:\/\/www.article-marketing.eu\/comunicati\/#website"},"datePublished":"2009-06-15T13:19:16+00:00","dateModified":"2018-06-04T18:16:07+00:00","author":{"@id":"https:\/\/www.article-marketing.eu\/comunicati\/#\/schema\/person\/44372e4d4d0fa797b18e03ed1ace9017"},"breadcrumb":{"@id":"https:\/\/www.article-marketing.eu\/comunicati\/salute-e-benessere\/arriva-il-sole-e-labbronzatura-naturale\/#breadcrumb"},"inLanguage":"it-IT","potentialAction":[{"@type":"ReadAction","target":["https:\/\/www.article-marketing.eu\/comunicati\/salute-e-benessere\/arriva-il-sole-e-labbronzatura-naturale\/"]}]},{"@type":"BreadcrumbList","@id":"https:\/\/www.article-marketing.eu\/comunicati\/salute-e-benessere\/arriva-il-sole-e-labbronzatura-naturale\/#breadcrumb","itemListElement":[{"@type":"ListItem","position":1,"name":"Home","item":"https:\/\/www.article-marketing.eu\/comunicati\/"},{"@type":"ListItem","position":2,"name":"Arriva il sole&#8230;e l&#8217;abbronzatura naturale&#8230;"}]},{"@type":"WebSite","@id":"https:\/\/www.article-marketing.eu\/comunicati\/#website","url":"https:\/\/www.article-marketing.eu\/comunicati\/","name":"Article Marketing","description":"article marketing &amp; press release","potentialAction":[{"@type":"SearchAction","target":{"@type":"EntryPoint","urlTemplate":"https:\/\/www.article-marketing.eu\/comunicati\/?s={search_term_string}"},"query-input":{"@type":"PropertyValueSpecification","valueRequired":true,"valueName":"search_term_string"}}],"inLanguage":"it-IT"},{"@type":"Person","@id":"https:\/\/www.article-marketing.eu\/comunicati\/#\/schema\/person\/44372e4d4d0fa797b18e03ed1ace9017","name":"Redazione Comunicati Stampa","image":{"@type":"ImageObject","inLanguage":"it-IT","@id":"https:\/\/www.article-marketing.eu\/comunicati\/#\/schema\/person\/image\/","url":"https:\/\/secure.gravatar.com\/avatar\/50e5c6421d3072f42e7ace803501602c60d75233d34e29fd05feb91c8760b792?s=96&d=mm&r=g","contentUrl":"https:\/\/secure.gravatar.com\/avatar\/50e5c6421d3072f42e7ace803501602c60d75233d34e29fd05feb91c8760b792?s=96&d=mm&r=g","caption":"Redazione Comunicati Stampa"},"url":"https:\/\/www.article-marketing.eu\/comunicati\/author\/redazione-comunicati-stampa\/"}]}},"_links":{"self":[{"href":"https:\/\/www.article-marketing.eu\/comunicati\/wp-json\/wp\/v2\/posts\/2182","targetHints":{"allow":["GET"]}}],"collection":[{"href":"https:\/\/www.article-marketing.eu\/comunicati\/wp-json\/wp\/v2\/posts"}],"about":[{"href":"https:\/\/www.article-marketing.eu\/comunicati\/wp-json\/wp\/v2\/types\/post"}],"author":[{"embeddable":true,"href":"https:\/\/www.article-marketing.eu\/comunicati\/wp-json\/wp\/v2\/users\/10"}],"replies":[{"embeddable":true,"href":"https:\/\/www.article-marketing.eu\/comunicati\/wp-json\/wp\/v2\/comments?post=2182"}],"version-history":[{"count":1,"href":"https:\/\/www.article-marketing.eu\/comunicati\/wp-json\/wp\/v2\/posts\/2182\/revisions"}],"predecessor-version":[{"id":55515,"href":"https:\/\/www.article-marketing.eu\/comunicati\/wp-json\/wp\/v2\/posts\/2182\/revisions\/55515"}],"wp:attachment":[{"href":"https:\/\/www.article-marketing.eu\/comunicati\/wp-json\/wp\/v2\/media?parent=2182"}],"wp:term":[{"taxonomy":"category","embeddable":true,"href":"https:\/\/www.article-marketing.eu\/comunicati\/wp-json\/wp\/v2\/categories?post=2182"},{"taxonomy":"post_tag","embeddable":true,"href":"https:\/\/www.article-marketing.eu\/comunicati\/wp-json\/wp\/v2\/tags?post=2182"}],"curies":[{"name":"wp","href":"https:\/\/api.w.org\/{rel}","templated":true}]}}