{"id":21925,"date":"2011-11-30T12:46:22","date_gmt":"2011-11-30T11:46:22","guid":{"rendered":"http:\/\/www.article-marketing.eu\/comunicati\/senza-categoria\/ponte-della%2580%2599immacolata-un-week-end-di-relax-prima-del-natale\/"},"modified":"2011-11-30T12:46:22","modified_gmt":"2011-11-30T11:46:22","slug":"ponte-della%2580%2599immacolata-un-week-end-di-relax-prima-del-natale","status":"publish","type":"post","link":"https:\/\/www.article-marketing.eu\/comunicati\/viaggi-e-vacanze\/ponte-della%2580%2599immacolata-un-week-end-di-relax-prima-del-natale\/","title":{"rendered":"Ponte dell\u2019Immacolata: un week end di relax prima del Natale"},"content":{"rendered":"<p>Mancano ormai pochi giorni al <strong>Ponte dell&rsquo;Immacolata<\/strong> e gi&agrave; si pensa a dove trascorrerlo. Chi gi&agrave; ha prenotato le proprie vacanze per le feste, pu&ograve; approfittare di questo week end generoso per godersi un po&rsquo; di relax, magari prediligendo una vacanza benessere in uno dei tanti Hotel della Riviera Adriatica.<br \/>Molte localit&agrave; della costa romagnola, infatti, hanno gi&agrave; iniziato a promuovere le loro offerte per il Ponte dell&rsquo;Immacolata che, per molti, durer&agrave; da Gioved&igrave; 8 Dicembre a Domenica 11! Numerose quindi le occasioni di trascorrerlo fuori dalla propria citt&agrave; e di <strong>prenotare pacchetti vacanza<\/strong> vantaggiosi.<br \/><a href=\"http:\/\/www.hotelsinvetrina.com\">Gli <strong>hotel di Cesenatico<\/strong>, ad esempio, propongono gi&agrave; offerte benessere<\/a>, pacchetti all inclusive e sconti per le famiglie. Tutto in vista dell&rsquo;imminente <strong>Ponte dell&rsquo;8 Dicembre<\/strong> e dell&rsquo;aria di Festa che si respira in attesa del Natale!<br \/>Anche Bellaria &egrave; una localit&agrave; molto ricercata durante la Feste, non solo per i negozi sempre aperti e per le offerte delle strutture ricettive, ma anche per il famoso Presepe di Sabbia. Una vera e propria scultura chiamata &ldquo;<strong>Gli Angeli della Sabbia<\/strong>&rdquo;, che si potr&agrave; ammirare dal 4 Dicembre all&rsquo;8 Gennaio 2012! Gli <strong>hotel di Bellaria<\/strong> hanno proposto numerosi pacchetti vacanze in occasione di questo Ponte, offerte sempre personalizzabili in base alle proprie esigenze.<br \/>Chi desidera regalarsi un week end di evasione dalla vita quotidiana e concedersi un po&rsquo; di relax dallo stress di tutti i giorni, pu&ograve; farlo anche risparmiando! Gli hotel della Riviera Adriatica hanno gi&agrave; preparato offerte vantaggiose e pacchetti vacanza last minute, cos&igrave; da accontentare anche quei turisti che, per pigrizia o per motivi di lavoro, prenotano solo all&rsquo;ultimo momento. Chi viaggia in famiglia o ha bambini piccoli, pu&ograve; approfittare di sconti dedicati ai pi&ugrave; piccoli, che solitamente fino ai 2 anni soggiornano gratuitamente.<br \/>Forse non tutti sanno che la Riviera Romagnola &egrave; <strong>la terra di Fellini<\/strong>, uno dei pi&ugrave; grandi autori di sempre del cinema italiano. Quale occasione migliore per visitare l&rsquo;anima e i luoghi di questa terra che tanto ha da offrire? Le citt&agrave; romagnola, infatti, non sono solo meta di un turismo estivo, ma sono molto ricercate anche nei mesi invernali. Il suggestivo <strong>entroterra romagnolo<\/strong>, inoltre, si distingue per la quantit&agrave; di castelli e borghi medievali che ospita, sempre al centro delle visite turistiche. Un altro motivo per trascorrere il Ponte dell&rsquo;Immacolata in una localit&agrave; romagnola come Cesenatico, Bellaria o Rimini? Per poter gustare le ricette tradizionali, tramandate di generazione in generazione nei numerosi ristoranti degli alberghi e della zona.<br \/>La <strong>movida notturna<\/strong> della Riviera non ha poi limiti di paragone in Italia, da sempre ammirata e invidiata dalle citt&agrave; di altre regioni, che non riescono a tener testa alle discoteche della zona, alla variet&agrave; di divertimento che la costa romagnola propone, anche in inverno.<br \/>Il <strong>ponte dell&rsquo;Immacolata<\/strong> &egrave; quindi un&rsquo;occasione perfetta per regalarsi un week end in Romagna, e spendere poco, provare per credere.<strong><\/strong><\/p>\n","protected":false},"excerpt":{"rendered":"<p>Mancano ormai pochi giorni al Ponte dell\u2019Immacolata e gi\u00e0 si pensa a dove trascorrerlo. Chi gi\u00e0 ha prenotato le proprie vacanze per le feste, pu\u00f2 approfittare di questo week end generoso per godersi un po\u2019 di relax, magari prediligendo una vacanza benessere in uno dei tanti Hotel della Riviera Adriatica.<\/p>\n","protected":false},"author":10,"featured_media":0,"comment_status":"open","ping_status":"open","sticky":false,"template":"","format":"standard","meta":{"cybocfi_hide_featured_image":"","footnotes":""},"categories":[280],"tags":[31570,31569],"class_list":["post-21925","post","type-post","status-publish","format-standard","hentry","category-viaggi-e-vacanze","tag-hotel-bellaria-ponte-immacolata","tag-hotel-cesenatico-ponte-immacolata"],"yoast_head":"<!-- This site is optimized with the Yoast SEO plugin v27.0 - https:\/\/yoast.com\/product\/yoast-seo-wordpress\/ -->\n<title>Ponte dell\u2019Immacolata: un week end di relax prima del Natale - Article Marketing<\/title>\n<meta name=\"robots\" content=\"index, follow, max-snippet:-1, max-image-preview:large, max-video-preview:-1\" \/>\n<link rel=\"canonical\" href=\"https:\/\/www.article-marketing.eu\/comunicati\/viaggi-e-vacanze\/ponte-della%80%99immacolata-un-week-end-di-relax-prima-del-natale\/\" \/>\n<meta property=\"og:locale\" content=\"it_IT\" \/>\n<meta property=\"og:type\" content=\"article\" \/>\n<meta property=\"og:title\" content=\"Ponte dell\u2019Immacolata: un week end di relax prima del Natale - Article Marketing\" \/>\n<meta property=\"og:description\" content=\"Mancano ormai pochi giorni al Ponte dell\u2019Immacolata e gi\u00e0 si pensa a dove trascorrerlo. Chi gi\u00e0 ha prenotato le proprie vacanze per le feste, pu\u00f2 approfittare di questo week end generoso per godersi un po\u2019 di relax, magari prediligendo una vacanza benessere in uno dei tanti Hotel della Riviera Adriatica.\" \/>\n<meta property=\"og:url\" content=\"https:\/\/www.article-marketing.eu\/comunicati\/viaggi-e-vacanze\/ponte-della%80%99immacolata-un-week-end-di-relax-prima-del-natale\/\" \/>\n<meta property=\"og:site_name\" content=\"Article Marketing\" \/>\n<meta property=\"article:published_time\" content=\"2011-11-30T11:46:22+00:00\" \/>\n<meta name=\"author\" content=\"Redazione Comunicati Stampa\" \/>\n<meta name=\"twitter:card\" content=\"summary_large_image\" \/>\n<meta name=\"twitter:label1\" content=\"Scritto da\" \/>\n\t<meta name=\"twitter:data1\" content=\"Redazione Comunicati Stampa\" \/>\n\t<meta name=\"twitter:label2\" content=\"Tempo di lettura stimato\" \/>\n\t<meta name=\"twitter:data2\" content=\"3 minuti\" \/>\n<script type=\"application\/ld+json\" class=\"yoast-schema-graph\">{\"@context\":\"https:\/\/schema.org\",\"@graph\":[{\"@type\":\"Article\",\"@id\":\"https:\/\/www.article-marketing.eu\/comunicati\/viaggi-e-vacanze\/ponte-della%2580%2599immacolata-un-week-end-di-relax-prima-del-natale\/#article\",\"isPartOf\":{\"@id\":\"https:\/\/www.article-marketing.eu\/comunicati\/viaggi-e-vacanze\/ponte-della%2580%2599immacolata-un-week-end-di-relax-prima-del-natale\/\"},\"author\":{\"name\":\"Redazione Comunicati Stampa\",\"@id\":\"https:\/\/www.article-marketing.eu\/comunicati\/#\/schema\/person\/44372e4d4d0fa797b18e03ed1ace9017\"},\"headline\":\"Ponte dell\u2019Immacolata: un week end di relax prima del Natale\",\"datePublished\":\"2011-11-30T11:46:22+00:00\",\"mainEntityOfPage\":{\"@id\":\"https:\/\/www.article-marketing.eu\/comunicati\/viaggi-e-vacanze\/ponte-della%2580%2599immacolata-un-week-end-di-relax-prima-del-natale\/\"},\"wordCount\":525,\"commentCount\":0,\"keywords\":[\"hotel bellaria ponte immacolata\",\"Hotel cesenatico ponte immacolata\"],\"articleSection\":[\"Viaggi e vacanze\"],\"inLanguage\":\"it-IT\",\"potentialAction\":[{\"@type\":\"CommentAction\",\"name\":\"Comment\",\"target\":[\"https:\/\/www.article-marketing.eu\/comunicati\/viaggi-e-vacanze\/ponte-della%2580%2599immacolata-un-week-end-di-relax-prima-del-natale\/#respond\"]}]},{\"@type\":\"WebPage\",\"@id\":\"https:\/\/www.article-marketing.eu\/comunicati\/viaggi-e-vacanze\/ponte-della%2580%2599immacolata-un-week-end-di-relax-prima-del-natale\/\",\"url\":\"https:\/\/www.article-marketing.eu\/comunicati\/viaggi-e-vacanze\/ponte-della%2580%2599immacolata-un-week-end-di-relax-prima-del-natale\/\",\"name\":\"Ponte dell\u2019Immacolata: un week end di relax prima del Natale - Article Marketing\",\"isPartOf\":{\"@id\":\"https:\/\/www.article-marketing.eu\/comunicati\/#website\"},\"datePublished\":\"2011-11-30T11:46:22+00:00\",\"author\":{\"@id\":\"https:\/\/www.article-marketing.eu\/comunicati\/#\/schema\/person\/44372e4d4d0fa797b18e03ed1ace9017\"},\"breadcrumb\":{\"@id\":\"https:\/\/www.article-marketing.eu\/comunicati\/viaggi-e-vacanze\/ponte-della%2580%2599immacolata-un-week-end-di-relax-prima-del-natale\/#breadcrumb\"},\"inLanguage\":\"it-IT\",\"potentialAction\":[{\"@type\":\"ReadAction\",\"target\":[\"https:\/\/www.article-marketing.eu\/comunicati\/viaggi-e-vacanze\/ponte-della%2580%2599immacolata-un-week-end-di-relax-prima-del-natale\/\"]}]},{\"@type\":\"BreadcrumbList\",\"@id\":\"https:\/\/www.article-marketing.eu\/comunicati\/viaggi-e-vacanze\/ponte-della%2580%2599immacolata-un-week-end-di-relax-prima-del-natale\/#breadcrumb\",\"itemListElement\":[{\"@type\":\"ListItem\",\"position\":1,\"name\":\"Home\",\"item\":\"https:\/\/www.article-marketing.eu\/comunicati\/\"},{\"@type\":\"ListItem\",\"position\":2,\"name\":\"Ponte dell\u2019Immacolata: un week end di relax prima del Natale\"}]},{\"@type\":\"WebSite\",\"@id\":\"https:\/\/www.article-marketing.eu\/comunicati\/#website\",\"url\":\"https:\/\/www.article-marketing.eu\/comunicati\/\",\"name\":\"Article Marketing\",\"description\":\"article marketing &amp; press release\",\"potentialAction\":[{\"@type\":\"SearchAction\",\"target\":{\"@type\":\"EntryPoint\",\"urlTemplate\":\"https:\/\/www.article-marketing.eu\/comunicati\/?s={search_term_string}\"},\"query-input\":{\"@type\":\"PropertyValueSpecification\",\"valueRequired\":true,\"valueName\":\"search_term_string\"}}],\"inLanguage\":\"it-IT\"},{\"@type\":\"Person\",\"@id\":\"https:\/\/www.article-marketing.eu\/comunicati\/#\/schema\/person\/44372e4d4d0fa797b18e03ed1ace9017\",\"name\":\"Redazione Comunicati Stampa\",\"image\":{\"@type\":\"ImageObject\",\"inLanguage\":\"it-IT\",\"@id\":\"https:\/\/www.article-marketing.eu\/comunicati\/#\/schema\/person\/image\/\",\"url\":\"https:\/\/secure.gravatar.com\/avatar\/50e5c6421d3072f42e7ace803501602c60d75233d34e29fd05feb91c8760b792?s=96&d=mm&r=g\",\"contentUrl\":\"https:\/\/secure.gravatar.com\/avatar\/50e5c6421d3072f42e7ace803501602c60d75233d34e29fd05feb91c8760b792?s=96&d=mm&r=g\",\"caption\":\"Redazione Comunicati Stampa\"},\"url\":\"https:\/\/www.article-marketing.eu\/comunicati\/author\/redazione-comunicati-stampa\/\"}]}<\/script>\n<!-- \/ Yoast SEO plugin. -->","yoast_head_json":{"title":"Ponte dell\u2019Immacolata: un week end di relax prima del Natale - Article Marketing","robots":{"index":"index","follow":"follow","max-snippet":"max-snippet:-1","max-image-preview":"max-image-preview:large","max-video-preview":"max-video-preview:-1"},"canonical":"https:\/\/www.article-marketing.eu\/comunicati\/viaggi-e-vacanze\/ponte-della%80%99immacolata-un-week-end-di-relax-prima-del-natale\/","og_locale":"it_IT","og_type":"article","og_title":"Ponte dell\u2019Immacolata: un week end di relax prima del Natale - Article Marketing","og_description":"Mancano ormai pochi giorni al Ponte dell\u2019Immacolata e gi\u00e0 si pensa a dove trascorrerlo. Chi gi\u00e0 ha prenotato le proprie vacanze per le feste, pu\u00f2 approfittare di questo week end generoso per godersi un po\u2019 di relax, magari prediligendo una vacanza benessere in uno dei tanti Hotel della Riviera Adriatica.","og_url":"https:\/\/www.article-marketing.eu\/comunicati\/viaggi-e-vacanze\/ponte-della%80%99immacolata-un-week-end-di-relax-prima-del-natale\/","og_site_name":"Article Marketing","article_published_time":"2011-11-30T11:46:22+00:00","author":"Redazione Comunicati Stampa","twitter_card":"summary_large_image","twitter_misc":{"Scritto da":"Redazione Comunicati Stampa","Tempo di lettura stimato":"3 minuti"},"schema":{"@context":"https:\/\/schema.org","@graph":[{"@type":"Article","@id":"https:\/\/www.article-marketing.eu\/comunicati\/viaggi-e-vacanze\/ponte-della%2580%2599immacolata-un-week-end-di-relax-prima-del-natale\/#article","isPartOf":{"@id":"https:\/\/www.article-marketing.eu\/comunicati\/viaggi-e-vacanze\/ponte-della%2580%2599immacolata-un-week-end-di-relax-prima-del-natale\/"},"author":{"name":"Redazione Comunicati Stampa","@id":"https:\/\/www.article-marketing.eu\/comunicati\/#\/schema\/person\/44372e4d4d0fa797b18e03ed1ace9017"},"headline":"Ponte dell\u2019Immacolata: un week end di relax prima del Natale","datePublished":"2011-11-30T11:46:22+00:00","mainEntityOfPage":{"@id":"https:\/\/www.article-marketing.eu\/comunicati\/viaggi-e-vacanze\/ponte-della%2580%2599immacolata-un-week-end-di-relax-prima-del-natale\/"},"wordCount":525,"commentCount":0,"keywords":["hotel bellaria ponte immacolata","Hotel cesenatico ponte immacolata"],"articleSection":["Viaggi e vacanze"],"inLanguage":"it-IT","potentialAction":[{"@type":"CommentAction","name":"Comment","target":["https:\/\/www.article-marketing.eu\/comunicati\/viaggi-e-vacanze\/ponte-della%2580%2599immacolata-un-week-end-di-relax-prima-del-natale\/#respond"]}]},{"@type":"WebPage","@id":"https:\/\/www.article-marketing.eu\/comunicati\/viaggi-e-vacanze\/ponte-della%2580%2599immacolata-un-week-end-di-relax-prima-del-natale\/","url":"https:\/\/www.article-marketing.eu\/comunicati\/viaggi-e-vacanze\/ponte-della%2580%2599immacolata-un-week-end-di-relax-prima-del-natale\/","name":"Ponte dell\u2019Immacolata: un week end di relax prima del Natale - Article Marketing","isPartOf":{"@id":"https:\/\/www.article-marketing.eu\/comunicati\/#website"},"datePublished":"2011-11-30T11:46:22+00:00","author":{"@id":"https:\/\/www.article-marketing.eu\/comunicati\/#\/schema\/person\/44372e4d4d0fa797b18e03ed1ace9017"},"breadcrumb":{"@id":"https:\/\/www.article-marketing.eu\/comunicati\/viaggi-e-vacanze\/ponte-della%2580%2599immacolata-un-week-end-di-relax-prima-del-natale\/#breadcrumb"},"inLanguage":"it-IT","potentialAction":[{"@type":"ReadAction","target":["https:\/\/www.article-marketing.eu\/comunicati\/viaggi-e-vacanze\/ponte-della%2580%2599immacolata-un-week-end-di-relax-prima-del-natale\/"]}]},{"@type":"BreadcrumbList","@id":"https:\/\/www.article-marketing.eu\/comunicati\/viaggi-e-vacanze\/ponte-della%2580%2599immacolata-un-week-end-di-relax-prima-del-natale\/#breadcrumb","itemListElement":[{"@type":"ListItem","position":1,"name":"Home","item":"https:\/\/www.article-marketing.eu\/comunicati\/"},{"@type":"ListItem","position":2,"name":"Ponte dell\u2019Immacolata: un week end di relax prima del Natale"}]},{"@type":"WebSite","@id":"https:\/\/www.article-marketing.eu\/comunicati\/#website","url":"https:\/\/www.article-marketing.eu\/comunicati\/","name":"Article Marketing","description":"article marketing &amp; press release","potentialAction":[{"@type":"SearchAction","target":{"@type":"EntryPoint","urlTemplate":"https:\/\/www.article-marketing.eu\/comunicati\/?s={search_term_string}"},"query-input":{"@type":"PropertyValueSpecification","valueRequired":true,"valueName":"search_term_string"}}],"inLanguage":"it-IT"},{"@type":"Person","@id":"https:\/\/www.article-marketing.eu\/comunicati\/#\/schema\/person\/44372e4d4d0fa797b18e03ed1ace9017","name":"Redazione Comunicati Stampa","image":{"@type":"ImageObject","inLanguage":"it-IT","@id":"https:\/\/www.article-marketing.eu\/comunicati\/#\/schema\/person\/image\/","url":"https:\/\/secure.gravatar.com\/avatar\/50e5c6421d3072f42e7ace803501602c60d75233d34e29fd05feb91c8760b792?s=96&d=mm&r=g","contentUrl":"https:\/\/secure.gravatar.com\/avatar\/50e5c6421d3072f42e7ace803501602c60d75233d34e29fd05feb91c8760b792?s=96&d=mm&r=g","caption":"Redazione Comunicati Stampa"},"url":"https:\/\/www.article-marketing.eu\/comunicati\/author\/redazione-comunicati-stampa\/"}]}},"_links":{"self":[{"href":"https:\/\/www.article-marketing.eu\/comunicati\/wp-json\/wp\/v2\/posts\/21925","targetHints":{"allow":["GET"]}}],"collection":[{"href":"https:\/\/www.article-marketing.eu\/comunicati\/wp-json\/wp\/v2\/posts"}],"about":[{"href":"https:\/\/www.article-marketing.eu\/comunicati\/wp-json\/wp\/v2\/types\/post"}],"author":[{"embeddable":true,"href":"https:\/\/www.article-marketing.eu\/comunicati\/wp-json\/wp\/v2\/users\/10"}],"replies":[{"embeddable":true,"href":"https:\/\/www.article-marketing.eu\/comunicati\/wp-json\/wp\/v2\/comments?post=21925"}],"version-history":[{"count":0,"href":"https:\/\/www.article-marketing.eu\/comunicati\/wp-json\/wp\/v2\/posts\/21925\/revisions"}],"wp:attachment":[{"href":"https:\/\/www.article-marketing.eu\/comunicati\/wp-json\/wp\/v2\/media?parent=21925"}],"wp:term":[{"taxonomy":"category","embeddable":true,"href":"https:\/\/www.article-marketing.eu\/comunicati\/wp-json\/wp\/v2\/categories?post=21925"},{"taxonomy":"post_tag","embeddable":true,"href":"https:\/\/www.article-marketing.eu\/comunicati\/wp-json\/wp\/v2\/tags?post=21925"}],"curies":[{"name":"wp","href":"https:\/\/api.w.org\/{rel}","templated":true}]}}