{"id":2193,"date":"2009-06-17T12:13:58","date_gmt":"2009-06-17T10:13:58","guid":{"rendered":"http:\/\/www.article-marketing.eu\/comunicati\/senza-categoria\/vola-a-mosca-low-cost-con-meridiana-eurofly\/"},"modified":"2009-06-17T12:13:58","modified_gmt":"2009-06-17T10:13:58","slug":"vola-a-mosca-low-cost-con-meridiana-eurofly","status":"publish","type":"post","link":"https:\/\/www.article-marketing.eu\/comunicati\/viaggi-e-vacanze\/voli\/vola-a-mosca-low-cost-con-meridiana-eurofly\/","title":{"rendered":"Vola a Mosca low cost con Meridiana-Eurofly"},"content":{"rendered":"<p>Una nuova offerta low cost di <a href=\"http:\/\/www.meridiana.it\/it\/index.aspx\"><strong>Meridiana-Eurofly<\/strong><\/a>: tra le tratte in promozione, voli per Mosca da Bologna, 200 posti da settembre a ottobre a 106 \u20ac solo andata, tutto incluso.<\/p>\n<p><strong>Mosca<\/strong>, la capitale della Federazione Russa conta una popolazione di circa 8.800.000 abitanti ed \u00e8 la principale citt\u00e0 del Paese. Ad est di Mosca si trova il fiume Volga, che in passato fu un\u2019importante via di transito. La citt\u00e0 \u00e8 molto fornita dal punto di vista delle vie di comunicazione; sono infatti presenti cinque aeroporti e rappresenta un importante centro commerciale, politico, culturale.<br \/>Il punto centrale della citt\u00e0 \u00e8 dato dal <strong>Cremlino<\/strong>, costruito nel 1156 e ristrutturato negli gli anni \u201930, \u00e8 attualmento depositario di antichi monumenti della citt\u00e0 tra cui le Cattedrali dell\u2019Assunzione, dell\u2019Annunciazione, dell\u2019Arcangelo Michele e il palazzo Bugnato iniziato nel 1479 e ultimato nel 1481. <br \/>Vicino al Cremlino si trova la Chiesa di San Basilio posta sulla Piazza Rossa. In quest\u2019ultima si svolgono le principali parate militari e le feste nazionali. Attualmente la piazza \u00e8 occupata da bancarelle e da gente che improvvisa comizi. <br \/>Accanto ad essa si innalzano in ordine le chiese della Trinit\u00e0, della Vergine della Georgia, della Nativit\u00e0 e della Resurrezione e anche vari monasteri antichi. <br \/>Da non dimenticare il Mausoleo di Lenin del 1916, l\u2019Universit\u00e0 di Lomonosov e la Biblioteca Lenin risalente al 1927 costruite durante il regime sovietico. <br \/>Vanno ricordate le prestigiose istituzioni culturali, come la celebre Galleria Tretjakou dove \u00e8 riposta una delle principali pinacoteche del mondo. <\/p>\n<p align=\"justify\"><strong>Meridiana<\/strong>, originariamente Alisarda, fu costituita il 29 marzo 1963 per iniziativa di S.A. il Principe Aga Khan, con lo scopo iniziale di favorire lo sviluppo dell&#8217;attivit\u00e0 turistica in Costa Smeralda, nella Sardegna nord-orientale, fino ad allora servita solo via mare.<\/p>\n<p>Meridiana \u00e8 nata nel 1963, nel dicembre 2006 ha acquisito una quota del 29,95% della Compagnia Eurofly, oggi salita al 46,1%. <\/p>\n<p align=\"justify\">La base principale della compagnia aerea Meridiana \u00e8 Olbia \u2013 Aeroporto Costa Smeralda \u2013 con hubs a Catania, Firenze e Verona. Nel 2007 ha trasportato oltre 4.6 milioni di persone, e tuttora il sito web della compagnia \u00e8 il secondo pi\u00f9 visitato nel mercato italiano e il primo per crescita. <\/p>\n<p><strong>Meridiana S.p.A<\/strong> controlla un Gruppo che vede al suo interno le seguenti partecipazioni: <br \/><strong>Geasar<\/strong> &#8211; Societ\u00e0 di gestione dell\u2019aeroporto Olbia Costa Smeralda &#8211; 79,79%; <br \/><strong>Wokita.com<\/strong> &#8211; tour operator &#8211; 50%; <br \/><strong>Same Italy<\/strong> &#8211; Societ\u00e0 di commercializzazione del network dei voli Meridiana ed Eurofly &#8211; 50%; <br \/><strong>ADF Firenze di Aeroporto<\/strong> &#8211; societ\u00e0 di gestione dell\u2019aeroporto di Firenze &#8211; 15%; <br \/><strong>Eurofly<\/strong> &#8211; Compagnia aerea italiana &#8211; 46,10%.<\/p>\n<p><strong>Eurofly<\/strong> \u00e8 nata diciannove anni fa e da quel lontano 1989 di strada ne ha fatta tanta, apportando numerosi cambiamenti sia per quanto riguarda la gestione dell&#8217;azienda sia per la sua flotta, la cui et\u00e0 media oggi \u00e8 di circa 5 anni, sempre alla ricerca di un prodotto migliore volto a soddisfare il pi\u00f9 possibile le esigenze dei suoi clienti.<\/p>\n<p>Oggi Eurofly \u00e8 il vettore italiano leader nel segmento leisure ed \u00e8 tra i primi 5 vettori (Fonte: Annuario ENAC 2006).<\/p>\n<p>La nostra missione: <strong>essere la compagnia aerea delle vacanze<\/strong>. Vogliamo che Eurofly sia riconosciuta come la compagnia aerea delle vacanze per eccellenza. Vogliamo essere la scelta pi\u00f9 naturale di Tour Operator, Agenzie Viaggi, e Passeggeri.<\/p>\n<p>Desideriamo offrire ai nostri passeggeri la migliore accoglienza possibile mirando, in ogni circostanza, a proporre servizi sempre pi\u00f9 personalizzati, flessibili e in linea con le loro pi\u00f9 diverse esigenze. <\/p>\n<p>Questo grazie ad una flotta di aerei tra le pi\u00f9 giovani in Italia e ad un <strong>sempre miglior rapporto qualit\u00e0-prezzo<\/strong> per i voli diretti verso i luoghi di vacanza senza fastidiosi scali e cambi di aeromobile. Il nostro fine \u00e8 far provare a chi vola con noi, per un breve, medio o lungo tratto, quello che solo una vacanza da sogno \u00e8 in grado di trasmettere pienamente: un sentimento di piacere e di libert\u00e0.<\/p>\n","protected":false},"excerpt":{"rendered":"<p>Una nuova offerta low cost di Meridiana-Eurofly: voli per Mosca da Bologna, 200 posti da settembre a ottobre a 106 \u20ac solo andata, tutto incluso.<\/p>\n","protected":false},"author":10,"featured_media":0,"comment_status":"open","ping_status":"open","sticky":false,"template":"","format":"standard","meta":{"cybocfi_hide_featured_image":"","footnotes":""},"categories":[1616],"tags":[6789,5748,6791,2427,5747,6788,6355,6790,4106],"class_list":["post-2193","post","type-post","status-publish","format-standard","hentry","category-voli","tag-cremlino","tag-eurofly","tag-lenin","tag-low-cost","tag-meridiana","tag-mosca","tag-offerte-voli","tag-piazza-rossa","tag-russia"],"yoast_head":"<!-- This site is optimized with the Yoast SEO plugin v27.0 - https:\/\/yoast.com\/product\/yoast-seo-wordpress\/ -->\n<title>Vola a Mosca low cost con Meridiana-Eurofly - Article Marketing<\/title>\n<meta name=\"robots\" content=\"index, follow, max-snippet:-1, max-image-preview:large, max-video-preview:-1\" \/>\n<link rel=\"canonical\" href=\"https:\/\/www.article-marketing.eu\/comunicati\/viaggi-e-vacanze\/voli\/vola-a-mosca-low-cost-con-meridiana-eurofly\/\" \/>\n<meta property=\"og:locale\" content=\"it_IT\" \/>\n<meta property=\"og:type\" content=\"article\" \/>\n<meta property=\"og:title\" content=\"Vola a Mosca low cost con Meridiana-Eurofly - Article Marketing\" \/>\n<meta property=\"og:description\" content=\"Una nuova offerta low cost di Meridiana-Eurofly: voli per Mosca da Bologna, 200 posti da settembre a ottobre a 106 \u20ac solo andata, tutto incluso.\" \/>\n<meta property=\"og:url\" content=\"https:\/\/www.article-marketing.eu\/comunicati\/viaggi-e-vacanze\/voli\/vola-a-mosca-low-cost-con-meridiana-eurofly\/\" \/>\n<meta property=\"og:site_name\" content=\"Article Marketing\" \/>\n<meta property=\"article:published_time\" content=\"2009-06-17T10:13:58+00:00\" \/>\n<meta name=\"author\" content=\"Redazione Comunicati Stampa\" \/>\n<meta name=\"twitter:card\" content=\"summary_large_image\" \/>\n<meta name=\"twitter:label1\" content=\"Scritto da\" \/>\n\t<meta name=\"twitter:data1\" content=\"Redazione Comunicati Stampa\" \/>\n\t<meta name=\"twitter:label2\" content=\"Tempo di lettura stimato\" \/>\n\t<meta name=\"twitter:data2\" content=\"3 minuti\" \/>\n<script type=\"application\/ld+json\" class=\"yoast-schema-graph\">{\"@context\":\"https:\/\/schema.org\",\"@graph\":[{\"@type\":\"Article\",\"@id\":\"https:\/\/www.article-marketing.eu\/comunicati\/viaggi-e-vacanze\/voli\/vola-a-mosca-low-cost-con-meridiana-eurofly\/#article\",\"isPartOf\":{\"@id\":\"https:\/\/www.article-marketing.eu\/comunicati\/viaggi-e-vacanze\/voli\/vola-a-mosca-low-cost-con-meridiana-eurofly\/\"},\"author\":{\"name\":\"Redazione Comunicati Stampa\",\"@id\":\"https:\/\/www.article-marketing.eu\/comunicati\/#\/schema\/person\/44372e4d4d0fa797b18e03ed1ace9017\"},\"headline\":\"Vola a Mosca low cost con Meridiana-Eurofly\",\"datePublished\":\"2009-06-17T10:13:58+00:00\",\"mainEntityOfPage\":{\"@id\":\"https:\/\/www.article-marketing.eu\/comunicati\/viaggi-e-vacanze\/voli\/vola-a-mosca-low-cost-con-meridiana-eurofly\/\"},\"wordCount\":617,\"commentCount\":0,\"keywords\":[\"cremlino\",\"eurofly\",\"lenin\",\"low cost\",\"meridiana\",\"mosca\",\"offerte voli.\",\"piazza rossa\",\"russia\"],\"articleSection\":[\"Voli\"],\"inLanguage\":\"it-IT\",\"potentialAction\":[{\"@type\":\"CommentAction\",\"name\":\"Comment\",\"target\":[\"https:\/\/www.article-marketing.eu\/comunicati\/viaggi-e-vacanze\/voli\/vola-a-mosca-low-cost-con-meridiana-eurofly\/#respond\"]}]},{\"@type\":\"WebPage\",\"@id\":\"https:\/\/www.article-marketing.eu\/comunicati\/viaggi-e-vacanze\/voli\/vola-a-mosca-low-cost-con-meridiana-eurofly\/\",\"url\":\"https:\/\/www.article-marketing.eu\/comunicati\/viaggi-e-vacanze\/voli\/vola-a-mosca-low-cost-con-meridiana-eurofly\/\",\"name\":\"Vola a Mosca low cost con Meridiana-Eurofly - Article Marketing\",\"isPartOf\":{\"@id\":\"https:\/\/www.article-marketing.eu\/comunicati\/#website\"},\"datePublished\":\"2009-06-17T10:13:58+00:00\",\"author\":{\"@id\":\"https:\/\/www.article-marketing.eu\/comunicati\/#\/schema\/person\/44372e4d4d0fa797b18e03ed1ace9017\"},\"breadcrumb\":{\"@id\":\"https:\/\/www.article-marketing.eu\/comunicati\/viaggi-e-vacanze\/voli\/vola-a-mosca-low-cost-con-meridiana-eurofly\/#breadcrumb\"},\"inLanguage\":\"it-IT\",\"potentialAction\":[{\"@type\":\"ReadAction\",\"target\":[\"https:\/\/www.article-marketing.eu\/comunicati\/viaggi-e-vacanze\/voli\/vola-a-mosca-low-cost-con-meridiana-eurofly\/\"]}]},{\"@type\":\"BreadcrumbList\",\"@id\":\"https:\/\/www.article-marketing.eu\/comunicati\/viaggi-e-vacanze\/voli\/vola-a-mosca-low-cost-con-meridiana-eurofly\/#breadcrumb\",\"itemListElement\":[{\"@type\":\"ListItem\",\"position\":1,\"name\":\"Home\",\"item\":\"https:\/\/www.article-marketing.eu\/comunicati\/\"},{\"@type\":\"ListItem\",\"position\":2,\"name\":\"Vola a Mosca low cost con Meridiana-Eurofly\"}]},{\"@type\":\"WebSite\",\"@id\":\"https:\/\/www.article-marketing.eu\/comunicati\/#website\",\"url\":\"https:\/\/www.article-marketing.eu\/comunicati\/\",\"name\":\"Article Marketing\",\"description\":\"article marketing &amp; press release\",\"potentialAction\":[{\"@type\":\"SearchAction\",\"target\":{\"@type\":\"EntryPoint\",\"urlTemplate\":\"https:\/\/www.article-marketing.eu\/comunicati\/?s={search_term_string}\"},\"query-input\":{\"@type\":\"PropertyValueSpecification\",\"valueRequired\":true,\"valueName\":\"search_term_string\"}}],\"inLanguage\":\"it-IT\"},{\"@type\":\"Person\",\"@id\":\"https:\/\/www.article-marketing.eu\/comunicati\/#\/schema\/person\/44372e4d4d0fa797b18e03ed1ace9017\",\"name\":\"Redazione Comunicati Stampa\",\"image\":{\"@type\":\"ImageObject\",\"inLanguage\":\"it-IT\",\"@id\":\"https:\/\/www.article-marketing.eu\/comunicati\/#\/schema\/person\/image\/\",\"url\":\"https:\/\/secure.gravatar.com\/avatar\/50e5c6421d3072f42e7ace803501602c60d75233d34e29fd05feb91c8760b792?s=96&d=mm&r=g\",\"contentUrl\":\"https:\/\/secure.gravatar.com\/avatar\/50e5c6421d3072f42e7ace803501602c60d75233d34e29fd05feb91c8760b792?s=96&d=mm&r=g\",\"caption\":\"Redazione Comunicati Stampa\"},\"url\":\"https:\/\/www.article-marketing.eu\/comunicati\/author\/redazione-comunicati-stampa\/\"}]}<\/script>\n<!-- \/ Yoast SEO plugin. -->","yoast_head_json":{"title":"Vola a Mosca low cost con Meridiana-Eurofly - Article Marketing","robots":{"index":"index","follow":"follow","max-snippet":"max-snippet:-1","max-image-preview":"max-image-preview:large","max-video-preview":"max-video-preview:-1"},"canonical":"https:\/\/www.article-marketing.eu\/comunicati\/viaggi-e-vacanze\/voli\/vola-a-mosca-low-cost-con-meridiana-eurofly\/","og_locale":"it_IT","og_type":"article","og_title":"Vola a Mosca low cost con Meridiana-Eurofly - Article Marketing","og_description":"Una nuova offerta low cost di Meridiana-Eurofly: voli per Mosca da Bologna, 200 posti da settembre a ottobre a 106 \u20ac solo andata, tutto incluso.","og_url":"https:\/\/www.article-marketing.eu\/comunicati\/viaggi-e-vacanze\/voli\/vola-a-mosca-low-cost-con-meridiana-eurofly\/","og_site_name":"Article Marketing","article_published_time":"2009-06-17T10:13:58+00:00","author":"Redazione Comunicati Stampa","twitter_card":"summary_large_image","twitter_misc":{"Scritto da":"Redazione Comunicati Stampa","Tempo di lettura stimato":"3 minuti"},"schema":{"@context":"https:\/\/schema.org","@graph":[{"@type":"Article","@id":"https:\/\/www.article-marketing.eu\/comunicati\/viaggi-e-vacanze\/voli\/vola-a-mosca-low-cost-con-meridiana-eurofly\/#article","isPartOf":{"@id":"https:\/\/www.article-marketing.eu\/comunicati\/viaggi-e-vacanze\/voli\/vola-a-mosca-low-cost-con-meridiana-eurofly\/"},"author":{"name":"Redazione Comunicati Stampa","@id":"https:\/\/www.article-marketing.eu\/comunicati\/#\/schema\/person\/44372e4d4d0fa797b18e03ed1ace9017"},"headline":"Vola a Mosca low cost con Meridiana-Eurofly","datePublished":"2009-06-17T10:13:58+00:00","mainEntityOfPage":{"@id":"https:\/\/www.article-marketing.eu\/comunicati\/viaggi-e-vacanze\/voli\/vola-a-mosca-low-cost-con-meridiana-eurofly\/"},"wordCount":617,"commentCount":0,"keywords":["cremlino","eurofly","lenin","low cost","meridiana","mosca","offerte voli.","piazza rossa","russia"],"articleSection":["Voli"],"inLanguage":"it-IT","potentialAction":[{"@type":"CommentAction","name":"Comment","target":["https:\/\/www.article-marketing.eu\/comunicati\/viaggi-e-vacanze\/voli\/vola-a-mosca-low-cost-con-meridiana-eurofly\/#respond"]}]},{"@type":"WebPage","@id":"https:\/\/www.article-marketing.eu\/comunicati\/viaggi-e-vacanze\/voli\/vola-a-mosca-low-cost-con-meridiana-eurofly\/","url":"https:\/\/www.article-marketing.eu\/comunicati\/viaggi-e-vacanze\/voli\/vola-a-mosca-low-cost-con-meridiana-eurofly\/","name":"Vola a Mosca low cost con Meridiana-Eurofly - Article Marketing","isPartOf":{"@id":"https:\/\/www.article-marketing.eu\/comunicati\/#website"},"datePublished":"2009-06-17T10:13:58+00:00","author":{"@id":"https:\/\/www.article-marketing.eu\/comunicati\/#\/schema\/person\/44372e4d4d0fa797b18e03ed1ace9017"},"breadcrumb":{"@id":"https:\/\/www.article-marketing.eu\/comunicati\/viaggi-e-vacanze\/voli\/vola-a-mosca-low-cost-con-meridiana-eurofly\/#breadcrumb"},"inLanguage":"it-IT","potentialAction":[{"@type":"ReadAction","target":["https:\/\/www.article-marketing.eu\/comunicati\/viaggi-e-vacanze\/voli\/vola-a-mosca-low-cost-con-meridiana-eurofly\/"]}]},{"@type":"BreadcrumbList","@id":"https:\/\/www.article-marketing.eu\/comunicati\/viaggi-e-vacanze\/voli\/vola-a-mosca-low-cost-con-meridiana-eurofly\/#breadcrumb","itemListElement":[{"@type":"ListItem","position":1,"name":"Home","item":"https:\/\/www.article-marketing.eu\/comunicati\/"},{"@type":"ListItem","position":2,"name":"Vola a Mosca low cost con Meridiana-Eurofly"}]},{"@type":"WebSite","@id":"https:\/\/www.article-marketing.eu\/comunicati\/#website","url":"https:\/\/www.article-marketing.eu\/comunicati\/","name":"Article Marketing","description":"article marketing &amp; press release","potentialAction":[{"@type":"SearchAction","target":{"@type":"EntryPoint","urlTemplate":"https:\/\/www.article-marketing.eu\/comunicati\/?s={search_term_string}"},"query-input":{"@type":"PropertyValueSpecification","valueRequired":true,"valueName":"search_term_string"}}],"inLanguage":"it-IT"},{"@type":"Person","@id":"https:\/\/www.article-marketing.eu\/comunicati\/#\/schema\/person\/44372e4d4d0fa797b18e03ed1ace9017","name":"Redazione Comunicati Stampa","image":{"@type":"ImageObject","inLanguage":"it-IT","@id":"https:\/\/www.article-marketing.eu\/comunicati\/#\/schema\/person\/image\/","url":"https:\/\/secure.gravatar.com\/avatar\/50e5c6421d3072f42e7ace803501602c60d75233d34e29fd05feb91c8760b792?s=96&d=mm&r=g","contentUrl":"https:\/\/secure.gravatar.com\/avatar\/50e5c6421d3072f42e7ace803501602c60d75233d34e29fd05feb91c8760b792?s=96&d=mm&r=g","caption":"Redazione Comunicati Stampa"},"url":"https:\/\/www.article-marketing.eu\/comunicati\/author\/redazione-comunicati-stampa\/"}]}},"_links":{"self":[{"href":"https:\/\/www.article-marketing.eu\/comunicati\/wp-json\/wp\/v2\/posts\/2193","targetHints":{"allow":["GET"]}}],"collection":[{"href":"https:\/\/www.article-marketing.eu\/comunicati\/wp-json\/wp\/v2\/posts"}],"about":[{"href":"https:\/\/www.article-marketing.eu\/comunicati\/wp-json\/wp\/v2\/types\/post"}],"author":[{"embeddable":true,"href":"https:\/\/www.article-marketing.eu\/comunicati\/wp-json\/wp\/v2\/users\/10"}],"replies":[{"embeddable":true,"href":"https:\/\/www.article-marketing.eu\/comunicati\/wp-json\/wp\/v2\/comments?post=2193"}],"version-history":[{"count":0,"href":"https:\/\/www.article-marketing.eu\/comunicati\/wp-json\/wp\/v2\/posts\/2193\/revisions"}],"wp:attachment":[{"href":"https:\/\/www.article-marketing.eu\/comunicati\/wp-json\/wp\/v2\/media?parent=2193"}],"wp:term":[{"taxonomy":"category","embeddable":true,"href":"https:\/\/www.article-marketing.eu\/comunicati\/wp-json\/wp\/v2\/categories?post=2193"},{"taxonomy":"post_tag","embeddable":true,"href":"https:\/\/www.article-marketing.eu\/comunicati\/wp-json\/wp\/v2\/tags?post=2193"}],"curies":[{"name":"wp","href":"https:\/\/api.w.org\/{rel}","templated":true}]}}