{"id":2209,"date":"2009-06-19T10:31:03","date_gmt":"2009-06-19T08:31:03","guid":{"rendered":"http:\/\/www.article-marketing.eu\/comunicati\/senza-categoria\/pareti-mobili-con-la-linea-portoni-le-perle-di-breda\/"},"modified":"2009-06-19T10:31:03","modified_gmt":"2009-06-19T08:31:03","slug":"pareti-mobili-con-la-linea-portoni-le-perle-di-breda","status":"publish","type":"post","link":"https:\/\/www.article-marketing.eu\/comunicati\/arte-e-cultura\/giornalismo\/pareti-mobili-con-la-linea-portoni-le-perle-di-breda\/","title":{"rendered":"PARETI MOBILI CON LA LINEA PORTONI LE PERLE DI BREDA"},"content":{"rendered":"<p>Sequals (PORDENONE) &#8211; 19 Gugno 2009<\/p>\n<p> Pu\u00f2<br \/>\nun semplice portone trasformarsi in un prezioso elemento d&#8217;arredo? E<br \/>\npu\u00f2 lo stesso portone diventare una parete divisoria mobile? La<br \/>\nrisposta \u00e8 s\u00ec se il portone \u00e8 un sezionale prodotto da Breda e fa parte<br \/>\ndella collezione Le Perle, la linea dell&#8217;azienda di Sequals realizzata<br \/>\ncon materiali  vivi  quali la pelle capiton\u00e8 e il cuoio, ma con il<br \/>\nmosaico, il sughero, il marmo, la stoffa personalizzata e disponibile<br \/>\ncon una infinit\u00e0 di altri materiali. Il ristorante Mr. Gredy di Arba<br \/>\n(PN) ha scelto proprio i sezionali della linea Le Perle per suddividere<br \/>\nlo spazio dei locali interni, utilizzandoli come vere e proprie pareti<br \/>\ndivisorie in movimento. Nello specifico, il portone \u00e8 stato utilizzato<br \/>\nper suddividere la zona cucine dalla sala destinata al pubblico, con<br \/>\nuna personalizzazione grafica che ha riproposto alcune immagini<br \/>\nculinarie.  Si tratta di una soluzione innovativa, particolarmente<br \/>\nindicata soprattutto per i negozi, i ristoranti e i locali pubblici in<br \/>\ngenere &#8211; spiega l&#8217;azienda. Sono gi\u00e0 altri i casi di clienti che ci<br \/>\nstanno richiedendo i portoni di questa tipologia per tale utilizzo.<br \/>\nCon Le Perle Breda ha arricchito l&#8217;offerta per il settore residenziale,<br \/>\nscegliendo di offrire alla clientela importanti plus in termini di<br \/>\ndesign e gusto estetico. Veri e propri capolavori che esprimono al<br \/>\nmeglio la creativit\u00e0 italiana applicata a un ambito insolito, alla<br \/>\nquale si accompagna il massimo della capacit\u00e0 tecnologica, parte<br \/>\nintegrante del dna dell&#8217;azienda friulana.<\/p>\n<p> <a href=\"http:\/\/4.bp.blogspot.com\/_Tt1BfvyUHPo\/Sjs-24CnJyI\/AAAAAAAAA3o\/VWmx2AN6AeM\/s1600-h\/Le_Perle_Breda_Mr_Gredy.jpg\" onblur=\"try {parent.deselectBloggerImageGracefully();} catch(e) {}\" style=\"font-family: trebuchet ms;\"><img decoding=\"async\" border=\"0\" id=\"BLOGGER_PHOTO_ID_5348938094909794082\" src=\"http:\/\/4.bp.blogspot.com\/_Tt1BfvyUHPo\/Sjs-24CnJyI\/AAAAAAAAA3o\/VWmx2AN6AeM\/s400\/Le_Perle_Breda_Mr_Gredy.jpg\" style=\"margin: 0pt 10px 10px 0pt; float: left; cursor: pointer; width: 400px; height: 300px;\" \/><\/a><\/p>\n<p>Per maggiori informazioni visitate il sito internet Breda Sistemi Industriali.<\/p>\n<p>Breda \u00e8 sinonimo di qualit\u00e0, sicurezza e cura estetica, caratteristiche<br \/>\nche Palpebra\u00ae, il sezionale Residenziale dell&#8217;azienda, riassume alla<br \/>\nperfezione. <br \/>Esso reinterpreta con eleganza il tradizionale<br \/>\nsezionale, rispondendo alle esigenze del moderno abitare. Gi\u00e0, perch\u00e8<br \/>\nil portone \u00e8 sicuramente uno degli elementi che per primi raccontano di<br \/>\nuna casa, il biglietto da visita di un&#8217;abitazione.<\/p>\n<p> <strong><br \/>\n Breda Sistemi Industriali S.p.A. &#8211; Portoni Sezionali Evoluti<\/strong><br \/>\n <br \/>Via Cecilia Danieli, 2 33090 Sequals &#8211; PORDENONE<br \/>\n <br \/>Tel. +39 0427.939311<br \/>\n <br \/>Fax. +39 0427.939321<br \/>\n <br \/>Email breda (at) bredasys.com<br \/>\n <br \/>Web http:\/\/www.bredasys.com\/<\/p>\n<p> <strong>Scaricate il Comunicato in WORD<\/strong><\/p>\n","protected":false},"excerpt":{"rendered":"<p>Il ristorante Mr. Gredy di Arba (PN) ha scelto i portoni sezionali griffati dall azienda pordenonese trasformandoli in pareti divisorie mobili, personalizzate con decorazioni ad hoc, per suddividere lo spazio dei locali interni<\/p>\n","protected":false},"author":10,"featured_media":0,"comment_status":"open","ping_status":"open","sticky":false,"template":"","format":"standard","meta":{"cybocfi_hide_featured_image":"","footnotes":""},"categories":[218],"tags":[],"class_list":["post-2209","post","type-post","status-publish","format-standard","hentry","category-giornalismo"],"yoast_head":"<!-- This site is optimized with the Yoast SEO plugin v27.0 - https:\/\/yoast.com\/product\/yoast-seo-wordpress\/ -->\n<title>PARETI MOBILI CON LA LINEA PORTONI LE PERLE DI BREDA - Article Marketing<\/title>\n<meta name=\"robots\" content=\"index, follow, max-snippet:-1, max-image-preview:large, max-video-preview:-1\" \/>\n<link rel=\"canonical\" href=\"https:\/\/www.article-marketing.eu\/comunicati\/arte-e-cultura\/giornalismo\/pareti-mobili-con-la-linea-portoni-le-perle-di-breda\/\" \/>\n<meta property=\"og:locale\" content=\"it_IT\" \/>\n<meta property=\"og:type\" content=\"article\" \/>\n<meta property=\"og:title\" content=\"PARETI MOBILI CON LA LINEA PORTONI LE PERLE DI BREDA - Article Marketing\" \/>\n<meta property=\"og:description\" content=\"Il ristorante Mr. Gredy di Arba (PN) ha scelto i portoni sezionali griffati dall azienda pordenonese trasformandoli in pareti divisorie mobili, personalizzate con decorazioni ad hoc, per suddividere lo spazio dei locali interni\" \/>\n<meta property=\"og:url\" content=\"https:\/\/www.article-marketing.eu\/comunicati\/arte-e-cultura\/giornalismo\/pareti-mobili-con-la-linea-portoni-le-perle-di-breda\/\" \/>\n<meta property=\"og:site_name\" content=\"Article Marketing\" \/>\n<meta property=\"article:published_time\" content=\"2009-06-19T08:31:03+00:00\" \/>\n<meta property=\"og:image\" content=\"http:\/\/4.bp.blogspot.com\/_Tt1BfvyUHPo\/Sjs-24CnJyI\/AAAAAAAAA3o\/VWmx2AN6AeM\/s400\/Le_Perle_Breda_Mr_Gredy.jpg\" \/>\n<meta name=\"author\" content=\"Redazione Comunicati Stampa\" \/>\n<meta name=\"twitter:card\" content=\"summary_large_image\" \/>\n<meta name=\"twitter:label1\" content=\"Scritto da\" \/>\n\t<meta name=\"twitter:data1\" content=\"Redazione Comunicati Stampa\" \/>\n\t<meta name=\"twitter:label2\" content=\"Tempo di lettura stimato\" \/>\n\t<meta name=\"twitter:data2\" content=\"2 minuti\" \/>\n<script type=\"application\/ld+json\" class=\"yoast-schema-graph\">{\"@context\":\"https:\/\/schema.org\",\"@graph\":[{\"@type\":\"Article\",\"@id\":\"https:\/\/www.article-marketing.eu\/comunicati\/arte-e-cultura\/giornalismo\/pareti-mobili-con-la-linea-portoni-le-perle-di-breda\/#article\",\"isPartOf\":{\"@id\":\"https:\/\/www.article-marketing.eu\/comunicati\/arte-e-cultura\/giornalismo\/pareti-mobili-con-la-linea-portoni-le-perle-di-breda\/\"},\"author\":{\"name\":\"Redazione Comunicati Stampa\",\"@id\":\"https:\/\/www.article-marketing.eu\/comunicati\/#\/schema\/person\/44372e4d4d0fa797b18e03ed1ace9017\"},\"headline\":\"PARETI MOBILI CON LA LINEA PORTONI LE PERLE DI BREDA\",\"datePublished\":\"2009-06-19T08:31:03+00:00\",\"mainEntityOfPage\":{\"@id\":\"https:\/\/www.article-marketing.eu\/comunicati\/arte-e-cultura\/giornalismo\/pareti-mobili-con-la-linea-portoni-le-perle-di-breda\/\"},\"wordCount\":338,\"commentCount\":0,\"image\":{\"@id\":\"https:\/\/www.article-marketing.eu\/comunicati\/arte-e-cultura\/giornalismo\/pareti-mobili-con-la-linea-portoni-le-perle-di-breda\/#primaryimage\"},\"thumbnailUrl\":\"http:\/\/4.bp.blogspot.com\/_Tt1BfvyUHPo\/Sjs-24CnJyI\/AAAAAAAAA3o\/VWmx2AN6AeM\/s400\/Le_Perle_Breda_Mr_Gredy.jpg\",\"articleSection\":[\"Giornalismo\"],\"inLanguage\":\"it-IT\",\"potentialAction\":[{\"@type\":\"CommentAction\",\"name\":\"Comment\",\"target\":[\"https:\/\/www.article-marketing.eu\/comunicati\/arte-e-cultura\/giornalismo\/pareti-mobili-con-la-linea-portoni-le-perle-di-breda\/#respond\"]}]},{\"@type\":\"WebPage\",\"@id\":\"https:\/\/www.article-marketing.eu\/comunicati\/arte-e-cultura\/giornalismo\/pareti-mobili-con-la-linea-portoni-le-perle-di-breda\/\",\"url\":\"https:\/\/www.article-marketing.eu\/comunicati\/arte-e-cultura\/giornalismo\/pareti-mobili-con-la-linea-portoni-le-perle-di-breda\/\",\"name\":\"PARETI MOBILI CON LA LINEA PORTONI LE PERLE DI BREDA - Article Marketing\",\"isPartOf\":{\"@id\":\"https:\/\/www.article-marketing.eu\/comunicati\/#website\"},\"primaryImageOfPage\":{\"@id\":\"https:\/\/www.article-marketing.eu\/comunicati\/arte-e-cultura\/giornalismo\/pareti-mobili-con-la-linea-portoni-le-perle-di-breda\/#primaryimage\"},\"image\":{\"@id\":\"https:\/\/www.article-marketing.eu\/comunicati\/arte-e-cultura\/giornalismo\/pareti-mobili-con-la-linea-portoni-le-perle-di-breda\/#primaryimage\"},\"thumbnailUrl\":\"http:\/\/4.bp.blogspot.com\/_Tt1BfvyUHPo\/Sjs-24CnJyI\/AAAAAAAAA3o\/VWmx2AN6AeM\/s400\/Le_Perle_Breda_Mr_Gredy.jpg\",\"datePublished\":\"2009-06-19T08:31:03+00:00\",\"author\":{\"@id\":\"https:\/\/www.article-marketing.eu\/comunicati\/#\/schema\/person\/44372e4d4d0fa797b18e03ed1ace9017\"},\"breadcrumb\":{\"@id\":\"https:\/\/www.article-marketing.eu\/comunicati\/arte-e-cultura\/giornalismo\/pareti-mobili-con-la-linea-portoni-le-perle-di-breda\/#breadcrumb\"},\"inLanguage\":\"it-IT\",\"potentialAction\":[{\"@type\":\"ReadAction\",\"target\":[\"https:\/\/www.article-marketing.eu\/comunicati\/arte-e-cultura\/giornalismo\/pareti-mobili-con-la-linea-portoni-le-perle-di-breda\/\"]}]},{\"@type\":\"ImageObject\",\"inLanguage\":\"it-IT\",\"@id\":\"https:\/\/www.article-marketing.eu\/comunicati\/arte-e-cultura\/giornalismo\/pareti-mobili-con-la-linea-portoni-le-perle-di-breda\/#primaryimage\",\"url\":\"http:\/\/4.bp.blogspot.com\/_Tt1BfvyUHPo\/Sjs-24CnJyI\/AAAAAAAAA3o\/VWmx2AN6AeM\/s400\/Le_Perle_Breda_Mr_Gredy.jpg\",\"contentUrl\":\"http:\/\/4.bp.blogspot.com\/_Tt1BfvyUHPo\/Sjs-24CnJyI\/AAAAAAAAA3o\/VWmx2AN6AeM\/s400\/Le_Perle_Breda_Mr_Gredy.jpg\"},{\"@type\":\"BreadcrumbList\",\"@id\":\"https:\/\/www.article-marketing.eu\/comunicati\/arte-e-cultura\/giornalismo\/pareti-mobili-con-la-linea-portoni-le-perle-di-breda\/#breadcrumb\",\"itemListElement\":[{\"@type\":\"ListItem\",\"position\":1,\"name\":\"Home\",\"item\":\"https:\/\/www.article-marketing.eu\/comunicati\/\"},{\"@type\":\"ListItem\",\"position\":2,\"name\":\"PARETI MOBILI CON LA LINEA PORTONI LE PERLE DI BREDA\"}]},{\"@type\":\"WebSite\",\"@id\":\"https:\/\/www.article-marketing.eu\/comunicati\/#website\",\"url\":\"https:\/\/www.article-marketing.eu\/comunicati\/\",\"name\":\"Article Marketing\",\"description\":\"article marketing &amp; press release\",\"potentialAction\":[{\"@type\":\"SearchAction\",\"target\":{\"@type\":\"EntryPoint\",\"urlTemplate\":\"https:\/\/www.article-marketing.eu\/comunicati\/?s={search_term_string}\"},\"query-input\":{\"@type\":\"PropertyValueSpecification\",\"valueRequired\":true,\"valueName\":\"search_term_string\"}}],\"inLanguage\":\"it-IT\"},{\"@type\":\"Person\",\"@id\":\"https:\/\/www.article-marketing.eu\/comunicati\/#\/schema\/person\/44372e4d4d0fa797b18e03ed1ace9017\",\"name\":\"Redazione Comunicati Stampa\",\"image\":{\"@type\":\"ImageObject\",\"inLanguage\":\"it-IT\",\"@id\":\"https:\/\/www.article-marketing.eu\/comunicati\/#\/schema\/person\/image\/\",\"url\":\"https:\/\/secure.gravatar.com\/avatar\/50e5c6421d3072f42e7ace803501602c60d75233d34e29fd05feb91c8760b792?s=96&d=mm&r=g\",\"contentUrl\":\"https:\/\/secure.gravatar.com\/avatar\/50e5c6421d3072f42e7ace803501602c60d75233d34e29fd05feb91c8760b792?s=96&d=mm&r=g\",\"caption\":\"Redazione Comunicati Stampa\"},\"url\":\"https:\/\/www.article-marketing.eu\/comunicati\/author\/redazione-comunicati-stampa\/\"}]}<\/script>\n<!-- \/ Yoast SEO plugin. -->","yoast_head_json":{"title":"PARETI MOBILI CON LA LINEA PORTONI LE PERLE DI BREDA - Article Marketing","robots":{"index":"index","follow":"follow","max-snippet":"max-snippet:-1","max-image-preview":"max-image-preview:large","max-video-preview":"max-video-preview:-1"},"canonical":"https:\/\/www.article-marketing.eu\/comunicati\/arte-e-cultura\/giornalismo\/pareti-mobili-con-la-linea-portoni-le-perle-di-breda\/","og_locale":"it_IT","og_type":"article","og_title":"PARETI MOBILI CON LA LINEA PORTONI LE PERLE DI BREDA - Article Marketing","og_description":"Il ristorante Mr. Gredy di Arba (PN) ha scelto i portoni sezionali griffati dall azienda pordenonese trasformandoli in pareti divisorie mobili, personalizzate con decorazioni ad hoc, per suddividere lo spazio dei locali interni","og_url":"https:\/\/www.article-marketing.eu\/comunicati\/arte-e-cultura\/giornalismo\/pareti-mobili-con-la-linea-portoni-le-perle-di-breda\/","og_site_name":"Article Marketing","article_published_time":"2009-06-19T08:31:03+00:00","og_image":[{"url":"http:\/\/4.bp.blogspot.com\/_Tt1BfvyUHPo\/Sjs-24CnJyI\/AAAAAAAAA3o\/VWmx2AN6AeM\/s400\/Le_Perle_Breda_Mr_Gredy.jpg","type":"","width":"","height":""}],"author":"Redazione Comunicati Stampa","twitter_card":"summary_large_image","twitter_misc":{"Scritto da":"Redazione Comunicati Stampa","Tempo di lettura stimato":"2 minuti"},"schema":{"@context":"https:\/\/schema.org","@graph":[{"@type":"Article","@id":"https:\/\/www.article-marketing.eu\/comunicati\/arte-e-cultura\/giornalismo\/pareti-mobili-con-la-linea-portoni-le-perle-di-breda\/#article","isPartOf":{"@id":"https:\/\/www.article-marketing.eu\/comunicati\/arte-e-cultura\/giornalismo\/pareti-mobili-con-la-linea-portoni-le-perle-di-breda\/"},"author":{"name":"Redazione Comunicati Stampa","@id":"https:\/\/www.article-marketing.eu\/comunicati\/#\/schema\/person\/44372e4d4d0fa797b18e03ed1ace9017"},"headline":"PARETI MOBILI CON LA LINEA PORTONI LE PERLE DI BREDA","datePublished":"2009-06-19T08:31:03+00:00","mainEntityOfPage":{"@id":"https:\/\/www.article-marketing.eu\/comunicati\/arte-e-cultura\/giornalismo\/pareti-mobili-con-la-linea-portoni-le-perle-di-breda\/"},"wordCount":338,"commentCount":0,"image":{"@id":"https:\/\/www.article-marketing.eu\/comunicati\/arte-e-cultura\/giornalismo\/pareti-mobili-con-la-linea-portoni-le-perle-di-breda\/#primaryimage"},"thumbnailUrl":"http:\/\/4.bp.blogspot.com\/_Tt1BfvyUHPo\/Sjs-24CnJyI\/AAAAAAAAA3o\/VWmx2AN6AeM\/s400\/Le_Perle_Breda_Mr_Gredy.jpg","articleSection":["Giornalismo"],"inLanguage":"it-IT","potentialAction":[{"@type":"CommentAction","name":"Comment","target":["https:\/\/www.article-marketing.eu\/comunicati\/arte-e-cultura\/giornalismo\/pareti-mobili-con-la-linea-portoni-le-perle-di-breda\/#respond"]}]},{"@type":"WebPage","@id":"https:\/\/www.article-marketing.eu\/comunicati\/arte-e-cultura\/giornalismo\/pareti-mobili-con-la-linea-portoni-le-perle-di-breda\/","url":"https:\/\/www.article-marketing.eu\/comunicati\/arte-e-cultura\/giornalismo\/pareti-mobili-con-la-linea-portoni-le-perle-di-breda\/","name":"PARETI MOBILI CON LA LINEA PORTONI LE PERLE DI BREDA - Article Marketing","isPartOf":{"@id":"https:\/\/www.article-marketing.eu\/comunicati\/#website"},"primaryImageOfPage":{"@id":"https:\/\/www.article-marketing.eu\/comunicati\/arte-e-cultura\/giornalismo\/pareti-mobili-con-la-linea-portoni-le-perle-di-breda\/#primaryimage"},"image":{"@id":"https:\/\/www.article-marketing.eu\/comunicati\/arte-e-cultura\/giornalismo\/pareti-mobili-con-la-linea-portoni-le-perle-di-breda\/#primaryimage"},"thumbnailUrl":"http:\/\/4.bp.blogspot.com\/_Tt1BfvyUHPo\/Sjs-24CnJyI\/AAAAAAAAA3o\/VWmx2AN6AeM\/s400\/Le_Perle_Breda_Mr_Gredy.jpg","datePublished":"2009-06-19T08:31:03+00:00","author":{"@id":"https:\/\/www.article-marketing.eu\/comunicati\/#\/schema\/person\/44372e4d4d0fa797b18e03ed1ace9017"},"breadcrumb":{"@id":"https:\/\/www.article-marketing.eu\/comunicati\/arte-e-cultura\/giornalismo\/pareti-mobili-con-la-linea-portoni-le-perle-di-breda\/#breadcrumb"},"inLanguage":"it-IT","potentialAction":[{"@type":"ReadAction","target":["https:\/\/www.article-marketing.eu\/comunicati\/arte-e-cultura\/giornalismo\/pareti-mobili-con-la-linea-portoni-le-perle-di-breda\/"]}]},{"@type":"ImageObject","inLanguage":"it-IT","@id":"https:\/\/www.article-marketing.eu\/comunicati\/arte-e-cultura\/giornalismo\/pareti-mobili-con-la-linea-portoni-le-perle-di-breda\/#primaryimage","url":"http:\/\/4.bp.blogspot.com\/_Tt1BfvyUHPo\/Sjs-24CnJyI\/AAAAAAAAA3o\/VWmx2AN6AeM\/s400\/Le_Perle_Breda_Mr_Gredy.jpg","contentUrl":"http:\/\/4.bp.blogspot.com\/_Tt1BfvyUHPo\/Sjs-24CnJyI\/AAAAAAAAA3o\/VWmx2AN6AeM\/s400\/Le_Perle_Breda_Mr_Gredy.jpg"},{"@type":"BreadcrumbList","@id":"https:\/\/www.article-marketing.eu\/comunicati\/arte-e-cultura\/giornalismo\/pareti-mobili-con-la-linea-portoni-le-perle-di-breda\/#breadcrumb","itemListElement":[{"@type":"ListItem","position":1,"name":"Home","item":"https:\/\/www.article-marketing.eu\/comunicati\/"},{"@type":"ListItem","position":2,"name":"PARETI MOBILI CON LA LINEA PORTONI LE PERLE DI BREDA"}]},{"@type":"WebSite","@id":"https:\/\/www.article-marketing.eu\/comunicati\/#website","url":"https:\/\/www.article-marketing.eu\/comunicati\/","name":"Article Marketing","description":"article marketing &amp; press release","potentialAction":[{"@type":"SearchAction","target":{"@type":"EntryPoint","urlTemplate":"https:\/\/www.article-marketing.eu\/comunicati\/?s={search_term_string}"},"query-input":{"@type":"PropertyValueSpecification","valueRequired":true,"valueName":"search_term_string"}}],"inLanguage":"it-IT"},{"@type":"Person","@id":"https:\/\/www.article-marketing.eu\/comunicati\/#\/schema\/person\/44372e4d4d0fa797b18e03ed1ace9017","name":"Redazione Comunicati Stampa","image":{"@type":"ImageObject","inLanguage":"it-IT","@id":"https:\/\/www.article-marketing.eu\/comunicati\/#\/schema\/person\/image\/","url":"https:\/\/secure.gravatar.com\/avatar\/50e5c6421d3072f42e7ace803501602c60d75233d34e29fd05feb91c8760b792?s=96&d=mm&r=g","contentUrl":"https:\/\/secure.gravatar.com\/avatar\/50e5c6421d3072f42e7ace803501602c60d75233d34e29fd05feb91c8760b792?s=96&d=mm&r=g","caption":"Redazione Comunicati Stampa"},"url":"https:\/\/www.article-marketing.eu\/comunicati\/author\/redazione-comunicati-stampa\/"}]}},"_links":{"self":[{"href":"https:\/\/www.article-marketing.eu\/comunicati\/wp-json\/wp\/v2\/posts\/2209","targetHints":{"allow":["GET"]}}],"collection":[{"href":"https:\/\/www.article-marketing.eu\/comunicati\/wp-json\/wp\/v2\/posts"}],"about":[{"href":"https:\/\/www.article-marketing.eu\/comunicati\/wp-json\/wp\/v2\/types\/post"}],"author":[{"embeddable":true,"href":"https:\/\/www.article-marketing.eu\/comunicati\/wp-json\/wp\/v2\/users\/10"}],"replies":[{"embeddable":true,"href":"https:\/\/www.article-marketing.eu\/comunicati\/wp-json\/wp\/v2\/comments?post=2209"}],"version-history":[{"count":0,"href":"https:\/\/www.article-marketing.eu\/comunicati\/wp-json\/wp\/v2\/posts\/2209\/revisions"}],"wp:attachment":[{"href":"https:\/\/www.article-marketing.eu\/comunicati\/wp-json\/wp\/v2\/media?parent=2209"}],"wp:term":[{"taxonomy":"category","embeddable":true,"href":"https:\/\/www.article-marketing.eu\/comunicati\/wp-json\/wp\/v2\/categories?post=2209"},{"taxonomy":"post_tag","embeddable":true,"href":"https:\/\/www.article-marketing.eu\/comunicati\/wp-json\/wp\/v2\/tags?post=2209"}],"curies":[{"name":"wp","href":"https:\/\/api.w.org\/{rel}","templated":true}]}}