{"id":2210,"date":"2009-06-19T10:50:10","date_gmt":"2009-06-19T08:50:10","guid":{"rendered":"http:\/\/www.article-marketing.eu\/comunicati\/senza-categoria\/bello-sedie-la-tradizione-italiana-del-mobile-sposa-lecosostenibilit%e0\/"},"modified":"2009-06-19T10:50:10","modified_gmt":"2009-06-19T08:50:10","slug":"bello-sedie-la-tradizione-italiana-del-mobile-sposa-lecosostenibilit%e0","status":"publish","type":"post","link":"https:\/\/www.article-marketing.eu\/comunicati\/casa\/bello-sedie-la-tradizione-italiana-del-mobile-sposa-lecosostenibilit%e0\/","title":{"rendered":"Bello sedie: la tradizione italiana del mobile sposa l\u2019ecosostenibilit\u00e0"},"content":{"rendered":"<p>Quante aziende nel campo dell\u2019arredamento possono vantare di avere il cuore verde? <strong>Bello Sedie<\/strong> pu\u00f2 farlo. Dal 2007, infatti, l\u2019azienda padovana specializzata nella progettazione e realizzazione di <strong>sedie e tavoli pregiati<\/strong> pu\u00f2 fregiarsi non solo della certificazione ISO 9001, attestazione della qualit\u00e0 dei propri processi aziendali, ma anche della pi\u00f9 rara certificazione <strong>FSC<\/strong>, marchio ecologico rilasciato dalla ONG Forest Stewardship Council, che identifica i prodotti realizzati o contenenti legno ottenuto da foreste gestite secondo i pi\u00f9 recenti criteri della sostenibilit\u00e0 ambientale. <\/p>\n<p>Nel suo stabilimento in Croazia, <strong>Bello Sedie<\/strong> infatti utilizza solo latifoglie di piantagione, riutilizzando completamente il materiale di scarto per produrre energia pulita. Non da ultimo, l\u2019azienda destina parte del proprio utile alla riforestazione in loco. <\/p>\n<p>Presente sul mercato sin dal 1977, <strong>Bello Sedie<\/strong> produce e vende <strong>sedie e tavoli in legno<\/strong>, mantenendo un perfetto equilibrio tra gusto classico e moderne tecnologie. Negli anni l\u2019esperienza dell\u2019azienda ha permesso di ampliare la tradizionale produzione al settore <strong>contract<\/strong>, realizzando prodotti anche personalizzati, a partire da marchi aziendali o da disegni della committenza. <\/p>\n<p><strong>Bello Sedie<\/strong> controlla l\u2019intera filiera delle proprie realizzazioni, dalla scelta del tipo di legname alla stagionatura, dal taglio alla tinteggiatura, dalla rifinitura all\u2019imballaggio, fino alla vendita. Particolare attenzione viene riservata alla formazione e all\u2019aggiornamento del personale operante su ciascuna fase della  filiera produttiva. <\/p>\n<p>Da qualche anno, con la collaborazione di <strong>Aqu\u00e9st<\/strong>, <strong>Bello Sedie<\/strong> \u00e8 online con il proprio sito, dove privati e aziende possono sfogliare il catalogo aggiornato, che comprende <strong>sedie classiche<\/strong>, <strong>sedie moderne<\/strong> e <strong>tavoli<\/strong>, richiedere informazioni sui prodotti e rimanere aggiornati sulle news riguardanti l\u2019azienda. <\/p>\n<p><a href=\"http:\/\/www.bellosedie.com\/\">http:\/\/www.bellosedie.com\/<\/a><\/p>\n<p>Quante aziende nel campo dell\u2019arredamento possono vantare di avere il cuore verde? <strong>Bello Sedie<\/strong> pu\u00f2 farlo. Dal 2007, infatti, l\u2019azienda padovana specializzata nella progettazione e realizzazione di <strong>sedie e tavoli pregiati<\/strong> pu\u00f2 fregiarsi non solo della certificazione ISO 9001, attestazione della qualit\u00e0 dei propri processi aziendali, ma anche della pi\u00f9 rara certificazione <strong>FSC<\/strong>, marchio ecologico rilasciato dalla ONG Forest Stewardship Council, che identifica i prodotti realizzati o contenenti legno ottenuto da foreste gestite secondo i pi\u00f9 recenti criteri della sostenibilit\u00e0 ambientale. <\/p>\n<p>Nel suo stabilimento in Croazia, <strong>Bello Sedie<\/strong> infatti utilizza solo latifoglie di piantagione, riutilizzando completamente il materiale di scarto per produrre energia pulita. Non da ultimo, l\u2019azienda destina parte del proprio utile alla riforestazione in loco. <\/p>\n<p>Presente sul mercato sin dal 1977, <strong>Bello Sedie<\/strong> produce e vende <strong>sedie e tavoli in legno<\/strong>, mantenendo un perfetto equilibrio tra gusto classico e moderne tecnologie. Negli anni l\u2019esperienza dell\u2019azienda ha permesso di ampliare la tradizionale produzione al settore <strong>contract<\/strong>, realizzando prodotti anche personalizzati, a partire da marchi aziendali o da disegni della committenza. <\/p>\n<p><strong>Bello Sedie<\/strong> controlla l\u2019intera filiera delle proprie realizzazioni, dalla scelta del tipo di legname alla stagionatura, dal taglio alla tinteggiatura, dalla rifinitura all\u2019imballaggio, fino alla vendita. Particolare attenzione viene riservata alla formazione e all\u2019aggiornamento del personale operante su ciascuna fase della  filiera produttiva. <\/p>\n<p>Da qualche anno, con la collaborazione di <strong>Aqu\u00e9st<\/strong>, <strong>Bello Sedie<\/strong> \u00e8 online con il proprio sito, dove privati e aziende possono sfogliare il catalogo aggiornato, che comprende <strong>sedie classiche<\/strong>, <strong>sedie moderne<\/strong> e <strong>tavoli<\/strong>, richiedere informazioni sui prodotti e rimanere aggiornati sulle news riguardanti l\u2019azienda. <\/p>\n<p>http:\/\/www.bellosedie.com\/<\/p>\n","protected":false},"excerpt":{"rendered":"<p><i>Nuovo sito per l\u2019azienda padovana specializzata in sedie e tavoli di pregio, con un occhio di riguardo all\u2019ambiente.<\/i><\/p>\n","protected":false},"author":10,"featured_media":0,"comment_status":"open","ping_status":"open","sticky":false,"template":"","format":"standard","meta":{"cybocfi_hide_featured_image":"","footnotes":""},"categories":[390],"tags":[6869,6867,6865,6868,6866],"class_list":["post-2210","post","type-post","status-publish","format-standard","hentry","category-casa","tag-bello-sedie","tag-sedie-classiche","tag-sedie-in-legno","tag-sedie-moderne","tag-tavoli"],"yoast_head":"<!-- This site is optimized with the Yoast SEO plugin v27.0 - https:\/\/yoast.com\/product\/yoast-seo-wordpress\/ -->\n<title>Bello sedie: la tradizione italiana del mobile sposa l\u2019ecosostenibilit\u00e0 - Article Marketing<\/title>\n<meta name=\"robots\" content=\"index, follow, max-snippet:-1, max-image-preview:large, max-video-preview:-1\" \/>\n<link rel=\"canonical\" href=\"https:\/\/www.article-marketing.eu\/comunicati\/casa\/bello-sedie-la-tradizione-italiana-del-mobile-sposa-lecosostenibilit?\/\" \/>\n<meta property=\"og:locale\" content=\"it_IT\" \/>\n<meta property=\"og:type\" content=\"article\" \/>\n<meta property=\"og:title\" content=\"Bello sedie: la tradizione italiana del mobile sposa l\u2019ecosostenibilit\u00e0 - Article Marketing\" \/>\n<meta property=\"og:description\" content=\"Nuovo sito per l\u2019azienda padovana specializzata in sedie e tavoli di pregio, con un occhio di riguardo all\u2019ambiente.\" \/>\n<meta property=\"og:url\" content=\"\" \/>\n<meta property=\"og:site_name\" content=\"Article Marketing\" \/>\n<meta property=\"article:published_time\" content=\"2009-06-19T08:50:10+00:00\" \/>\n<meta name=\"author\" content=\"Redazione Comunicati Stampa\" \/>\n<meta name=\"twitter:card\" content=\"summary_large_image\" \/>\n<meta name=\"twitter:label1\" content=\"Scritto da\" \/>\n\t<meta name=\"twitter:data1\" content=\"Redazione Comunicati Stampa\" \/>\n\t<meta name=\"twitter:label2\" content=\"Tempo di lettura stimato\" \/>\n\t<meta name=\"twitter:data2\" content=\"3 minuti\" \/>\n<script type=\"application\/ld+json\" class=\"yoast-schema-graph\">{\"@context\":\"https:\/\/schema.org\",\"@graph\":[{\"@type\":\"Article\",\"@id\":\"https:\/\/www.article-marketing.eu\/comunicati\/casa\/bello-sedie-la-tradizione-italiana-del-mobile-sposa-lecosostenibilit%e0\/#article\",\"isPartOf\":{\"@id\":\"https:\/\/www.article-marketing.eu\/comunicati\/casa\/bello-sedie-la-tradizione-italiana-del-mobile-sposa-lecosostenibilit%e0\/\"},\"author\":{\"name\":\"Redazione Comunicati Stampa\",\"@id\":\"https:\/\/www.article-marketing.eu\/comunicati\/#\/schema\/person\/44372e4d4d0fa797b18e03ed1ace9017\"},\"headline\":\"Bello sedie: la tradizione italiana del mobile sposa l\u2019ecosostenibilit\u00e0\",\"datePublished\":\"2009-06-19T08:50:10+00:00\",\"mainEntityOfPage\":{\"@id\":\"https:\/\/www.article-marketing.eu\/comunicati\/casa\/bello-sedie-la-tradizione-italiana-del-mobile-sposa-lecosostenibilit%e0\/\"},\"wordCount\":546,\"commentCount\":0,\"keywords\":[\"Bello Sedie\",\"sedie classiche\",\"sedie in legno\",\"sedie moderne\",\"tavoli\"],\"articleSection\":[\"Casa\"],\"inLanguage\":\"it-IT\",\"potentialAction\":[{\"@type\":\"CommentAction\",\"name\":\"Comment\",\"target\":[\"https:\/\/www.article-marketing.eu\/comunicati\/casa\/bello-sedie-la-tradizione-italiana-del-mobile-sposa-lecosostenibilit%e0\/#respond\"]}]},{\"@type\":\"WebPage\",\"@id\":\"https:\/\/www.article-marketing.eu\/comunicati\/casa\/bello-sedie-la-tradizione-italiana-del-mobile-sposa-lecosostenibilit%e0\/\",\"url\":\"https:\/\/www.article-marketing.eu\/comunicati\/casa\/bello-sedie-la-tradizione-italiana-del-mobile-sposa-lecosostenibilit%e0\/\",\"name\":\"Bello sedie: la tradizione italiana del mobile sposa l\u2019ecosostenibilit\u00e0 - Article Marketing\",\"isPartOf\":{\"@id\":\"https:\/\/www.article-marketing.eu\/comunicati\/#website\"},\"datePublished\":\"2009-06-19T08:50:10+00:00\",\"author\":{\"@id\":\"https:\/\/www.article-marketing.eu\/comunicati\/#\/schema\/person\/44372e4d4d0fa797b18e03ed1ace9017\"},\"breadcrumb\":{\"@id\":\"https:\/\/www.article-marketing.eu\/comunicati\/casa\/bello-sedie-la-tradizione-italiana-del-mobile-sposa-lecosostenibilit%e0\/#breadcrumb\"},\"inLanguage\":\"it-IT\",\"potentialAction\":[{\"@type\":\"ReadAction\",\"target\":[\"https:\/\/www.article-marketing.eu\/comunicati\/casa\/bello-sedie-la-tradizione-italiana-del-mobile-sposa-lecosostenibilit%e0\/\"]}]},{\"@type\":\"BreadcrumbList\",\"@id\":\"https:\/\/www.article-marketing.eu\/comunicati\/casa\/bello-sedie-la-tradizione-italiana-del-mobile-sposa-lecosostenibilit%e0\/#breadcrumb\",\"itemListElement\":[{\"@type\":\"ListItem\",\"position\":1,\"name\":\"Home\",\"item\":\"https:\/\/www.article-marketing.eu\/comunicati\/\"},{\"@type\":\"ListItem\",\"position\":2,\"name\":\"Bello sedie: la tradizione italiana del mobile sposa l\u2019ecosostenibilit\u00e0\"}]},{\"@type\":\"WebSite\",\"@id\":\"https:\/\/www.article-marketing.eu\/comunicati\/#website\",\"url\":\"https:\/\/www.article-marketing.eu\/comunicati\/\",\"name\":\"Article Marketing\",\"description\":\"article marketing &amp; press release\",\"potentialAction\":[{\"@type\":\"SearchAction\",\"target\":{\"@type\":\"EntryPoint\",\"urlTemplate\":\"https:\/\/www.article-marketing.eu\/comunicati\/?s={search_term_string}\"},\"query-input\":{\"@type\":\"PropertyValueSpecification\",\"valueRequired\":true,\"valueName\":\"search_term_string\"}}],\"inLanguage\":\"it-IT\"},{\"@type\":\"Person\",\"@id\":\"https:\/\/www.article-marketing.eu\/comunicati\/#\/schema\/person\/44372e4d4d0fa797b18e03ed1ace9017\",\"name\":\"Redazione Comunicati Stampa\",\"image\":{\"@type\":\"ImageObject\",\"inLanguage\":\"it-IT\",\"@id\":\"https:\/\/www.article-marketing.eu\/comunicati\/#\/schema\/person\/image\/\",\"url\":\"https:\/\/secure.gravatar.com\/avatar\/50e5c6421d3072f42e7ace803501602c60d75233d34e29fd05feb91c8760b792?s=96&d=mm&r=g\",\"contentUrl\":\"https:\/\/secure.gravatar.com\/avatar\/50e5c6421d3072f42e7ace803501602c60d75233d34e29fd05feb91c8760b792?s=96&d=mm&r=g\",\"caption\":\"Redazione Comunicati Stampa\"},\"url\":\"https:\/\/www.article-marketing.eu\/comunicati\/author\/redazione-comunicati-stampa\/\"}]}<\/script>\n<!-- \/ Yoast SEO plugin. -->","yoast_head_json":{"title":"Bello sedie: la tradizione italiana del mobile sposa l\u2019ecosostenibilit\u00e0 - Article Marketing","robots":{"index":"index","follow":"follow","max-snippet":"max-snippet:-1","max-image-preview":"max-image-preview:large","max-video-preview":"max-video-preview:-1"},"canonical":"https:\/\/www.article-marketing.eu\/comunicati\/casa\/bello-sedie-la-tradizione-italiana-del-mobile-sposa-lecosostenibilit?\/","og_locale":"it_IT","og_type":"article","og_title":"Bello sedie: la tradizione italiana del mobile sposa l\u2019ecosostenibilit\u00e0 - Article Marketing","og_description":"Nuovo sito per l\u2019azienda padovana specializzata in sedie e tavoli di pregio, con un occhio di riguardo all\u2019ambiente.","og_url":"https:\/\/www.article-marketing.eu\/comunicati\/casa\/bello-sedie-la-tradizione-italiana-del-mobile-sposa-lecosostenibilit?\/","og_site_name":"Article Marketing","article_published_time":"2009-06-19T08:50:10+00:00","author":"Redazione Comunicati Stampa","twitter_card":"summary_large_image","twitter_misc":{"Scritto da":"Redazione Comunicati Stampa","Tempo di lettura stimato":"3 minuti"},"schema":{"@context":"https:\/\/schema.org","@graph":[{"@type":"Article","@id":"https:\/\/www.article-marketing.eu\/comunicati\/casa\/bello-sedie-la-tradizione-italiana-del-mobile-sposa-lecosostenibilit%e0\/#article","isPartOf":{"@id":"https:\/\/www.article-marketing.eu\/comunicati\/casa\/bello-sedie-la-tradizione-italiana-del-mobile-sposa-lecosostenibilit%e0\/"},"author":{"name":"Redazione Comunicati Stampa","@id":"https:\/\/www.article-marketing.eu\/comunicati\/#\/schema\/person\/44372e4d4d0fa797b18e03ed1ace9017"},"headline":"Bello sedie: la tradizione italiana del mobile sposa l\u2019ecosostenibilit\u00e0","datePublished":"2009-06-19T08:50:10+00:00","mainEntityOfPage":{"@id":"https:\/\/www.article-marketing.eu\/comunicati\/casa\/bello-sedie-la-tradizione-italiana-del-mobile-sposa-lecosostenibilit%e0\/"},"wordCount":546,"commentCount":0,"keywords":["Bello Sedie","sedie classiche","sedie in legno","sedie moderne","tavoli"],"articleSection":["Casa"],"inLanguage":"it-IT","potentialAction":[{"@type":"CommentAction","name":"Comment","target":["https:\/\/www.article-marketing.eu\/comunicati\/casa\/bello-sedie-la-tradizione-italiana-del-mobile-sposa-lecosostenibilit%e0\/#respond"]}]},{"@type":"WebPage","@id":"https:\/\/www.article-marketing.eu\/comunicati\/casa\/bello-sedie-la-tradizione-italiana-del-mobile-sposa-lecosostenibilit%e0\/","url":"https:\/\/www.article-marketing.eu\/comunicati\/casa\/bello-sedie-la-tradizione-italiana-del-mobile-sposa-lecosostenibilit%e0\/","name":"Bello sedie: la tradizione italiana del mobile sposa l\u2019ecosostenibilit\u00e0 - Article Marketing","isPartOf":{"@id":"https:\/\/www.article-marketing.eu\/comunicati\/#website"},"datePublished":"2009-06-19T08:50:10+00:00","author":{"@id":"https:\/\/www.article-marketing.eu\/comunicati\/#\/schema\/person\/44372e4d4d0fa797b18e03ed1ace9017"},"breadcrumb":{"@id":"https:\/\/www.article-marketing.eu\/comunicati\/casa\/bello-sedie-la-tradizione-italiana-del-mobile-sposa-lecosostenibilit%e0\/#breadcrumb"},"inLanguage":"it-IT","potentialAction":[{"@type":"ReadAction","target":["https:\/\/www.article-marketing.eu\/comunicati\/casa\/bello-sedie-la-tradizione-italiana-del-mobile-sposa-lecosostenibilit%e0\/"]}]},{"@type":"BreadcrumbList","@id":"https:\/\/www.article-marketing.eu\/comunicati\/casa\/bello-sedie-la-tradizione-italiana-del-mobile-sposa-lecosostenibilit%e0\/#breadcrumb","itemListElement":[{"@type":"ListItem","position":1,"name":"Home","item":"https:\/\/www.article-marketing.eu\/comunicati\/"},{"@type":"ListItem","position":2,"name":"Bello sedie: la tradizione italiana del mobile sposa l\u2019ecosostenibilit\u00e0"}]},{"@type":"WebSite","@id":"https:\/\/www.article-marketing.eu\/comunicati\/#website","url":"https:\/\/www.article-marketing.eu\/comunicati\/","name":"Article Marketing","description":"article marketing &amp; press release","potentialAction":[{"@type":"SearchAction","target":{"@type":"EntryPoint","urlTemplate":"https:\/\/www.article-marketing.eu\/comunicati\/?s={search_term_string}"},"query-input":{"@type":"PropertyValueSpecification","valueRequired":true,"valueName":"search_term_string"}}],"inLanguage":"it-IT"},{"@type":"Person","@id":"https:\/\/www.article-marketing.eu\/comunicati\/#\/schema\/person\/44372e4d4d0fa797b18e03ed1ace9017","name":"Redazione Comunicati Stampa","image":{"@type":"ImageObject","inLanguage":"it-IT","@id":"https:\/\/www.article-marketing.eu\/comunicati\/#\/schema\/person\/image\/","url":"https:\/\/secure.gravatar.com\/avatar\/50e5c6421d3072f42e7ace803501602c60d75233d34e29fd05feb91c8760b792?s=96&d=mm&r=g","contentUrl":"https:\/\/secure.gravatar.com\/avatar\/50e5c6421d3072f42e7ace803501602c60d75233d34e29fd05feb91c8760b792?s=96&d=mm&r=g","caption":"Redazione Comunicati Stampa"},"url":"https:\/\/www.article-marketing.eu\/comunicati\/author\/redazione-comunicati-stampa\/"}]}},"_links":{"self":[{"href":"https:\/\/www.article-marketing.eu\/comunicati\/wp-json\/wp\/v2\/posts\/2210","targetHints":{"allow":["GET"]}}],"collection":[{"href":"https:\/\/www.article-marketing.eu\/comunicati\/wp-json\/wp\/v2\/posts"}],"about":[{"href":"https:\/\/www.article-marketing.eu\/comunicati\/wp-json\/wp\/v2\/types\/post"}],"author":[{"embeddable":true,"href":"https:\/\/www.article-marketing.eu\/comunicati\/wp-json\/wp\/v2\/users\/10"}],"replies":[{"embeddable":true,"href":"https:\/\/www.article-marketing.eu\/comunicati\/wp-json\/wp\/v2\/comments?post=2210"}],"version-history":[{"count":0,"href":"https:\/\/www.article-marketing.eu\/comunicati\/wp-json\/wp\/v2\/posts\/2210\/revisions"}],"wp:attachment":[{"href":"https:\/\/www.article-marketing.eu\/comunicati\/wp-json\/wp\/v2\/media?parent=2210"}],"wp:term":[{"taxonomy":"category","embeddable":true,"href":"https:\/\/www.article-marketing.eu\/comunicati\/wp-json\/wp\/v2\/categories?post=2210"},{"taxonomy":"post_tag","embeddable":true,"href":"https:\/\/www.article-marketing.eu\/comunicati\/wp-json\/wp\/v2\/tags?post=2210"}],"curies":[{"name":"wp","href":"https:\/\/api.w.org\/{rel}","templated":true}]}}