{"id":2213,"date":"2009-06-19T15:45:33","date_gmt":"2009-06-19T13:45:33","guid":{"rendered":"http:\/\/www.article-marketing.eu\/comunicati\/senza-categoria\/ferias-sbarca-su-i-viaggi-di-repubblica-e-kataweb\/"},"modified":"2009-06-19T15:45:33","modified_gmt":"2009-06-19T13:45:33","slug":"ferias-sbarca-su-i-viaggi-di-repubblica-e-kataweb","status":"publish","type":"post","link":"https:\/\/www.article-marketing.eu\/comunicati\/viaggi-e-vacanze\/ferias-sbarca-su-i-viaggi-di-repubblica-e-kataweb\/","title":{"rendered":"Ferias sbarca su I VIAGGI di Repubblica e Kataweb"},"content":{"rendered":"<p>\n Il gruppo editoriale L\u2019Espresso S.p.a. ha scelto <a href=\"http:\/\/www.ferias.it\" target=\"_blank\"><strong>Ferias<\/strong><\/a>, marchio di GH Impresa Turistica, quale partner esclusivo nel settore <strong>CASE VACANZA<\/strong>.<br \/>Il marchio Ferias \u00e8 stato inserito nel motore di ricerca web del gruppo all\u2019interno della prestigiosa testata<strong> I VIAGGI di Repubblica<\/strong> e del portale <strong>Kataweb <\/strong>specializzato in informazioni di servizio.<\/p>\n<p>L\u2019accordo concluso con la concessionaria Manzoni &amp; C. completa l\u2019offerta turistica del gruppo, affiancando il marchio Ferias a Expedia e Costa Crociere, e offrendo un metodo di ricerca facile e funzionale per l\u2019acquisto della casa per le proprie vacanze.<\/p>\n<p>Selezionando destinazione, numero di posti letto, periodo e prezzo si pu\u00f2 personalizzare la propria ricerca a partire da un ampio catalogo di residenze selezionate negli angoli pi\u00f9 straordinari e suggestivi di <strong>Sicilia, Sardegna<\/strong>, <strong>Puglia, Campania, Dalmazia, Marocco e Calabria<\/strong>.<\/p>\n<p>&nbsp;\u201cDa oggi, chi \u00e8 in cerca di una <strong>sistemazione esclusiva a prezzi ragionevoli nelle zone pi\u00f9 affascinanti del Mediterraneo<\/strong>, con un solo click da I VIAGGI di Repubblica scopre il nostro sito\u201d. <br \/>Cos\u00ec la responsabile commerciale di Ferias, Alessandra Guarnieri, che aggiunge: \u201c<strong>la tipologia dei clienti Ferias spazia dalle famiglie in cerca di dimore confortevoli e tranquille, appartamenti e villette indipendenti con giardino e piscina, ai gruppi di amici a caccia di case accoglienti e spaziose a un passo dal mare<\/strong>\u201d.<\/p>\n<p><strong>Ferias.it<\/strong> si presenta con una una veste grafica rinnovata, agile e accattivante. <br \/>Una piattaforma evoluta di <strong>prenotazione online<\/strong> interamente progettata e realizzata da GH Impresa Turistica, che offre informazioni turistiche e immagini delle localit\u00e0 pi\u00f9 belle, una sezione aggiornata dedicata agli eventi da non perdere per regione e localit\u00e0,&nbsp; un <strong>catalogo delle migliori proposte 2009<\/strong> consultabile online e scaricabile, e garantisce al visitatore un\u2019<strong>assistenza a 360 gradi<\/strong>: oltre ai contatti tradizionali e al<strong> numero verde con chiamata gratuita<\/strong> (<strong>800 &#8211; 953075<\/strong>) sul sito \u00e8 presente un servizio di <strong>help desk online multilingue <\/strong>(inglese, francese, spagnolo, tedesco e italiano). <\/p>\n<p><em><br \/>Ferias affitta le migliori case vacanze nel Mediterraneo.<br \/>Residenze selezionate, acquistabili on-line, in qualsiasi periodo dell&#8217;anno.<br \/>Ville con piscina, appartamenti, case sul mare o immerse nel verde, negli angoli pi\u00f9 straordinari e suggestivi di Sicilia, Sardegna, Puglia, Campania, Dalmazia, Marocco e Calabria.<br \/>Ferias \u00e8 il Self catering affidabile, a prezzi ragionevoli.<\/em><br \/>&nbsp;<\/p>\n<p><em>GH Impresa Turistica \u00e8 un sogno nato dalla passione per il Mediterraneo e le persone che lo vivono. <br \/>Offriamo strutture top e viaggi di scoperta in Calabria, Sardegna, Dalmazia, Sicilia e Puglia, con brand che parlano a vacanzieri, viaggiatori individuali e gruppi.<br \/>I nostri marchi uniscono la comodit\u00e0 dell\u2019acquisto on-line con l\u2019attenzione nello sviluppo di proposte su misura, introvabili altrimenti.<br \/><\/em>\n <\/p>\n","protected":false},"excerpt":{"rendered":"<p>Il gruppo editoriale L\u2019Espresso S.p.a. ha scelto Ferias, marchio di GH Impresa Turistica, quale partner esclusivo nel settore CASE VACANZA.<br \/>\nIl marchio Ferias \u00e8 stato inserito nel motore di ricerca web del gruppo all\u2019interno della prestigiosa testata I VIAGGI di Repubblica e del portale Kataweb specializzato in informazioni di servizio.<\/p>\n","protected":false},"author":10,"featured_media":0,"comment_status":"open","ping_status":"open","sticky":false,"template":"","format":"standard","meta":{"cybocfi_hide_featured_image":"","footnotes":""},"categories":[280],"tags":[6878,6875,1360,3450,4011,1198,2325,6510,456,6872,6690,6874,6877,6873,6511,6508,1051,1086,1740,2326,6876],"class_list":["post-2213","post","type-post","status-publish","format-standard","hentry","category-viaggi-e-vacanze","tag-accordi","tag-affitto-case-vacanza","tag-appartamenti","tag-brand","tag-calabria","tag-campania","tag-case-vacanza","tag-dalmazia","tag-eventi","tag-ferias","tag-gh-impresa-turistica","tag-i-viaggi-la-repubblica","tag-idee-vacanze","tag-lespresso","tag-marocco","tag-proposte-vacanze","tag-puglia","tag-sardegna","tag-sicilia","tag-ville","tag-ville-piscina"],"yoast_head":"<!-- This site is optimized with the Yoast SEO plugin v27.0 - https:\/\/yoast.com\/product\/yoast-seo-wordpress\/ -->\n<title>Ferias sbarca su I VIAGGI di Repubblica e Kataweb - Article Marketing<\/title>\n<meta name=\"robots\" content=\"index, follow, max-snippet:-1, max-image-preview:large, max-video-preview:-1\" \/>\n<link rel=\"canonical\" href=\"https:\/\/www.article-marketing.eu\/comunicati\/viaggi-e-vacanze\/ferias-sbarca-su-i-viaggi-di-repubblica-e-kataweb\/\" \/>\n<meta property=\"og:locale\" content=\"it_IT\" \/>\n<meta property=\"og:type\" content=\"article\" \/>\n<meta property=\"og:title\" content=\"Ferias sbarca su I VIAGGI di Repubblica e Kataweb - Article Marketing\" \/>\n<meta property=\"og:description\" content=\"Il gruppo editoriale L\u2019Espresso S.p.a. ha scelto Ferias, marchio di GH Impresa Turistica, quale partner esclusivo nel settore CASE VACANZA. Il marchio Ferias \u00e8 stato inserito nel motore di ricerca web del gruppo all\u2019interno della prestigiosa testata I VIAGGI di Repubblica e del portale Kataweb specializzato in informazioni di servizio.\" \/>\n<meta property=\"og:url\" content=\"https:\/\/www.article-marketing.eu\/comunicati\/viaggi-e-vacanze\/ferias-sbarca-su-i-viaggi-di-repubblica-e-kataweb\/\" \/>\n<meta property=\"og:site_name\" content=\"Article Marketing\" \/>\n<meta property=\"article:published_time\" content=\"2009-06-19T13:45:33+00:00\" \/>\n<meta name=\"author\" content=\"Redazione Comunicati Stampa\" \/>\n<meta name=\"twitter:card\" content=\"summary_large_image\" \/>\n<meta name=\"twitter:label1\" content=\"Scritto da\" \/>\n\t<meta name=\"twitter:data1\" content=\"Redazione Comunicati Stampa\" \/>\n\t<meta name=\"twitter:label2\" content=\"Tempo di lettura stimato\" \/>\n\t<meta name=\"twitter:data2\" content=\"2 minuti\" \/>\n<script type=\"application\/ld+json\" class=\"yoast-schema-graph\">{\"@context\":\"https:\/\/schema.org\",\"@graph\":[{\"@type\":\"Article\",\"@id\":\"https:\/\/www.article-marketing.eu\/comunicati\/viaggi-e-vacanze\/ferias-sbarca-su-i-viaggi-di-repubblica-e-kataweb\/#article\",\"isPartOf\":{\"@id\":\"https:\/\/www.article-marketing.eu\/comunicati\/viaggi-e-vacanze\/ferias-sbarca-su-i-viaggi-di-repubblica-e-kataweb\/\"},\"author\":{\"name\":\"Redazione Comunicati Stampa\",\"@id\":\"https:\/\/www.article-marketing.eu\/comunicati\/#\/schema\/person\/44372e4d4d0fa797b18e03ed1ace9017\"},\"headline\":\"Ferias sbarca su I VIAGGI di Repubblica e Kataweb\",\"datePublished\":\"2009-06-19T13:45:33+00:00\",\"mainEntityOfPage\":{\"@id\":\"https:\/\/www.article-marketing.eu\/comunicati\/viaggi-e-vacanze\/ferias-sbarca-su-i-viaggi-di-repubblica-e-kataweb\/\"},\"wordCount\":432,\"commentCount\":0,\"keywords\":[\"accordi\",\"affitto case vacanza\",\"appartamenti\",\"brand\",\"calabria\",\"Campania\",\"case vacanza\",\"dalmazia\",\"eventi\",\"ferias\",\"gh impresa turistica\",\"i viaggi la repubblica\",\"idee vacanze\",\"l'espresso\",\"marocco\",\"proposte vacanze\",\"puglia\",\"sardegna\",\"sicilia\",\"ville\",\"ville piscina\"],\"articleSection\":[\"Viaggi e vacanze\"],\"inLanguage\":\"it-IT\",\"potentialAction\":[{\"@type\":\"CommentAction\",\"name\":\"Comment\",\"target\":[\"https:\/\/www.article-marketing.eu\/comunicati\/viaggi-e-vacanze\/ferias-sbarca-su-i-viaggi-di-repubblica-e-kataweb\/#respond\"]}]},{\"@type\":\"WebPage\",\"@id\":\"https:\/\/www.article-marketing.eu\/comunicati\/viaggi-e-vacanze\/ferias-sbarca-su-i-viaggi-di-repubblica-e-kataweb\/\",\"url\":\"https:\/\/www.article-marketing.eu\/comunicati\/viaggi-e-vacanze\/ferias-sbarca-su-i-viaggi-di-repubblica-e-kataweb\/\",\"name\":\"Ferias sbarca su I VIAGGI di Repubblica e Kataweb - Article Marketing\",\"isPartOf\":{\"@id\":\"https:\/\/www.article-marketing.eu\/comunicati\/#website\"},\"datePublished\":\"2009-06-19T13:45:33+00:00\",\"author\":{\"@id\":\"https:\/\/www.article-marketing.eu\/comunicati\/#\/schema\/person\/44372e4d4d0fa797b18e03ed1ace9017\"},\"breadcrumb\":{\"@id\":\"https:\/\/www.article-marketing.eu\/comunicati\/viaggi-e-vacanze\/ferias-sbarca-su-i-viaggi-di-repubblica-e-kataweb\/#breadcrumb\"},\"inLanguage\":\"it-IT\",\"potentialAction\":[{\"@type\":\"ReadAction\",\"target\":[\"https:\/\/www.article-marketing.eu\/comunicati\/viaggi-e-vacanze\/ferias-sbarca-su-i-viaggi-di-repubblica-e-kataweb\/\"]}]},{\"@type\":\"BreadcrumbList\",\"@id\":\"https:\/\/www.article-marketing.eu\/comunicati\/viaggi-e-vacanze\/ferias-sbarca-su-i-viaggi-di-repubblica-e-kataweb\/#breadcrumb\",\"itemListElement\":[{\"@type\":\"ListItem\",\"position\":1,\"name\":\"Home\",\"item\":\"https:\/\/www.article-marketing.eu\/comunicati\/\"},{\"@type\":\"ListItem\",\"position\":2,\"name\":\"Ferias sbarca su I VIAGGI di Repubblica e Kataweb\"}]},{\"@type\":\"WebSite\",\"@id\":\"https:\/\/www.article-marketing.eu\/comunicati\/#website\",\"url\":\"https:\/\/www.article-marketing.eu\/comunicati\/\",\"name\":\"Article Marketing\",\"description\":\"article marketing &amp; press release\",\"potentialAction\":[{\"@type\":\"SearchAction\",\"target\":{\"@type\":\"EntryPoint\",\"urlTemplate\":\"https:\/\/www.article-marketing.eu\/comunicati\/?s={search_term_string}\"},\"query-input\":{\"@type\":\"PropertyValueSpecification\",\"valueRequired\":true,\"valueName\":\"search_term_string\"}}],\"inLanguage\":\"it-IT\"},{\"@type\":\"Person\",\"@id\":\"https:\/\/www.article-marketing.eu\/comunicati\/#\/schema\/person\/44372e4d4d0fa797b18e03ed1ace9017\",\"name\":\"Redazione Comunicati Stampa\",\"image\":{\"@type\":\"ImageObject\",\"inLanguage\":\"it-IT\",\"@id\":\"https:\/\/www.article-marketing.eu\/comunicati\/#\/schema\/person\/image\/\",\"url\":\"https:\/\/secure.gravatar.com\/avatar\/50e5c6421d3072f42e7ace803501602c60d75233d34e29fd05feb91c8760b792?s=96&d=mm&r=g\",\"contentUrl\":\"https:\/\/secure.gravatar.com\/avatar\/50e5c6421d3072f42e7ace803501602c60d75233d34e29fd05feb91c8760b792?s=96&d=mm&r=g\",\"caption\":\"Redazione Comunicati Stampa\"},\"url\":\"https:\/\/www.article-marketing.eu\/comunicati\/author\/redazione-comunicati-stampa\/\"}]}<\/script>\n<!-- \/ Yoast SEO plugin. -->","yoast_head_json":{"title":"Ferias sbarca su I VIAGGI di Repubblica e Kataweb - Article Marketing","robots":{"index":"index","follow":"follow","max-snippet":"max-snippet:-1","max-image-preview":"max-image-preview:large","max-video-preview":"max-video-preview:-1"},"canonical":"https:\/\/www.article-marketing.eu\/comunicati\/viaggi-e-vacanze\/ferias-sbarca-su-i-viaggi-di-repubblica-e-kataweb\/","og_locale":"it_IT","og_type":"article","og_title":"Ferias sbarca su I VIAGGI di Repubblica e Kataweb - Article Marketing","og_description":"Il gruppo editoriale L\u2019Espresso S.p.a. ha scelto Ferias, marchio di GH Impresa Turistica, quale partner esclusivo nel settore CASE VACANZA. Il marchio Ferias \u00e8 stato inserito nel motore di ricerca web del gruppo all\u2019interno della prestigiosa testata I VIAGGI di Repubblica e del portale Kataweb specializzato in informazioni di servizio.","og_url":"https:\/\/www.article-marketing.eu\/comunicati\/viaggi-e-vacanze\/ferias-sbarca-su-i-viaggi-di-repubblica-e-kataweb\/","og_site_name":"Article Marketing","article_published_time":"2009-06-19T13:45:33+00:00","author":"Redazione Comunicati Stampa","twitter_card":"summary_large_image","twitter_misc":{"Scritto da":"Redazione Comunicati Stampa","Tempo di lettura stimato":"2 minuti"},"schema":{"@context":"https:\/\/schema.org","@graph":[{"@type":"Article","@id":"https:\/\/www.article-marketing.eu\/comunicati\/viaggi-e-vacanze\/ferias-sbarca-su-i-viaggi-di-repubblica-e-kataweb\/#article","isPartOf":{"@id":"https:\/\/www.article-marketing.eu\/comunicati\/viaggi-e-vacanze\/ferias-sbarca-su-i-viaggi-di-repubblica-e-kataweb\/"},"author":{"name":"Redazione Comunicati Stampa","@id":"https:\/\/www.article-marketing.eu\/comunicati\/#\/schema\/person\/44372e4d4d0fa797b18e03ed1ace9017"},"headline":"Ferias sbarca su I VIAGGI di Repubblica e Kataweb","datePublished":"2009-06-19T13:45:33+00:00","mainEntityOfPage":{"@id":"https:\/\/www.article-marketing.eu\/comunicati\/viaggi-e-vacanze\/ferias-sbarca-su-i-viaggi-di-repubblica-e-kataweb\/"},"wordCount":432,"commentCount":0,"keywords":["accordi","affitto case vacanza","appartamenti","brand","calabria","Campania","case vacanza","dalmazia","eventi","ferias","gh impresa turistica","i viaggi la repubblica","idee vacanze","l'espresso","marocco","proposte vacanze","puglia","sardegna","sicilia","ville","ville piscina"],"articleSection":["Viaggi e vacanze"],"inLanguage":"it-IT","potentialAction":[{"@type":"CommentAction","name":"Comment","target":["https:\/\/www.article-marketing.eu\/comunicati\/viaggi-e-vacanze\/ferias-sbarca-su-i-viaggi-di-repubblica-e-kataweb\/#respond"]}]},{"@type":"WebPage","@id":"https:\/\/www.article-marketing.eu\/comunicati\/viaggi-e-vacanze\/ferias-sbarca-su-i-viaggi-di-repubblica-e-kataweb\/","url":"https:\/\/www.article-marketing.eu\/comunicati\/viaggi-e-vacanze\/ferias-sbarca-su-i-viaggi-di-repubblica-e-kataweb\/","name":"Ferias sbarca su I VIAGGI di Repubblica e Kataweb - Article Marketing","isPartOf":{"@id":"https:\/\/www.article-marketing.eu\/comunicati\/#website"},"datePublished":"2009-06-19T13:45:33+00:00","author":{"@id":"https:\/\/www.article-marketing.eu\/comunicati\/#\/schema\/person\/44372e4d4d0fa797b18e03ed1ace9017"},"breadcrumb":{"@id":"https:\/\/www.article-marketing.eu\/comunicati\/viaggi-e-vacanze\/ferias-sbarca-su-i-viaggi-di-repubblica-e-kataweb\/#breadcrumb"},"inLanguage":"it-IT","potentialAction":[{"@type":"ReadAction","target":["https:\/\/www.article-marketing.eu\/comunicati\/viaggi-e-vacanze\/ferias-sbarca-su-i-viaggi-di-repubblica-e-kataweb\/"]}]},{"@type":"BreadcrumbList","@id":"https:\/\/www.article-marketing.eu\/comunicati\/viaggi-e-vacanze\/ferias-sbarca-su-i-viaggi-di-repubblica-e-kataweb\/#breadcrumb","itemListElement":[{"@type":"ListItem","position":1,"name":"Home","item":"https:\/\/www.article-marketing.eu\/comunicati\/"},{"@type":"ListItem","position":2,"name":"Ferias sbarca su I VIAGGI di Repubblica e Kataweb"}]},{"@type":"WebSite","@id":"https:\/\/www.article-marketing.eu\/comunicati\/#website","url":"https:\/\/www.article-marketing.eu\/comunicati\/","name":"Article Marketing","description":"article marketing &amp; press release","potentialAction":[{"@type":"SearchAction","target":{"@type":"EntryPoint","urlTemplate":"https:\/\/www.article-marketing.eu\/comunicati\/?s={search_term_string}"},"query-input":{"@type":"PropertyValueSpecification","valueRequired":true,"valueName":"search_term_string"}}],"inLanguage":"it-IT"},{"@type":"Person","@id":"https:\/\/www.article-marketing.eu\/comunicati\/#\/schema\/person\/44372e4d4d0fa797b18e03ed1ace9017","name":"Redazione Comunicati Stampa","image":{"@type":"ImageObject","inLanguage":"it-IT","@id":"https:\/\/www.article-marketing.eu\/comunicati\/#\/schema\/person\/image\/","url":"https:\/\/secure.gravatar.com\/avatar\/50e5c6421d3072f42e7ace803501602c60d75233d34e29fd05feb91c8760b792?s=96&d=mm&r=g","contentUrl":"https:\/\/secure.gravatar.com\/avatar\/50e5c6421d3072f42e7ace803501602c60d75233d34e29fd05feb91c8760b792?s=96&d=mm&r=g","caption":"Redazione Comunicati Stampa"},"url":"https:\/\/www.article-marketing.eu\/comunicati\/author\/redazione-comunicati-stampa\/"}]}},"_links":{"self":[{"href":"https:\/\/www.article-marketing.eu\/comunicati\/wp-json\/wp\/v2\/posts\/2213","targetHints":{"allow":["GET"]}}],"collection":[{"href":"https:\/\/www.article-marketing.eu\/comunicati\/wp-json\/wp\/v2\/posts"}],"about":[{"href":"https:\/\/www.article-marketing.eu\/comunicati\/wp-json\/wp\/v2\/types\/post"}],"author":[{"embeddable":true,"href":"https:\/\/www.article-marketing.eu\/comunicati\/wp-json\/wp\/v2\/users\/10"}],"replies":[{"embeddable":true,"href":"https:\/\/www.article-marketing.eu\/comunicati\/wp-json\/wp\/v2\/comments?post=2213"}],"version-history":[{"count":0,"href":"https:\/\/www.article-marketing.eu\/comunicati\/wp-json\/wp\/v2\/posts\/2213\/revisions"}],"wp:attachment":[{"href":"https:\/\/www.article-marketing.eu\/comunicati\/wp-json\/wp\/v2\/media?parent=2213"}],"wp:term":[{"taxonomy":"category","embeddable":true,"href":"https:\/\/www.article-marketing.eu\/comunicati\/wp-json\/wp\/v2\/categories?post=2213"},{"taxonomy":"post_tag","embeddable":true,"href":"https:\/\/www.article-marketing.eu\/comunicati\/wp-json\/wp\/v2\/tags?post=2213"}],"curies":[{"name":"wp","href":"https:\/\/api.w.org\/{rel}","templated":true}]}}