{"id":2214,"date":"2009-06-19T16:51:43","date_gmt":"2009-06-19T14:51:43","guid":{"rendered":"http:\/\/www.article-marketing.eu\/comunicati\/senza-categoria\/vacanze-sulla-laguna-bed-and-breakfast-affitti-e-appartamenti-turistici-a-venezia\/"},"modified":"2009-06-19T16:51:43","modified_gmt":"2009-06-19T14:51:43","slug":"vacanze-sulla-laguna-bed-and-breakfast-affitti-e-appartamenti-turistici-a-venezia","status":"publish","type":"post","link":"https:\/\/www.article-marketing.eu\/comunicati\/viaggi-e-vacanze\/vacanze-sulla-laguna-bed-and-breakfast-affitti-e-appartamenti-turistici-a-venezia\/","title":{"rendered":"Vacanze sulla Laguna: bed and breakfast, affitti e appartamenti turistici a Venezia"},"content":{"rendered":"<p><strong>Venezia<\/strong> \u00e8 sicuramente una delle pi\u00f9 belle e affascinanti citt\u00e0 del mondo, universalmente riconosciuta patrimonio dell&#8217;umanit\u00e0 e tutelata dall&#8217;Unesco come sito di interesse mondiale. Adagiata nel cuore della Laguna, la Serenissima si staglia in tutto il suo splendore in un intreccio di calli, campi e ponti che collegano tra loro sei sestieri (quartieri): un panorama davvero unico. <\/p>\n<p>Non stupisce dunque che ogni anno milioni di turisti siano attratti dal \u201cmiracolo\u201d di Venezia: una citt\u00e0 sospesa sull&#8217;acqua, lontana anni luce dal caos, dal traffico e dal rumore delle auto. \u00c8 questo il luogo ideale dove trascorrere una <strong>vacanza in famiglia, tra amici o in coppia<\/strong>: relax, arte, storia e cultura racchiusi in un gioiello di architettura gotica e bizantina. <\/p>\n<p>L&#8217;offerta di <strong>affitti turistici a Venezia<\/strong> \u00e8 molto ampia, e spazia dalle proposte pi\u00f9 economiche (come bed and breakfast, appartamenti vacanze, hotel a 1-2 stelle) fino alle soluzioni charme per i viaggiatori pi\u00f9 esigenti. Se decidete di prenotare in anticipo il vostro soggiorno potete trovare offerte molto vantaggiose per appartamenti turistici, affitti vacanze o bed and breakfast in centro a prezzi assolutamente accessibili.<\/p>\n<p>Chi invece si trova ancora &#8220;intrappolato&#8221; in citt\u00e0 non si deve lasciar scoraggiare: la stagione estiva \u00e8 gi\u00e0 iniziata, \u00e8 vero, ma il web offre tantissime soluzioni anche ai &#8220;vacanzieri dell&#8217;ultimo minuto&#8221;. Se dunque avete deciso di trascorrere le vacanze alla Serenissima non vi resta che mettervi alla ricerca di last minute e offerte speciali: di certo troverete qualche occasione da prendere al volo, sia che desideriate il comfort di un hotel di lusso, sia che optiate per un accogliente bed and breakfast a gestione familiare. <\/p>\n<p>Visitare Venezia \u00e8 sempre una grande emozione, non solo per gli occhi, ma anche per il cuore. Il mio consiglio, se volete andare oltre agli itinerari classici (Piazza San Marco con l&#8217;omonima Basilica, Palazzo Ducale, il Canal Grande, il Ponte di Rialto), \u00e8 quello di optare per percorsi pi\u00f9 insoliti, come le <strong>isole di Burano e Murano<\/strong>, limitrofe alla citt\u00e0. <\/p>\n<p>La prima \u00e8 famosa per le tipiche <strong>case colorate<\/strong> e per la lavorazione artigianale dei <strong>merletti<\/strong>, che si tramanda di generazione in generazione sin dal &#8216;500. Murano \u00e8 invece celeberrima per i suoi vetri, splendidi esempi di artigianato locale cui \u00e8 dedicato il <strong>Museo dell&#8217;Arte Vetraia<\/strong>. Nei negozi dell&#8217;isola si possono acquistare oggetti e gioielli lavorati dagli esperti vetrai, che ancora oggi realizzano manualmente le loro creazioni. <\/p>\n<p>Assolutamente imperdibile, soprattutto in questo periodo, una visita al <strong>Lido di Venezia<\/strong>, isola lunga e stretta della Laguna che \u00e8 stata soprannominata isola d&#8217;oro per la caratteristica spiaggia di sabbia fine e dorata. Prestigiosa location della <strong>Mostra del Cinema<\/strong> di Venezia, la pi\u00f9 importante rassegna cinematografica italiana, l&#8217;isola \u00e8 caratterizzata dalla presenza di dune, degli scogli dei <strong>Murazzi<\/strong>, degli arenili degli <strong>Alberoni<\/strong> e di <strong>S. Nicol\u00f2<\/strong>.  <\/p>\n<p>Nella parte centrale dell&#8217;isola i numerosi <strong>stabilimenti balneari<\/strong> accolgono i turisti nelle cosiddette &#8220;capanne&#8221;, le tipiche cabine con tenda e veranda che portano i colori vivaci del lido di appartenenza. <\/p>\n<p>Non state a pensarci troppo su, cercate le offerte di bed and breakfast, appartamenti vacanza e affitti turistici a Venezia&#8230;e prenotate subito il vostro soggiorno!<\/p>\n","protected":false},"excerpt":{"rendered":"<p>Non vedete l&#8217;ora di partire per le vacanze? Se la vostra meta \u00e8 Venezia, consultate il web alla ricerca di offerte last minute: sono tantissimi i siti che offrono appartamenti turistici, case vacanza e bed and breakfast a Venezia a prezzi accessibili.<\/p>\n","protected":false},"author":10,"featured_media":0,"comment_status":"open","ping_status":"open","sticky":false,"template":"","format":"standard","meta":{"cybocfi_hide_featured_image":"","footnotes":""},"categories":[280],"tags":[6880,5679,6879],"class_list":["post-2214","post","type-post","status-publish","format-standard","hentry","category-viaggi-e-vacanze","tag-affitti-turistici-venezia","tag-affitti-vacanze-venezia","tag-appartamenti-turistici-venezia"],"yoast_head":"<!-- This site is optimized with the Yoast SEO plugin v27.0 - https:\/\/yoast.com\/product\/yoast-seo-wordpress\/ -->\n<title>Vacanze sulla Laguna: bed and breakfast, affitti e appartamenti turistici a Venezia - Article Marketing<\/title>\n<meta name=\"robots\" content=\"index, follow, max-snippet:-1, max-image-preview:large, max-video-preview:-1\" \/>\n<link rel=\"canonical\" href=\"https:\/\/www.article-marketing.eu\/comunicati\/viaggi-e-vacanze\/vacanze-sulla-laguna-bed-and-breakfast-affitti-e-appartamenti-turistici-a-venezia\/\" \/>\n<meta property=\"og:locale\" content=\"it_IT\" \/>\n<meta property=\"og:type\" content=\"article\" \/>\n<meta property=\"og:title\" content=\"Vacanze sulla Laguna: bed and breakfast, affitti e appartamenti turistici a Venezia - Article Marketing\" \/>\n<meta property=\"og:description\" content=\"Non vedete l&#039;ora di partire per le vacanze? Se la vostra meta \u00e8 Venezia, consultate il web alla ricerca di offerte last minute: sono tantissimi i siti che offrono appartamenti turistici, case vacanza e bed and breakfast a Venezia a prezzi accessibili.\" \/>\n<meta property=\"og:url\" content=\"https:\/\/www.article-marketing.eu\/comunicati\/viaggi-e-vacanze\/vacanze-sulla-laguna-bed-and-breakfast-affitti-e-appartamenti-turistici-a-venezia\/\" \/>\n<meta property=\"og:site_name\" content=\"Article Marketing\" \/>\n<meta property=\"article:published_time\" content=\"2009-06-19T14:51:43+00:00\" \/>\n<meta name=\"author\" content=\"Redazione Comunicati Stampa\" \/>\n<meta name=\"twitter:card\" content=\"summary_large_image\" \/>\n<meta name=\"twitter:label1\" content=\"Scritto da\" \/>\n\t<meta name=\"twitter:data1\" content=\"Redazione Comunicati Stampa\" \/>\n\t<meta name=\"twitter:label2\" content=\"Tempo di lettura stimato\" \/>\n\t<meta name=\"twitter:data2\" content=\"3 minuti\" \/>\n<script type=\"application\/ld+json\" class=\"yoast-schema-graph\">{\"@context\":\"https:\/\/schema.org\",\"@graph\":[{\"@type\":\"Article\",\"@id\":\"https:\/\/www.article-marketing.eu\/comunicati\/viaggi-e-vacanze\/vacanze-sulla-laguna-bed-and-breakfast-affitti-e-appartamenti-turistici-a-venezia\/#article\",\"isPartOf\":{\"@id\":\"https:\/\/www.article-marketing.eu\/comunicati\/viaggi-e-vacanze\/vacanze-sulla-laguna-bed-and-breakfast-affitti-e-appartamenti-turistici-a-venezia\/\"},\"author\":{\"name\":\"Redazione Comunicati Stampa\",\"@id\":\"https:\/\/www.article-marketing.eu\/comunicati\/#\/schema\/person\/44372e4d4d0fa797b18e03ed1ace9017\"},\"headline\":\"Vacanze sulla Laguna: bed and breakfast, affitti e appartamenti turistici a Venezia\",\"datePublished\":\"2009-06-19T14:51:43+00:00\",\"mainEntityOfPage\":{\"@id\":\"https:\/\/www.article-marketing.eu\/comunicati\/viaggi-e-vacanze\/vacanze-sulla-laguna-bed-and-breakfast-affitti-e-appartamenti-turistici-a-venezia\/\"},\"wordCount\":516,\"commentCount\":0,\"keywords\":[\"affitti turistici venezia\",\"affitti vacanze venezia\",\"appartamenti turistici venezia\"],\"articleSection\":[\"Viaggi e vacanze\"],\"inLanguage\":\"it-IT\",\"potentialAction\":[{\"@type\":\"CommentAction\",\"name\":\"Comment\",\"target\":[\"https:\/\/www.article-marketing.eu\/comunicati\/viaggi-e-vacanze\/vacanze-sulla-laguna-bed-and-breakfast-affitti-e-appartamenti-turistici-a-venezia\/#respond\"]}]},{\"@type\":\"WebPage\",\"@id\":\"https:\/\/www.article-marketing.eu\/comunicati\/viaggi-e-vacanze\/vacanze-sulla-laguna-bed-and-breakfast-affitti-e-appartamenti-turistici-a-venezia\/\",\"url\":\"https:\/\/www.article-marketing.eu\/comunicati\/viaggi-e-vacanze\/vacanze-sulla-laguna-bed-and-breakfast-affitti-e-appartamenti-turistici-a-venezia\/\",\"name\":\"Vacanze sulla Laguna: bed and breakfast, affitti e appartamenti turistici a Venezia - Article Marketing\",\"isPartOf\":{\"@id\":\"https:\/\/www.article-marketing.eu\/comunicati\/#website\"},\"datePublished\":\"2009-06-19T14:51:43+00:00\",\"author\":{\"@id\":\"https:\/\/www.article-marketing.eu\/comunicati\/#\/schema\/person\/44372e4d4d0fa797b18e03ed1ace9017\"},\"breadcrumb\":{\"@id\":\"https:\/\/www.article-marketing.eu\/comunicati\/viaggi-e-vacanze\/vacanze-sulla-laguna-bed-and-breakfast-affitti-e-appartamenti-turistici-a-venezia\/#breadcrumb\"},\"inLanguage\":\"it-IT\",\"potentialAction\":[{\"@type\":\"ReadAction\",\"target\":[\"https:\/\/www.article-marketing.eu\/comunicati\/viaggi-e-vacanze\/vacanze-sulla-laguna-bed-and-breakfast-affitti-e-appartamenti-turistici-a-venezia\/\"]}]},{\"@type\":\"BreadcrumbList\",\"@id\":\"https:\/\/www.article-marketing.eu\/comunicati\/viaggi-e-vacanze\/vacanze-sulla-laguna-bed-and-breakfast-affitti-e-appartamenti-turistici-a-venezia\/#breadcrumb\",\"itemListElement\":[{\"@type\":\"ListItem\",\"position\":1,\"name\":\"Home\",\"item\":\"https:\/\/www.article-marketing.eu\/comunicati\/\"},{\"@type\":\"ListItem\",\"position\":2,\"name\":\"Vacanze sulla Laguna: bed and breakfast, affitti e appartamenti turistici a Venezia\"}]},{\"@type\":\"WebSite\",\"@id\":\"https:\/\/www.article-marketing.eu\/comunicati\/#website\",\"url\":\"https:\/\/www.article-marketing.eu\/comunicati\/\",\"name\":\"Article Marketing\",\"description\":\"article marketing &amp; press release\",\"potentialAction\":[{\"@type\":\"SearchAction\",\"target\":{\"@type\":\"EntryPoint\",\"urlTemplate\":\"https:\/\/www.article-marketing.eu\/comunicati\/?s={search_term_string}\"},\"query-input\":{\"@type\":\"PropertyValueSpecification\",\"valueRequired\":true,\"valueName\":\"search_term_string\"}}],\"inLanguage\":\"it-IT\"},{\"@type\":\"Person\",\"@id\":\"https:\/\/www.article-marketing.eu\/comunicati\/#\/schema\/person\/44372e4d4d0fa797b18e03ed1ace9017\",\"name\":\"Redazione Comunicati Stampa\",\"image\":{\"@type\":\"ImageObject\",\"inLanguage\":\"it-IT\",\"@id\":\"https:\/\/www.article-marketing.eu\/comunicati\/#\/schema\/person\/image\/\",\"url\":\"https:\/\/secure.gravatar.com\/avatar\/50e5c6421d3072f42e7ace803501602c60d75233d34e29fd05feb91c8760b792?s=96&d=mm&r=g\",\"contentUrl\":\"https:\/\/secure.gravatar.com\/avatar\/50e5c6421d3072f42e7ace803501602c60d75233d34e29fd05feb91c8760b792?s=96&d=mm&r=g\",\"caption\":\"Redazione Comunicati Stampa\"},\"url\":\"https:\/\/www.article-marketing.eu\/comunicati\/author\/redazione-comunicati-stampa\/\"}]}<\/script>\n<!-- \/ Yoast SEO plugin. -->","yoast_head_json":{"title":"Vacanze sulla Laguna: bed and breakfast, affitti e appartamenti turistici a Venezia - Article Marketing","robots":{"index":"index","follow":"follow","max-snippet":"max-snippet:-1","max-image-preview":"max-image-preview:large","max-video-preview":"max-video-preview:-1"},"canonical":"https:\/\/www.article-marketing.eu\/comunicati\/viaggi-e-vacanze\/vacanze-sulla-laguna-bed-and-breakfast-affitti-e-appartamenti-turistici-a-venezia\/","og_locale":"it_IT","og_type":"article","og_title":"Vacanze sulla Laguna: bed and breakfast, affitti e appartamenti turistici a Venezia - Article Marketing","og_description":"Non vedete l'ora di partire per le vacanze? Se la vostra meta \u00e8 Venezia, consultate il web alla ricerca di offerte last minute: sono tantissimi i siti che offrono appartamenti turistici, case vacanza e bed and breakfast a Venezia a prezzi accessibili.","og_url":"https:\/\/www.article-marketing.eu\/comunicati\/viaggi-e-vacanze\/vacanze-sulla-laguna-bed-and-breakfast-affitti-e-appartamenti-turistici-a-venezia\/","og_site_name":"Article Marketing","article_published_time":"2009-06-19T14:51:43+00:00","author":"Redazione Comunicati Stampa","twitter_card":"summary_large_image","twitter_misc":{"Scritto da":"Redazione Comunicati Stampa","Tempo di lettura stimato":"3 minuti"},"schema":{"@context":"https:\/\/schema.org","@graph":[{"@type":"Article","@id":"https:\/\/www.article-marketing.eu\/comunicati\/viaggi-e-vacanze\/vacanze-sulla-laguna-bed-and-breakfast-affitti-e-appartamenti-turistici-a-venezia\/#article","isPartOf":{"@id":"https:\/\/www.article-marketing.eu\/comunicati\/viaggi-e-vacanze\/vacanze-sulla-laguna-bed-and-breakfast-affitti-e-appartamenti-turistici-a-venezia\/"},"author":{"name":"Redazione Comunicati Stampa","@id":"https:\/\/www.article-marketing.eu\/comunicati\/#\/schema\/person\/44372e4d4d0fa797b18e03ed1ace9017"},"headline":"Vacanze sulla Laguna: bed and breakfast, affitti e appartamenti turistici a Venezia","datePublished":"2009-06-19T14:51:43+00:00","mainEntityOfPage":{"@id":"https:\/\/www.article-marketing.eu\/comunicati\/viaggi-e-vacanze\/vacanze-sulla-laguna-bed-and-breakfast-affitti-e-appartamenti-turistici-a-venezia\/"},"wordCount":516,"commentCount":0,"keywords":["affitti turistici venezia","affitti vacanze venezia","appartamenti turistici venezia"],"articleSection":["Viaggi e vacanze"],"inLanguage":"it-IT","potentialAction":[{"@type":"CommentAction","name":"Comment","target":["https:\/\/www.article-marketing.eu\/comunicati\/viaggi-e-vacanze\/vacanze-sulla-laguna-bed-and-breakfast-affitti-e-appartamenti-turistici-a-venezia\/#respond"]}]},{"@type":"WebPage","@id":"https:\/\/www.article-marketing.eu\/comunicati\/viaggi-e-vacanze\/vacanze-sulla-laguna-bed-and-breakfast-affitti-e-appartamenti-turistici-a-venezia\/","url":"https:\/\/www.article-marketing.eu\/comunicati\/viaggi-e-vacanze\/vacanze-sulla-laguna-bed-and-breakfast-affitti-e-appartamenti-turistici-a-venezia\/","name":"Vacanze sulla Laguna: bed and breakfast, affitti e appartamenti turistici a Venezia - Article Marketing","isPartOf":{"@id":"https:\/\/www.article-marketing.eu\/comunicati\/#website"},"datePublished":"2009-06-19T14:51:43+00:00","author":{"@id":"https:\/\/www.article-marketing.eu\/comunicati\/#\/schema\/person\/44372e4d4d0fa797b18e03ed1ace9017"},"breadcrumb":{"@id":"https:\/\/www.article-marketing.eu\/comunicati\/viaggi-e-vacanze\/vacanze-sulla-laguna-bed-and-breakfast-affitti-e-appartamenti-turistici-a-venezia\/#breadcrumb"},"inLanguage":"it-IT","potentialAction":[{"@type":"ReadAction","target":["https:\/\/www.article-marketing.eu\/comunicati\/viaggi-e-vacanze\/vacanze-sulla-laguna-bed-and-breakfast-affitti-e-appartamenti-turistici-a-venezia\/"]}]},{"@type":"BreadcrumbList","@id":"https:\/\/www.article-marketing.eu\/comunicati\/viaggi-e-vacanze\/vacanze-sulla-laguna-bed-and-breakfast-affitti-e-appartamenti-turistici-a-venezia\/#breadcrumb","itemListElement":[{"@type":"ListItem","position":1,"name":"Home","item":"https:\/\/www.article-marketing.eu\/comunicati\/"},{"@type":"ListItem","position":2,"name":"Vacanze sulla Laguna: bed and breakfast, affitti e appartamenti turistici a Venezia"}]},{"@type":"WebSite","@id":"https:\/\/www.article-marketing.eu\/comunicati\/#website","url":"https:\/\/www.article-marketing.eu\/comunicati\/","name":"Article Marketing","description":"article marketing &amp; press release","potentialAction":[{"@type":"SearchAction","target":{"@type":"EntryPoint","urlTemplate":"https:\/\/www.article-marketing.eu\/comunicati\/?s={search_term_string}"},"query-input":{"@type":"PropertyValueSpecification","valueRequired":true,"valueName":"search_term_string"}}],"inLanguage":"it-IT"},{"@type":"Person","@id":"https:\/\/www.article-marketing.eu\/comunicati\/#\/schema\/person\/44372e4d4d0fa797b18e03ed1ace9017","name":"Redazione Comunicati Stampa","image":{"@type":"ImageObject","inLanguage":"it-IT","@id":"https:\/\/www.article-marketing.eu\/comunicati\/#\/schema\/person\/image\/","url":"https:\/\/secure.gravatar.com\/avatar\/50e5c6421d3072f42e7ace803501602c60d75233d34e29fd05feb91c8760b792?s=96&d=mm&r=g","contentUrl":"https:\/\/secure.gravatar.com\/avatar\/50e5c6421d3072f42e7ace803501602c60d75233d34e29fd05feb91c8760b792?s=96&d=mm&r=g","caption":"Redazione Comunicati Stampa"},"url":"https:\/\/www.article-marketing.eu\/comunicati\/author\/redazione-comunicati-stampa\/"}]}},"_links":{"self":[{"href":"https:\/\/www.article-marketing.eu\/comunicati\/wp-json\/wp\/v2\/posts\/2214","targetHints":{"allow":["GET"]}}],"collection":[{"href":"https:\/\/www.article-marketing.eu\/comunicati\/wp-json\/wp\/v2\/posts"}],"about":[{"href":"https:\/\/www.article-marketing.eu\/comunicati\/wp-json\/wp\/v2\/types\/post"}],"author":[{"embeddable":true,"href":"https:\/\/www.article-marketing.eu\/comunicati\/wp-json\/wp\/v2\/users\/10"}],"replies":[{"embeddable":true,"href":"https:\/\/www.article-marketing.eu\/comunicati\/wp-json\/wp\/v2\/comments?post=2214"}],"version-history":[{"count":0,"href":"https:\/\/www.article-marketing.eu\/comunicati\/wp-json\/wp\/v2\/posts\/2214\/revisions"}],"wp:attachment":[{"href":"https:\/\/www.article-marketing.eu\/comunicati\/wp-json\/wp\/v2\/media?parent=2214"}],"wp:term":[{"taxonomy":"category","embeddable":true,"href":"https:\/\/www.article-marketing.eu\/comunicati\/wp-json\/wp\/v2\/categories?post=2214"},{"taxonomy":"post_tag","embeddable":true,"href":"https:\/\/www.article-marketing.eu\/comunicati\/wp-json\/wp\/v2\/tags?post=2214"}],"curies":[{"name":"wp","href":"https:\/\/api.w.org\/{rel}","templated":true}]}}