{"id":22180,"date":"2011-12-06T18:39:18","date_gmt":"2011-12-06T17:39:18","guid":{"rendered":"http:\/\/www.article-marketing.eu\/comunicati\/senza-categoria\/appartamenti-in-affitto-barcellona\/"},"modified":"2018-07-10T04:27:07","modified_gmt":"2018-07-10T02:27:07","slug":"appartamenti-in-affitto-barcellona","status":"publish","type":"post","link":"https:\/\/www.article-marketing.eu\/comunicati\/viaggi-e-vacanze\/viaggi-e-turismo\/appartamenti-in-affitto-barcellona\/","title":{"rendered":"Appartamenti In Affitto Barcellona"},"content":{"rendered":"<p>Appartamenti a Barcellona, in Spagna<\/p>\n<p> Nel decidere in merito a sistemazioni economiche a Barcellona, ??gli appartamenti sono un&#8217;ottima scelta. Soggiornare in un appartamento offre un modo unico di vivere qualsiasi citt&agrave; quando si viaggia. Si vede la vita da un punto di vista diverso da quello di un turista e si comprende come vive la gente del posto<\/p>\n<p> Soggiornare in un hotel &egrave; un marchio evidente del viaggiatore tipico, di quello che va e viene dalla citt&agrave;. Un particolare ancora pi&ugrave; importante &egrave; che gli hotel si trovano in localit&agrave; turistiche, aree dove gli abitanti non vivono o trascorrono il loro tempo. Ci&ograve; rende la zona circostante l&#8217;hotel pi&ugrave; costosa in quanto &egrave; di catering per i turisti.<\/p>\n<p> Il fatto &egrave; che un italiano sceglier&agrave; sicuramente un hotel simile a quelli presenti in Italia, un australiano uno simile a quelli presenti in Australia, un irlandese uno simile a quelli in Irlanda, e cos&igrave; via. Perch&eacute; recarsi in un posto nuovo, solo per circondarsi di persone con cui si ha gi&agrave; familiarit&agrave;? Uno degli aspetti meravigliosi del viaggiare &egrave; conoscere nuove persone, ancora meglio, quando sono originarie di quel paese e di quella cultura, che vivono una vita diversa rispetto a quella del viaggiatore.<\/p>\n<p> &Egrave; molto pi&ugrave; facile incontrare gente del posto soggiornando in un quartiere, di conoscere il bar nelle vicinanze e coloro che vanno o ci lavorano. Le persone sono pi&ugrave; ricettive se c&#8217;&egrave; un entusiasmo genuino per arrivare a capire e apprezzare la cultura locale e gli stili di vita. Un appartamento vacanze a Barcellona offre al viaggiatore questa opportunit&agrave;.<\/p>\n<p> Se il soggiorno a Barcellona durer&agrave; pi&ugrave; di due o tre giorni, speriamo che sia cos&igrave; in quanto c&#8217;&egrave; un&#8217;enormit&agrave; di cose da fare e da vedere, affittare un appartamento a Barcellona &egrave; un modo per risparmiare sul portafoglio. Dal momento che il denaro &egrave; spesso un fattore nella scelta di un alloggio, gli appartamenti sono la scelta ideale, soprattutto se si viaggia con un gruppo di amici o in famiglia e ci si divide le spese.<\/p>\n<p> Un altro motivo per cui gli appartamenti sono &#8220;amici del portafoglio&#8221; riguarda il mangiare. Invece di essere costretti a mangiare fuori ad ogni pasto, spendendo pi&ugrave; soldi del necessario, i pasti possono essere cucinati nella cucina dell&#8217;appartamento. Se vi piace cucinare pu&ograve; essere estremamente gratificante preparare un piatto locale con ingredienti genuini. Fare shopping nei mercati locali, acquistando spezie o ortaggi mai provati prima, &egrave; divertente quanto cucinare il pasto in s&eacute; per s&eacute;.<\/p>\n<p> Se soggiorno sar&agrave; pi&ugrave; lungo, gli appartamenti hanno molti vantaggi, tra cui il comfort di sentirsi a casa, il relax nell&#8217;ambiente e il piacere di non vivere solo con una valigia in una camera singola di piccole dimensioni. Chi viaggia spesso per affari spesso si sente come se passasse da un hotel all&#8217;altro. Un appartamento per fumatori a Barcellona d&agrave; anche il piacere di rilassarsi fumando una sigaretta in santa pace e senza divieti, anche solo per un po&#8217;.<\/p>\n","protected":false},"excerpt":{"rendered":"<p>Barcellona, in Spagna, \u00e8 una delle citt\u00e0 pi\u00f9 affascinanti d&#8217;Europa. Ha tutto il fascino di una citt\u00e0 classica europea, con bar all&#8217;aperto, strade acciottolate e una ricca storia; tuttavia, l&#8217;architettura, l&#8217;arte e lo stile unici di questa citt\u00e0 le danno un senso di modernit\u00e0, di essere antica ma allo stesso tempo recente.<\/p>\n","protected":false},"author":10,"featured_media":0,"comment_status":"open","ping_status":"open","sticky":false,"template":"","format":"standard","meta":{"cybocfi_hide_featured_image":"","footnotes":""},"categories":[2],"tags":[31774,31773],"class_list":["post-22180","post","type-post","status-publish","format-standard","hentry","category-viaggi-e-turismo","tag-alloggio-barcellona","tag-barcellona-vacanze"],"yoast_head":"<!-- This site is optimized with the Yoast SEO plugin v27.0 - https:\/\/yoast.com\/product\/yoast-seo-wordpress\/ -->\n<title>Appartamenti In Affitto Barcellona - Article Marketing<\/title>\n<meta name=\"robots\" content=\"index, follow, max-snippet:-1, max-image-preview:large, max-video-preview:-1\" \/>\n<link rel=\"canonical\" href=\"https:\/\/www.article-marketing.eu\/comunicati\/viaggi-e-vacanze\/viaggi-e-turismo\/appartamenti-in-affitto-barcellona\/\" \/>\n<meta property=\"og:locale\" content=\"it_IT\" \/>\n<meta property=\"og:type\" content=\"article\" \/>\n<meta property=\"og:title\" content=\"Appartamenti In Affitto Barcellona - Article Marketing\" \/>\n<meta property=\"og:description\" content=\"Barcellona, in Spagna, \u00e8 una delle citt\u00e0 pi\u00f9 affascinanti d&#039;Europa. Ha tutto il fascino di una citt\u00e0 classica europea, con bar all&#039;aperto, strade acciottolate e una ricca storia; tuttavia, l&#039;architettura, l&#039;arte e lo stile unici di questa citt\u00e0 le danno un senso di modernit\u00e0, di essere antica ma allo stesso tempo recente.\" \/>\n<meta property=\"og:url\" content=\"https:\/\/www.article-marketing.eu\/comunicati\/viaggi-e-vacanze\/viaggi-e-turismo\/appartamenti-in-affitto-barcellona\/\" \/>\n<meta property=\"og:site_name\" content=\"Article Marketing\" \/>\n<meta property=\"article:published_time\" content=\"2011-12-06T17:39:18+00:00\" \/>\n<meta property=\"article:modified_time\" content=\"2018-07-10T02:27:07+00:00\" \/>\n<meta name=\"author\" content=\"Redazione Comunicati Stampa\" \/>\n<meta name=\"twitter:card\" content=\"summary_large_image\" \/>\n<meta name=\"twitter:label1\" content=\"Scritto da\" \/>\n\t<meta name=\"twitter:data1\" content=\"Redazione Comunicati Stampa\" \/>\n\t<meta name=\"twitter:label2\" content=\"Tempo di lettura stimato\" \/>\n\t<meta name=\"twitter:data2\" content=\"3 minuti\" \/>\n<script type=\"application\/ld+json\" class=\"yoast-schema-graph\">{\"@context\":\"https:\/\/schema.org\",\"@graph\":[{\"@type\":\"Article\",\"@id\":\"https:\/\/www.article-marketing.eu\/comunicati\/viaggi-e-vacanze\/viaggi-e-turismo\/appartamenti-in-affitto-barcellona\/#article\",\"isPartOf\":{\"@id\":\"https:\/\/www.article-marketing.eu\/comunicati\/viaggi-e-vacanze\/viaggi-e-turismo\/appartamenti-in-affitto-barcellona\/\"},\"author\":{\"name\":\"Redazione Comunicati Stampa\",\"@id\":\"https:\/\/www.article-marketing.eu\/comunicati\/#\/schema\/person\/44372e4d4d0fa797b18e03ed1ace9017\"},\"headline\":\"Appartamenti In Affitto Barcellona\",\"datePublished\":\"2011-12-06T17:39:18+00:00\",\"dateModified\":\"2018-07-10T02:27:07+00:00\",\"mainEntityOfPage\":{\"@id\":\"https:\/\/www.article-marketing.eu\/comunicati\/viaggi-e-vacanze\/viaggi-e-turismo\/appartamenti-in-affitto-barcellona\/\"},\"wordCount\":523,\"commentCount\":0,\"keywords\":[\"Alloggio Barcellona\",\"Barcellona vacanze\"],\"articleSection\":[\"Viaggi e Turismo\"],\"inLanguage\":\"it-IT\",\"potentialAction\":[{\"@type\":\"CommentAction\",\"name\":\"Comment\",\"target\":[\"https:\/\/www.article-marketing.eu\/comunicati\/viaggi-e-vacanze\/viaggi-e-turismo\/appartamenti-in-affitto-barcellona\/#respond\"]}]},{\"@type\":\"WebPage\",\"@id\":\"https:\/\/www.article-marketing.eu\/comunicati\/viaggi-e-vacanze\/viaggi-e-turismo\/appartamenti-in-affitto-barcellona\/\",\"url\":\"https:\/\/www.article-marketing.eu\/comunicati\/viaggi-e-vacanze\/viaggi-e-turismo\/appartamenti-in-affitto-barcellona\/\",\"name\":\"Appartamenti In Affitto Barcellona - Article Marketing\",\"isPartOf\":{\"@id\":\"https:\/\/www.article-marketing.eu\/comunicati\/#website\"},\"datePublished\":\"2011-12-06T17:39:18+00:00\",\"dateModified\":\"2018-07-10T02:27:07+00:00\",\"author\":{\"@id\":\"https:\/\/www.article-marketing.eu\/comunicati\/#\/schema\/person\/44372e4d4d0fa797b18e03ed1ace9017\"},\"breadcrumb\":{\"@id\":\"https:\/\/www.article-marketing.eu\/comunicati\/viaggi-e-vacanze\/viaggi-e-turismo\/appartamenti-in-affitto-barcellona\/#breadcrumb\"},\"inLanguage\":\"it-IT\",\"potentialAction\":[{\"@type\":\"ReadAction\",\"target\":[\"https:\/\/www.article-marketing.eu\/comunicati\/viaggi-e-vacanze\/viaggi-e-turismo\/appartamenti-in-affitto-barcellona\/\"]}]},{\"@type\":\"BreadcrumbList\",\"@id\":\"https:\/\/www.article-marketing.eu\/comunicati\/viaggi-e-vacanze\/viaggi-e-turismo\/appartamenti-in-affitto-barcellona\/#breadcrumb\",\"itemListElement\":[{\"@type\":\"ListItem\",\"position\":1,\"name\":\"Home\",\"item\":\"https:\/\/www.article-marketing.eu\/comunicati\/\"},{\"@type\":\"ListItem\",\"position\":2,\"name\":\"Appartamenti In Affitto Barcellona\"}]},{\"@type\":\"WebSite\",\"@id\":\"https:\/\/www.article-marketing.eu\/comunicati\/#website\",\"url\":\"https:\/\/www.article-marketing.eu\/comunicati\/\",\"name\":\"Article Marketing\",\"description\":\"article marketing &amp; press release\",\"potentialAction\":[{\"@type\":\"SearchAction\",\"target\":{\"@type\":\"EntryPoint\",\"urlTemplate\":\"https:\/\/www.article-marketing.eu\/comunicati\/?s={search_term_string}\"},\"query-input\":{\"@type\":\"PropertyValueSpecification\",\"valueRequired\":true,\"valueName\":\"search_term_string\"}}],\"inLanguage\":\"it-IT\"},{\"@type\":\"Person\",\"@id\":\"https:\/\/www.article-marketing.eu\/comunicati\/#\/schema\/person\/44372e4d4d0fa797b18e03ed1ace9017\",\"name\":\"Redazione Comunicati Stampa\",\"image\":{\"@type\":\"ImageObject\",\"inLanguage\":\"it-IT\",\"@id\":\"https:\/\/www.article-marketing.eu\/comunicati\/#\/schema\/person\/image\/\",\"url\":\"https:\/\/secure.gravatar.com\/avatar\/50e5c6421d3072f42e7ace803501602c60d75233d34e29fd05feb91c8760b792?s=96&d=mm&r=g\",\"contentUrl\":\"https:\/\/secure.gravatar.com\/avatar\/50e5c6421d3072f42e7ace803501602c60d75233d34e29fd05feb91c8760b792?s=96&d=mm&r=g\",\"caption\":\"Redazione Comunicati Stampa\"},\"url\":\"https:\/\/www.article-marketing.eu\/comunicati\/author\/redazione-comunicati-stampa\/\"}]}<\/script>\n<!-- \/ Yoast SEO plugin. -->","yoast_head_json":{"title":"Appartamenti In Affitto Barcellona - Article Marketing","robots":{"index":"index","follow":"follow","max-snippet":"max-snippet:-1","max-image-preview":"max-image-preview:large","max-video-preview":"max-video-preview:-1"},"canonical":"https:\/\/www.article-marketing.eu\/comunicati\/viaggi-e-vacanze\/viaggi-e-turismo\/appartamenti-in-affitto-barcellona\/","og_locale":"it_IT","og_type":"article","og_title":"Appartamenti In Affitto Barcellona - Article Marketing","og_description":"Barcellona, in Spagna, \u00e8 una delle citt\u00e0 pi\u00f9 affascinanti d'Europa. Ha tutto il fascino di una citt\u00e0 classica europea, con bar all'aperto, strade acciottolate e una ricca storia; tuttavia, l'architettura, l'arte e lo stile unici di questa citt\u00e0 le danno un senso di modernit\u00e0, di essere antica ma allo stesso tempo recente.","og_url":"https:\/\/www.article-marketing.eu\/comunicati\/viaggi-e-vacanze\/viaggi-e-turismo\/appartamenti-in-affitto-barcellona\/","og_site_name":"Article Marketing","article_published_time":"2011-12-06T17:39:18+00:00","article_modified_time":"2018-07-10T02:27:07+00:00","author":"Redazione Comunicati Stampa","twitter_card":"summary_large_image","twitter_misc":{"Scritto da":"Redazione Comunicati Stampa","Tempo di lettura stimato":"3 minuti"},"schema":{"@context":"https:\/\/schema.org","@graph":[{"@type":"Article","@id":"https:\/\/www.article-marketing.eu\/comunicati\/viaggi-e-vacanze\/viaggi-e-turismo\/appartamenti-in-affitto-barcellona\/#article","isPartOf":{"@id":"https:\/\/www.article-marketing.eu\/comunicati\/viaggi-e-vacanze\/viaggi-e-turismo\/appartamenti-in-affitto-barcellona\/"},"author":{"name":"Redazione Comunicati Stampa","@id":"https:\/\/www.article-marketing.eu\/comunicati\/#\/schema\/person\/44372e4d4d0fa797b18e03ed1ace9017"},"headline":"Appartamenti In Affitto Barcellona","datePublished":"2011-12-06T17:39:18+00:00","dateModified":"2018-07-10T02:27:07+00:00","mainEntityOfPage":{"@id":"https:\/\/www.article-marketing.eu\/comunicati\/viaggi-e-vacanze\/viaggi-e-turismo\/appartamenti-in-affitto-barcellona\/"},"wordCount":523,"commentCount":0,"keywords":["Alloggio Barcellona","Barcellona vacanze"],"articleSection":["Viaggi e Turismo"],"inLanguage":"it-IT","potentialAction":[{"@type":"CommentAction","name":"Comment","target":["https:\/\/www.article-marketing.eu\/comunicati\/viaggi-e-vacanze\/viaggi-e-turismo\/appartamenti-in-affitto-barcellona\/#respond"]}]},{"@type":"WebPage","@id":"https:\/\/www.article-marketing.eu\/comunicati\/viaggi-e-vacanze\/viaggi-e-turismo\/appartamenti-in-affitto-barcellona\/","url":"https:\/\/www.article-marketing.eu\/comunicati\/viaggi-e-vacanze\/viaggi-e-turismo\/appartamenti-in-affitto-barcellona\/","name":"Appartamenti In Affitto Barcellona - Article Marketing","isPartOf":{"@id":"https:\/\/www.article-marketing.eu\/comunicati\/#website"},"datePublished":"2011-12-06T17:39:18+00:00","dateModified":"2018-07-10T02:27:07+00:00","author":{"@id":"https:\/\/www.article-marketing.eu\/comunicati\/#\/schema\/person\/44372e4d4d0fa797b18e03ed1ace9017"},"breadcrumb":{"@id":"https:\/\/www.article-marketing.eu\/comunicati\/viaggi-e-vacanze\/viaggi-e-turismo\/appartamenti-in-affitto-barcellona\/#breadcrumb"},"inLanguage":"it-IT","potentialAction":[{"@type":"ReadAction","target":["https:\/\/www.article-marketing.eu\/comunicati\/viaggi-e-vacanze\/viaggi-e-turismo\/appartamenti-in-affitto-barcellona\/"]}]},{"@type":"BreadcrumbList","@id":"https:\/\/www.article-marketing.eu\/comunicati\/viaggi-e-vacanze\/viaggi-e-turismo\/appartamenti-in-affitto-barcellona\/#breadcrumb","itemListElement":[{"@type":"ListItem","position":1,"name":"Home","item":"https:\/\/www.article-marketing.eu\/comunicati\/"},{"@type":"ListItem","position":2,"name":"Appartamenti In Affitto Barcellona"}]},{"@type":"WebSite","@id":"https:\/\/www.article-marketing.eu\/comunicati\/#website","url":"https:\/\/www.article-marketing.eu\/comunicati\/","name":"Article Marketing","description":"article marketing &amp; press release","potentialAction":[{"@type":"SearchAction","target":{"@type":"EntryPoint","urlTemplate":"https:\/\/www.article-marketing.eu\/comunicati\/?s={search_term_string}"},"query-input":{"@type":"PropertyValueSpecification","valueRequired":true,"valueName":"search_term_string"}}],"inLanguage":"it-IT"},{"@type":"Person","@id":"https:\/\/www.article-marketing.eu\/comunicati\/#\/schema\/person\/44372e4d4d0fa797b18e03ed1ace9017","name":"Redazione Comunicati Stampa","image":{"@type":"ImageObject","inLanguage":"it-IT","@id":"https:\/\/www.article-marketing.eu\/comunicati\/#\/schema\/person\/image\/","url":"https:\/\/secure.gravatar.com\/avatar\/50e5c6421d3072f42e7ace803501602c60d75233d34e29fd05feb91c8760b792?s=96&d=mm&r=g","contentUrl":"https:\/\/secure.gravatar.com\/avatar\/50e5c6421d3072f42e7ace803501602c60d75233d34e29fd05feb91c8760b792?s=96&d=mm&r=g","caption":"Redazione Comunicati Stampa"},"url":"https:\/\/www.article-marketing.eu\/comunicati\/author\/redazione-comunicati-stampa\/"}]}},"_links":{"self":[{"href":"https:\/\/www.article-marketing.eu\/comunicati\/wp-json\/wp\/v2\/posts\/22180","targetHints":{"allow":["GET"]}}],"collection":[{"href":"https:\/\/www.article-marketing.eu\/comunicati\/wp-json\/wp\/v2\/posts"}],"about":[{"href":"https:\/\/www.article-marketing.eu\/comunicati\/wp-json\/wp\/v2\/types\/post"}],"author":[{"embeddable":true,"href":"https:\/\/www.article-marketing.eu\/comunicati\/wp-json\/wp\/v2\/users\/10"}],"replies":[{"embeddable":true,"href":"https:\/\/www.article-marketing.eu\/comunicati\/wp-json\/wp\/v2\/comments?post=22180"}],"version-history":[{"count":1,"href":"https:\/\/www.article-marketing.eu\/comunicati\/wp-json\/wp\/v2\/posts\/22180\/revisions"}],"predecessor-version":[{"id":59077,"href":"https:\/\/www.article-marketing.eu\/comunicati\/wp-json\/wp\/v2\/posts\/22180\/revisions\/59077"}],"wp:attachment":[{"href":"https:\/\/www.article-marketing.eu\/comunicati\/wp-json\/wp\/v2\/media?parent=22180"}],"wp:term":[{"taxonomy":"category","embeddable":true,"href":"https:\/\/www.article-marketing.eu\/comunicati\/wp-json\/wp\/v2\/categories?post=22180"},{"taxonomy":"post_tag","embeddable":true,"href":"https:\/\/www.article-marketing.eu\/comunicati\/wp-json\/wp\/v2\/tags?post=22180"}],"curies":[{"name":"wp","href":"https:\/\/api.w.org\/{rel}","templated":true}]}}