{"id":2224,"date":"2009-06-21T20:55:15","date_gmt":"2009-06-21T18:55:15","guid":{"rendered":"http:\/\/www.article-marketing.eu\/comunicati\/senza-categoria\/il-calcolo-della-pensione-il-sistema-retributivo\/"},"modified":"2009-06-21T20:55:15","modified_gmt":"2009-06-21T18:55:15","slug":"il-calcolo-della-pensione-il-sistema-retributivo","status":"publish","type":"post","link":"https:\/\/www.article-marketing.eu\/comunicati\/societa\/news-e-attualita\/il-calcolo-della-pensione-il-sistema-retributivo\/","title":{"rendered":"IL CALCOLO DELLA PENSIONE: IL SISTEMA RETRIBUTIVO"},"content":{"rendered":"<p>Fino al 31 dicembre 1992, per i lavoratori dipendenti, la pensione era calcolata sulla base della media delle retribuzioni lorde, rivalutate, degli ultimi 5 anni. Dal 1\u00b0 gennaio 1993 il decreto legislativo 503\/1992 ha introdotto il calcolo della pensione in due quote; una quota relativa alle anzianit\u00e0 maturate fino al 31 dicembre 1992 e una quota calcolata con le anzianit\u00e0 maturate dal 1\u00b0 gennaio 1993 in poi. Le quote sono calcolate nel seguente modo: <\/p>\n<p>  LAVORATORI CON UN&#8217;ANZIANITA&#8217; CONTRIBUTIVA INFERIORE A 15 ANNI AL 31 DICEMBRE 1992<\/p>\n<p>  Lavoratori dipendenti<br \/>\n  La retribuzione annua pensionabile deve essere determinata con riferimento alle 260 settimane (5 anni) utili precedenti la decorrenza della pensione, aumentate dei periodi contributivi compresi tra il 1\u00b0 gennaio 1993 e la fine del mese precedente la decorrenza della pensione.<\/p>\n<p>  Lavoratori autonomi (coltivatori diretti, mezzadri, coloni, artigiani, commercianti)<br \/>\n  Il reddito pensionabile deve essere determinato con riferimento alle 520 settimane (10 anni) utili precedenti la decorrenza della pensione, aumentate dei periodi contributivi compresi tra il 1\u00b0 gennaio 1993 e la fine del mese precedente la decorrenza della pensione. <\/p>\n<p>  Contributi in pi\u00f9 gestioni<br \/>\n  Per coloro che hanno contributi in varie gestioni (ad esempio, dei lavoratori dipendenti e degli artigiani), il calcolo va effettuato secondo le norme in vigore in ciascuna gestione, in relazione all&#8217;anzianit\u00e0 contributiva maturata in ognuna di esse. <\/p>\n<p>  LAVORATORI CON UN&#8217;ANZIANITA&#8217; CONTRIBUTIVA PARI O SUPERIORE A 15 ANNI AL 31 DICEMBRE 1992<\/p>\n<p>  Lavoratori dipendenti<br \/>\n  La retribuzione annua pensionabile viene determinata prendendo a base le ultime 520 settimane di contribuzione (10 anni) precedenti la decorrenza della pensione. L&#8217;ampliamento da 5 a 10 anni del periodo utile per il calcolo della retribuzione pensionabile \u00e8 stato attuato con gradualit\u00e0, in ragione del 50% del numero di settimane comprese tra il 1\u00b0 gennaio 1993 e il 31 dicembre 1995 e del 66,6% delle settimane intercorrenti tra il 1\u00b0 gennaio 1996 e la data di decorrenza della pensione, con arrotondamento per difetto. <\/p>\n<p>  Lavoratori autonomi (coltivatori diretti, mezzadri, coloni, artigiani, commercianti) Per le pensioni con decorrenza dal febbraio 1996 in poi, il periodo di riferimento per il calcolo del reddito pensionabile \u00e8 stato ampliato da 10 a 15 anni precedenti la decorrenza della pensione. L&#8217;ampliamento \u00e8 stato attuato con gradualit\u00e0, in ragione del 66,6% delle settimane intercorrenti tra il 1\u00b0 gennaio 1996 e la decorrenza della pensione.<\/p>\n","protected":false},"excerpt":{"rendered":"<p>Fino al 31 dicembre 1992, per i lavoratori dipendenti, la pensione era calcolata sulla base della media delle retribuzioni lorde, rivalutate, degli ultimi 5 anni. Dal 1\u00b0 gennaio 1993 il decreto legislativo 503\/1992 ha introdotto il calcolo della pensione in due quote; una quota relativa alle anzianit\u00e0 maturate fino al 31 dicembre 1992 e una quota calcolata con le anzianit\u00e0 maturate dal 1\u00b0 gennaio 1993 in poi.<\/p>\n","protected":false},"author":10,"featured_media":0,"comment_status":"open","ping_status":"open","sticky":false,"template":"","format":"standard","meta":{"cybocfi_hide_featured_image":"","footnotes":""},"categories":[81],"tags":[76],"class_list":["post-2224","post","type-post","status-publish","format-standard","hentry","category-news-e-attualita","tag-pensioni"],"yoast_head":"<!-- This site is optimized with the Yoast SEO plugin v27.0 - https:\/\/yoast.com\/product\/yoast-seo-wordpress\/ -->\n<title>IL CALCOLO DELLA PENSIONE: IL SISTEMA RETRIBUTIVO - Article Marketing<\/title>\n<meta name=\"robots\" content=\"index, follow, max-snippet:-1, max-image-preview:large, max-video-preview:-1\" \/>\n<link rel=\"canonical\" href=\"https:\/\/www.article-marketing.eu\/comunicati\/societa\/news-e-attualita\/il-calcolo-della-pensione-il-sistema-retributivo\/\" \/>\n<meta property=\"og:locale\" content=\"it_IT\" \/>\n<meta property=\"og:type\" content=\"article\" \/>\n<meta property=\"og:title\" content=\"IL CALCOLO DELLA PENSIONE: IL SISTEMA RETRIBUTIVO - Article Marketing\" \/>\n<meta property=\"og:description\" content=\"Fino al 31 dicembre 1992, per i lavoratori dipendenti, la pensione era calcolata sulla base della media delle retribuzioni lorde, rivalutate, degli ultimi 5 anni. Dal 1\u00b0 gennaio 1993 il decreto legislativo 503\/1992 ha introdotto il calcolo della pensione in due quote; una quota relativa alle anzianit\u00e0 maturate fino al 31 dicembre 1992 e una quota calcolata con le anzianit\u00e0 maturate dal 1\u00b0 gennaio 1993 in poi.\" \/>\n<meta property=\"og:url\" content=\"https:\/\/www.article-marketing.eu\/comunicati\/societa\/news-e-attualita\/il-calcolo-della-pensione-il-sistema-retributivo\/\" \/>\n<meta property=\"og:site_name\" content=\"Article Marketing\" \/>\n<meta property=\"article:published_time\" content=\"2009-06-21T18:55:15+00:00\" \/>\n<meta name=\"author\" content=\"Redazione Comunicati Stampa\" \/>\n<meta name=\"twitter:card\" content=\"summary_large_image\" \/>\n<meta name=\"twitter:label1\" content=\"Scritto da\" \/>\n\t<meta name=\"twitter:data1\" content=\"Redazione Comunicati Stampa\" \/>\n\t<meta name=\"twitter:label2\" content=\"Tempo di lettura stimato\" \/>\n\t<meta name=\"twitter:data2\" content=\"2 minuti\" \/>\n<script type=\"application\/ld+json\" class=\"yoast-schema-graph\">{\"@context\":\"https:\/\/schema.org\",\"@graph\":[{\"@type\":\"Article\",\"@id\":\"https:\/\/www.article-marketing.eu\/comunicati\/societa\/news-e-attualita\/il-calcolo-della-pensione-il-sistema-retributivo\/#article\",\"isPartOf\":{\"@id\":\"https:\/\/www.article-marketing.eu\/comunicati\/societa\/news-e-attualita\/il-calcolo-della-pensione-il-sistema-retributivo\/\"},\"author\":{\"name\":\"Redazione Comunicati Stampa\",\"@id\":\"https:\/\/www.article-marketing.eu\/comunicati\/#\/schema\/person\/44372e4d4d0fa797b18e03ed1ace9017\"},\"headline\":\"IL CALCOLO DELLA PENSIONE: IL SISTEMA RETRIBUTIVO\",\"datePublished\":\"2009-06-21T18:55:15+00:00\",\"mainEntityOfPage\":{\"@id\":\"https:\/\/www.article-marketing.eu\/comunicati\/societa\/news-e-attualita\/il-calcolo-della-pensione-il-sistema-retributivo\/\"},\"wordCount\":341,\"commentCount\":0,\"keywords\":[\"pensioni\"],\"articleSection\":[\"News e Attualit\u00e0\"],\"inLanguage\":\"it-IT\",\"potentialAction\":[{\"@type\":\"CommentAction\",\"name\":\"Comment\",\"target\":[\"https:\/\/www.article-marketing.eu\/comunicati\/societa\/news-e-attualita\/il-calcolo-della-pensione-il-sistema-retributivo\/#respond\"]}]},{\"@type\":\"WebPage\",\"@id\":\"https:\/\/www.article-marketing.eu\/comunicati\/societa\/news-e-attualita\/il-calcolo-della-pensione-il-sistema-retributivo\/\",\"url\":\"https:\/\/www.article-marketing.eu\/comunicati\/societa\/news-e-attualita\/il-calcolo-della-pensione-il-sistema-retributivo\/\",\"name\":\"IL CALCOLO DELLA PENSIONE: IL SISTEMA RETRIBUTIVO - Article Marketing\",\"isPartOf\":{\"@id\":\"https:\/\/www.article-marketing.eu\/comunicati\/#website\"},\"datePublished\":\"2009-06-21T18:55:15+00:00\",\"author\":{\"@id\":\"https:\/\/www.article-marketing.eu\/comunicati\/#\/schema\/person\/44372e4d4d0fa797b18e03ed1ace9017\"},\"breadcrumb\":{\"@id\":\"https:\/\/www.article-marketing.eu\/comunicati\/societa\/news-e-attualita\/il-calcolo-della-pensione-il-sistema-retributivo\/#breadcrumb\"},\"inLanguage\":\"it-IT\",\"potentialAction\":[{\"@type\":\"ReadAction\",\"target\":[\"https:\/\/www.article-marketing.eu\/comunicati\/societa\/news-e-attualita\/il-calcolo-della-pensione-il-sistema-retributivo\/\"]}]},{\"@type\":\"BreadcrumbList\",\"@id\":\"https:\/\/www.article-marketing.eu\/comunicati\/societa\/news-e-attualita\/il-calcolo-della-pensione-il-sistema-retributivo\/#breadcrumb\",\"itemListElement\":[{\"@type\":\"ListItem\",\"position\":1,\"name\":\"Home\",\"item\":\"https:\/\/www.article-marketing.eu\/comunicati\/\"},{\"@type\":\"ListItem\",\"position\":2,\"name\":\"IL CALCOLO DELLA PENSIONE: IL SISTEMA RETRIBUTIVO\"}]},{\"@type\":\"WebSite\",\"@id\":\"https:\/\/www.article-marketing.eu\/comunicati\/#website\",\"url\":\"https:\/\/www.article-marketing.eu\/comunicati\/\",\"name\":\"Article Marketing\",\"description\":\"article marketing &amp; press release\",\"potentialAction\":[{\"@type\":\"SearchAction\",\"target\":{\"@type\":\"EntryPoint\",\"urlTemplate\":\"https:\/\/www.article-marketing.eu\/comunicati\/?s={search_term_string}\"},\"query-input\":{\"@type\":\"PropertyValueSpecification\",\"valueRequired\":true,\"valueName\":\"search_term_string\"}}],\"inLanguage\":\"it-IT\"},{\"@type\":\"Person\",\"@id\":\"https:\/\/www.article-marketing.eu\/comunicati\/#\/schema\/person\/44372e4d4d0fa797b18e03ed1ace9017\",\"name\":\"Redazione Comunicati Stampa\",\"image\":{\"@type\":\"ImageObject\",\"inLanguage\":\"it-IT\",\"@id\":\"https:\/\/www.article-marketing.eu\/comunicati\/#\/schema\/person\/image\/\",\"url\":\"https:\/\/secure.gravatar.com\/avatar\/50e5c6421d3072f42e7ace803501602c60d75233d34e29fd05feb91c8760b792?s=96&d=mm&r=g\",\"contentUrl\":\"https:\/\/secure.gravatar.com\/avatar\/50e5c6421d3072f42e7ace803501602c60d75233d34e29fd05feb91c8760b792?s=96&d=mm&r=g\",\"caption\":\"Redazione Comunicati Stampa\"},\"url\":\"https:\/\/www.article-marketing.eu\/comunicati\/author\/redazione-comunicati-stampa\/\"}]}<\/script>\n<!-- \/ Yoast SEO plugin. -->","yoast_head_json":{"title":"IL CALCOLO DELLA PENSIONE: IL SISTEMA RETRIBUTIVO - Article Marketing","robots":{"index":"index","follow":"follow","max-snippet":"max-snippet:-1","max-image-preview":"max-image-preview:large","max-video-preview":"max-video-preview:-1"},"canonical":"https:\/\/www.article-marketing.eu\/comunicati\/societa\/news-e-attualita\/il-calcolo-della-pensione-il-sistema-retributivo\/","og_locale":"it_IT","og_type":"article","og_title":"IL CALCOLO DELLA PENSIONE: IL SISTEMA RETRIBUTIVO - Article Marketing","og_description":"Fino al 31 dicembre 1992, per i lavoratori dipendenti, la pensione era calcolata sulla base della media delle retribuzioni lorde, rivalutate, degli ultimi 5 anni. Dal 1\u00b0 gennaio 1993 il decreto legislativo 503\/1992 ha introdotto il calcolo della pensione in due quote; una quota relativa alle anzianit\u00e0 maturate fino al 31 dicembre 1992 e una quota calcolata con le anzianit\u00e0 maturate dal 1\u00b0 gennaio 1993 in poi.","og_url":"https:\/\/www.article-marketing.eu\/comunicati\/societa\/news-e-attualita\/il-calcolo-della-pensione-il-sistema-retributivo\/","og_site_name":"Article Marketing","article_published_time":"2009-06-21T18:55:15+00:00","author":"Redazione Comunicati Stampa","twitter_card":"summary_large_image","twitter_misc":{"Scritto da":"Redazione Comunicati Stampa","Tempo di lettura stimato":"2 minuti"},"schema":{"@context":"https:\/\/schema.org","@graph":[{"@type":"Article","@id":"https:\/\/www.article-marketing.eu\/comunicati\/societa\/news-e-attualita\/il-calcolo-della-pensione-il-sistema-retributivo\/#article","isPartOf":{"@id":"https:\/\/www.article-marketing.eu\/comunicati\/societa\/news-e-attualita\/il-calcolo-della-pensione-il-sistema-retributivo\/"},"author":{"name":"Redazione Comunicati Stampa","@id":"https:\/\/www.article-marketing.eu\/comunicati\/#\/schema\/person\/44372e4d4d0fa797b18e03ed1ace9017"},"headline":"IL CALCOLO DELLA PENSIONE: IL SISTEMA RETRIBUTIVO","datePublished":"2009-06-21T18:55:15+00:00","mainEntityOfPage":{"@id":"https:\/\/www.article-marketing.eu\/comunicati\/societa\/news-e-attualita\/il-calcolo-della-pensione-il-sistema-retributivo\/"},"wordCount":341,"commentCount":0,"keywords":["pensioni"],"articleSection":["News e Attualit\u00e0"],"inLanguage":"it-IT","potentialAction":[{"@type":"CommentAction","name":"Comment","target":["https:\/\/www.article-marketing.eu\/comunicati\/societa\/news-e-attualita\/il-calcolo-della-pensione-il-sistema-retributivo\/#respond"]}]},{"@type":"WebPage","@id":"https:\/\/www.article-marketing.eu\/comunicati\/societa\/news-e-attualita\/il-calcolo-della-pensione-il-sistema-retributivo\/","url":"https:\/\/www.article-marketing.eu\/comunicati\/societa\/news-e-attualita\/il-calcolo-della-pensione-il-sistema-retributivo\/","name":"IL CALCOLO DELLA PENSIONE: IL SISTEMA RETRIBUTIVO - Article Marketing","isPartOf":{"@id":"https:\/\/www.article-marketing.eu\/comunicati\/#website"},"datePublished":"2009-06-21T18:55:15+00:00","author":{"@id":"https:\/\/www.article-marketing.eu\/comunicati\/#\/schema\/person\/44372e4d4d0fa797b18e03ed1ace9017"},"breadcrumb":{"@id":"https:\/\/www.article-marketing.eu\/comunicati\/societa\/news-e-attualita\/il-calcolo-della-pensione-il-sistema-retributivo\/#breadcrumb"},"inLanguage":"it-IT","potentialAction":[{"@type":"ReadAction","target":["https:\/\/www.article-marketing.eu\/comunicati\/societa\/news-e-attualita\/il-calcolo-della-pensione-il-sistema-retributivo\/"]}]},{"@type":"BreadcrumbList","@id":"https:\/\/www.article-marketing.eu\/comunicati\/societa\/news-e-attualita\/il-calcolo-della-pensione-il-sistema-retributivo\/#breadcrumb","itemListElement":[{"@type":"ListItem","position":1,"name":"Home","item":"https:\/\/www.article-marketing.eu\/comunicati\/"},{"@type":"ListItem","position":2,"name":"IL CALCOLO DELLA PENSIONE: IL SISTEMA RETRIBUTIVO"}]},{"@type":"WebSite","@id":"https:\/\/www.article-marketing.eu\/comunicati\/#website","url":"https:\/\/www.article-marketing.eu\/comunicati\/","name":"Article Marketing","description":"article marketing &amp; press release","potentialAction":[{"@type":"SearchAction","target":{"@type":"EntryPoint","urlTemplate":"https:\/\/www.article-marketing.eu\/comunicati\/?s={search_term_string}"},"query-input":{"@type":"PropertyValueSpecification","valueRequired":true,"valueName":"search_term_string"}}],"inLanguage":"it-IT"},{"@type":"Person","@id":"https:\/\/www.article-marketing.eu\/comunicati\/#\/schema\/person\/44372e4d4d0fa797b18e03ed1ace9017","name":"Redazione Comunicati Stampa","image":{"@type":"ImageObject","inLanguage":"it-IT","@id":"https:\/\/www.article-marketing.eu\/comunicati\/#\/schema\/person\/image\/","url":"https:\/\/secure.gravatar.com\/avatar\/50e5c6421d3072f42e7ace803501602c60d75233d34e29fd05feb91c8760b792?s=96&d=mm&r=g","contentUrl":"https:\/\/secure.gravatar.com\/avatar\/50e5c6421d3072f42e7ace803501602c60d75233d34e29fd05feb91c8760b792?s=96&d=mm&r=g","caption":"Redazione Comunicati Stampa"},"url":"https:\/\/www.article-marketing.eu\/comunicati\/author\/redazione-comunicati-stampa\/"}]}},"_links":{"self":[{"href":"https:\/\/www.article-marketing.eu\/comunicati\/wp-json\/wp\/v2\/posts\/2224","targetHints":{"allow":["GET"]}}],"collection":[{"href":"https:\/\/www.article-marketing.eu\/comunicati\/wp-json\/wp\/v2\/posts"}],"about":[{"href":"https:\/\/www.article-marketing.eu\/comunicati\/wp-json\/wp\/v2\/types\/post"}],"author":[{"embeddable":true,"href":"https:\/\/www.article-marketing.eu\/comunicati\/wp-json\/wp\/v2\/users\/10"}],"replies":[{"embeddable":true,"href":"https:\/\/www.article-marketing.eu\/comunicati\/wp-json\/wp\/v2\/comments?post=2224"}],"version-history":[{"count":0,"href":"https:\/\/www.article-marketing.eu\/comunicati\/wp-json\/wp\/v2\/posts\/2224\/revisions"}],"wp:attachment":[{"href":"https:\/\/www.article-marketing.eu\/comunicati\/wp-json\/wp\/v2\/media?parent=2224"}],"wp:term":[{"taxonomy":"category","embeddable":true,"href":"https:\/\/www.article-marketing.eu\/comunicati\/wp-json\/wp\/v2\/categories?post=2224"},{"taxonomy":"post_tag","embeddable":true,"href":"https:\/\/www.article-marketing.eu\/comunicati\/wp-json\/wp\/v2\/tags?post=2224"}],"curies":[{"name":"wp","href":"https:\/\/api.w.org\/{rel}","templated":true}]}}