{"id":2225,"date":"2009-06-21T20:57:21","date_gmt":"2009-06-21T18:57:21","guid":{"rendered":"http:\/\/www.article-marketing.eu\/comunicati\/senza-categoria\/il-calcolo-della-pensione-il-sistema-contributivo\/"},"modified":"2009-06-21T20:57:21","modified_gmt":"2009-06-21T18:57:21","slug":"il-calcolo-della-pensione-il-sistema-contributivo","status":"publish","type":"post","link":"https:\/\/www.article-marketing.eu\/comunicati\/societa\/news-e-attualita\/il-calcolo-della-pensione-il-sistema-contributivo\/","title":{"rendered":"IL CALCOLO DELLA PENSIONE: IL SISTEMA CONTRIBUTIVO"},"content":{"rendered":"<p>Il criterio di calcolo della pensione varia a seconda dell&#8217;anzianit\u00e0 contributiva maturata dal lavoratore al 31 dicembre 1995.<br \/>\n  Viene adottato:<\/p>\n<p>Il sistema contributivo per i lavoratori privi di anzianit\u00e0 contributiva al 1\u00b0 gennaio 1996;<\/p>\n<p>Il sistema retributivo per i lavoratori con anzianit\u00e0 pari o superiore a 18 anni di contributi al 31 dicembre 1995; <\/p>\n<p>Il sistema misto per i lavoratori con anzianit\u00e0, al 31 dicembre 1995, inferiore a 18 anni.<\/p>\n<p>  Il sistema contributivo prevede il calcolo della pensione effettuato sull&#8217;insieme dei contributi versati durante l&#8217;intera vita assicurativa.<br \/>\n  Al termine della vita lavorativa, i contributi versati vengono sommati per dare luogo alla base contributiva complessiva &#8211; il montante individuale &#8211; sulla quale si calcola la pensione.<br \/>\n  I contributi vengono rivalutati ogni anno in base al prodotto interno lordo (PIL) per consentire al lavoratore di recuperare in parte la diminuzione del potere di acquisto della moneta. Il montante viene moltiplicato per il coefficiente di trasformazione stabilito dalla legge in base all&#8217;et\u00e0 del lavoratore, ottenendo cos\u00ec la misura della pensione lorda annua.<\/p>\n<p>Lavoratori senza anzianit\u00e0 contributiva al 31 dicembre 1995 La pensione viene calcolata interamente con il sistema contributivo.<br \/>Lavoratori con anzianit\u00e0 contributiva inferiore a 18 anni al 31 dicembre 1995.<br \/>\n  In questo caso la pensione viene calcolata con il sistema retributivo per l&#8217;anzianit\u00e0 maturata fino al 31 dicembre 1995 e con il sistema contributivo per l&#8217;anzianit\u00e0 maturata dal 1\u00b0 gennaio 1996 (sistema &quot;misto&quot;).<br \/>\n  Se per\u00f2 si possiede un&#8217;anzianit\u00e0 contributiva pari o superiore a 15 anni, di cui almeno 5 successivi al 1995, \u00e8 possibile utilizzare l&#8217;opzione per avere la pensione calcolata interamente con il sistema contributivo. <\/p>\n<p>Lavoratori con anzianit\u00e0 contributiva di almeno 18 anni al 31 dicembre 1995<br \/>\n  La pensione \u00e9 calcolata interamente con il sistema retributivo. Chi ha esercitato l&#8217;opzione entro il 1\u00b0 ottobre 2001 pu\u00f2 ottenere la pensione calcolata interamente con il sistema contributivo, anche se si tratta di assicurati con almeno 18 anni di contributi al 31 dicembre 1995.<br \/>\n  A partire dal 2 ottobre 2002 in poi la facolt\u00e0 di opzione, per costoro, \u00e8 stata soppressa.<\/p>\n<p>  Calcolo della pensione contributiva<br \/>\n  Ai fini del calcolo della pensione occorre: <\/p>\n<p>individuare la retribuzione annua dei lavoratori dipendenti o il reddito dei lavoratori autonomi; <\/p>\n<p>calcolare l&#8217;ammontare dei contributi di ogni anno moltiplicando la base imponibile annua per l&#8217;aliquota contributiva che \u00e8 del 33% se si tratta di lavoratori dipendenti e del 20% se si tratta di lavoratori autonomi;<\/p>\n<p>determinare il montante individuale sommando i contributi di ciascun anno, rivalutato annualmente sulla base del tasso annuo di capitalizzazione risultante dalla variazione media quinquennale del prodotto interno lordo (PIL) calcolata dall&#8217;ISTAT.<\/p>\n<p>L&#8217;importo della pensione \u00e8 determinato applicando al montante contributivo il coefficiente di trasformazione relativo all&#8217;et\u00e0 dell&#8217;assicurato alla data di decorrenza della pensione, a partire dall&#8217;et\u00e0 di 57 anni; tale requisito non occorre se l&#8217;anzianit\u00e0 contributiva dell&#8217;interessato \u00e8 pari a 40 anni effettivi.<\/p>\n","protected":false},"excerpt":{"rendered":"<p>Il criterio di calcolo della pensione varia a seconda dell&#8217;anzianit\u00e0 contributiva maturata dal lavoratore al 31 dicembre 1995.<br \/>\nViene adottato:<\/p>\n","protected":false},"author":10,"featured_media":0,"comment_status":"open","ping_status":"open","sticky":false,"template":"","format":"standard","meta":{"cybocfi_hide_featured_image":"","footnotes":""},"categories":[81],"tags":[76],"class_list":["post-2225","post","type-post","status-publish","format-standard","hentry","category-news-e-attualita","tag-pensioni"],"yoast_head":"<!-- This site is optimized with the Yoast SEO plugin v27.0 - https:\/\/yoast.com\/product\/yoast-seo-wordpress\/ -->\n<title>IL CALCOLO DELLA PENSIONE: IL SISTEMA CONTRIBUTIVO - Article Marketing<\/title>\n<meta name=\"robots\" content=\"index, follow, max-snippet:-1, max-image-preview:large, max-video-preview:-1\" \/>\n<link rel=\"canonical\" href=\"https:\/\/www.article-marketing.eu\/comunicati\/societa\/news-e-attualita\/il-calcolo-della-pensione-il-sistema-contributivo\/\" \/>\n<meta property=\"og:locale\" content=\"it_IT\" \/>\n<meta property=\"og:type\" content=\"article\" \/>\n<meta property=\"og:title\" content=\"IL CALCOLO DELLA PENSIONE: IL SISTEMA CONTRIBUTIVO - Article Marketing\" \/>\n<meta property=\"og:description\" content=\"Il criterio di calcolo della pensione varia a seconda dell&#039;anzianit\u00e0 contributiva maturata dal lavoratore al 31 dicembre 1995. Viene adottato:\" \/>\n<meta property=\"og:url\" content=\"https:\/\/www.article-marketing.eu\/comunicati\/societa\/news-e-attualita\/il-calcolo-della-pensione-il-sistema-contributivo\/\" \/>\n<meta property=\"og:site_name\" content=\"Article Marketing\" \/>\n<meta property=\"article:published_time\" content=\"2009-06-21T18:57:21+00:00\" \/>\n<meta name=\"author\" content=\"Redazione Comunicati Stampa\" \/>\n<meta name=\"twitter:card\" content=\"summary_large_image\" \/>\n<meta name=\"twitter:label1\" content=\"Scritto da\" \/>\n\t<meta name=\"twitter:data1\" content=\"Redazione Comunicati Stampa\" \/>\n\t<meta name=\"twitter:label2\" content=\"Tempo di lettura stimato\" \/>\n\t<meta name=\"twitter:data2\" content=\"2 minuti\" \/>\n<script type=\"application\/ld+json\" class=\"yoast-schema-graph\">{\"@context\":\"https:\/\/schema.org\",\"@graph\":[{\"@type\":\"Article\",\"@id\":\"https:\/\/www.article-marketing.eu\/comunicati\/societa\/news-e-attualita\/il-calcolo-della-pensione-il-sistema-contributivo\/#article\",\"isPartOf\":{\"@id\":\"https:\/\/www.article-marketing.eu\/comunicati\/societa\/news-e-attualita\/il-calcolo-della-pensione-il-sistema-contributivo\/\"},\"author\":{\"name\":\"Redazione Comunicati Stampa\",\"@id\":\"https:\/\/www.article-marketing.eu\/comunicati\/#\/schema\/person\/44372e4d4d0fa797b18e03ed1ace9017\"},\"headline\":\"IL CALCOLO DELLA PENSIONE: IL SISTEMA CONTRIBUTIVO\",\"datePublished\":\"2009-06-21T18:57:21+00:00\",\"mainEntityOfPage\":{\"@id\":\"https:\/\/www.article-marketing.eu\/comunicati\/societa\/news-e-attualita\/il-calcolo-della-pensione-il-sistema-contributivo\/\"},\"wordCount\":435,\"commentCount\":0,\"keywords\":[\"pensioni\"],\"articleSection\":[\"News e Attualit\u00e0\"],\"inLanguage\":\"it-IT\",\"potentialAction\":[{\"@type\":\"CommentAction\",\"name\":\"Comment\",\"target\":[\"https:\/\/www.article-marketing.eu\/comunicati\/societa\/news-e-attualita\/il-calcolo-della-pensione-il-sistema-contributivo\/#respond\"]}]},{\"@type\":\"WebPage\",\"@id\":\"https:\/\/www.article-marketing.eu\/comunicati\/societa\/news-e-attualita\/il-calcolo-della-pensione-il-sistema-contributivo\/\",\"url\":\"https:\/\/www.article-marketing.eu\/comunicati\/societa\/news-e-attualita\/il-calcolo-della-pensione-il-sistema-contributivo\/\",\"name\":\"IL CALCOLO DELLA PENSIONE: IL SISTEMA CONTRIBUTIVO - Article Marketing\",\"isPartOf\":{\"@id\":\"https:\/\/www.article-marketing.eu\/comunicati\/#website\"},\"datePublished\":\"2009-06-21T18:57:21+00:00\",\"author\":{\"@id\":\"https:\/\/www.article-marketing.eu\/comunicati\/#\/schema\/person\/44372e4d4d0fa797b18e03ed1ace9017\"},\"breadcrumb\":{\"@id\":\"https:\/\/www.article-marketing.eu\/comunicati\/societa\/news-e-attualita\/il-calcolo-della-pensione-il-sistema-contributivo\/#breadcrumb\"},\"inLanguage\":\"it-IT\",\"potentialAction\":[{\"@type\":\"ReadAction\",\"target\":[\"https:\/\/www.article-marketing.eu\/comunicati\/societa\/news-e-attualita\/il-calcolo-della-pensione-il-sistema-contributivo\/\"]}]},{\"@type\":\"BreadcrumbList\",\"@id\":\"https:\/\/www.article-marketing.eu\/comunicati\/societa\/news-e-attualita\/il-calcolo-della-pensione-il-sistema-contributivo\/#breadcrumb\",\"itemListElement\":[{\"@type\":\"ListItem\",\"position\":1,\"name\":\"Home\",\"item\":\"https:\/\/www.article-marketing.eu\/comunicati\/\"},{\"@type\":\"ListItem\",\"position\":2,\"name\":\"IL CALCOLO DELLA PENSIONE: IL SISTEMA CONTRIBUTIVO\"}]},{\"@type\":\"WebSite\",\"@id\":\"https:\/\/www.article-marketing.eu\/comunicati\/#website\",\"url\":\"https:\/\/www.article-marketing.eu\/comunicati\/\",\"name\":\"Article Marketing\",\"description\":\"article marketing &amp; press release\",\"potentialAction\":[{\"@type\":\"SearchAction\",\"target\":{\"@type\":\"EntryPoint\",\"urlTemplate\":\"https:\/\/www.article-marketing.eu\/comunicati\/?s={search_term_string}\"},\"query-input\":{\"@type\":\"PropertyValueSpecification\",\"valueRequired\":true,\"valueName\":\"search_term_string\"}}],\"inLanguage\":\"it-IT\"},{\"@type\":\"Person\",\"@id\":\"https:\/\/www.article-marketing.eu\/comunicati\/#\/schema\/person\/44372e4d4d0fa797b18e03ed1ace9017\",\"name\":\"Redazione Comunicati Stampa\",\"image\":{\"@type\":\"ImageObject\",\"inLanguage\":\"it-IT\",\"@id\":\"https:\/\/www.article-marketing.eu\/comunicati\/#\/schema\/person\/image\/\",\"url\":\"https:\/\/secure.gravatar.com\/avatar\/50e5c6421d3072f42e7ace803501602c60d75233d34e29fd05feb91c8760b792?s=96&d=mm&r=g\",\"contentUrl\":\"https:\/\/secure.gravatar.com\/avatar\/50e5c6421d3072f42e7ace803501602c60d75233d34e29fd05feb91c8760b792?s=96&d=mm&r=g\",\"caption\":\"Redazione Comunicati Stampa\"},\"url\":\"https:\/\/www.article-marketing.eu\/comunicati\/author\/redazione-comunicati-stampa\/\"}]}<\/script>\n<!-- \/ Yoast SEO plugin. -->","yoast_head_json":{"title":"IL CALCOLO DELLA PENSIONE: IL SISTEMA CONTRIBUTIVO - Article Marketing","robots":{"index":"index","follow":"follow","max-snippet":"max-snippet:-1","max-image-preview":"max-image-preview:large","max-video-preview":"max-video-preview:-1"},"canonical":"https:\/\/www.article-marketing.eu\/comunicati\/societa\/news-e-attualita\/il-calcolo-della-pensione-il-sistema-contributivo\/","og_locale":"it_IT","og_type":"article","og_title":"IL CALCOLO DELLA PENSIONE: IL SISTEMA CONTRIBUTIVO - Article Marketing","og_description":"Il criterio di calcolo della pensione varia a seconda dell'anzianit\u00e0 contributiva maturata dal lavoratore al 31 dicembre 1995. Viene adottato:","og_url":"https:\/\/www.article-marketing.eu\/comunicati\/societa\/news-e-attualita\/il-calcolo-della-pensione-il-sistema-contributivo\/","og_site_name":"Article Marketing","article_published_time":"2009-06-21T18:57:21+00:00","author":"Redazione Comunicati Stampa","twitter_card":"summary_large_image","twitter_misc":{"Scritto da":"Redazione Comunicati Stampa","Tempo di lettura stimato":"2 minuti"},"schema":{"@context":"https:\/\/schema.org","@graph":[{"@type":"Article","@id":"https:\/\/www.article-marketing.eu\/comunicati\/societa\/news-e-attualita\/il-calcolo-della-pensione-il-sistema-contributivo\/#article","isPartOf":{"@id":"https:\/\/www.article-marketing.eu\/comunicati\/societa\/news-e-attualita\/il-calcolo-della-pensione-il-sistema-contributivo\/"},"author":{"name":"Redazione Comunicati Stampa","@id":"https:\/\/www.article-marketing.eu\/comunicati\/#\/schema\/person\/44372e4d4d0fa797b18e03ed1ace9017"},"headline":"IL CALCOLO DELLA PENSIONE: IL SISTEMA CONTRIBUTIVO","datePublished":"2009-06-21T18:57:21+00:00","mainEntityOfPage":{"@id":"https:\/\/www.article-marketing.eu\/comunicati\/societa\/news-e-attualita\/il-calcolo-della-pensione-il-sistema-contributivo\/"},"wordCount":435,"commentCount":0,"keywords":["pensioni"],"articleSection":["News e Attualit\u00e0"],"inLanguage":"it-IT","potentialAction":[{"@type":"CommentAction","name":"Comment","target":["https:\/\/www.article-marketing.eu\/comunicati\/societa\/news-e-attualita\/il-calcolo-della-pensione-il-sistema-contributivo\/#respond"]}]},{"@type":"WebPage","@id":"https:\/\/www.article-marketing.eu\/comunicati\/societa\/news-e-attualita\/il-calcolo-della-pensione-il-sistema-contributivo\/","url":"https:\/\/www.article-marketing.eu\/comunicati\/societa\/news-e-attualita\/il-calcolo-della-pensione-il-sistema-contributivo\/","name":"IL CALCOLO DELLA PENSIONE: IL SISTEMA CONTRIBUTIVO - Article Marketing","isPartOf":{"@id":"https:\/\/www.article-marketing.eu\/comunicati\/#website"},"datePublished":"2009-06-21T18:57:21+00:00","author":{"@id":"https:\/\/www.article-marketing.eu\/comunicati\/#\/schema\/person\/44372e4d4d0fa797b18e03ed1ace9017"},"breadcrumb":{"@id":"https:\/\/www.article-marketing.eu\/comunicati\/societa\/news-e-attualita\/il-calcolo-della-pensione-il-sistema-contributivo\/#breadcrumb"},"inLanguage":"it-IT","potentialAction":[{"@type":"ReadAction","target":["https:\/\/www.article-marketing.eu\/comunicati\/societa\/news-e-attualita\/il-calcolo-della-pensione-il-sistema-contributivo\/"]}]},{"@type":"BreadcrumbList","@id":"https:\/\/www.article-marketing.eu\/comunicati\/societa\/news-e-attualita\/il-calcolo-della-pensione-il-sistema-contributivo\/#breadcrumb","itemListElement":[{"@type":"ListItem","position":1,"name":"Home","item":"https:\/\/www.article-marketing.eu\/comunicati\/"},{"@type":"ListItem","position":2,"name":"IL CALCOLO DELLA PENSIONE: IL SISTEMA CONTRIBUTIVO"}]},{"@type":"WebSite","@id":"https:\/\/www.article-marketing.eu\/comunicati\/#website","url":"https:\/\/www.article-marketing.eu\/comunicati\/","name":"Article Marketing","description":"article marketing &amp; press release","potentialAction":[{"@type":"SearchAction","target":{"@type":"EntryPoint","urlTemplate":"https:\/\/www.article-marketing.eu\/comunicati\/?s={search_term_string}"},"query-input":{"@type":"PropertyValueSpecification","valueRequired":true,"valueName":"search_term_string"}}],"inLanguage":"it-IT"},{"@type":"Person","@id":"https:\/\/www.article-marketing.eu\/comunicati\/#\/schema\/person\/44372e4d4d0fa797b18e03ed1ace9017","name":"Redazione Comunicati Stampa","image":{"@type":"ImageObject","inLanguage":"it-IT","@id":"https:\/\/www.article-marketing.eu\/comunicati\/#\/schema\/person\/image\/","url":"https:\/\/secure.gravatar.com\/avatar\/50e5c6421d3072f42e7ace803501602c60d75233d34e29fd05feb91c8760b792?s=96&d=mm&r=g","contentUrl":"https:\/\/secure.gravatar.com\/avatar\/50e5c6421d3072f42e7ace803501602c60d75233d34e29fd05feb91c8760b792?s=96&d=mm&r=g","caption":"Redazione Comunicati Stampa"},"url":"https:\/\/www.article-marketing.eu\/comunicati\/author\/redazione-comunicati-stampa\/"}]}},"_links":{"self":[{"href":"https:\/\/www.article-marketing.eu\/comunicati\/wp-json\/wp\/v2\/posts\/2225","targetHints":{"allow":["GET"]}}],"collection":[{"href":"https:\/\/www.article-marketing.eu\/comunicati\/wp-json\/wp\/v2\/posts"}],"about":[{"href":"https:\/\/www.article-marketing.eu\/comunicati\/wp-json\/wp\/v2\/types\/post"}],"author":[{"embeddable":true,"href":"https:\/\/www.article-marketing.eu\/comunicati\/wp-json\/wp\/v2\/users\/10"}],"replies":[{"embeddable":true,"href":"https:\/\/www.article-marketing.eu\/comunicati\/wp-json\/wp\/v2\/comments?post=2225"}],"version-history":[{"count":0,"href":"https:\/\/www.article-marketing.eu\/comunicati\/wp-json\/wp\/v2\/posts\/2225\/revisions"}],"wp:attachment":[{"href":"https:\/\/www.article-marketing.eu\/comunicati\/wp-json\/wp\/v2\/media?parent=2225"}],"wp:term":[{"taxonomy":"category","embeddable":true,"href":"https:\/\/www.article-marketing.eu\/comunicati\/wp-json\/wp\/v2\/categories?post=2225"},{"taxonomy":"post_tag","embeddable":true,"href":"https:\/\/www.article-marketing.eu\/comunicati\/wp-json\/wp\/v2\/tags?post=2225"}],"curies":[{"name":"wp","href":"https:\/\/api.w.org\/{rel}","templated":true}]}}