{"id":22321,"date":"2011-12-13T09:26:16","date_gmt":"2011-12-13T08:26:16","guid":{"rendered":"http:\/\/www.article-marketing.eu\/comunicati\/senza-categoria\/rassegna-dei-maestri-del-tempo-seminari-a-palazzo-buonadrata-di-rimini-2\/"},"modified":"2011-12-13T09:26:16","modified_gmt":"2011-12-13T08:26:16","slug":"rassegna-dei-maestri-del-tempo-seminari-a-palazzo-buonadrata-di-rimini-2","status":"publish","type":"post","link":"https:\/\/www.article-marketing.eu\/comunicati\/viaggi-e-vacanze\/rassegna-dei-maestri-del-tempo-seminari-a-palazzo-buonadrata-di-rimini-2\/","title":{"rendered":"Rassegna dei Maestri del Tempo. Seminari a Palazzo Buonadrata di Rimini"},"content":{"rendered":"<p>Tra le tante iniziative che la citt&agrave; di Rimini propone sicuramente una delle pi&ugrave; suggestive &egrave; quella organizzata da Fondazione Carim. che promuove un ciclo di letture puntando sulla diffusione discussioni storiche. Ovviamente gli <a href=\"http:\/\/www.specialehotel.com\/\">hotel Rimini<\/a> sono provvisti del programma evento e si sono organizzati con  last minute Rimini legati proprio a questa serie di seminari. Il nostro consiglio &egrave; la scelta di un hotel 3 stelle rimini. Fondazione Carim promuove una serie di seminari sul tema delle relazioni tra grandi committenti e grandi artisti nel corso della storia. Le conferenze si terranno a Rimini, presso il salone di Palazzo Buonadrata, Corso d&rsquo;Augusto62 27 gennaio 2012 : Piero della Francesca e l&rsquo;Umanesimo tragico, relatore d&#8217;eccezione il filosofo Massimo Cacciari. 4 Febbraio 2012 : I pregiudizi sul duecento e Linguaggi con metafore di scritti sacri in Romagna, relatore sar&agrave; lo storico e critico Alessandro Giovanardi. 24 febbraio 2012 : Libere fantasie e liberi pensieri, relatore lo storico dell&#8217;arte Marco Campigli. 2 marzo 2012 : La fortuna o la sfortuna storiografica di una presenza: Filippo Brunelleschi e i Malatesta, relatore lo storico dell&#8217;arte e dell&#8217;architettura Giovanni Rimondini 9 marzo 2012 : Storie e vicende della &#8220;bella maniera&#8221; a Rimini, relatore lo storico dell&#8217;arte Giulio Zavatta. 23 marzo 2012 : Il Seicento sublime, Donducci detto il Mastelletta, relatore lo storico e critico dell&#8217;arte Massimo Pulini. 30 marzo 2012 : Antonio Trentanove e il trionfo dello stucco, relatore lo storico dell&#8217;arte Pier Giorgio Pasini. 13 aprile v2012 : Roberto Longhi oggi e i suoi lavori in Emilia Romagna, relatore lo storico dell&#8217;arte Bruno Toscano. 27 aprile 2012 : Bernard Berenson, profilo di un maestro tra Firenze e Rimini, relatore lo storico dell&#8217;arte bizantina John Lindsay Opie.Tra le tante iniziative che la citt&agrave; di Rimini propone sicuramente una delle pi&ugrave; suggestive &egrave; quella organizzata da Fondazione Carim. che promuove un ciclo di letture puntando sulla diffusione discussioni storiche. Ovviamente gli hotel Rimini sono provvisti del programma evento e si sono organizzati con  last minute Rimini legati proprio a questa serie di seminari. Il nostro consiglio &egrave; la scelta di un hotel 3 stelle rimini. Fondazione Carim promuove una serie di seminari sul tema delle relazioni tra grandi committenti e grandi artisti nel corso della storia. Le conferenze si terranno a Rimini, presso il salone di Palazzo Buonadrata, Corso d&rsquo;Augusto62 27 gennaio 2012 : Piero della Francesca e l&rsquo;Umanesimo tragico, relatore d&#8217;eccezione il filosofo Massimo Cacciari. 4 Febbraio 2012 : I pregiudizi sul duecento e Linguaggi con metafore di scritti sacri in Romagna, relatore sar&agrave; lo storico e critico Alessandro Giovanardi. 24 febbraio 2012 : Libere fantasie e liberi pensieri, relatore lo storico dell&#8217;arte Marco Campigli. 2 marzo 2012 : La fortuna o la sfortuna storiografica di una presenza: Filippo Brunelleschi e i Malatesta, relatore lo storico dell&#8217;arte e dell&#8217;architettura Giovanni Rimondini 9 marzo 2012 : Storie e vicende della &#8220;bella maniera&#8221; a Rimini, relatore lo storico dell&#8217;arte Giulio Zavatta. 23 marzo 2012 : Il Seicento sublime, Donducci detto il Mastelletta, relatore lo storico e critico dell&#8217;arte Massimo Pulini. 30 marzo 2012 : Antonio Trentanove e il trionfo dello stucco, relatore lo storico dell&#8217;arte Pier Giorgio Pasini. 13 aprile v2012 : Roberto Longhi oggi e i suoi lavori in Emilia Romagna, relatore lo storico dell&#8217;arte Bruno Toscano. 27 aprile 2012 : Bernard Berenson, profilo di un maestro tra Firenze e Rimini, relatore lo storico dell&#8217;arte bizantina John Lindsay Opie.Tra le tante iniziative che la citt&agrave; di Rimini propone sicuramente una delle pi&ugrave; suggestive &egrave; quella organizzata da Fondazione Carim. che promuove un ciclo di letture puntando sulla diffusione discussioni storiche. Ovviamente gli hotel Rimini sono provvisti del programma evento e si sono organizzati con  last minute Rimini legati proprio a questa serie di seminari. Il nostro consiglio &egrave; la scelta di un hotel 3 stelle rimini. Fondazione Carim promuove una serie di seminari sul tema delle relazioni tra grandi committenti e grandi artisti nel corso della storia. Le conferenze si terranno a Rimini, presso il salone di Palazzo Buonadrata, Corso d&rsquo;Augusto62 27 gennaio 2012 : Piero della Francesca e l&rsquo;Umanesimo tragico, relatore d&#8217;eccezione il filosofo Massimo Cacciari. 4 Febbraio 2012 : I pregiudizi sul duecento e Linguaggi con metafore di scritti sacri in Romagna, relatore sar&agrave; lo storico e critico Alessandro Giovanardi. 24 febbraio 2012 : Libere fantasie e liberi pensieri, relatore lo storico dell&#8217;arte Marco Campigli. 2 marzo 2012 : La fortuna o la sfortuna storiografica di una presenza: Filippo Brunelleschi e i Malatesta, relatore lo storico dell&#8217;arte e dell&#8217;architettura Giovanni Rimondini 9 marzo 2012 : Storie e vicende della &#8220;bella maniera&#8221; a Rimini, relatore lo storico dell&#8217;arte Giulio Zavatta. 23 marzo 2012 : Il Seicento sublime, Donducci detto il Mastelletta, relatore lo storico e critico dell&#8217;arte Massimo Pulini. 30 marzo 2012 : Antonio Trentanove e il trionfo dello stucco, relatore lo storico dell&#8217;arte Pier Giorgio Pasini. 13 aprile v2012 : Roberto Longhi oggi e i suoi lavori in Emilia Romagna, relatore lo storico dell&#8217;arte Bruno Toscano. 27 aprile 2012 : Bernard Berenson, profilo di un maestro tra Firenze e Rimini, relatore lo storico dell&#8217;arte bizantina John Lindsay Opie.<\/p>\n","protected":false},"excerpt":{"rendered":"<p>Tra le tante iniziative che la citt\u00e0 di Rimini propone sicuramente una delle pi\u00f9 suggestive \u00e8 quella organizzata da Fondazione Carim. che promuove un ciclo di letture puntando sulla diffusione discussioni storiche.<br \/>Ovviamente gli hotel Rimini sono provvisti del programma evento e si sono organizzati con last minute Rimini legati proprio a questa serie di seminari.<br \/>Il nostro consiglio \u00e8 la scelta di un hotel 3 stelle Rimini.<br \/>Fondazione Carim promuove una serie di seminari sul tema delle relazioni tra grandi committenti e grandi artisti nel corso della storia.<br \/>Le conferenze si terranno a Rimini, presso il salone di Palazzo Buonadrata, Corso d\u2019Augusto62<br \/>27 gennaio 2012 : Piero della Francesca e l\u2019Umanesimo tragico, relatore d&#8217;eccezione il filosofo Massimo Cacciari.<\/p>\n","protected":false},"author":10,"featured_media":0,"comment_status":"open","ping_status":"open","sticky":false,"template":"","format":"standard","meta":{"cybocfi_hide_featured_image":"","footnotes":""},"categories":[280],"tags":[1950],"class_list":["post-22321","post","type-post","status-publish","format-standard","hentry","category-viaggi-e-vacanze","tag-hotel-rimini"],"yoast_head":"<!-- This site is optimized with the Yoast SEO plugin v27.0 - https:\/\/yoast.com\/product\/yoast-seo-wordpress\/ -->\n<title>Rassegna dei Maestri del Tempo. Seminari a Palazzo Buonadrata di Rimini - Article Marketing<\/title>\n<meta name=\"robots\" content=\"index, follow, max-snippet:-1, max-image-preview:large, max-video-preview:-1\" \/>\n<link rel=\"canonical\" href=\"https:\/\/www.article-marketing.eu\/comunicati\/viaggi-e-vacanze\/rassegna-dei-maestri-del-tempo-seminari-a-palazzo-buonadrata-di-rimini-2\/\" \/>\n<meta property=\"og:locale\" content=\"it_IT\" \/>\n<meta property=\"og:type\" content=\"article\" \/>\n<meta property=\"og:title\" content=\"Rassegna dei Maestri del Tempo. Seminari a Palazzo Buonadrata di Rimini - Article Marketing\" \/>\n<meta property=\"og:description\" content=\"Tra le tante iniziative che la citt\u00e0 di Rimini propone sicuramente una delle pi\u00f9 suggestive \u00e8 quella organizzata da Fondazione Carim. che promuove un ciclo di letture puntando sulla diffusione discussioni storiche.Ovviamente gli hotel Rimini sono provvisti del programma evento e si sono organizzati con last minute Rimini legati proprio a questa serie di seminari.Il nostro consiglio \u00e8 la scelta di un hotel 3 stelle Rimini.Fondazione Carim promuove una serie di seminari sul tema delle relazioni tra grandi committenti e grandi artisti nel corso della storia.Le conferenze si terranno a Rimini, presso il salone di Palazzo Buonadrata, Corso d\u2019Augusto6227 gennaio 2012 : Piero della Francesca e l\u2019Umanesimo tragico, relatore d&#039;eccezione il filosofo Massimo Cacciari.\" \/>\n<meta property=\"og:url\" content=\"https:\/\/www.article-marketing.eu\/comunicati\/viaggi-e-vacanze\/rassegna-dei-maestri-del-tempo-seminari-a-palazzo-buonadrata-di-rimini-2\/\" \/>\n<meta property=\"og:site_name\" content=\"Article Marketing\" \/>\n<meta property=\"article:published_time\" content=\"2011-12-13T08:26:16+00:00\" \/>\n<meta name=\"author\" content=\"Redazione Comunicati Stampa\" \/>\n<meta name=\"twitter:card\" content=\"summary_large_image\" \/>\n<meta name=\"twitter:label1\" content=\"Scritto da\" \/>\n\t<meta name=\"twitter:data1\" content=\"Redazione Comunicati Stampa\" \/>\n\t<meta name=\"twitter:label2\" content=\"Tempo di lettura stimato\" \/>\n\t<meta name=\"twitter:data2\" content=\"4 minuti\" \/>\n<script type=\"application\/ld+json\" class=\"yoast-schema-graph\">{\"@context\":\"https:\/\/schema.org\",\"@graph\":[{\"@type\":\"Article\",\"@id\":\"https:\/\/www.article-marketing.eu\/comunicati\/viaggi-e-vacanze\/rassegna-dei-maestri-del-tempo-seminari-a-palazzo-buonadrata-di-rimini-2\/#article\",\"isPartOf\":{\"@id\":\"https:\/\/www.article-marketing.eu\/comunicati\/viaggi-e-vacanze\/rassegna-dei-maestri-del-tempo-seminari-a-palazzo-buonadrata-di-rimini-2\/\"},\"author\":{\"name\":\"Redazione Comunicati Stampa\",\"@id\":\"https:\/\/www.article-marketing.eu\/comunicati\/#\/schema\/person\/44372e4d4d0fa797b18e03ed1ace9017\"},\"headline\":\"Rassegna dei Maestri del Tempo. Seminari a Palazzo Buonadrata di Rimini\",\"datePublished\":\"2011-12-13T08:26:16+00:00\",\"mainEntityOfPage\":{\"@id\":\"https:\/\/www.article-marketing.eu\/comunicati\/viaggi-e-vacanze\/rassegna-dei-maestri-del-tempo-seminari-a-palazzo-buonadrata-di-rimini-2\/\"},\"wordCount\":797,\"commentCount\":0,\"keywords\":[\"hotel rimini\"],\"articleSection\":[\"Viaggi e vacanze\"],\"inLanguage\":\"it-IT\",\"potentialAction\":[{\"@type\":\"CommentAction\",\"name\":\"Comment\",\"target\":[\"https:\/\/www.article-marketing.eu\/comunicati\/viaggi-e-vacanze\/rassegna-dei-maestri-del-tempo-seminari-a-palazzo-buonadrata-di-rimini-2\/#respond\"]}]},{\"@type\":\"WebPage\",\"@id\":\"https:\/\/www.article-marketing.eu\/comunicati\/viaggi-e-vacanze\/rassegna-dei-maestri-del-tempo-seminari-a-palazzo-buonadrata-di-rimini-2\/\",\"url\":\"https:\/\/www.article-marketing.eu\/comunicati\/viaggi-e-vacanze\/rassegna-dei-maestri-del-tempo-seminari-a-palazzo-buonadrata-di-rimini-2\/\",\"name\":\"Rassegna dei Maestri del Tempo. Seminari a Palazzo Buonadrata di Rimini - Article Marketing\",\"isPartOf\":{\"@id\":\"https:\/\/www.article-marketing.eu\/comunicati\/#website\"},\"datePublished\":\"2011-12-13T08:26:16+00:00\",\"author\":{\"@id\":\"https:\/\/www.article-marketing.eu\/comunicati\/#\/schema\/person\/44372e4d4d0fa797b18e03ed1ace9017\"},\"breadcrumb\":{\"@id\":\"https:\/\/www.article-marketing.eu\/comunicati\/viaggi-e-vacanze\/rassegna-dei-maestri-del-tempo-seminari-a-palazzo-buonadrata-di-rimini-2\/#breadcrumb\"},\"inLanguage\":\"it-IT\",\"potentialAction\":[{\"@type\":\"ReadAction\",\"target\":[\"https:\/\/www.article-marketing.eu\/comunicati\/viaggi-e-vacanze\/rassegna-dei-maestri-del-tempo-seminari-a-palazzo-buonadrata-di-rimini-2\/\"]}]},{\"@type\":\"BreadcrumbList\",\"@id\":\"https:\/\/www.article-marketing.eu\/comunicati\/viaggi-e-vacanze\/rassegna-dei-maestri-del-tempo-seminari-a-palazzo-buonadrata-di-rimini-2\/#breadcrumb\",\"itemListElement\":[{\"@type\":\"ListItem\",\"position\":1,\"name\":\"Home\",\"item\":\"https:\/\/www.article-marketing.eu\/comunicati\/\"},{\"@type\":\"ListItem\",\"position\":2,\"name\":\"Rassegna dei Maestri del Tempo. Seminari a Palazzo Buonadrata di Rimini\"}]},{\"@type\":\"WebSite\",\"@id\":\"https:\/\/www.article-marketing.eu\/comunicati\/#website\",\"url\":\"https:\/\/www.article-marketing.eu\/comunicati\/\",\"name\":\"Article Marketing\",\"description\":\"article marketing &amp; press release\",\"potentialAction\":[{\"@type\":\"SearchAction\",\"target\":{\"@type\":\"EntryPoint\",\"urlTemplate\":\"https:\/\/www.article-marketing.eu\/comunicati\/?s={search_term_string}\"},\"query-input\":{\"@type\":\"PropertyValueSpecification\",\"valueRequired\":true,\"valueName\":\"search_term_string\"}}],\"inLanguage\":\"it-IT\"},{\"@type\":\"Person\",\"@id\":\"https:\/\/www.article-marketing.eu\/comunicati\/#\/schema\/person\/44372e4d4d0fa797b18e03ed1ace9017\",\"name\":\"Redazione Comunicati Stampa\",\"image\":{\"@type\":\"ImageObject\",\"inLanguage\":\"it-IT\",\"@id\":\"https:\/\/www.article-marketing.eu\/comunicati\/#\/schema\/person\/image\/\",\"url\":\"https:\/\/secure.gravatar.com\/avatar\/50e5c6421d3072f42e7ace803501602c60d75233d34e29fd05feb91c8760b792?s=96&d=mm&r=g\",\"contentUrl\":\"https:\/\/secure.gravatar.com\/avatar\/50e5c6421d3072f42e7ace803501602c60d75233d34e29fd05feb91c8760b792?s=96&d=mm&r=g\",\"caption\":\"Redazione Comunicati Stampa\"},\"url\":\"https:\/\/www.article-marketing.eu\/comunicati\/author\/redazione-comunicati-stampa\/\"}]}<\/script>\n<!-- \/ Yoast SEO plugin. -->","yoast_head_json":{"title":"Rassegna dei Maestri del Tempo. Seminari a Palazzo Buonadrata di Rimini - Article Marketing","robots":{"index":"index","follow":"follow","max-snippet":"max-snippet:-1","max-image-preview":"max-image-preview:large","max-video-preview":"max-video-preview:-1"},"canonical":"https:\/\/www.article-marketing.eu\/comunicati\/viaggi-e-vacanze\/rassegna-dei-maestri-del-tempo-seminari-a-palazzo-buonadrata-di-rimini-2\/","og_locale":"it_IT","og_type":"article","og_title":"Rassegna dei Maestri del Tempo. Seminari a Palazzo Buonadrata di Rimini - Article Marketing","og_description":"Tra le tante iniziative che la citt\u00e0 di Rimini propone sicuramente una delle pi\u00f9 suggestive \u00e8 quella organizzata da Fondazione Carim. che promuove un ciclo di letture puntando sulla diffusione discussioni storiche.Ovviamente gli hotel Rimini sono provvisti del programma evento e si sono organizzati con last minute Rimini legati proprio a questa serie di seminari.Il nostro consiglio \u00e8 la scelta di un hotel 3 stelle Rimini.Fondazione Carim promuove una serie di seminari sul tema delle relazioni tra grandi committenti e grandi artisti nel corso della storia.Le conferenze si terranno a Rimini, presso il salone di Palazzo Buonadrata, Corso d\u2019Augusto6227 gennaio 2012 : Piero della Francesca e l\u2019Umanesimo tragico, relatore d'eccezione il filosofo Massimo Cacciari.","og_url":"https:\/\/www.article-marketing.eu\/comunicati\/viaggi-e-vacanze\/rassegna-dei-maestri-del-tempo-seminari-a-palazzo-buonadrata-di-rimini-2\/","og_site_name":"Article Marketing","article_published_time":"2011-12-13T08:26:16+00:00","author":"Redazione Comunicati Stampa","twitter_card":"summary_large_image","twitter_misc":{"Scritto da":"Redazione Comunicati Stampa","Tempo di lettura stimato":"4 minuti"},"schema":{"@context":"https:\/\/schema.org","@graph":[{"@type":"Article","@id":"https:\/\/www.article-marketing.eu\/comunicati\/viaggi-e-vacanze\/rassegna-dei-maestri-del-tempo-seminari-a-palazzo-buonadrata-di-rimini-2\/#article","isPartOf":{"@id":"https:\/\/www.article-marketing.eu\/comunicati\/viaggi-e-vacanze\/rassegna-dei-maestri-del-tempo-seminari-a-palazzo-buonadrata-di-rimini-2\/"},"author":{"name":"Redazione Comunicati Stampa","@id":"https:\/\/www.article-marketing.eu\/comunicati\/#\/schema\/person\/44372e4d4d0fa797b18e03ed1ace9017"},"headline":"Rassegna dei Maestri del Tempo. Seminari a Palazzo Buonadrata di Rimini","datePublished":"2011-12-13T08:26:16+00:00","mainEntityOfPage":{"@id":"https:\/\/www.article-marketing.eu\/comunicati\/viaggi-e-vacanze\/rassegna-dei-maestri-del-tempo-seminari-a-palazzo-buonadrata-di-rimini-2\/"},"wordCount":797,"commentCount":0,"keywords":["hotel rimini"],"articleSection":["Viaggi e vacanze"],"inLanguage":"it-IT","potentialAction":[{"@type":"CommentAction","name":"Comment","target":["https:\/\/www.article-marketing.eu\/comunicati\/viaggi-e-vacanze\/rassegna-dei-maestri-del-tempo-seminari-a-palazzo-buonadrata-di-rimini-2\/#respond"]}]},{"@type":"WebPage","@id":"https:\/\/www.article-marketing.eu\/comunicati\/viaggi-e-vacanze\/rassegna-dei-maestri-del-tempo-seminari-a-palazzo-buonadrata-di-rimini-2\/","url":"https:\/\/www.article-marketing.eu\/comunicati\/viaggi-e-vacanze\/rassegna-dei-maestri-del-tempo-seminari-a-palazzo-buonadrata-di-rimini-2\/","name":"Rassegna dei Maestri del Tempo. Seminari a Palazzo Buonadrata di Rimini - Article Marketing","isPartOf":{"@id":"https:\/\/www.article-marketing.eu\/comunicati\/#website"},"datePublished":"2011-12-13T08:26:16+00:00","author":{"@id":"https:\/\/www.article-marketing.eu\/comunicati\/#\/schema\/person\/44372e4d4d0fa797b18e03ed1ace9017"},"breadcrumb":{"@id":"https:\/\/www.article-marketing.eu\/comunicati\/viaggi-e-vacanze\/rassegna-dei-maestri-del-tempo-seminari-a-palazzo-buonadrata-di-rimini-2\/#breadcrumb"},"inLanguage":"it-IT","potentialAction":[{"@type":"ReadAction","target":["https:\/\/www.article-marketing.eu\/comunicati\/viaggi-e-vacanze\/rassegna-dei-maestri-del-tempo-seminari-a-palazzo-buonadrata-di-rimini-2\/"]}]},{"@type":"BreadcrumbList","@id":"https:\/\/www.article-marketing.eu\/comunicati\/viaggi-e-vacanze\/rassegna-dei-maestri-del-tempo-seminari-a-palazzo-buonadrata-di-rimini-2\/#breadcrumb","itemListElement":[{"@type":"ListItem","position":1,"name":"Home","item":"https:\/\/www.article-marketing.eu\/comunicati\/"},{"@type":"ListItem","position":2,"name":"Rassegna dei Maestri del Tempo. Seminari a Palazzo Buonadrata di Rimini"}]},{"@type":"WebSite","@id":"https:\/\/www.article-marketing.eu\/comunicati\/#website","url":"https:\/\/www.article-marketing.eu\/comunicati\/","name":"Article Marketing","description":"article marketing &amp; press release","potentialAction":[{"@type":"SearchAction","target":{"@type":"EntryPoint","urlTemplate":"https:\/\/www.article-marketing.eu\/comunicati\/?s={search_term_string}"},"query-input":{"@type":"PropertyValueSpecification","valueRequired":true,"valueName":"search_term_string"}}],"inLanguage":"it-IT"},{"@type":"Person","@id":"https:\/\/www.article-marketing.eu\/comunicati\/#\/schema\/person\/44372e4d4d0fa797b18e03ed1ace9017","name":"Redazione Comunicati Stampa","image":{"@type":"ImageObject","inLanguage":"it-IT","@id":"https:\/\/www.article-marketing.eu\/comunicati\/#\/schema\/person\/image\/","url":"https:\/\/secure.gravatar.com\/avatar\/50e5c6421d3072f42e7ace803501602c60d75233d34e29fd05feb91c8760b792?s=96&d=mm&r=g","contentUrl":"https:\/\/secure.gravatar.com\/avatar\/50e5c6421d3072f42e7ace803501602c60d75233d34e29fd05feb91c8760b792?s=96&d=mm&r=g","caption":"Redazione Comunicati Stampa"},"url":"https:\/\/www.article-marketing.eu\/comunicati\/author\/redazione-comunicati-stampa\/"}]}},"_links":{"self":[{"href":"https:\/\/www.article-marketing.eu\/comunicati\/wp-json\/wp\/v2\/posts\/22321","targetHints":{"allow":["GET"]}}],"collection":[{"href":"https:\/\/www.article-marketing.eu\/comunicati\/wp-json\/wp\/v2\/posts"}],"about":[{"href":"https:\/\/www.article-marketing.eu\/comunicati\/wp-json\/wp\/v2\/types\/post"}],"author":[{"embeddable":true,"href":"https:\/\/www.article-marketing.eu\/comunicati\/wp-json\/wp\/v2\/users\/10"}],"replies":[{"embeddable":true,"href":"https:\/\/www.article-marketing.eu\/comunicati\/wp-json\/wp\/v2\/comments?post=22321"}],"version-history":[{"count":0,"href":"https:\/\/www.article-marketing.eu\/comunicati\/wp-json\/wp\/v2\/posts\/22321\/revisions"}],"wp:attachment":[{"href":"https:\/\/www.article-marketing.eu\/comunicati\/wp-json\/wp\/v2\/media?parent=22321"}],"wp:term":[{"taxonomy":"category","embeddable":true,"href":"https:\/\/www.article-marketing.eu\/comunicati\/wp-json\/wp\/v2\/categories?post=22321"},{"taxonomy":"post_tag","embeddable":true,"href":"https:\/\/www.article-marketing.eu\/comunicati\/wp-json\/wp\/v2\/tags?post=22321"}],"curies":[{"name":"wp","href":"https:\/\/api.w.org\/{rel}","templated":true}]}}