{"id":2237,"date":"2009-12-05T10:35:52","date_gmt":"2009-12-05T09:35:52","guid":{"rendered":"http:\/\/www.article-marketing.eu\/comunicati\/senza-categoria\/voyage-dans-la-couleur-esposizione-internazionale-darte-contemporanea\/"},"modified":"2009-12-05T10:35:52","modified_gmt":"2009-12-05T09:35:52","slug":"voyage-dans-la-couleur-esposizione-internazionale-darte-contemporanea","status":"publish","type":"post","link":"https:\/\/www.article-marketing.eu\/comunicati\/comunicati-stampa\/eventi\/voyage-dans-la-couleur-esposizione-internazionale-darte-contemporanea\/","title":{"rendered":"Voyage dans la couleur: Esposizione internazionale d&#8217;arte contemporanea"},"content":{"rendered":"<p class=\" \" style=\"TEXT-ALIGN: justify\">COMUNICATO STAMPA<\/p>\n<p class=\" \" style=\"TEXT-ALIGN: justify\">&nbsp;<\/p>\n<p class=\" \" style=\"TEXT-ALIGN: justify\"><strong>VOYAGE DANS LA COULEUR<\/strong><\/p>\n<p class=\" \" style=\"TEXT-ALIGN: justify\"><strong>Esposizione Internazionale d\u2019Arte Contemporanea<\/strong><\/p>\n<p class=\" \" style=\"TEXT-ALIGN: justify\">Vernissage: dalle ore 14 alle 18 della prima domenica di ogni mese <\/p>\n<p class=\" \" style=\"TEXT-ALIGN: justify\">Dal 6 dicembre 2009 al 1 gennaio 2010 <\/p>\n<p class=\" \" style=\"TEXT-ALIGN: justify\"><em>Ingresso libero<\/em><\/p>\n<p class=\" \" style=\"TEXT-ALIGN: justify\">Visite esclusivamente su appuntamento telefonico (orario pomeridiano) <\/p>\n<p class=\" \" style=\"TEXT-ALIGN: justify\"><strong>Curatrice: Sabrina Falzone<\/strong><\/p>\n<p class=\" \" style=\"TEXT-ALIGN: justify\"><strong>Presso: Villa Magdalena <\/strong><\/p>\n<p class=\" \" style=\"TEXT-ALIGN: justify; LINE-HEIGHT: 150%; MARGIN: 0cm 8.5pt 0pt 0cm\">&nbsp;<\/p>\n<p class=\" \" style=\"TEXT-ALIGN: justify; MARGIN: 0cm 8.5pt 0pt 0cm\">La nota famiglia Jeanguenin \u00e8 lieta di presentare l\u2019<strong>Esposizione Internazionale d&#8217;Arte Contemporanea &quot;<em>Voyage dans la couleur<\/em>&quot; <\/strong>in Costa Azzurra<strong> <\/strong>che si svolger\u00e0<strong> dal 6 dicembre 2009 al 1 gennaio 2009<\/strong> nei saloni della storica <strong>Villa Magdalena<\/strong>, la Villa degli Artisti situata a Nizza (Francia), in prossimit\u00e0 del Porto e del Palais des Expositions.<\/p>\n<p class=\" \" style=\"TEXT-ALIGN: justify\">L\u2019esposizione valorizza la funzione del colore nell\u2019arte contemporanea e avr\u00e0 luogo nel giardino policromo di Villa Magdalena, edificata nel 1853 ai piedi del Monte Boron da un aristocratico inglese e successivamente decorata con affreschi e stucchi sontuosi, divenendo sede prestigiosa di eventi mondani.<\/p>\n<p class=\" \" style=\"TEXT-ALIGN: justify\">Il progetto culturale<strong> &quot;<em>Voyage dans la couleur<\/em>&quot; <\/strong>annovera artisti di formazione eterogenea che si sono distinti per particolari peculiarit\u00e0 stilistiche ed esecutive. Per l\u2019occasione espongono nomi celebri dell\u2019arte come <strong>Salvatore Fiume<\/strong> accanto a validi artisti contemporanei.<\/p>\n<p class=\" \" style=\"TEXT-ALIGN: justify\"><strong>Antonella Magliozzi<\/strong> \u00e8 fondatrice di un nuovo metodo pittorico denominato \u201c<strong>Graffialismo<\/strong>\u201d che si fonda sull\u2019<strong>apologia del segno,<\/strong> articolato in forma radiante al pari di una cascata cromatica carica di <em>pathos<\/em>.<\/p>\n<p class=\" \" style=\"TEXT-ALIGN: justify\">Il pluripremiato prof. <strong>Renzo Tonello <\/strong>partecipa con un\u2019opera di particolare valore storico-artistico, <em>Natura stupenda<\/em>, che rappresenta uno spontaneo omaggio alla bellezza della Natura.<\/p>\n<p class=\" \" style=\"TEXT-ALIGN: justify\">Laureato in architettura, il maestro d\u2019arte <strong>Genoese <\/strong>si distingue per una peculiare sensibilit\u00e0 artistica intessuta di ricordi e sensazioni.<\/p>\n<p class=\" \" style=\"TEXT-ALIGN: justify\">Giovanissimo, <strong>Domino<\/strong>, \u00e8 certamente una personalit\u00e0 ricca e sfaccettata che si manifesta con originalit\u00e0 tecnica e novit\u00e0 d\u2019intuizione.<\/p>\n<p class=\" \" style=\"TEXT-ALIGN: justify\">Straordinaria appare la pittura emozionale di <strong>Simone Coccia<\/strong>, scandita da percorsi mnemonici e intimi sguardi sui luoghi vissuti.<\/p>\n<p class=\" \" style=\"TEXT-ALIGN: justify\">La rassegna proporr\u00e0 altres\u00ec opere artistiche di Antonio La Rosa, in cui domina l\u2019atmosfera purpurea, i lavori di Barbara Romano estremamente raffinati e ancora un dipinto di <strong>Amelia Salladini,<\/strong> appartenente ad una collezione privata italiana, contraddistinto da un cromatismo cangiante.<\/p>\n<p class=\" \" style=\"TEXT-ALIGN: justify\">In mostra sar\u00e0 possibile ammirare anche le inedite sculture di <strong>Maxo<\/strong>, artista piemontese che sta riscontrando numerosi consensi di pubblico, nonch\u00e9 le opere di <strong>Gloria Giovanella<\/strong>, dello scultore mosaicista <strong>Louvio Vidoni<\/strong> e della pittrice italo-francese <strong>Lorenadia Vidoni.<\/strong><\/p>\n<p><br clear=\"all\" style=\"PAGE-BREAK-BEFORE: always\" \/><\/p>\n<p align=\"center\" class=\" \" style=\"TEXT-ALIGN: center\"><strong><em>Villa Magdalena<\/em><\/strong><\/p>\n<p align=\"center\" class=\" \" style=\"TEXT-ALIGN: center\">1, Avenue du Capitaine Scott, <strong>NIZZA (Francia)<\/strong><\/p>\n<p align=\"center\" class=\" \" style=\"TEXT-ALIGN: center; LINE-HEIGHT: 150%\"><u>Visite su appuntamento telefonico: <\/u><\/p>\n<p align=\"center\" class=\" \" style=\"TEXT-ALIGN: center; LINE-HEIGHT: 150%\"><strong>FRANCE : 06 15 94 92 37<\/strong>&nbsp;&nbsp;&nbsp;&nbsp;&nbsp;&nbsp;&nbsp;&nbsp; <strong>ETRANGER : + 33 (0) 615 949 237<\/strong><\/p>\n<p class=\" \">&nbsp;<\/p>\n","protected":false},"excerpt":{"rendered":"<p>Esposizione Internazionale d\u2019Arte Contemporanea<\/p>\n<p>Vernissage: dalle ore 14 alle 18 della prima domenica di ogni mese <\/p>\n<p>Dal 6 dicembre 2009 al 1 gennaio 2010 <\/p>\n<p>Ingresso libero<\/p>\n<p>Visite esclusivamente su appuntamento telefonico (orario pomeridiano) <\/p>\n<p>Curatrice: Sabrina Falzone<\/p>\n<p>Presso: Villa Magdalena<\/p>\n","protected":false},"author":10,"featured_media":0,"comment_status":"open","ping_status":"open","sticky":false,"template":"","format":"standard","meta":{"cybocfi_hide_featured_image":"","footnotes":""},"categories":[388],"tags":[],"class_list":["post-2237","post","type-post","status-publish","format-standard","hentry","category-eventi"],"yoast_head":"<!-- This site is optimized with the Yoast SEO plugin v27.0 - https:\/\/yoast.com\/product\/yoast-seo-wordpress\/ -->\n<title>Voyage dans la couleur: Esposizione internazionale d&#039;arte contemporanea - Article Marketing<\/title>\n<meta name=\"robots\" content=\"index, follow, max-snippet:-1, max-image-preview:large, max-video-preview:-1\" \/>\n<link rel=\"canonical\" href=\"https:\/\/www.article-marketing.eu\/comunicati\/comunicati-stampa\/eventi\/voyage-dans-la-couleur-esposizione-internazionale-darte-contemporanea\/\" \/>\n<meta property=\"og:locale\" content=\"it_IT\" \/>\n<meta property=\"og:type\" content=\"article\" \/>\n<meta property=\"og:title\" content=\"Voyage dans la couleur: Esposizione internazionale d&#039;arte contemporanea - Article Marketing\" \/>\n<meta property=\"og:description\" content=\"Esposizione Internazionale d\u2019Arte Contemporanea Vernissage: dalle ore 14 alle 18 della prima domenica di ogni mese  Dal 6 dicembre 2009 al 1 gennaio 2010  Ingresso libero Visite esclusivamente su appuntamento telefonico (orario pomeridiano)  Curatrice: Sabrina Falzone Presso: Villa Magdalena\" \/>\n<meta property=\"og:url\" content=\"https:\/\/www.article-marketing.eu\/comunicati\/comunicati-stampa\/eventi\/voyage-dans-la-couleur-esposizione-internazionale-darte-contemporanea\/\" \/>\n<meta property=\"og:site_name\" content=\"Article Marketing\" \/>\n<meta property=\"article:published_time\" content=\"2009-12-05T09:35:52+00:00\" \/>\n<meta name=\"author\" content=\"Redazione Comunicati Stampa\" \/>\n<meta name=\"twitter:card\" content=\"summary_large_image\" \/>\n<meta name=\"twitter:label1\" content=\"Scritto da\" \/>\n\t<meta name=\"twitter:data1\" content=\"Redazione Comunicati Stampa\" \/>\n\t<meta name=\"twitter:label2\" content=\"Tempo di lettura stimato\" \/>\n\t<meta name=\"twitter:data2\" content=\"2 minuti\" \/>\n<script type=\"application\/ld+json\" class=\"yoast-schema-graph\">{\"@context\":\"https:\/\/schema.org\",\"@graph\":[{\"@type\":\"Article\",\"@id\":\"https:\/\/www.article-marketing.eu\/comunicati\/comunicati-stampa\/eventi\/voyage-dans-la-couleur-esposizione-internazionale-darte-contemporanea\/#article\",\"isPartOf\":{\"@id\":\"https:\/\/www.article-marketing.eu\/comunicati\/comunicati-stampa\/eventi\/voyage-dans-la-couleur-esposizione-internazionale-darte-contemporanea\/\"},\"author\":{\"name\":\"Redazione Comunicati Stampa\",\"@id\":\"https:\/\/www.article-marketing.eu\/comunicati\/#\/schema\/person\/44372e4d4d0fa797b18e03ed1ace9017\"},\"headline\":\"Voyage dans la couleur: Esposizione internazionale d&#8217;arte contemporanea\",\"datePublished\":\"2009-12-05T09:35:52+00:00\",\"mainEntityOfPage\":{\"@id\":\"https:\/\/www.article-marketing.eu\/comunicati\/comunicati-stampa\/eventi\/voyage-dans-la-couleur-esposizione-internazionale-darte-contemporanea\/\"},\"wordCount\":396,\"commentCount\":0,\"articleSection\":[\"Eventi\"],\"inLanguage\":\"it-IT\",\"potentialAction\":[{\"@type\":\"CommentAction\",\"name\":\"Comment\",\"target\":[\"https:\/\/www.article-marketing.eu\/comunicati\/comunicati-stampa\/eventi\/voyage-dans-la-couleur-esposizione-internazionale-darte-contemporanea\/#respond\"]}]},{\"@type\":\"WebPage\",\"@id\":\"https:\/\/www.article-marketing.eu\/comunicati\/comunicati-stampa\/eventi\/voyage-dans-la-couleur-esposizione-internazionale-darte-contemporanea\/\",\"url\":\"https:\/\/www.article-marketing.eu\/comunicati\/comunicati-stampa\/eventi\/voyage-dans-la-couleur-esposizione-internazionale-darte-contemporanea\/\",\"name\":\"Voyage dans la couleur: Esposizione internazionale d'arte contemporanea - Article Marketing\",\"isPartOf\":{\"@id\":\"https:\/\/www.article-marketing.eu\/comunicati\/#website\"},\"datePublished\":\"2009-12-05T09:35:52+00:00\",\"author\":{\"@id\":\"https:\/\/www.article-marketing.eu\/comunicati\/#\/schema\/person\/44372e4d4d0fa797b18e03ed1ace9017\"},\"breadcrumb\":{\"@id\":\"https:\/\/www.article-marketing.eu\/comunicati\/comunicati-stampa\/eventi\/voyage-dans-la-couleur-esposizione-internazionale-darte-contemporanea\/#breadcrumb\"},\"inLanguage\":\"it-IT\",\"potentialAction\":[{\"@type\":\"ReadAction\",\"target\":[\"https:\/\/www.article-marketing.eu\/comunicati\/comunicati-stampa\/eventi\/voyage-dans-la-couleur-esposizione-internazionale-darte-contemporanea\/\"]}]},{\"@type\":\"BreadcrumbList\",\"@id\":\"https:\/\/www.article-marketing.eu\/comunicati\/comunicati-stampa\/eventi\/voyage-dans-la-couleur-esposizione-internazionale-darte-contemporanea\/#breadcrumb\",\"itemListElement\":[{\"@type\":\"ListItem\",\"position\":1,\"name\":\"Home\",\"item\":\"https:\/\/www.article-marketing.eu\/comunicati\/\"},{\"@type\":\"ListItem\",\"position\":2,\"name\":\"Voyage dans la couleur: Esposizione internazionale d&#8217;arte contemporanea\"}]},{\"@type\":\"WebSite\",\"@id\":\"https:\/\/www.article-marketing.eu\/comunicati\/#website\",\"url\":\"https:\/\/www.article-marketing.eu\/comunicati\/\",\"name\":\"Article Marketing\",\"description\":\"article marketing &amp; press release\",\"potentialAction\":[{\"@type\":\"SearchAction\",\"target\":{\"@type\":\"EntryPoint\",\"urlTemplate\":\"https:\/\/www.article-marketing.eu\/comunicati\/?s={search_term_string}\"},\"query-input\":{\"@type\":\"PropertyValueSpecification\",\"valueRequired\":true,\"valueName\":\"search_term_string\"}}],\"inLanguage\":\"it-IT\"},{\"@type\":\"Person\",\"@id\":\"https:\/\/www.article-marketing.eu\/comunicati\/#\/schema\/person\/44372e4d4d0fa797b18e03ed1ace9017\",\"name\":\"Redazione Comunicati Stampa\",\"image\":{\"@type\":\"ImageObject\",\"inLanguage\":\"it-IT\",\"@id\":\"https:\/\/www.article-marketing.eu\/comunicati\/#\/schema\/person\/image\/\",\"url\":\"https:\/\/secure.gravatar.com\/avatar\/50e5c6421d3072f42e7ace803501602c60d75233d34e29fd05feb91c8760b792?s=96&d=mm&r=g\",\"contentUrl\":\"https:\/\/secure.gravatar.com\/avatar\/50e5c6421d3072f42e7ace803501602c60d75233d34e29fd05feb91c8760b792?s=96&d=mm&r=g\",\"caption\":\"Redazione Comunicati Stampa\"},\"url\":\"https:\/\/www.article-marketing.eu\/comunicati\/author\/redazione-comunicati-stampa\/\"}]}<\/script>\n<!-- \/ Yoast SEO plugin. -->","yoast_head_json":{"title":"Voyage dans la couleur: Esposizione internazionale d'arte contemporanea - Article Marketing","robots":{"index":"index","follow":"follow","max-snippet":"max-snippet:-1","max-image-preview":"max-image-preview:large","max-video-preview":"max-video-preview:-1"},"canonical":"https:\/\/www.article-marketing.eu\/comunicati\/comunicati-stampa\/eventi\/voyage-dans-la-couleur-esposizione-internazionale-darte-contemporanea\/","og_locale":"it_IT","og_type":"article","og_title":"Voyage dans la couleur: Esposizione internazionale d'arte contemporanea - Article Marketing","og_description":"Esposizione Internazionale d\u2019Arte Contemporanea Vernissage: dalle ore 14 alle 18 della prima domenica di ogni mese  Dal 6 dicembre 2009 al 1 gennaio 2010  Ingresso libero Visite esclusivamente su appuntamento telefonico (orario pomeridiano)  Curatrice: Sabrina Falzone Presso: Villa Magdalena","og_url":"https:\/\/www.article-marketing.eu\/comunicati\/comunicati-stampa\/eventi\/voyage-dans-la-couleur-esposizione-internazionale-darte-contemporanea\/","og_site_name":"Article Marketing","article_published_time":"2009-12-05T09:35:52+00:00","author":"Redazione Comunicati Stampa","twitter_card":"summary_large_image","twitter_misc":{"Scritto da":"Redazione Comunicati Stampa","Tempo di lettura stimato":"2 minuti"},"schema":{"@context":"https:\/\/schema.org","@graph":[{"@type":"Article","@id":"https:\/\/www.article-marketing.eu\/comunicati\/comunicati-stampa\/eventi\/voyage-dans-la-couleur-esposizione-internazionale-darte-contemporanea\/#article","isPartOf":{"@id":"https:\/\/www.article-marketing.eu\/comunicati\/comunicati-stampa\/eventi\/voyage-dans-la-couleur-esposizione-internazionale-darte-contemporanea\/"},"author":{"name":"Redazione Comunicati Stampa","@id":"https:\/\/www.article-marketing.eu\/comunicati\/#\/schema\/person\/44372e4d4d0fa797b18e03ed1ace9017"},"headline":"Voyage dans la couleur: Esposizione internazionale d&#8217;arte contemporanea","datePublished":"2009-12-05T09:35:52+00:00","mainEntityOfPage":{"@id":"https:\/\/www.article-marketing.eu\/comunicati\/comunicati-stampa\/eventi\/voyage-dans-la-couleur-esposizione-internazionale-darte-contemporanea\/"},"wordCount":396,"commentCount":0,"articleSection":["Eventi"],"inLanguage":"it-IT","potentialAction":[{"@type":"CommentAction","name":"Comment","target":["https:\/\/www.article-marketing.eu\/comunicati\/comunicati-stampa\/eventi\/voyage-dans-la-couleur-esposizione-internazionale-darte-contemporanea\/#respond"]}]},{"@type":"WebPage","@id":"https:\/\/www.article-marketing.eu\/comunicati\/comunicati-stampa\/eventi\/voyage-dans-la-couleur-esposizione-internazionale-darte-contemporanea\/","url":"https:\/\/www.article-marketing.eu\/comunicati\/comunicati-stampa\/eventi\/voyage-dans-la-couleur-esposizione-internazionale-darte-contemporanea\/","name":"Voyage dans la couleur: Esposizione internazionale d'arte contemporanea - Article Marketing","isPartOf":{"@id":"https:\/\/www.article-marketing.eu\/comunicati\/#website"},"datePublished":"2009-12-05T09:35:52+00:00","author":{"@id":"https:\/\/www.article-marketing.eu\/comunicati\/#\/schema\/person\/44372e4d4d0fa797b18e03ed1ace9017"},"breadcrumb":{"@id":"https:\/\/www.article-marketing.eu\/comunicati\/comunicati-stampa\/eventi\/voyage-dans-la-couleur-esposizione-internazionale-darte-contemporanea\/#breadcrumb"},"inLanguage":"it-IT","potentialAction":[{"@type":"ReadAction","target":["https:\/\/www.article-marketing.eu\/comunicati\/comunicati-stampa\/eventi\/voyage-dans-la-couleur-esposizione-internazionale-darte-contemporanea\/"]}]},{"@type":"BreadcrumbList","@id":"https:\/\/www.article-marketing.eu\/comunicati\/comunicati-stampa\/eventi\/voyage-dans-la-couleur-esposizione-internazionale-darte-contemporanea\/#breadcrumb","itemListElement":[{"@type":"ListItem","position":1,"name":"Home","item":"https:\/\/www.article-marketing.eu\/comunicati\/"},{"@type":"ListItem","position":2,"name":"Voyage dans la couleur: Esposizione internazionale d&#8217;arte contemporanea"}]},{"@type":"WebSite","@id":"https:\/\/www.article-marketing.eu\/comunicati\/#website","url":"https:\/\/www.article-marketing.eu\/comunicati\/","name":"Article Marketing","description":"article marketing &amp; press release","potentialAction":[{"@type":"SearchAction","target":{"@type":"EntryPoint","urlTemplate":"https:\/\/www.article-marketing.eu\/comunicati\/?s={search_term_string}"},"query-input":{"@type":"PropertyValueSpecification","valueRequired":true,"valueName":"search_term_string"}}],"inLanguage":"it-IT"},{"@type":"Person","@id":"https:\/\/www.article-marketing.eu\/comunicati\/#\/schema\/person\/44372e4d4d0fa797b18e03ed1ace9017","name":"Redazione Comunicati Stampa","image":{"@type":"ImageObject","inLanguage":"it-IT","@id":"https:\/\/www.article-marketing.eu\/comunicati\/#\/schema\/person\/image\/","url":"https:\/\/secure.gravatar.com\/avatar\/50e5c6421d3072f42e7ace803501602c60d75233d34e29fd05feb91c8760b792?s=96&d=mm&r=g","contentUrl":"https:\/\/secure.gravatar.com\/avatar\/50e5c6421d3072f42e7ace803501602c60d75233d34e29fd05feb91c8760b792?s=96&d=mm&r=g","caption":"Redazione Comunicati Stampa"},"url":"https:\/\/www.article-marketing.eu\/comunicati\/author\/redazione-comunicati-stampa\/"}]}},"_links":{"self":[{"href":"https:\/\/www.article-marketing.eu\/comunicati\/wp-json\/wp\/v2\/posts\/2237","targetHints":{"allow":["GET"]}}],"collection":[{"href":"https:\/\/www.article-marketing.eu\/comunicati\/wp-json\/wp\/v2\/posts"}],"about":[{"href":"https:\/\/www.article-marketing.eu\/comunicati\/wp-json\/wp\/v2\/types\/post"}],"author":[{"embeddable":true,"href":"https:\/\/www.article-marketing.eu\/comunicati\/wp-json\/wp\/v2\/users\/10"}],"replies":[{"embeddable":true,"href":"https:\/\/www.article-marketing.eu\/comunicati\/wp-json\/wp\/v2\/comments?post=2237"}],"version-history":[{"count":0,"href":"https:\/\/www.article-marketing.eu\/comunicati\/wp-json\/wp\/v2\/posts\/2237\/revisions"}],"wp:attachment":[{"href":"https:\/\/www.article-marketing.eu\/comunicati\/wp-json\/wp\/v2\/media?parent=2237"}],"wp:term":[{"taxonomy":"category","embeddable":true,"href":"https:\/\/www.article-marketing.eu\/comunicati\/wp-json\/wp\/v2\/categories?post=2237"},{"taxonomy":"post_tag","embeddable":true,"href":"https:\/\/www.article-marketing.eu\/comunicati\/wp-json\/wp\/v2\/tags?post=2237"}],"curies":[{"name":"wp","href":"https:\/\/api.w.org\/{rel}","templated":true}]}}