{"id":2249,"date":"2009-06-23T20:51:05","date_gmt":"2009-06-23T18:51:05","guid":{"rendered":"http:\/\/www.article-marketing.eu\/comunicati\/senza-categoria\/comoda_mente-festival-della-cultura\/"},"modified":"2009-06-23T20:51:05","modified_gmt":"2009-06-23T18:51:05","slug":"comoda_mente-festival-della-cultura","status":"publish","type":"post","link":"https:\/\/www.article-marketing.eu\/comunicati\/comunicati-stampa\/eventi\/comoda_mente-festival-della-cultura\/","title":{"rendered":"COMODA_MENTE festival della cultura"},"content":{"rendered":"<p>Di questi tempi, parlare di \u201climite alla rovescia\u201d pu\u00f2 portare a pensare all\u2019economia e ad un nord-est che stenta a ritrovare la propulsione che lo ha reso l\u2019\u201cesempio da imitare\u201d. Ma il \u201cLimite alla rovescia\u201d di cui si occupa quest\u2019anno \u201cComoda_mente\u201d \u00e8 da intendersi in senso pi\u00f9 esteso, dall\u2019individuale all\u2019universale. <\/p>\n<p>Ogni limite, e non solo in economia infatti,&nbsp; prelude al suo superamento, nonostante la convinzione che \u201ca tutto c\u2019\u00e8 un limite\u201d, cos\u00ec come ogni elemento di crisi per sua stessa etimologia \u00e8 foriero di novit\u00e0 e di cambiamenti, per gli uni positivi, negativi per altri, quasi mai neutri. In ogni caso, un limite pone sempre un individuo di fronte alla complessit\u00e0 del confronto con se stesso e con gli altri. Talvolta quel limite pu\u00f2 sembrare talmente evanescente da sparire, o essere fatto sparire, perdendo cos\u00ec sia la funzione deterrente che quella propulsiva.&nbsp; A ciascuno quindi, inteso come persona ma anche come gruppo sociale, il diritto-dovere di scegliere se e come superare il limite, determinando cos\u00ec concretamente il proprio divenire.<\/p>\n<p>Intorno a questo tema, indubbiamente affascinante, in una tre giorni di parole, storie, immagini, musica, pensieri, suoni e sapori, oltre 90 intellettuali, scienziati, giornalisti, scrittori, docenti universitari, architetti, imprenditori e politici si confronteranno tra loro, ma anche e soprattutto con un pubblico che, di anno in anno, si fa sempre pi\u00f9 denso e partecipe.<br \/>Tre giorni quindi (dall\u201911 al 13 settembre) per \u201csondare i confini dell\u2019ovvio, mettere in discussione la comodit\u00e0 delle convezioni, oltrepassare i limiti dell\u2019abitudine\u201d. Il tutto nel centro storico di Serravalle che con Ceneda ha dato origine alla famosa citt\u00e0 di Vittorio Veneto.<\/p>\n<p>\u201cComoda_mente \u2013 sottolinea Claudio Bertorelli, Direttore Artistico del Festival &#8211; non pone a tema una singola disciplina ma piuttosto un confronto liquido e trasversale tra il pubblico e grandi testimonial e protagonisti del nostro tempo, con l\u2019obiettivo di tracciare un possibile quadro dell\u2019esistenza contemporanea e dei suoi contenuti critici. <br \/>Per questo, nei tre giorni di eventi si alternano dialoghi con ospiti illustri, sessioni letterarie, opere teatrali, eventi musicali ed occasioni di ristoro, tutti realizzati in ambiti dismessi della citt\u00e0, ri-allestiti per l\u2019occasione al fine di prefigurarne una prossima riappropriazione\u201d.<\/p>\n<p>\u201cComoda_mente\u201d \u00e8 un evento ideato dal Centro Studi Usine e promosso dal Comune di Vittorio Veneto, con il sostegno della Regione Veneto, il patrocinio della Provincia di Treviso, Unindustria Treviso, Camera di Commercio di Treviso e partecipato da tutti i soggetti pubblici del territorio. Il festival \u00e8 inserito nei network RetEventi e Innovetion Valley, nonch\u00e9 tra le iniziative dell\u2019Anno Europeo della Creativit\u00e0 e dell\u2019innovazione. Aderisce inoltre a Visitando Vittorio Veneto, nuovo sistema di visita della citt\u00e0.<\/p>\n<p>Ulteriori informazioni: www.comodamente.it<\/p>\n","protected":false},"excerpt":{"rendered":"<p>\u201cLimite alla rovescia\u201d, ovvero come uno stato di crisi possa tramutarsi in un vantaggio. Questo il tema di Comoda_mente 2009, il festival giunto alla terza edizione, che si terr\u00e0 a Vittorio Veneto dall\u201911 al 13 settembre.<\/p>\n","protected":false},"author":10,"featured_media":0,"comment_status":"open","ping_status":"open","sticky":false,"template":"","format":"standard","meta":{"cybocfi_hide_featured_image":"","footnotes":""},"categories":[388],"tags":[6919,596,1379],"class_list":["post-2249","post","type-post","status-publish","format-standard","hentry","category-eventi","tag-comodamente","tag-cultura","tag-festival"],"yoast_head":"<!-- This site is optimized with the Yoast SEO plugin v27.0 - https:\/\/yoast.com\/product\/yoast-seo-wordpress\/ -->\n<title>COMODA_MENTE festival della cultura - Article Marketing<\/title>\n<meta name=\"robots\" content=\"index, follow, max-snippet:-1, max-image-preview:large, max-video-preview:-1\" \/>\n<link rel=\"canonical\" href=\"https:\/\/www.article-marketing.eu\/comunicati\/comunicati-stampa\/eventi\/comoda_mente-festival-della-cultura\/\" \/>\n<meta property=\"og:locale\" content=\"it_IT\" \/>\n<meta property=\"og:type\" content=\"article\" \/>\n<meta property=\"og:title\" content=\"COMODA_MENTE festival della cultura - Article Marketing\" \/>\n<meta property=\"og:description\" content=\"\u201cLimite alla rovescia\u201d, ovvero come uno stato di crisi possa tramutarsi in un vantaggio. Questo il tema di Comoda_mente 2009, il festival giunto alla terza edizione, che si terr\u00e0 a Vittorio Veneto dall\u201911 al 13 settembre.\" \/>\n<meta property=\"og:url\" content=\"https:\/\/www.article-marketing.eu\/comunicati\/comunicati-stampa\/eventi\/comoda_mente-festival-della-cultura\/\" \/>\n<meta property=\"og:site_name\" content=\"Article Marketing\" \/>\n<meta property=\"article:published_time\" content=\"2009-06-23T18:51:05+00:00\" \/>\n<meta name=\"author\" content=\"Redazione Comunicati Stampa\" \/>\n<meta name=\"twitter:card\" content=\"summary_large_image\" \/>\n<meta name=\"twitter:label1\" content=\"Scritto da\" \/>\n\t<meta name=\"twitter:data1\" content=\"Redazione Comunicati Stampa\" \/>\n\t<meta name=\"twitter:label2\" content=\"Tempo di lettura stimato\" \/>\n\t<meta name=\"twitter:data2\" content=\"2 minuti\" \/>\n<script type=\"application\/ld+json\" class=\"yoast-schema-graph\">{\"@context\":\"https:\/\/schema.org\",\"@graph\":[{\"@type\":\"Article\",\"@id\":\"https:\/\/www.article-marketing.eu\/comunicati\/comunicati-stampa\/eventi\/comoda_mente-festival-della-cultura\/#article\",\"isPartOf\":{\"@id\":\"https:\/\/www.article-marketing.eu\/comunicati\/comunicati-stampa\/eventi\/comoda_mente-festival-della-cultura\/\"},\"author\":{\"name\":\"Redazione Comunicati Stampa\",\"@id\":\"https:\/\/www.article-marketing.eu\/comunicati\/#\/schema\/person\/44372e4d4d0fa797b18e03ed1ace9017\"},\"headline\":\"COMODA_MENTE festival della cultura\",\"datePublished\":\"2009-06-23T18:51:05+00:00\",\"mainEntityOfPage\":{\"@id\":\"https:\/\/www.article-marketing.eu\/comunicati\/comunicati-stampa\/eventi\/comoda_mente-festival-della-cultura\/\"},\"wordCount\":450,\"commentCount\":0,\"keywords\":[\"comodamente\",\"cultura\",\"festival\"],\"articleSection\":[\"Eventi\"],\"inLanguage\":\"it-IT\",\"potentialAction\":[{\"@type\":\"CommentAction\",\"name\":\"Comment\",\"target\":[\"https:\/\/www.article-marketing.eu\/comunicati\/comunicati-stampa\/eventi\/comoda_mente-festival-della-cultura\/#respond\"]}]},{\"@type\":\"WebPage\",\"@id\":\"https:\/\/www.article-marketing.eu\/comunicati\/comunicati-stampa\/eventi\/comoda_mente-festival-della-cultura\/\",\"url\":\"https:\/\/www.article-marketing.eu\/comunicati\/comunicati-stampa\/eventi\/comoda_mente-festival-della-cultura\/\",\"name\":\"COMODA_MENTE festival della cultura - Article Marketing\",\"isPartOf\":{\"@id\":\"https:\/\/www.article-marketing.eu\/comunicati\/#website\"},\"datePublished\":\"2009-06-23T18:51:05+00:00\",\"author\":{\"@id\":\"https:\/\/www.article-marketing.eu\/comunicati\/#\/schema\/person\/44372e4d4d0fa797b18e03ed1ace9017\"},\"breadcrumb\":{\"@id\":\"https:\/\/www.article-marketing.eu\/comunicati\/comunicati-stampa\/eventi\/comoda_mente-festival-della-cultura\/#breadcrumb\"},\"inLanguage\":\"it-IT\",\"potentialAction\":[{\"@type\":\"ReadAction\",\"target\":[\"https:\/\/www.article-marketing.eu\/comunicati\/comunicati-stampa\/eventi\/comoda_mente-festival-della-cultura\/\"]}]},{\"@type\":\"BreadcrumbList\",\"@id\":\"https:\/\/www.article-marketing.eu\/comunicati\/comunicati-stampa\/eventi\/comoda_mente-festival-della-cultura\/#breadcrumb\",\"itemListElement\":[{\"@type\":\"ListItem\",\"position\":1,\"name\":\"Home\",\"item\":\"https:\/\/www.article-marketing.eu\/comunicati\/\"},{\"@type\":\"ListItem\",\"position\":2,\"name\":\"COMODA_MENTE festival della cultura\"}]},{\"@type\":\"WebSite\",\"@id\":\"https:\/\/www.article-marketing.eu\/comunicati\/#website\",\"url\":\"https:\/\/www.article-marketing.eu\/comunicati\/\",\"name\":\"Article Marketing\",\"description\":\"article marketing &amp; press release\",\"potentialAction\":[{\"@type\":\"SearchAction\",\"target\":{\"@type\":\"EntryPoint\",\"urlTemplate\":\"https:\/\/www.article-marketing.eu\/comunicati\/?s={search_term_string}\"},\"query-input\":{\"@type\":\"PropertyValueSpecification\",\"valueRequired\":true,\"valueName\":\"search_term_string\"}}],\"inLanguage\":\"it-IT\"},{\"@type\":\"Person\",\"@id\":\"https:\/\/www.article-marketing.eu\/comunicati\/#\/schema\/person\/44372e4d4d0fa797b18e03ed1ace9017\",\"name\":\"Redazione Comunicati Stampa\",\"image\":{\"@type\":\"ImageObject\",\"inLanguage\":\"it-IT\",\"@id\":\"https:\/\/www.article-marketing.eu\/comunicati\/#\/schema\/person\/image\/\",\"url\":\"https:\/\/secure.gravatar.com\/avatar\/50e5c6421d3072f42e7ace803501602c60d75233d34e29fd05feb91c8760b792?s=96&d=mm&r=g\",\"contentUrl\":\"https:\/\/secure.gravatar.com\/avatar\/50e5c6421d3072f42e7ace803501602c60d75233d34e29fd05feb91c8760b792?s=96&d=mm&r=g\",\"caption\":\"Redazione Comunicati Stampa\"},\"url\":\"https:\/\/www.article-marketing.eu\/comunicati\/author\/redazione-comunicati-stampa\/\"}]}<\/script>\n<!-- \/ Yoast SEO plugin. -->","yoast_head_json":{"title":"COMODA_MENTE festival della cultura - Article Marketing","robots":{"index":"index","follow":"follow","max-snippet":"max-snippet:-1","max-image-preview":"max-image-preview:large","max-video-preview":"max-video-preview:-1"},"canonical":"https:\/\/www.article-marketing.eu\/comunicati\/comunicati-stampa\/eventi\/comoda_mente-festival-della-cultura\/","og_locale":"it_IT","og_type":"article","og_title":"COMODA_MENTE festival della cultura - Article Marketing","og_description":"\u201cLimite alla rovescia\u201d, ovvero come uno stato di crisi possa tramutarsi in un vantaggio. Questo il tema di Comoda_mente 2009, il festival giunto alla terza edizione, che si terr\u00e0 a Vittorio Veneto dall\u201911 al 13 settembre.","og_url":"https:\/\/www.article-marketing.eu\/comunicati\/comunicati-stampa\/eventi\/comoda_mente-festival-della-cultura\/","og_site_name":"Article Marketing","article_published_time":"2009-06-23T18:51:05+00:00","author":"Redazione Comunicati Stampa","twitter_card":"summary_large_image","twitter_misc":{"Scritto da":"Redazione Comunicati Stampa","Tempo di lettura stimato":"2 minuti"},"schema":{"@context":"https:\/\/schema.org","@graph":[{"@type":"Article","@id":"https:\/\/www.article-marketing.eu\/comunicati\/comunicati-stampa\/eventi\/comoda_mente-festival-della-cultura\/#article","isPartOf":{"@id":"https:\/\/www.article-marketing.eu\/comunicati\/comunicati-stampa\/eventi\/comoda_mente-festival-della-cultura\/"},"author":{"name":"Redazione Comunicati Stampa","@id":"https:\/\/www.article-marketing.eu\/comunicati\/#\/schema\/person\/44372e4d4d0fa797b18e03ed1ace9017"},"headline":"COMODA_MENTE festival della cultura","datePublished":"2009-06-23T18:51:05+00:00","mainEntityOfPage":{"@id":"https:\/\/www.article-marketing.eu\/comunicati\/comunicati-stampa\/eventi\/comoda_mente-festival-della-cultura\/"},"wordCount":450,"commentCount":0,"keywords":["comodamente","cultura","festival"],"articleSection":["Eventi"],"inLanguage":"it-IT","potentialAction":[{"@type":"CommentAction","name":"Comment","target":["https:\/\/www.article-marketing.eu\/comunicati\/comunicati-stampa\/eventi\/comoda_mente-festival-della-cultura\/#respond"]}]},{"@type":"WebPage","@id":"https:\/\/www.article-marketing.eu\/comunicati\/comunicati-stampa\/eventi\/comoda_mente-festival-della-cultura\/","url":"https:\/\/www.article-marketing.eu\/comunicati\/comunicati-stampa\/eventi\/comoda_mente-festival-della-cultura\/","name":"COMODA_MENTE festival della cultura - Article Marketing","isPartOf":{"@id":"https:\/\/www.article-marketing.eu\/comunicati\/#website"},"datePublished":"2009-06-23T18:51:05+00:00","author":{"@id":"https:\/\/www.article-marketing.eu\/comunicati\/#\/schema\/person\/44372e4d4d0fa797b18e03ed1ace9017"},"breadcrumb":{"@id":"https:\/\/www.article-marketing.eu\/comunicati\/comunicati-stampa\/eventi\/comoda_mente-festival-della-cultura\/#breadcrumb"},"inLanguage":"it-IT","potentialAction":[{"@type":"ReadAction","target":["https:\/\/www.article-marketing.eu\/comunicati\/comunicati-stampa\/eventi\/comoda_mente-festival-della-cultura\/"]}]},{"@type":"BreadcrumbList","@id":"https:\/\/www.article-marketing.eu\/comunicati\/comunicati-stampa\/eventi\/comoda_mente-festival-della-cultura\/#breadcrumb","itemListElement":[{"@type":"ListItem","position":1,"name":"Home","item":"https:\/\/www.article-marketing.eu\/comunicati\/"},{"@type":"ListItem","position":2,"name":"COMODA_MENTE festival della cultura"}]},{"@type":"WebSite","@id":"https:\/\/www.article-marketing.eu\/comunicati\/#website","url":"https:\/\/www.article-marketing.eu\/comunicati\/","name":"Article Marketing","description":"article marketing &amp; press release","potentialAction":[{"@type":"SearchAction","target":{"@type":"EntryPoint","urlTemplate":"https:\/\/www.article-marketing.eu\/comunicati\/?s={search_term_string}"},"query-input":{"@type":"PropertyValueSpecification","valueRequired":true,"valueName":"search_term_string"}}],"inLanguage":"it-IT"},{"@type":"Person","@id":"https:\/\/www.article-marketing.eu\/comunicati\/#\/schema\/person\/44372e4d4d0fa797b18e03ed1ace9017","name":"Redazione Comunicati Stampa","image":{"@type":"ImageObject","inLanguage":"it-IT","@id":"https:\/\/www.article-marketing.eu\/comunicati\/#\/schema\/person\/image\/","url":"https:\/\/secure.gravatar.com\/avatar\/50e5c6421d3072f42e7ace803501602c60d75233d34e29fd05feb91c8760b792?s=96&d=mm&r=g","contentUrl":"https:\/\/secure.gravatar.com\/avatar\/50e5c6421d3072f42e7ace803501602c60d75233d34e29fd05feb91c8760b792?s=96&d=mm&r=g","caption":"Redazione Comunicati Stampa"},"url":"https:\/\/www.article-marketing.eu\/comunicati\/author\/redazione-comunicati-stampa\/"}]}},"_links":{"self":[{"href":"https:\/\/www.article-marketing.eu\/comunicati\/wp-json\/wp\/v2\/posts\/2249","targetHints":{"allow":["GET"]}}],"collection":[{"href":"https:\/\/www.article-marketing.eu\/comunicati\/wp-json\/wp\/v2\/posts"}],"about":[{"href":"https:\/\/www.article-marketing.eu\/comunicati\/wp-json\/wp\/v2\/types\/post"}],"author":[{"embeddable":true,"href":"https:\/\/www.article-marketing.eu\/comunicati\/wp-json\/wp\/v2\/users\/10"}],"replies":[{"embeddable":true,"href":"https:\/\/www.article-marketing.eu\/comunicati\/wp-json\/wp\/v2\/comments?post=2249"}],"version-history":[{"count":0,"href":"https:\/\/www.article-marketing.eu\/comunicati\/wp-json\/wp\/v2\/posts\/2249\/revisions"}],"wp:attachment":[{"href":"https:\/\/www.article-marketing.eu\/comunicati\/wp-json\/wp\/v2\/media?parent=2249"}],"wp:term":[{"taxonomy":"category","embeddable":true,"href":"https:\/\/www.article-marketing.eu\/comunicati\/wp-json\/wp\/v2\/categories?post=2249"},{"taxonomy":"post_tag","embeddable":true,"href":"https:\/\/www.article-marketing.eu\/comunicati\/wp-json\/wp\/v2\/tags?post=2249"}],"curies":[{"name":"wp","href":"https:\/\/api.w.org\/{rel}","templated":true}]}}