{"id":2259,"date":"2009-06-24T17:52:43","date_gmt":"2009-06-24T15:52:43","guid":{"rendered":"http:\/\/www.article-marketing.eu\/comunicati\/senza-categoria\/al-global-marketing-mascitelli-e-liguori-in-diretta-streaming-parlano-di-tecnocreativit%e0\/"},"modified":"2009-06-24T17:52:43","modified_gmt":"2009-06-24T15:52:43","slug":"al-global-marketing-mascitelli-e-liguori-in-diretta-streaming-parlano-di-tecnocreativit%e0","status":"publish","type":"post","link":"https:\/\/www.article-marketing.eu\/comunicati\/comunicati-stampa\/eventi\/al-global-marketing-mascitelli-e-liguori-in-diretta-streaming-parlano-di-tecnocreativit%e0\/","title":{"rendered":"Al Global Marketing Mascitelli e Liguori, in diretta streaming, parlano di tecnocreativit\u00e0"},"content":{"rendered":"<p>Il Global Marketing, la mostra-convegno di Global Corporate in cui la domanda e l\u2019offerta si incontrano e si confrontano su idee, progetti, budget e soluzioni in grado di aumentare l\u2019efficienza e l\u2019efficacia della comunicazione, si \u00e8 arricchita in occasione del The European Year of Creativity and Innovation 2009 di nuovi momenti e di grandi personalit\u00e0.<br \/>Il 24 giugno, alla conferenza di apertura della manifestazione dal titolo &#8216;La creativit\u00e0 in un\u2019ottica di opportunit\u00e0&#8217;, al Centro Congressi Zanhotel di Bologna hanno partecipato, in diretta streaming dagli studios Alboran di Cologno Monzese, tre personalit\u00e0 di spicco del mondo della comunicazione, dell\u2019azienda e dell\u2019informazione.<br \/>Giuseppe Mascitelli, AD Alboran (divisione di Mediolanum Comunicazione), Luca Roda, AD Roda srl e Paolo Liguori, direttore TGCOM, sono intervenuti dopo l\u2019introduzione di Fabrizio Bellavista, esperto di comunicazione digitale, che ha introdotto The European Year of Creativity and Innovation 2009.<br \/>Nel collegamento da Cologno Monzese i tre esperti del mondo della comunicazione, dell\u2019azienda e dell\u2019informazione hanno approfondito il concetto di creativit\u00e0, le sue sfaccettature e il suo ruolo nel panorama economico-sociale odierno. Giuseppe Mascitelli, Luca Roda e Paolo Liguori hanno in particolare discusso sull\u2019apertura della creativit\u00e0 ai settori della produttivit\u00e0, sui pericoli e le opportunit\u00e0 che pu\u00f2 offrire e sulla creativit\u00e0 in tempo di crisi, riflettendo sulle caratteristiche che dovrebbe possedere per costituire il driver per uscire dalla recessione.<\/p>\n<p>Grande \u00e8 stato l\u2019apporto di Paolo Liguori nel tessere la trama dell&#8217;incontro e nell&#8217;evidenziare come l&#8217;apporto creativo sia necessariamente multilevel: i contenuti (secondo la sua esperienza di direttore di rete televisiva) partono dalla medesima redazione e trovano visibilit\u00e0, con diverse personalizzazioni, su piattaforme TV, portali di video streaming, radio e altri mezzi. \u201cNel nostro settore\u201d ha dichiarato \u201cl&#8217;innovazione ha avuto un&#8217;accelerazione incredibile ma questo non deve farci dimenticare la qualit\u00e0 del contenuto veicolato: Facebook, esploso in tutto il mondo, rappresenta una grande occasione di riconoscibilit\u00e0 ma necessita di contenuti di valore; in ottica futura la sola relazione non baster\u00e0. Nel processo di cambiamento \u00e8 importante mantenere l&#8217;identit\u00e0: il futurismo, grande movimento innovativo, seppe mantenere una grande riconoscibilit\u00e0 e creare una propria identit\u00e0 nel tempo. Questo oggi \u00e8 indispensabile; va bene l\u2019innovazione ma sono necessari anche segni creativi ben riconoscibili\u201d.<br \/>Giuseppe Mascitelli \u00e8 intervenuto ricordando che \u201cnegli anni \u201890, proprio in questo studio da cui stiamo trasmettendo, \u00e8 stato lanciato il primo video portale in Italia e in Europa. A soli tre lustri da quel momento siamo ora collegati con un\u2019alta qualit\u00e0 audio e video via web con voi: questa \u00e8 innovazione\u201d. <\/p>\n<p>Luca Roda ha esaminato il tema della creativit\u00e0 in rapporto al business affermando \u201cla moda \u00e8 cambiata. La creativit\u00e0 \u00e8 presente in tutta la filiera della produzione e proprio nelle tecniche di produzione e di vendita, in questi momenti di crisi, il valore aggiunto apportato dalla visione creativa fa la differenza. Quando ho iniziato, molti mi sconsigliavano di entrare in un mercato, quello della moda e cravatte, ormai &#8216;maturo&#8217;. Sono invece riuscito ad avere successo con il mio brand, perch\u00e9 la creativit\u00e0 permette di ridare vita a ci\u00f2 che solo in apparenza sembra obsoleto e spento\u201d.<\/p>\n<p>Mascitelli ha concluso il collegamento da Cologno Monzese puntualizzando che \u201cl&#8217;humus sociologico incide e orienta il mercato; non lo fanno, o soltanto in piccola misura, le aziende. La cultura della societ\u00e0 moderna \u00e8 densa di contaminazioni, porta &#8216;segni&#8217; e caratteristiche di popoli che troppo banalmente abbiamo liquidato come arretrati. Dal contatto di contesti diversi spesso nasce la scintilla di una nuova idea.<br \/>In questo senso \u00e8 giusto servirsi di una visione &#8216;antropologica&#8217; del cambiamento: nulla \u00e8 in assoluto nuovo ma sempre frutto di contaminazioni tra passato e presente, tra culture differenti, tra il pensiero dell&#8217;azienda e quello dell&#8217;utente. In questo caso \u00e8 arrivato a supportarci il web 2.0 che d\u00e0 voce ai singoli all&#8217;interno di comunit\u00e0 collegate.<br \/>Il concetto di creativit\u00e0 \u00e8 cambiato: serve un\u2019anima tecnica e tecnologica insieme, condensata in una stessa persona, con una parte creativa e umanistica. Il creativo di oggi deve dare del tu alla tecnologia, in sintesi deve essere tecnocreativo\u201d.<\/p>\n<p>http:\/\/www.global-marketing.it<\/p>\n<p>Global Corporate<br \/>Global Corporate \u00e8 una societ\u00e0 specializzata in azioni di promozione e comunicazione diretta per aziende che ha l\u2019obiettivo di mettere in contatto la domanda con l&#8217;offerta, sulla base di interessi comuni, attraverso summit, ideazione e gestione di eventi personalizzati, attivit\u00e0 mirate e qualificate di marketing one-to-one.<\/p>\n<p><\/p>\n","protected":false},"excerpt":{"rendered":"<p>Alla X edizione dell\u2019executive summit sul marketing e la comunicazione, a Bologna il 24 e 25 giugno, un collegamento in video streaming da Cologno Monzese ha arricchito la conferenza di apertura, &#8216;La creativit\u00e0 in un\u2019ottica di opportunit\u00e0\u2019. Sono intervenuti Giuseppe Mascitelli, AD Alboran (divisione di Mediolanum Comunicazione), Luca Roda, AD Roda srl e Paolo Liguori, direttore TGCOM.<\/p>\n","protected":false},"author":10,"featured_media":0,"comment_status":"open","ping_status":"open","sticky":false,"template":"","format":"standard","meta":{"cybocfi_hide_featured_image":"","footnotes":""},"categories":[388],"tags":[6957,6958,6970,2556,1042,6964,199,6956,6980,1341,6969,6960,2760,6963,3426,6961,6959,6965,6955,6954,6979,6977,1826,6968,245,6971,6962,4891,6981,6617,6966,6975,6974,6978,6973,6967,6972,6976,6982,883],"class_list":["post-2259","post","type-post","status-publish","format-standard","hentry","category-eventi","tag-24-giugno","tag-25-giugno","tag-alboran","tag-bologna","tag-business","tag-centro-congressi-zanhotel-meeting-centergross","tag-comunicazione","tag-comunicazione-efficace","tag-contaminazioni","tag-creativita","tag-creativita-opportunita","tag-creativity-innovation-european-year-2009","tag-crisi","tag-decima-edizione","tag-domanda","tag-driver","tag-executive-summit","tag-giuseppe-mascitelli","tag-global-corporate","tag-global-marketing","tag-humus-sociologico","tag-identita","tag-innovazione","tag-luca-roda","tag-marketing","tag-mediolanum-comunicazione","tag-mostra-convegno","tag-multilevel","tag-nuova-idea","tag-offerta","tag-paolo-liguori","tag-personalizzazioni","tag-produttivita","tag-produzione","tag-roda-srl","tag-tecnocreativita","tag-tgcom","tag-valore","tag-visione-antropologica","tag-web-2-0"],"yoast_head":"<!-- This site is optimized with the Yoast SEO plugin v27.0 - https:\/\/yoast.com\/product\/yoast-seo-wordpress\/ -->\n<title>Al Global Marketing Mascitelli e Liguori, in diretta streaming, parlano di tecnocreativit\u00e0 - Article Marketing<\/title>\n<meta name=\"robots\" content=\"index, follow, max-snippet:-1, max-image-preview:large, max-video-preview:-1\" \/>\n<link rel=\"canonical\" href=\"https:\/\/www.article-marketing.eu\/comunicati\/comunicati-stampa\/eventi\/al-global-marketing-mascitelli-e-liguori-in-diretta-streaming-parlano-di-tecnocreativit?\/\" \/>\n<meta property=\"og:locale\" content=\"it_IT\" \/>\n<meta property=\"og:type\" content=\"article\" \/>\n<meta property=\"og:title\" content=\"Al Global Marketing Mascitelli e Liguori, in diretta streaming, parlano di tecnocreativit\u00e0 - Article Marketing\" \/>\n<meta property=\"og:description\" content=\"Alla X edizione dell\u2019executive summit sul marketing e la comunicazione, a Bologna il 24 e 25 giugno, un collegamento in video streaming da Cologno Monzese ha arricchito la conferenza di apertura, &#039;La creativit\u00e0 in un\u2019ottica di opportunit\u00e0\u2019. Sono intervenuti Giuseppe Mascitelli, AD Alboran (divisione di Mediolanum Comunicazione), Luca Roda, AD Roda srl e Paolo Liguori, direttore TGCOM.\" \/>\n<meta property=\"og:url\" content=\"\" \/>\n<meta property=\"og:site_name\" content=\"Article Marketing\" \/>\n<meta property=\"article:published_time\" content=\"2009-06-24T15:52:43+00:00\" \/>\n<meta name=\"author\" content=\"Redazione Comunicati Stampa\" \/>\n<meta name=\"twitter:card\" content=\"summary_large_image\" \/>\n<meta name=\"twitter:label1\" content=\"Scritto da\" \/>\n\t<meta name=\"twitter:data1\" content=\"Redazione Comunicati Stampa\" \/>\n\t<meta name=\"twitter:label2\" content=\"Tempo di lettura stimato\" \/>\n\t<meta name=\"twitter:data2\" content=\"4 minuti\" \/>\n<script type=\"application\/ld+json\" class=\"yoast-schema-graph\">{\"@context\":\"https:\/\/schema.org\",\"@graph\":[{\"@type\":\"Article\",\"@id\":\"https:\/\/www.article-marketing.eu\/comunicati\/comunicati-stampa\/eventi\/al-global-marketing-mascitelli-e-liguori-in-diretta-streaming-parlano-di-tecnocreativit%e0\/#article\",\"isPartOf\":{\"@id\":\"https:\/\/www.article-marketing.eu\/comunicati\/comunicati-stampa\/eventi\/al-global-marketing-mascitelli-e-liguori-in-diretta-streaming-parlano-di-tecnocreativit%e0\/\"},\"author\":{\"name\":\"Redazione Comunicati Stampa\",\"@id\":\"https:\/\/www.article-marketing.eu\/comunicati\/#\/schema\/person\/44372e4d4d0fa797b18e03ed1ace9017\"},\"headline\":\"Al Global Marketing Mascitelli e Liguori, in diretta streaming, parlano di tecnocreativit\u00e0\",\"datePublished\":\"2009-06-24T15:52:43+00:00\",\"mainEntityOfPage\":{\"@id\":\"https:\/\/www.article-marketing.eu\/comunicati\/comunicati-stampa\/eventi\/al-global-marketing-mascitelli-e-liguori-in-diretta-streaming-parlano-di-tecnocreativit%e0\/\"},\"wordCount\":720,\"commentCount\":0,\"keywords\":[\"24 giugno\",\"25 giugno\",\"alboran\",\"Bologna\",\"business\",\"centro congressi zanhotel meeting centergross\",\"comunicazione\",\"comunicazione efficace\",\"contaminazioni\",\"creativit\u00e0\",\"creativit\u00e0 opportunit\u00e0\",\"creativity innovation european year 2009\",\"crisi\",\"decima edizione\",\"domanda\",\"driver\",\"executive summit\",\"giuseppe mascitelli\",\"global corporate\",\"global marketing\",\"humus sociologico\",\"identit\u00e0\",\"innovazione\",\"luca roda\",\"marketing\",\"mediolanum comunicazione\",\"mostra-convegno\",\"multilevel\",\"nuova idea\",\"offerta\",\"paolo liguori\",\"personalizzazioni\",\"produttivit\u00e0\",\"produzione\",\"roda srl\",\"tecnocreativit\u00e0\",\"tgcom\",\"valore\",\"visione antropologica\",\"web 2.0\"],\"articleSection\":[\"Eventi\"],\"inLanguage\":\"it-IT\",\"potentialAction\":[{\"@type\":\"CommentAction\",\"name\":\"Comment\",\"target\":[\"https:\/\/www.article-marketing.eu\/comunicati\/comunicati-stampa\/eventi\/al-global-marketing-mascitelli-e-liguori-in-diretta-streaming-parlano-di-tecnocreativit%e0\/#respond\"]}]},{\"@type\":\"WebPage\",\"@id\":\"https:\/\/www.article-marketing.eu\/comunicati\/comunicati-stampa\/eventi\/al-global-marketing-mascitelli-e-liguori-in-diretta-streaming-parlano-di-tecnocreativit%e0\/\",\"url\":\"https:\/\/www.article-marketing.eu\/comunicati\/comunicati-stampa\/eventi\/al-global-marketing-mascitelli-e-liguori-in-diretta-streaming-parlano-di-tecnocreativit%e0\/\",\"name\":\"Al Global Marketing Mascitelli e Liguori, in diretta streaming, parlano di tecnocreativit\u00e0 - Article Marketing\",\"isPartOf\":{\"@id\":\"https:\/\/www.article-marketing.eu\/comunicati\/#website\"},\"datePublished\":\"2009-06-24T15:52:43+00:00\",\"author\":{\"@id\":\"https:\/\/www.article-marketing.eu\/comunicati\/#\/schema\/person\/44372e4d4d0fa797b18e03ed1ace9017\"},\"breadcrumb\":{\"@id\":\"https:\/\/www.article-marketing.eu\/comunicati\/comunicati-stampa\/eventi\/al-global-marketing-mascitelli-e-liguori-in-diretta-streaming-parlano-di-tecnocreativit%e0\/#breadcrumb\"},\"inLanguage\":\"it-IT\",\"potentialAction\":[{\"@type\":\"ReadAction\",\"target\":[\"https:\/\/www.article-marketing.eu\/comunicati\/comunicati-stampa\/eventi\/al-global-marketing-mascitelli-e-liguori-in-diretta-streaming-parlano-di-tecnocreativit%e0\/\"]}]},{\"@type\":\"BreadcrumbList\",\"@id\":\"https:\/\/www.article-marketing.eu\/comunicati\/comunicati-stampa\/eventi\/al-global-marketing-mascitelli-e-liguori-in-diretta-streaming-parlano-di-tecnocreativit%e0\/#breadcrumb\",\"itemListElement\":[{\"@type\":\"ListItem\",\"position\":1,\"name\":\"Home\",\"item\":\"https:\/\/www.article-marketing.eu\/comunicati\/\"},{\"@type\":\"ListItem\",\"position\":2,\"name\":\"Al Global Marketing Mascitelli e Liguori, in diretta streaming, parlano di tecnocreativit\u00e0\"}]},{\"@type\":\"WebSite\",\"@id\":\"https:\/\/www.article-marketing.eu\/comunicati\/#website\",\"url\":\"https:\/\/www.article-marketing.eu\/comunicati\/\",\"name\":\"Article Marketing\",\"description\":\"article marketing &amp; press release\",\"potentialAction\":[{\"@type\":\"SearchAction\",\"target\":{\"@type\":\"EntryPoint\",\"urlTemplate\":\"https:\/\/www.article-marketing.eu\/comunicati\/?s={search_term_string}\"},\"query-input\":{\"@type\":\"PropertyValueSpecification\",\"valueRequired\":true,\"valueName\":\"search_term_string\"}}],\"inLanguage\":\"it-IT\"},{\"@type\":\"Person\",\"@id\":\"https:\/\/www.article-marketing.eu\/comunicati\/#\/schema\/person\/44372e4d4d0fa797b18e03ed1ace9017\",\"name\":\"Redazione Comunicati Stampa\",\"image\":{\"@type\":\"ImageObject\",\"inLanguage\":\"it-IT\",\"@id\":\"https:\/\/www.article-marketing.eu\/comunicati\/#\/schema\/person\/image\/\",\"url\":\"https:\/\/secure.gravatar.com\/avatar\/50e5c6421d3072f42e7ace803501602c60d75233d34e29fd05feb91c8760b792?s=96&d=mm&r=g\",\"contentUrl\":\"https:\/\/secure.gravatar.com\/avatar\/50e5c6421d3072f42e7ace803501602c60d75233d34e29fd05feb91c8760b792?s=96&d=mm&r=g\",\"caption\":\"Redazione Comunicati Stampa\"},\"url\":\"https:\/\/www.article-marketing.eu\/comunicati\/author\/redazione-comunicati-stampa\/\"}]}<\/script>\n<!-- \/ Yoast SEO plugin. -->","yoast_head_json":{"title":"Al Global Marketing Mascitelli e Liguori, in diretta streaming, parlano di tecnocreativit\u00e0 - Article Marketing","robots":{"index":"index","follow":"follow","max-snippet":"max-snippet:-1","max-image-preview":"max-image-preview:large","max-video-preview":"max-video-preview:-1"},"canonical":"https:\/\/www.article-marketing.eu\/comunicati\/comunicati-stampa\/eventi\/al-global-marketing-mascitelli-e-liguori-in-diretta-streaming-parlano-di-tecnocreativit?\/","og_locale":"it_IT","og_type":"article","og_title":"Al Global Marketing Mascitelli e Liguori, in diretta streaming, parlano di tecnocreativit\u00e0 - Article Marketing","og_description":"Alla X edizione dell\u2019executive summit sul marketing e la comunicazione, a Bologna il 24 e 25 giugno, un collegamento in video streaming da Cologno Monzese ha arricchito la conferenza di apertura, 'La creativit\u00e0 in un\u2019ottica di opportunit\u00e0\u2019. Sono intervenuti Giuseppe Mascitelli, AD Alboran (divisione di Mediolanum Comunicazione), Luca Roda, AD Roda srl e Paolo Liguori, direttore TGCOM.","og_url":"https:\/\/www.article-marketing.eu\/comunicati\/comunicati-stampa\/eventi\/al-global-marketing-mascitelli-e-liguori-in-diretta-streaming-parlano-di-tecnocreativit?\/","og_site_name":"Article Marketing","article_published_time":"2009-06-24T15:52:43+00:00","author":"Redazione Comunicati Stampa","twitter_card":"summary_large_image","twitter_misc":{"Scritto da":"Redazione Comunicati Stampa","Tempo di lettura stimato":"4 minuti"},"schema":{"@context":"https:\/\/schema.org","@graph":[{"@type":"Article","@id":"https:\/\/www.article-marketing.eu\/comunicati\/comunicati-stampa\/eventi\/al-global-marketing-mascitelli-e-liguori-in-diretta-streaming-parlano-di-tecnocreativit%e0\/#article","isPartOf":{"@id":"https:\/\/www.article-marketing.eu\/comunicati\/comunicati-stampa\/eventi\/al-global-marketing-mascitelli-e-liguori-in-diretta-streaming-parlano-di-tecnocreativit%e0\/"},"author":{"name":"Redazione Comunicati Stampa","@id":"https:\/\/www.article-marketing.eu\/comunicati\/#\/schema\/person\/44372e4d4d0fa797b18e03ed1ace9017"},"headline":"Al Global Marketing Mascitelli e Liguori, in diretta streaming, parlano di tecnocreativit\u00e0","datePublished":"2009-06-24T15:52:43+00:00","mainEntityOfPage":{"@id":"https:\/\/www.article-marketing.eu\/comunicati\/comunicati-stampa\/eventi\/al-global-marketing-mascitelli-e-liguori-in-diretta-streaming-parlano-di-tecnocreativit%e0\/"},"wordCount":720,"commentCount":0,"keywords":["24 giugno","25 giugno","alboran","Bologna","business","centro congressi zanhotel meeting centergross","comunicazione","comunicazione efficace","contaminazioni","creativit\u00e0","creativit\u00e0 opportunit\u00e0","creativity innovation european year 2009","crisi","decima edizione","domanda","driver","executive summit","giuseppe mascitelli","global corporate","global marketing","humus sociologico","identit\u00e0","innovazione","luca roda","marketing","mediolanum comunicazione","mostra-convegno","multilevel","nuova idea","offerta","paolo liguori","personalizzazioni","produttivit\u00e0","produzione","roda srl","tecnocreativit\u00e0","tgcom","valore","visione antropologica","web 2.0"],"articleSection":["Eventi"],"inLanguage":"it-IT","potentialAction":[{"@type":"CommentAction","name":"Comment","target":["https:\/\/www.article-marketing.eu\/comunicati\/comunicati-stampa\/eventi\/al-global-marketing-mascitelli-e-liguori-in-diretta-streaming-parlano-di-tecnocreativit%e0\/#respond"]}]},{"@type":"WebPage","@id":"https:\/\/www.article-marketing.eu\/comunicati\/comunicati-stampa\/eventi\/al-global-marketing-mascitelli-e-liguori-in-diretta-streaming-parlano-di-tecnocreativit%e0\/","url":"https:\/\/www.article-marketing.eu\/comunicati\/comunicati-stampa\/eventi\/al-global-marketing-mascitelli-e-liguori-in-diretta-streaming-parlano-di-tecnocreativit%e0\/","name":"Al Global Marketing Mascitelli e Liguori, in diretta streaming, parlano di tecnocreativit\u00e0 - Article Marketing","isPartOf":{"@id":"https:\/\/www.article-marketing.eu\/comunicati\/#website"},"datePublished":"2009-06-24T15:52:43+00:00","author":{"@id":"https:\/\/www.article-marketing.eu\/comunicati\/#\/schema\/person\/44372e4d4d0fa797b18e03ed1ace9017"},"breadcrumb":{"@id":"https:\/\/www.article-marketing.eu\/comunicati\/comunicati-stampa\/eventi\/al-global-marketing-mascitelli-e-liguori-in-diretta-streaming-parlano-di-tecnocreativit%e0\/#breadcrumb"},"inLanguage":"it-IT","potentialAction":[{"@type":"ReadAction","target":["https:\/\/www.article-marketing.eu\/comunicati\/comunicati-stampa\/eventi\/al-global-marketing-mascitelli-e-liguori-in-diretta-streaming-parlano-di-tecnocreativit%e0\/"]}]},{"@type":"BreadcrumbList","@id":"https:\/\/www.article-marketing.eu\/comunicati\/comunicati-stampa\/eventi\/al-global-marketing-mascitelli-e-liguori-in-diretta-streaming-parlano-di-tecnocreativit%e0\/#breadcrumb","itemListElement":[{"@type":"ListItem","position":1,"name":"Home","item":"https:\/\/www.article-marketing.eu\/comunicati\/"},{"@type":"ListItem","position":2,"name":"Al Global Marketing Mascitelli e Liguori, in diretta streaming, parlano di tecnocreativit\u00e0"}]},{"@type":"WebSite","@id":"https:\/\/www.article-marketing.eu\/comunicati\/#website","url":"https:\/\/www.article-marketing.eu\/comunicati\/","name":"Article Marketing","description":"article marketing &amp; press release","potentialAction":[{"@type":"SearchAction","target":{"@type":"EntryPoint","urlTemplate":"https:\/\/www.article-marketing.eu\/comunicati\/?s={search_term_string}"},"query-input":{"@type":"PropertyValueSpecification","valueRequired":true,"valueName":"search_term_string"}}],"inLanguage":"it-IT"},{"@type":"Person","@id":"https:\/\/www.article-marketing.eu\/comunicati\/#\/schema\/person\/44372e4d4d0fa797b18e03ed1ace9017","name":"Redazione Comunicati Stampa","image":{"@type":"ImageObject","inLanguage":"it-IT","@id":"https:\/\/www.article-marketing.eu\/comunicati\/#\/schema\/person\/image\/","url":"https:\/\/secure.gravatar.com\/avatar\/50e5c6421d3072f42e7ace803501602c60d75233d34e29fd05feb91c8760b792?s=96&d=mm&r=g","contentUrl":"https:\/\/secure.gravatar.com\/avatar\/50e5c6421d3072f42e7ace803501602c60d75233d34e29fd05feb91c8760b792?s=96&d=mm&r=g","caption":"Redazione Comunicati Stampa"},"url":"https:\/\/www.article-marketing.eu\/comunicati\/author\/redazione-comunicati-stampa\/"}]}},"_links":{"self":[{"href":"https:\/\/www.article-marketing.eu\/comunicati\/wp-json\/wp\/v2\/posts\/2259","targetHints":{"allow":["GET"]}}],"collection":[{"href":"https:\/\/www.article-marketing.eu\/comunicati\/wp-json\/wp\/v2\/posts"}],"about":[{"href":"https:\/\/www.article-marketing.eu\/comunicati\/wp-json\/wp\/v2\/types\/post"}],"author":[{"embeddable":true,"href":"https:\/\/www.article-marketing.eu\/comunicati\/wp-json\/wp\/v2\/users\/10"}],"replies":[{"embeddable":true,"href":"https:\/\/www.article-marketing.eu\/comunicati\/wp-json\/wp\/v2\/comments?post=2259"}],"version-history":[{"count":0,"href":"https:\/\/www.article-marketing.eu\/comunicati\/wp-json\/wp\/v2\/posts\/2259\/revisions"}],"wp:attachment":[{"href":"https:\/\/www.article-marketing.eu\/comunicati\/wp-json\/wp\/v2\/media?parent=2259"}],"wp:term":[{"taxonomy":"category","embeddable":true,"href":"https:\/\/www.article-marketing.eu\/comunicati\/wp-json\/wp\/v2\/categories?post=2259"},{"taxonomy":"post_tag","embeddable":true,"href":"https:\/\/www.article-marketing.eu\/comunicati\/wp-json\/wp\/v2\/tags?post=2259"}],"curies":[{"name":"wp","href":"https:\/\/api.w.org\/{rel}","templated":true}]}}