{"id":2269,"date":"2009-06-26T10:41:35","date_gmt":"2009-06-26T08:41:35","guid":{"rendered":"http:\/\/www.article-marketing.eu\/comunicati\/senza-categoria\/qual-e-il-miglior-modo-per-crescere-professionalmente-e-personalmente-condivisione-e-formazione\/"},"modified":"2018-06-04T20:17:04","modified_gmt":"2018-06-04T18:17:04","slug":"qual-e-il-miglior-modo-per-crescere-professionalmente-e-personalmente-condivisione-e-formazione","status":"publish","type":"post","link":"https:\/\/www.article-marketing.eu\/comunicati\/istruzione\/corsi\/qual-e-il-miglior-modo-per-crescere-professionalmente-e-personalmente-condivisione-e-formazione\/","title":{"rendered":"Qual \u00e8 il miglior modo per crescere professionalmente e personalmente? Condivisione e formazione."},"content":{"rendered":"<p>La crescita personale \u00e8 un processo molto importante, che pu\u00f2 richiedere tempo ma che inevitabilmente alla fine d\u00e0 i suoi frutti. <\/p>\n<p>Il primo passo per avviarsi lungo questa strada, \u00e8 prefiggersi degli obiettivi, sul lavoro o nella vita, e cercare di identificare il cammino per raggiungerli. In molti casi \u00e8 importante imparare a investire su se stessi. A questo fine, qualsiasi sia il lavoro, \u00e8 importante avviare corsi personale di sviluppo che ci permettano di far emergere le nostre caratteristiche, evidenziare le nostre virt\u00f9 e tentare di ridurre i lati negativi del nostro carattere. <\/p>\n<p>Ovviamente esistono numerosi corsi dove \u00e8 possibile imparare alcune tecniche per migliorare se stessi, sia sul lavoro che nei rapporti con gli altri. Perch\u00e9 in fondo c\u2019\u00e8 sempre da imparare, anzi una mente aperta all\u2019apprendimento \u00e8 gi\u00e0 un primo passo indispensabile al miglioramento di se stessi, e nessuno nasce gi\u00e0 perfetto! Le alternative sono molteplici, ognuno pu\u00f2 scegliere i corsi che ritiene pi\u00f9 interessanti e adatti, perch\u00e9 l\u2019offerta davvero non manca, anzi \u00e8 in continua crescita. Per esempio la formazione professionale online sta ottenendo grossi successi, anche perch\u00e9 chi lavora non sempre ha tempo di iscriversi a dei corsi esterni, serali o nei fine settimana, che sono gli unici momenti di relax.  Ora moltissime aziende ed enti pubblici sfruttano le molteplici possibilit\u00e0 offerte dall\u2019e-learning, con notevoli benefici in termini di costi; logistica; di percorsi didattici diversi per cluster di utenti con esigenze omogenee per settori o per linee di business; nella facilit\u00e0 di aggiornamento grazie all&#8217;utilizzo di materiale multimediale e nella facilit\u00e0 di monitoraggio e di valutazione dei progressi dell&#8217;apprendimento. <\/p>\n<p>Investire su se stessi \u00e8 perci\u00f2 un processo molto importante, sia che si lavori gi\u00e0 sia che si sia in cerca di lavoro. Affrontare il fatto che c\u2019\u00e8 sempre qualcosa da imparare, che i successi non si ottengono sedendosi sugli allori o accontentandosi e sperare che il destino ci metta tra le mani l\u2019occasione di una vita \u00e8 quantomeno utopistico. Per pochi, pochissimi fortunati sar\u00e0 anche successo, ma alla maggioranza di noi non resta che rimboccarsi le maniche e fare tutto ci\u00f2 che possa garantirci un avvenire felice e appagante. <\/p>\n<p>Perci\u00f2 non bisognerebbe mai tirarsi indietro davanti all\u2019idea di ampliare i nostri orizzonti e le nostre conoscenze e un corso commerciale sull\u2019intelligenza emotiva, per esempio, pu\u00f2 essere un modo per aprirci delle strade prima precluse, per entrare in contatto con persone nuove, per imparare anche molte cose che prima non sapevamo. L\u2019importante ovviamente \u00e8 saperle mettere in pratica, far fruttare le conoscenze acquisite, forti di una buona autostima che non deve mai mancare. E che comunque si pu\u00f2 anche apprendere con determinate tecniche, esistono infatti dei corsi anche per questo e se pensate di averne bisogno non c\u2019\u00e8 niente di male ad usufruirne. Anzi, l\u2019intelligenza sta nell\u2019accettare i propri limiti, e trovare il modo di superarli! Non sottovalutate quindi l\u2019importanza di investire su se stessi, potrebbe portarvi a risultati insperati. Provare per credere.<\/p>\n","protected":false},"excerpt":{"rendered":"<p>La crescita personale \u00e8 un processo molto importante, che pu\u00f2 richiedere tempo ma che inevitabilmente alla fine d\u00e0 i suoi frutti.<\/p>\n","protected":false},"author":10,"featured_media":0,"comment_status":"open","ping_status":"open","sticky":false,"template":"","format":"standard","meta":{"cybocfi_hide_featured_image":"","footnotes":""},"categories":[747],"tags":[992],"class_list":["post-2269","post","type-post","status-publish","format-standard","hentry","category-corsi","tag-formazione-personale"],"yoast_head":"<!-- This site is optimized with the Yoast SEO plugin v27.0 - https:\/\/yoast.com\/product\/yoast-seo-wordpress\/ -->\n<title>Qual \u00e8 il miglior modo per crescere professionalmente e personalmente? Condivisione e formazione. - Article Marketing<\/title>\n<meta name=\"robots\" content=\"index, follow, max-snippet:-1, max-image-preview:large, max-video-preview:-1\" \/>\n<link rel=\"canonical\" href=\"https:\/\/www.article-marketing.eu\/comunicati\/istruzione\/corsi\/qual-e-il-miglior-modo-per-crescere-professionalmente-e-personalmente-condivisione-e-formazione\/\" \/>\n<meta property=\"og:locale\" content=\"it_IT\" \/>\n<meta property=\"og:type\" content=\"article\" \/>\n<meta property=\"og:title\" content=\"Qual \u00e8 il miglior modo per crescere professionalmente e personalmente? Condivisione e formazione. - Article Marketing\" \/>\n<meta property=\"og:description\" content=\"La crescita personale \u00e8 un processo molto importante, che pu\u00f2 richiedere tempo ma che inevitabilmente alla fine d\u00e0 i suoi frutti.\" \/>\n<meta property=\"og:url\" content=\"https:\/\/www.article-marketing.eu\/comunicati\/istruzione\/corsi\/qual-e-il-miglior-modo-per-crescere-professionalmente-e-personalmente-condivisione-e-formazione\/\" \/>\n<meta property=\"og:site_name\" content=\"Article Marketing\" \/>\n<meta property=\"article:published_time\" content=\"2009-06-26T08:41:35+00:00\" \/>\n<meta property=\"article:modified_time\" content=\"2018-06-04T18:17:04+00:00\" \/>\n<meta name=\"author\" content=\"Redazione Comunicati Stampa\" \/>\n<meta name=\"twitter:card\" content=\"summary_large_image\" \/>\n<meta name=\"twitter:label1\" content=\"Scritto da\" \/>\n\t<meta name=\"twitter:data1\" content=\"Redazione Comunicati Stampa\" \/>\n\t<meta name=\"twitter:label2\" content=\"Tempo di lettura stimato\" \/>\n\t<meta name=\"twitter:data2\" content=\"2 minuti\" \/>\n<script type=\"application\/ld+json\" class=\"yoast-schema-graph\">{\"@context\":\"https:\/\/schema.org\",\"@graph\":[{\"@type\":\"Article\",\"@id\":\"https:\/\/www.article-marketing.eu\/comunicati\/istruzione\/corsi\/qual-e-il-miglior-modo-per-crescere-professionalmente-e-personalmente-condivisione-e-formazione\/#article\",\"isPartOf\":{\"@id\":\"https:\/\/www.article-marketing.eu\/comunicati\/istruzione\/corsi\/qual-e-il-miglior-modo-per-crescere-professionalmente-e-personalmente-condivisione-e-formazione\/\"},\"author\":{\"name\":\"Redazione Comunicati Stampa\",\"@id\":\"https:\/\/www.article-marketing.eu\/comunicati\/#\/schema\/person\/44372e4d4d0fa797b18e03ed1ace9017\"},\"headline\":\"Qual \u00e8 il miglior modo per crescere professionalmente e personalmente? Condivisione e formazione.\",\"datePublished\":\"2009-06-26T08:41:35+00:00\",\"dateModified\":\"2018-06-04T18:17:04+00:00\",\"mainEntityOfPage\":{\"@id\":\"https:\/\/www.article-marketing.eu\/comunicati\/istruzione\/corsi\/qual-e-il-miglior-modo-per-crescere-professionalmente-e-personalmente-condivisione-e-formazione\/\"},\"wordCount\":499,\"commentCount\":0,\"keywords\":[\"formazione personale\"],\"articleSection\":[\"Corsi\"],\"inLanguage\":\"it-IT\",\"potentialAction\":[{\"@type\":\"CommentAction\",\"name\":\"Comment\",\"target\":[\"https:\/\/www.article-marketing.eu\/comunicati\/istruzione\/corsi\/qual-e-il-miglior-modo-per-crescere-professionalmente-e-personalmente-condivisione-e-formazione\/#respond\"]}]},{\"@type\":\"WebPage\",\"@id\":\"https:\/\/www.article-marketing.eu\/comunicati\/istruzione\/corsi\/qual-e-il-miglior-modo-per-crescere-professionalmente-e-personalmente-condivisione-e-formazione\/\",\"url\":\"https:\/\/www.article-marketing.eu\/comunicati\/istruzione\/corsi\/qual-e-il-miglior-modo-per-crescere-professionalmente-e-personalmente-condivisione-e-formazione\/\",\"name\":\"Qual \u00e8 il miglior modo per crescere professionalmente e personalmente? Condivisione e formazione. - Article Marketing\",\"isPartOf\":{\"@id\":\"https:\/\/www.article-marketing.eu\/comunicati\/#website\"},\"datePublished\":\"2009-06-26T08:41:35+00:00\",\"dateModified\":\"2018-06-04T18:17:04+00:00\",\"author\":{\"@id\":\"https:\/\/www.article-marketing.eu\/comunicati\/#\/schema\/person\/44372e4d4d0fa797b18e03ed1ace9017\"},\"breadcrumb\":{\"@id\":\"https:\/\/www.article-marketing.eu\/comunicati\/istruzione\/corsi\/qual-e-il-miglior-modo-per-crescere-professionalmente-e-personalmente-condivisione-e-formazione\/#breadcrumb\"},\"inLanguage\":\"it-IT\",\"potentialAction\":[{\"@type\":\"ReadAction\",\"target\":[\"https:\/\/www.article-marketing.eu\/comunicati\/istruzione\/corsi\/qual-e-il-miglior-modo-per-crescere-professionalmente-e-personalmente-condivisione-e-formazione\/\"]}]},{\"@type\":\"BreadcrumbList\",\"@id\":\"https:\/\/www.article-marketing.eu\/comunicati\/istruzione\/corsi\/qual-e-il-miglior-modo-per-crescere-professionalmente-e-personalmente-condivisione-e-formazione\/#breadcrumb\",\"itemListElement\":[{\"@type\":\"ListItem\",\"position\":1,\"name\":\"Home\",\"item\":\"https:\/\/www.article-marketing.eu\/comunicati\/\"},{\"@type\":\"ListItem\",\"position\":2,\"name\":\"Qual \u00e8 il miglior modo per crescere professionalmente e personalmente? Condivisione e formazione.\"}]},{\"@type\":\"WebSite\",\"@id\":\"https:\/\/www.article-marketing.eu\/comunicati\/#website\",\"url\":\"https:\/\/www.article-marketing.eu\/comunicati\/\",\"name\":\"Article Marketing\",\"description\":\"article marketing &amp; press release\",\"potentialAction\":[{\"@type\":\"SearchAction\",\"target\":{\"@type\":\"EntryPoint\",\"urlTemplate\":\"https:\/\/www.article-marketing.eu\/comunicati\/?s={search_term_string}\"},\"query-input\":{\"@type\":\"PropertyValueSpecification\",\"valueRequired\":true,\"valueName\":\"search_term_string\"}}],\"inLanguage\":\"it-IT\"},{\"@type\":\"Person\",\"@id\":\"https:\/\/www.article-marketing.eu\/comunicati\/#\/schema\/person\/44372e4d4d0fa797b18e03ed1ace9017\",\"name\":\"Redazione Comunicati Stampa\",\"image\":{\"@type\":\"ImageObject\",\"inLanguage\":\"it-IT\",\"@id\":\"https:\/\/www.article-marketing.eu\/comunicati\/#\/schema\/person\/image\/\",\"url\":\"https:\/\/secure.gravatar.com\/avatar\/50e5c6421d3072f42e7ace803501602c60d75233d34e29fd05feb91c8760b792?s=96&d=mm&r=g\",\"contentUrl\":\"https:\/\/secure.gravatar.com\/avatar\/50e5c6421d3072f42e7ace803501602c60d75233d34e29fd05feb91c8760b792?s=96&d=mm&r=g\",\"caption\":\"Redazione Comunicati Stampa\"},\"url\":\"https:\/\/www.article-marketing.eu\/comunicati\/author\/redazione-comunicati-stampa\/\"}]}<\/script>\n<!-- \/ Yoast SEO plugin. -->","yoast_head_json":{"title":"Qual \u00e8 il miglior modo per crescere professionalmente e personalmente? Condivisione e formazione. - Article Marketing","robots":{"index":"index","follow":"follow","max-snippet":"max-snippet:-1","max-image-preview":"max-image-preview:large","max-video-preview":"max-video-preview:-1"},"canonical":"https:\/\/www.article-marketing.eu\/comunicati\/istruzione\/corsi\/qual-e-il-miglior-modo-per-crescere-professionalmente-e-personalmente-condivisione-e-formazione\/","og_locale":"it_IT","og_type":"article","og_title":"Qual \u00e8 il miglior modo per crescere professionalmente e personalmente? Condivisione e formazione. - Article Marketing","og_description":"La crescita personale \u00e8 un processo molto importante, che pu\u00f2 richiedere tempo ma che inevitabilmente alla fine d\u00e0 i suoi frutti.","og_url":"https:\/\/www.article-marketing.eu\/comunicati\/istruzione\/corsi\/qual-e-il-miglior-modo-per-crescere-professionalmente-e-personalmente-condivisione-e-formazione\/","og_site_name":"Article Marketing","article_published_time":"2009-06-26T08:41:35+00:00","article_modified_time":"2018-06-04T18:17:04+00:00","author":"Redazione Comunicati Stampa","twitter_card":"summary_large_image","twitter_misc":{"Scritto da":"Redazione Comunicati Stampa","Tempo di lettura stimato":"2 minuti"},"schema":{"@context":"https:\/\/schema.org","@graph":[{"@type":"Article","@id":"https:\/\/www.article-marketing.eu\/comunicati\/istruzione\/corsi\/qual-e-il-miglior-modo-per-crescere-professionalmente-e-personalmente-condivisione-e-formazione\/#article","isPartOf":{"@id":"https:\/\/www.article-marketing.eu\/comunicati\/istruzione\/corsi\/qual-e-il-miglior-modo-per-crescere-professionalmente-e-personalmente-condivisione-e-formazione\/"},"author":{"name":"Redazione Comunicati Stampa","@id":"https:\/\/www.article-marketing.eu\/comunicati\/#\/schema\/person\/44372e4d4d0fa797b18e03ed1ace9017"},"headline":"Qual \u00e8 il miglior modo per crescere professionalmente e personalmente? Condivisione e formazione.","datePublished":"2009-06-26T08:41:35+00:00","dateModified":"2018-06-04T18:17:04+00:00","mainEntityOfPage":{"@id":"https:\/\/www.article-marketing.eu\/comunicati\/istruzione\/corsi\/qual-e-il-miglior-modo-per-crescere-professionalmente-e-personalmente-condivisione-e-formazione\/"},"wordCount":499,"commentCount":0,"keywords":["formazione personale"],"articleSection":["Corsi"],"inLanguage":"it-IT","potentialAction":[{"@type":"CommentAction","name":"Comment","target":["https:\/\/www.article-marketing.eu\/comunicati\/istruzione\/corsi\/qual-e-il-miglior-modo-per-crescere-professionalmente-e-personalmente-condivisione-e-formazione\/#respond"]}]},{"@type":"WebPage","@id":"https:\/\/www.article-marketing.eu\/comunicati\/istruzione\/corsi\/qual-e-il-miglior-modo-per-crescere-professionalmente-e-personalmente-condivisione-e-formazione\/","url":"https:\/\/www.article-marketing.eu\/comunicati\/istruzione\/corsi\/qual-e-il-miglior-modo-per-crescere-professionalmente-e-personalmente-condivisione-e-formazione\/","name":"Qual \u00e8 il miglior modo per crescere professionalmente e personalmente? Condivisione e formazione. - Article Marketing","isPartOf":{"@id":"https:\/\/www.article-marketing.eu\/comunicati\/#website"},"datePublished":"2009-06-26T08:41:35+00:00","dateModified":"2018-06-04T18:17:04+00:00","author":{"@id":"https:\/\/www.article-marketing.eu\/comunicati\/#\/schema\/person\/44372e4d4d0fa797b18e03ed1ace9017"},"breadcrumb":{"@id":"https:\/\/www.article-marketing.eu\/comunicati\/istruzione\/corsi\/qual-e-il-miglior-modo-per-crescere-professionalmente-e-personalmente-condivisione-e-formazione\/#breadcrumb"},"inLanguage":"it-IT","potentialAction":[{"@type":"ReadAction","target":["https:\/\/www.article-marketing.eu\/comunicati\/istruzione\/corsi\/qual-e-il-miglior-modo-per-crescere-professionalmente-e-personalmente-condivisione-e-formazione\/"]}]},{"@type":"BreadcrumbList","@id":"https:\/\/www.article-marketing.eu\/comunicati\/istruzione\/corsi\/qual-e-il-miglior-modo-per-crescere-professionalmente-e-personalmente-condivisione-e-formazione\/#breadcrumb","itemListElement":[{"@type":"ListItem","position":1,"name":"Home","item":"https:\/\/www.article-marketing.eu\/comunicati\/"},{"@type":"ListItem","position":2,"name":"Qual \u00e8 il miglior modo per crescere professionalmente e personalmente? Condivisione e formazione."}]},{"@type":"WebSite","@id":"https:\/\/www.article-marketing.eu\/comunicati\/#website","url":"https:\/\/www.article-marketing.eu\/comunicati\/","name":"Article Marketing","description":"article marketing &amp; press release","potentialAction":[{"@type":"SearchAction","target":{"@type":"EntryPoint","urlTemplate":"https:\/\/www.article-marketing.eu\/comunicati\/?s={search_term_string}"},"query-input":{"@type":"PropertyValueSpecification","valueRequired":true,"valueName":"search_term_string"}}],"inLanguage":"it-IT"},{"@type":"Person","@id":"https:\/\/www.article-marketing.eu\/comunicati\/#\/schema\/person\/44372e4d4d0fa797b18e03ed1ace9017","name":"Redazione Comunicati Stampa","image":{"@type":"ImageObject","inLanguage":"it-IT","@id":"https:\/\/www.article-marketing.eu\/comunicati\/#\/schema\/person\/image\/","url":"https:\/\/secure.gravatar.com\/avatar\/50e5c6421d3072f42e7ace803501602c60d75233d34e29fd05feb91c8760b792?s=96&d=mm&r=g","contentUrl":"https:\/\/secure.gravatar.com\/avatar\/50e5c6421d3072f42e7ace803501602c60d75233d34e29fd05feb91c8760b792?s=96&d=mm&r=g","caption":"Redazione Comunicati Stampa"},"url":"https:\/\/www.article-marketing.eu\/comunicati\/author\/redazione-comunicati-stampa\/"}]}},"_links":{"self":[{"href":"https:\/\/www.article-marketing.eu\/comunicati\/wp-json\/wp\/v2\/posts\/2269","targetHints":{"allow":["GET"]}}],"collection":[{"href":"https:\/\/www.article-marketing.eu\/comunicati\/wp-json\/wp\/v2\/posts"}],"about":[{"href":"https:\/\/www.article-marketing.eu\/comunicati\/wp-json\/wp\/v2\/types\/post"}],"author":[{"embeddable":true,"href":"https:\/\/www.article-marketing.eu\/comunicati\/wp-json\/wp\/v2\/users\/10"}],"replies":[{"embeddable":true,"href":"https:\/\/www.article-marketing.eu\/comunicati\/wp-json\/wp\/v2\/comments?post=2269"}],"version-history":[{"count":1,"href":"https:\/\/www.article-marketing.eu\/comunicati\/wp-json\/wp\/v2\/posts\/2269\/revisions"}],"predecessor-version":[{"id":55557,"href":"https:\/\/www.article-marketing.eu\/comunicati\/wp-json\/wp\/v2\/posts\/2269\/revisions\/55557"}],"wp:attachment":[{"href":"https:\/\/www.article-marketing.eu\/comunicati\/wp-json\/wp\/v2\/media?parent=2269"}],"wp:term":[{"taxonomy":"category","embeddable":true,"href":"https:\/\/www.article-marketing.eu\/comunicati\/wp-json\/wp\/v2\/categories?post=2269"},{"taxonomy":"post_tag","embeddable":true,"href":"https:\/\/www.article-marketing.eu\/comunicati\/wp-json\/wp\/v2\/tags?post=2269"}],"curies":[{"name":"wp","href":"https:\/\/api.w.org\/{rel}","templated":true}]}}