{"id":2273,"date":"2009-06-26T12:54:16","date_gmt":"2009-06-26T10:54:16","guid":{"rendered":"http:\/\/www.article-marketing.eu\/comunicati\/senza-categoria\/una-riflessione-quale-e-il-vero-ecodesign\/"},"modified":"2009-06-26T12:54:16","modified_gmt":"2009-06-26T10:54:16","slug":"una-riflessione-quale-e-il-vero-ecodesign","status":"publish","type":"post","link":"https:\/\/www.article-marketing.eu\/comunicati\/ambiente\/una-riflessione-quale-e-il-vero-ecodesign\/","title":{"rendered":"Una riflessione, quale \u00e8 il vero ecodesign ?"},"content":{"rendered":"<p>Il vero ecodesign<\/p>\n<p>\nUna riflessione, siamo sicuri che un prodotto industriale, ecologico,<br \/>\namico dell&#8217;ambiente sia quello realizzato in modo che sia facilmente<br \/>\nriciclabile?<br \/>\nIo credo di no. Credo che se si inizia a progettare qualcosa, e si<br \/>\nparte pensando al suo futuro riciclo, stiamo partendo con il piede<br \/>\nsbagliato, e come se gli dessimo una sorta di scadenza, di diritto ad<br \/>\nessere realizzato cosi-cosi, non a regola d&#8217;arte, tanto lo<br \/>\nricicliamo&#8230;&#8230;.<\/p>\n<p><strong>Credo,<br \/>\nche il vero design ecologico sia quello che studia un buon prodotto,<br \/>\nfatto per durare (tanto), che sappia invecchiare e magari anche<br \/>\nmigliorare nel tempo.<\/strong><br \/>Sinceramente sono stufo della cultura usa e getta, preferisco quella usa e tieni.<\/p>\n<p>Qualcosa si sta muovendo in questo senso, vedi per esempio i ragazzi di&nbsp; <strong><a id=\"uw3j\" href=\"http:\/\/brikolor.tumblr.com\/\" title=\"Brikolor\">Brikolor<\/a><\/strong> che propongono mobili fatti per durare 300 anni, bravi per lo meno ci provano, dalla loro pagina traduco:<br \/><em>Brikol\u00f6r progetta e produce mobili a G\u00f6teborg in Svezia. Abbiamo<br \/>\nl&#8217;ambizione per la fabbricazione mobili con una garanzia emotiva e tecnica che possa durare 300 anni.<\/p>\n<p><\/em>Un&#8217;altra azienda la <strong>Howies<\/strong>, azienda Gallese&nbsp; propone abbigliamento e borse, fatti per durare, e la loro filosofia recita:<em><br \/>\nQuesti prodotti sono stati fatti per durare. Cos\u00ec che un giorno si<br \/>\npossano trasmettere a qualcun altro. E possono continuare i loro viaggi.<br \/>\n&nbsp;<br \/>\nViviamo<br \/>\nin tempi di risorse limitate, ma illimitato desiderio di consumare. La<br \/>\nrisposta reale \u00e8 semplice: \u00e8 consumare meno come consumatore, a fare<br \/>\nuna migliore prodotto, come<br \/>\nproduttore. <br \/>\n In futuro dovremo assumere maggiori<br \/>\nresponsabilit\u00e0 per il nostro consumo. Il produttore e il consumatore<br \/>\nhanno il dovere di condividere tale responsabilit\u00e0. <br \/>\n Viviamo in tempi interessanti.<br \/>\nDal punto di vista del produttore, il prodotto che dura pi\u00f9 a lungo,usa meno risorse. I principali ingredienti per<br \/>\nottenere questo risultato sono la qualit\u00e0 e il buon design. <br \/>\nPer fare qualcosa bene, al meglio che puoi fare, significa lavorare di<br \/>\npi\u00f9. Ogni punto, ogni zip, ogni piccolo elemento va predso in esame.<br \/>\nAllora, e solo allora, possiamo dire che abbiamo<br \/>\npienamente compreso la responsabilit\u00e0 di fare qualcosa. <\/p>\n<p>Questo prodotto \u00e8 garantito per un minimo di 10 anni a decorrere dalla<br \/>\ndata di acquisto originale. Le probabilit\u00e0 sono che durer\u00e0 pi\u00f9 lungo di quello. <br \/>\n <strong>&#8211; David Hieatt, Howies <\/strong><\/em><\/p>\n<p>Peraltro un approccio di questo tipo, sono convinto, che alla lunga<br \/>\npaga; la stupida corsa dei nostri industriali&nbsp; a produrre in Cina o<br \/>\nposti simili, sta facendo dei danni tremendi al prodotto made in Italy,<br \/>\nforse in una apparente prima fase ha dato un po di respiro alle<br \/>\naziende, ma le conseguenze stanno arrivando con un lento sputtanamento<br \/>\ndell&#8217;immagine del prodotto italiano, attacchi due bottoni, una<br \/>\netichetta e miracolo! \u00e8 made in Italy.<\/p>\n<p>Per dare alcuni esempi<br \/>\npersonali, da mio nonno ho avuto alcune cose che uso ancora: dei<br \/>\nmobili, perfetti dopo 80 anni; un cannocchiale Zeiss che funziona da<br \/>\nDio; una giacca da caccia in lana cotta comprata a Londra l&#8217;anno che<br \/>\nsono nato (1955), \u00e8 tuttora bellissima e funzionale.<br \/>Certo non si<br \/>\npu\u00f2 applicare questa filosofia a tutto, i prodotti ad alto contenuto<br \/>\ntecnologico vanno aggiornati, ma per moltissime cose si.<\/p>\n<p>Per non<br \/>\nparlare del settore packaging, dove tutto \u00e8 riciclabilmente inutile,<br \/>\nsettore dove ho anche lavorato progettando packaging per multinazionali<br \/>\nvarie (mea culpa), anche qui, per fortuna stanno sorgendo alternative<br \/>\nche spero si diffondano, il distributore di latte fresco, l&#8217;acqua del<br \/>\nrubinetto, i saponi sfusi, ed altro.<\/p>\n<p>\nValerio Vinaccia<\/p>\n<p><\/p>\n","protected":false},"excerpt":{"rendered":"<p>Una riflessione, siamo sicuri che un prodotto industriale, ecologico, amico dell&#8217;ambiente sia quello realizzato in modo che sia facilmente riciclabile?<\/p>\n","protected":false},"author":10,"featured_media":0,"comment_status":"open","ping_status":"open","sticky":false,"template":"","format":"standard","meta":{"cybocfi_hide_featured_image":"","footnotes":""},"categories":[55],"tags":[1107,260,3882],"class_list":["post-2273","post","type-post","status-publish","format-standard","hentry","category-ambiente","tag-design","tag-ecologia","tag-riciclo"],"yoast_head":"<!-- This site is optimized with the Yoast SEO plugin v27.0 - https:\/\/yoast.com\/product\/yoast-seo-wordpress\/ -->\n<title>Una riflessione, quale \u00e8 il vero ecodesign ? - Article Marketing<\/title>\n<meta name=\"robots\" content=\"index, follow, max-snippet:-1, max-image-preview:large, max-video-preview:-1\" \/>\n<link rel=\"canonical\" href=\"https:\/\/www.article-marketing.eu\/comunicati\/ambiente\/una-riflessione-quale-e-il-vero-ecodesign\/\" \/>\n<meta property=\"og:locale\" content=\"it_IT\" \/>\n<meta property=\"og:type\" content=\"article\" \/>\n<meta property=\"og:title\" content=\"Una riflessione, quale \u00e8 il vero ecodesign ? - Article Marketing\" \/>\n<meta property=\"og:description\" content=\"Una riflessione, siamo sicuri che un prodotto industriale, ecologico, amico dell&#039;ambiente sia quello realizzato in modo che sia facilmente riciclabile?\" \/>\n<meta property=\"og:url\" content=\"https:\/\/www.article-marketing.eu\/comunicati\/ambiente\/una-riflessione-quale-e-il-vero-ecodesign\/\" \/>\n<meta property=\"og:site_name\" content=\"Article Marketing\" \/>\n<meta property=\"article:published_time\" content=\"2009-06-26T10:54:16+00:00\" \/>\n<meta name=\"author\" content=\"Redazione Comunicati Stampa\" \/>\n<meta name=\"twitter:card\" content=\"summary_large_image\" \/>\n<meta name=\"twitter:label1\" content=\"Scritto da\" \/>\n\t<meta name=\"twitter:data1\" content=\"Redazione Comunicati Stampa\" \/>\n\t<meta name=\"twitter:label2\" content=\"Tempo di lettura stimato\" \/>\n\t<meta name=\"twitter:data2\" content=\"3 minuti\" \/>\n<script type=\"application\/ld+json\" class=\"yoast-schema-graph\">{\"@context\":\"https:\/\/schema.org\",\"@graph\":[{\"@type\":\"Article\",\"@id\":\"https:\/\/www.article-marketing.eu\/comunicati\/ambiente\/una-riflessione-quale-e-il-vero-ecodesign\/#article\",\"isPartOf\":{\"@id\":\"https:\/\/www.article-marketing.eu\/comunicati\/ambiente\/una-riflessione-quale-e-il-vero-ecodesign\/\"},\"author\":{\"name\":\"Redazione Comunicati Stampa\",\"@id\":\"https:\/\/www.article-marketing.eu\/comunicati\/#\/schema\/person\/44372e4d4d0fa797b18e03ed1ace9017\"},\"headline\":\"Una riflessione, quale \u00e8 il vero ecodesign ?\",\"datePublished\":\"2009-06-26T10:54:16+00:00\",\"mainEntityOfPage\":{\"@id\":\"https:\/\/www.article-marketing.eu\/comunicati\/ambiente\/una-riflessione-quale-e-il-vero-ecodesign\/\"},\"wordCount\":555,\"commentCount\":0,\"keywords\":[\"design\",\"ecologia\",\"riciclo\"],\"articleSection\":[\"Ambiente\"],\"inLanguage\":\"it-IT\",\"potentialAction\":[{\"@type\":\"CommentAction\",\"name\":\"Comment\",\"target\":[\"https:\/\/www.article-marketing.eu\/comunicati\/ambiente\/una-riflessione-quale-e-il-vero-ecodesign\/#respond\"]}]},{\"@type\":\"WebPage\",\"@id\":\"https:\/\/www.article-marketing.eu\/comunicati\/ambiente\/una-riflessione-quale-e-il-vero-ecodesign\/\",\"url\":\"https:\/\/www.article-marketing.eu\/comunicati\/ambiente\/una-riflessione-quale-e-il-vero-ecodesign\/\",\"name\":\"Una riflessione, quale \u00e8 il vero ecodesign ? - Article Marketing\",\"isPartOf\":{\"@id\":\"https:\/\/www.article-marketing.eu\/comunicati\/#website\"},\"datePublished\":\"2009-06-26T10:54:16+00:00\",\"author\":{\"@id\":\"https:\/\/www.article-marketing.eu\/comunicati\/#\/schema\/person\/44372e4d4d0fa797b18e03ed1ace9017\"},\"breadcrumb\":{\"@id\":\"https:\/\/www.article-marketing.eu\/comunicati\/ambiente\/una-riflessione-quale-e-il-vero-ecodesign\/#breadcrumb\"},\"inLanguage\":\"it-IT\",\"potentialAction\":[{\"@type\":\"ReadAction\",\"target\":[\"https:\/\/www.article-marketing.eu\/comunicati\/ambiente\/una-riflessione-quale-e-il-vero-ecodesign\/\"]}]},{\"@type\":\"BreadcrumbList\",\"@id\":\"https:\/\/www.article-marketing.eu\/comunicati\/ambiente\/una-riflessione-quale-e-il-vero-ecodesign\/#breadcrumb\",\"itemListElement\":[{\"@type\":\"ListItem\",\"position\":1,\"name\":\"Home\",\"item\":\"https:\/\/www.article-marketing.eu\/comunicati\/\"},{\"@type\":\"ListItem\",\"position\":2,\"name\":\"Una riflessione, quale \u00e8 il vero ecodesign ?\"}]},{\"@type\":\"WebSite\",\"@id\":\"https:\/\/www.article-marketing.eu\/comunicati\/#website\",\"url\":\"https:\/\/www.article-marketing.eu\/comunicati\/\",\"name\":\"Article Marketing\",\"description\":\"article marketing &amp; press release\",\"potentialAction\":[{\"@type\":\"SearchAction\",\"target\":{\"@type\":\"EntryPoint\",\"urlTemplate\":\"https:\/\/www.article-marketing.eu\/comunicati\/?s={search_term_string}\"},\"query-input\":{\"@type\":\"PropertyValueSpecification\",\"valueRequired\":true,\"valueName\":\"search_term_string\"}}],\"inLanguage\":\"it-IT\"},{\"@type\":\"Person\",\"@id\":\"https:\/\/www.article-marketing.eu\/comunicati\/#\/schema\/person\/44372e4d4d0fa797b18e03ed1ace9017\",\"name\":\"Redazione Comunicati Stampa\",\"image\":{\"@type\":\"ImageObject\",\"inLanguage\":\"it-IT\",\"@id\":\"https:\/\/www.article-marketing.eu\/comunicati\/#\/schema\/person\/image\/\",\"url\":\"https:\/\/secure.gravatar.com\/avatar\/50e5c6421d3072f42e7ace803501602c60d75233d34e29fd05feb91c8760b792?s=96&d=mm&r=g\",\"contentUrl\":\"https:\/\/secure.gravatar.com\/avatar\/50e5c6421d3072f42e7ace803501602c60d75233d34e29fd05feb91c8760b792?s=96&d=mm&r=g\",\"caption\":\"Redazione Comunicati Stampa\"},\"url\":\"https:\/\/www.article-marketing.eu\/comunicati\/author\/redazione-comunicati-stampa\/\"}]}<\/script>\n<!-- \/ Yoast SEO plugin. -->","yoast_head_json":{"title":"Una riflessione, quale \u00e8 il vero ecodesign ? - Article Marketing","robots":{"index":"index","follow":"follow","max-snippet":"max-snippet:-1","max-image-preview":"max-image-preview:large","max-video-preview":"max-video-preview:-1"},"canonical":"https:\/\/www.article-marketing.eu\/comunicati\/ambiente\/una-riflessione-quale-e-il-vero-ecodesign\/","og_locale":"it_IT","og_type":"article","og_title":"Una riflessione, quale \u00e8 il vero ecodesign ? - Article Marketing","og_description":"Una riflessione, siamo sicuri che un prodotto industriale, ecologico, amico dell'ambiente sia quello realizzato in modo che sia facilmente riciclabile?","og_url":"https:\/\/www.article-marketing.eu\/comunicati\/ambiente\/una-riflessione-quale-e-il-vero-ecodesign\/","og_site_name":"Article Marketing","article_published_time":"2009-06-26T10:54:16+00:00","author":"Redazione Comunicati Stampa","twitter_card":"summary_large_image","twitter_misc":{"Scritto da":"Redazione Comunicati Stampa","Tempo di lettura stimato":"3 minuti"},"schema":{"@context":"https:\/\/schema.org","@graph":[{"@type":"Article","@id":"https:\/\/www.article-marketing.eu\/comunicati\/ambiente\/una-riflessione-quale-e-il-vero-ecodesign\/#article","isPartOf":{"@id":"https:\/\/www.article-marketing.eu\/comunicati\/ambiente\/una-riflessione-quale-e-il-vero-ecodesign\/"},"author":{"name":"Redazione Comunicati Stampa","@id":"https:\/\/www.article-marketing.eu\/comunicati\/#\/schema\/person\/44372e4d4d0fa797b18e03ed1ace9017"},"headline":"Una riflessione, quale \u00e8 il vero ecodesign ?","datePublished":"2009-06-26T10:54:16+00:00","mainEntityOfPage":{"@id":"https:\/\/www.article-marketing.eu\/comunicati\/ambiente\/una-riflessione-quale-e-il-vero-ecodesign\/"},"wordCount":555,"commentCount":0,"keywords":["design","ecologia","riciclo"],"articleSection":["Ambiente"],"inLanguage":"it-IT","potentialAction":[{"@type":"CommentAction","name":"Comment","target":["https:\/\/www.article-marketing.eu\/comunicati\/ambiente\/una-riflessione-quale-e-il-vero-ecodesign\/#respond"]}]},{"@type":"WebPage","@id":"https:\/\/www.article-marketing.eu\/comunicati\/ambiente\/una-riflessione-quale-e-il-vero-ecodesign\/","url":"https:\/\/www.article-marketing.eu\/comunicati\/ambiente\/una-riflessione-quale-e-il-vero-ecodesign\/","name":"Una riflessione, quale \u00e8 il vero ecodesign ? - Article Marketing","isPartOf":{"@id":"https:\/\/www.article-marketing.eu\/comunicati\/#website"},"datePublished":"2009-06-26T10:54:16+00:00","author":{"@id":"https:\/\/www.article-marketing.eu\/comunicati\/#\/schema\/person\/44372e4d4d0fa797b18e03ed1ace9017"},"breadcrumb":{"@id":"https:\/\/www.article-marketing.eu\/comunicati\/ambiente\/una-riflessione-quale-e-il-vero-ecodesign\/#breadcrumb"},"inLanguage":"it-IT","potentialAction":[{"@type":"ReadAction","target":["https:\/\/www.article-marketing.eu\/comunicati\/ambiente\/una-riflessione-quale-e-il-vero-ecodesign\/"]}]},{"@type":"BreadcrumbList","@id":"https:\/\/www.article-marketing.eu\/comunicati\/ambiente\/una-riflessione-quale-e-il-vero-ecodesign\/#breadcrumb","itemListElement":[{"@type":"ListItem","position":1,"name":"Home","item":"https:\/\/www.article-marketing.eu\/comunicati\/"},{"@type":"ListItem","position":2,"name":"Una riflessione, quale \u00e8 il vero ecodesign ?"}]},{"@type":"WebSite","@id":"https:\/\/www.article-marketing.eu\/comunicati\/#website","url":"https:\/\/www.article-marketing.eu\/comunicati\/","name":"Article Marketing","description":"article marketing &amp; press release","potentialAction":[{"@type":"SearchAction","target":{"@type":"EntryPoint","urlTemplate":"https:\/\/www.article-marketing.eu\/comunicati\/?s={search_term_string}"},"query-input":{"@type":"PropertyValueSpecification","valueRequired":true,"valueName":"search_term_string"}}],"inLanguage":"it-IT"},{"@type":"Person","@id":"https:\/\/www.article-marketing.eu\/comunicati\/#\/schema\/person\/44372e4d4d0fa797b18e03ed1ace9017","name":"Redazione Comunicati Stampa","image":{"@type":"ImageObject","inLanguage":"it-IT","@id":"https:\/\/www.article-marketing.eu\/comunicati\/#\/schema\/person\/image\/","url":"https:\/\/secure.gravatar.com\/avatar\/50e5c6421d3072f42e7ace803501602c60d75233d34e29fd05feb91c8760b792?s=96&d=mm&r=g","contentUrl":"https:\/\/secure.gravatar.com\/avatar\/50e5c6421d3072f42e7ace803501602c60d75233d34e29fd05feb91c8760b792?s=96&d=mm&r=g","caption":"Redazione Comunicati Stampa"},"url":"https:\/\/www.article-marketing.eu\/comunicati\/author\/redazione-comunicati-stampa\/"}]}},"_links":{"self":[{"href":"https:\/\/www.article-marketing.eu\/comunicati\/wp-json\/wp\/v2\/posts\/2273","targetHints":{"allow":["GET"]}}],"collection":[{"href":"https:\/\/www.article-marketing.eu\/comunicati\/wp-json\/wp\/v2\/posts"}],"about":[{"href":"https:\/\/www.article-marketing.eu\/comunicati\/wp-json\/wp\/v2\/types\/post"}],"author":[{"embeddable":true,"href":"https:\/\/www.article-marketing.eu\/comunicati\/wp-json\/wp\/v2\/users\/10"}],"replies":[{"embeddable":true,"href":"https:\/\/www.article-marketing.eu\/comunicati\/wp-json\/wp\/v2\/comments?post=2273"}],"version-history":[{"count":0,"href":"https:\/\/www.article-marketing.eu\/comunicati\/wp-json\/wp\/v2\/posts\/2273\/revisions"}],"wp:attachment":[{"href":"https:\/\/www.article-marketing.eu\/comunicati\/wp-json\/wp\/v2\/media?parent=2273"}],"wp:term":[{"taxonomy":"category","embeddable":true,"href":"https:\/\/www.article-marketing.eu\/comunicati\/wp-json\/wp\/v2\/categories?post=2273"},{"taxonomy":"post_tag","embeddable":true,"href":"https:\/\/www.article-marketing.eu\/comunicati\/wp-json\/wp\/v2\/tags?post=2273"}],"curies":[{"name":"wp","href":"https:\/\/api.w.org\/{rel}","templated":true}]}}