{"id":2282,"date":"2009-06-28T22:31:21","date_gmt":"2009-06-28T20:31:21","guid":{"rendered":"http:\/\/www.article-marketing.eu\/comunicati\/senza-categoria\/il-groove-si-balla-al-ritmo-della-p-funking-band\/"},"modified":"2018-06-04T20:17:10","modified_gmt":"2018-06-04T18:17:10","slug":"il-groove-si-balla-al-ritmo-della-p-funking-band","status":"publish","type":"post","link":"https:\/\/www.article-marketing.eu\/comunicati\/comunicati-stampa\/eventi\/il-groove-si-balla-al-ritmo-della-p-funking-band\/","title":{"rendered":"Il Groove si balla al ritmo della P-Funking Band"},"content":{"rendered":"<p>Erano stati la grande sorpresa del <strong>Groove City Festival<\/strong> di Bellaria Igea Marina, lo scorso 12 aprile, aprendo il concerto sold out degli Incognito e meritandosi i complimenti degli stessi artisti inglesi capostipiti dell&#8217;acid jazz. <\/p>\n<p><img decoding=\"async\" hspace=\"0\" src=\"http:\/\/c2.ac-images.myspacecdn.com\/images01\/99\/l_fe740b57c6e53568daae57026e66494d.jpg\" align=\"baseline\" border=\"0\" \/><\/p>\n<p>Cos\u00ec la P-Funking Band, marching band funky umbra che nel giro di poco pi\u00f9 di due anni di attivit\u00e0 si \u00e8 ormai affermata come una delle nuove realt\u00e0 pi\u00f9 interessanti del panorama musicale italiano, \u00e8 stata invitata a prendere parte alla prima edizione estiva del Festival promosso e diretto da Geg\u00e8 Telesforo e Roberto Ramberti, in programma a Peschici il 4 e 5 luglio. In particolar modo le infuocate performance live dei musicisti perugini, originali e coinvolgenti miscele di sonorit\u00e0 black e spettacolari coreografie, animeranno la giornata di domenica 5 luglio del Groove City Summer Edition, con la P-Funking Band che porter\u00e0 avanti la propria energia musicale fino all\u2019ora di cena, arrivando a Marina di Peschici dove, sul palco della spiaggia, anticiper\u00e0 il concerto di chiusura, ad opera del Groove Master 5tet.<\/p>\n<p>Nata dalla passione comune di un gruppo di giovani musicisti di estrazione artistica diversa, la P- Funking Band \u00e8 ormai stabilmente presente nel cartellone dei principali festival (jazz e non solo) della penisola. &nbsp;La formazione, composta da quattordici musicisti tra i 22 e i 27 anni di et\u00e0, diretti dal Maestro Riccardo Giulietti, vanta un centinaio concerti all\u2019anno e la partecipazione ad importanti manifestazioni, come Trasimeno Blues &#8217;07, Narni Black Festival &#8217;07, Young Jazz Festival In Town &#8217;07, Vini Nel Mondo &#8217;07, Quintana di Foligno, Eurochocolate &#8217;07, Caff\u00e8stival &#8217;08, Vini Nel Mondo &#8217;08, Study Box &#8217;08, Assisi Endurance &#8217;08, 15\u00b0 Sand Volley 4&#215;4 Serie A femminile beach volley \u201808, Trasimeno Blues &#8217;08, Gubbio No Borders &#8217;08, Barga Jazz Festival &#8217;08, Viterbo Jazz Up &#8217;08, All Star Game Volley Maschile \u201908, Gift Day \u201909, Final Four Coppa Italia Volley Maschile \u201909, nonch\u00e8 vari passaggi televisivi (Sky, TG5). <\/p>\n<p>Il pubblico che prender\u00e0 parte alla due giorni dedicata al \u201cgroove\u201d, domenica avr\u00e0 cos\u00ec l&#8217;occasione di trovarsi immerso in uno spettacolo imprevedibile e coinvolgente, esplosiva miscela di funk, disco music, jazz, rhythm\u2019n\u2019blues e soul rivisitati in chiave marching, a cui si sommano originali coreografie. Davvero difficile restare fermi senza ballare, e per chi vuol farsi un&#8217;idea il canale &quot;pfunkingband&quot; sul popolare portale youtube.com raccoglie diverse testimonianze live della travolgente energia della band perugina.<\/p>\n<p>&nbsp;Il repertorio della P-Funking Band comprende brani di estrazione jazz e funk, ma anche disco, soul e reggae. Tra gli altri:<br \/>&#8211; The Bottle (Joe Bataan)<br \/>&#8211; Just Around The Corner (H. Hancock)<br \/>&#8211; Unclean waters (Dirty Dozen brass band)<br \/>&#8211; P-Funk (G.Clinton)<br \/>&#8211; Truth Don Die (Femi Kuti)<br \/>&#8211; Hot Spots (F. Micalizzi)<br \/>&#8211; Furto Con Scasso (R. Paci)<br \/>&#8211; Ernie (Fat Freddy\u2019s Drop)<\/p>\n","protected":false},"excerpt":{"rendered":"<p>PESCHICI &#8211; Il 5 luglio la P-Funking Band proporr\u00e0 il proprio spettacolo e anticiper\u00e0 il concerto di chiusura del Groove Master 5tet.<\/p>\n","protected":false},"author":10,"featured_media":0,"comment_status":"open","ping_status":"open","sticky":false,"template":"","format":"standard","meta":{"cybocfi_hide_featured_image":"","footnotes":""},"categories":[388],"tags":[7572,7571,7568,7569,45,7573,7570],"class_list":["post-2282","post","type-post","status-publish","format-standard","hentry","category-eventi","tag-band-emergenti","tag-eventi-puglia","tag-funky","tag-groove-city-summer","tag-musica","tag-p-funking-band","tag-peschici"],"yoast_head":"<!-- This site is optimized with the Yoast SEO plugin v27.0 - https:\/\/yoast.com\/product\/yoast-seo-wordpress\/ -->\n<title>Il Groove si balla al ritmo della P-Funking Band - Article Marketing<\/title>\n<meta name=\"robots\" content=\"index, follow, max-snippet:-1, max-image-preview:large, max-video-preview:-1\" \/>\n<link rel=\"canonical\" href=\"https:\/\/www.article-marketing.eu\/comunicati\/comunicati-stampa\/eventi\/il-groove-si-balla-al-ritmo-della-p-funking-band\/\" \/>\n<meta property=\"og:locale\" content=\"it_IT\" \/>\n<meta property=\"og:type\" content=\"article\" \/>\n<meta property=\"og:title\" content=\"Il Groove si balla al ritmo della P-Funking Band - Article Marketing\" \/>\n<meta property=\"og:description\" content=\"PESCHICI - Il 5 luglio la P-Funking Band proporr\u00e0 il proprio spettacolo e anticiper\u00e0 il concerto di chiusura del Groove Master 5tet.\" \/>\n<meta property=\"og:url\" content=\"https:\/\/www.article-marketing.eu\/comunicati\/comunicati-stampa\/eventi\/il-groove-si-balla-al-ritmo-della-p-funking-band\/\" \/>\n<meta property=\"og:site_name\" content=\"Article Marketing\" \/>\n<meta property=\"article:published_time\" content=\"2009-06-28T20:31:21+00:00\" \/>\n<meta property=\"article:modified_time\" content=\"2018-06-04T18:17:10+00:00\" \/>\n<meta property=\"og:image\" content=\"http:\/\/c2.ac-images.myspacecdn.com\/images01\/99\/l_fe740b57c6e53568daae57026e66494d.jpg\" \/>\n<meta name=\"author\" content=\"Redazione Comunicati Stampa\" \/>\n<meta name=\"twitter:card\" content=\"summary_large_image\" \/>\n<meta name=\"twitter:label1\" content=\"Scritto da\" \/>\n\t<meta name=\"twitter:data1\" content=\"Redazione Comunicati Stampa\" \/>\n\t<meta name=\"twitter:label2\" content=\"Tempo di lettura stimato\" \/>\n\t<meta name=\"twitter:data2\" content=\"2 minuti\" \/>\n<script type=\"application\/ld+json\" class=\"yoast-schema-graph\">{\"@context\":\"https:\/\/schema.org\",\"@graph\":[{\"@type\":\"Article\",\"@id\":\"https:\/\/www.article-marketing.eu\/comunicati\/comunicati-stampa\/eventi\/il-groove-si-balla-al-ritmo-della-p-funking-band\/#article\",\"isPartOf\":{\"@id\":\"https:\/\/www.article-marketing.eu\/comunicati\/comunicati-stampa\/eventi\/il-groove-si-balla-al-ritmo-della-p-funking-band\/\"},\"author\":{\"name\":\"Redazione Comunicati Stampa\",\"@id\":\"https:\/\/www.article-marketing.eu\/comunicati\/#\/schema\/person\/44372e4d4d0fa797b18e03ed1ace9017\"},\"headline\":\"Il Groove si balla al ritmo della P-Funking Band\",\"datePublished\":\"2009-06-28T20:31:21+00:00\",\"dateModified\":\"2018-06-04T18:17:10+00:00\",\"mainEntityOfPage\":{\"@id\":\"https:\/\/www.article-marketing.eu\/comunicati\/comunicati-stampa\/eventi\/il-groove-si-balla-al-ritmo-della-p-funking-band\/\"},\"wordCount\":458,\"commentCount\":0,\"image\":{\"@id\":\"https:\/\/www.article-marketing.eu\/comunicati\/comunicati-stampa\/eventi\/il-groove-si-balla-al-ritmo-della-p-funking-band\/#primaryimage\"},\"thumbnailUrl\":\"http:\/\/c2.ac-images.myspacecdn.com\/images01\/99\/l_fe740b57c6e53568daae57026e66494d.jpg\",\"keywords\":[\"band emergenti\",\"eventi puglia\",\"funky\",\"groove city summer\",\"musica\",\"p-funking band\",\"peschici\"],\"articleSection\":[\"Eventi\"],\"inLanguage\":\"it-IT\",\"potentialAction\":[{\"@type\":\"CommentAction\",\"name\":\"Comment\",\"target\":[\"https:\/\/www.article-marketing.eu\/comunicati\/comunicati-stampa\/eventi\/il-groove-si-balla-al-ritmo-della-p-funking-band\/#respond\"]}]},{\"@type\":\"WebPage\",\"@id\":\"https:\/\/www.article-marketing.eu\/comunicati\/comunicati-stampa\/eventi\/il-groove-si-balla-al-ritmo-della-p-funking-band\/\",\"url\":\"https:\/\/www.article-marketing.eu\/comunicati\/comunicati-stampa\/eventi\/il-groove-si-balla-al-ritmo-della-p-funking-band\/\",\"name\":\"Il Groove si balla al ritmo della P-Funking Band - Article Marketing\",\"isPartOf\":{\"@id\":\"https:\/\/www.article-marketing.eu\/comunicati\/#website\"},\"primaryImageOfPage\":{\"@id\":\"https:\/\/www.article-marketing.eu\/comunicati\/comunicati-stampa\/eventi\/il-groove-si-balla-al-ritmo-della-p-funking-band\/#primaryimage\"},\"image\":{\"@id\":\"https:\/\/www.article-marketing.eu\/comunicati\/comunicati-stampa\/eventi\/il-groove-si-balla-al-ritmo-della-p-funking-band\/#primaryimage\"},\"thumbnailUrl\":\"http:\/\/c2.ac-images.myspacecdn.com\/images01\/99\/l_fe740b57c6e53568daae57026e66494d.jpg\",\"datePublished\":\"2009-06-28T20:31:21+00:00\",\"dateModified\":\"2018-06-04T18:17:10+00:00\",\"author\":{\"@id\":\"https:\/\/www.article-marketing.eu\/comunicati\/#\/schema\/person\/44372e4d4d0fa797b18e03ed1ace9017\"},\"breadcrumb\":{\"@id\":\"https:\/\/www.article-marketing.eu\/comunicati\/comunicati-stampa\/eventi\/il-groove-si-balla-al-ritmo-della-p-funking-band\/#breadcrumb\"},\"inLanguage\":\"it-IT\",\"potentialAction\":[{\"@type\":\"ReadAction\",\"target\":[\"https:\/\/www.article-marketing.eu\/comunicati\/comunicati-stampa\/eventi\/il-groove-si-balla-al-ritmo-della-p-funking-band\/\"]}]},{\"@type\":\"ImageObject\",\"inLanguage\":\"it-IT\",\"@id\":\"https:\/\/www.article-marketing.eu\/comunicati\/comunicati-stampa\/eventi\/il-groove-si-balla-al-ritmo-della-p-funking-band\/#primaryimage\",\"url\":\"http:\/\/c2.ac-images.myspacecdn.com\/images01\/99\/l_fe740b57c6e53568daae57026e66494d.jpg\",\"contentUrl\":\"http:\/\/c2.ac-images.myspacecdn.com\/images01\/99\/l_fe740b57c6e53568daae57026e66494d.jpg\"},{\"@type\":\"BreadcrumbList\",\"@id\":\"https:\/\/www.article-marketing.eu\/comunicati\/comunicati-stampa\/eventi\/il-groove-si-balla-al-ritmo-della-p-funking-band\/#breadcrumb\",\"itemListElement\":[{\"@type\":\"ListItem\",\"position\":1,\"name\":\"Home\",\"item\":\"https:\/\/www.article-marketing.eu\/comunicati\/\"},{\"@type\":\"ListItem\",\"position\":2,\"name\":\"Il Groove si balla al ritmo della P-Funking Band\"}]},{\"@type\":\"WebSite\",\"@id\":\"https:\/\/www.article-marketing.eu\/comunicati\/#website\",\"url\":\"https:\/\/www.article-marketing.eu\/comunicati\/\",\"name\":\"Article Marketing\",\"description\":\"article marketing &amp; press release\",\"potentialAction\":[{\"@type\":\"SearchAction\",\"target\":{\"@type\":\"EntryPoint\",\"urlTemplate\":\"https:\/\/www.article-marketing.eu\/comunicati\/?s={search_term_string}\"},\"query-input\":{\"@type\":\"PropertyValueSpecification\",\"valueRequired\":true,\"valueName\":\"search_term_string\"}}],\"inLanguage\":\"it-IT\"},{\"@type\":\"Person\",\"@id\":\"https:\/\/www.article-marketing.eu\/comunicati\/#\/schema\/person\/44372e4d4d0fa797b18e03ed1ace9017\",\"name\":\"Redazione Comunicati Stampa\",\"image\":{\"@type\":\"ImageObject\",\"inLanguage\":\"it-IT\",\"@id\":\"https:\/\/www.article-marketing.eu\/comunicati\/#\/schema\/person\/image\/\",\"url\":\"https:\/\/secure.gravatar.com\/avatar\/50e5c6421d3072f42e7ace803501602c60d75233d34e29fd05feb91c8760b792?s=96&d=mm&r=g\",\"contentUrl\":\"https:\/\/secure.gravatar.com\/avatar\/50e5c6421d3072f42e7ace803501602c60d75233d34e29fd05feb91c8760b792?s=96&d=mm&r=g\",\"caption\":\"Redazione Comunicati Stampa\"},\"url\":\"https:\/\/www.article-marketing.eu\/comunicati\/author\/redazione-comunicati-stampa\/\"}]}<\/script>\n<!-- \/ Yoast SEO plugin. -->","yoast_head_json":{"title":"Il Groove si balla al ritmo della P-Funking Band - Article Marketing","robots":{"index":"index","follow":"follow","max-snippet":"max-snippet:-1","max-image-preview":"max-image-preview:large","max-video-preview":"max-video-preview:-1"},"canonical":"https:\/\/www.article-marketing.eu\/comunicati\/comunicati-stampa\/eventi\/il-groove-si-balla-al-ritmo-della-p-funking-band\/","og_locale":"it_IT","og_type":"article","og_title":"Il Groove si balla al ritmo della P-Funking Band - Article Marketing","og_description":"PESCHICI - Il 5 luglio la P-Funking Band proporr\u00e0 il proprio spettacolo e anticiper\u00e0 il concerto di chiusura del Groove Master 5tet.","og_url":"https:\/\/www.article-marketing.eu\/comunicati\/comunicati-stampa\/eventi\/il-groove-si-balla-al-ritmo-della-p-funking-band\/","og_site_name":"Article Marketing","article_published_time":"2009-06-28T20:31:21+00:00","article_modified_time":"2018-06-04T18:17:10+00:00","og_image":[{"url":"http:\/\/c2.ac-images.myspacecdn.com\/images01\/99\/l_fe740b57c6e53568daae57026e66494d.jpg","type":"","width":"","height":""}],"author":"Redazione Comunicati Stampa","twitter_card":"summary_large_image","twitter_misc":{"Scritto da":"Redazione Comunicati Stampa","Tempo di lettura stimato":"2 minuti"},"schema":{"@context":"https:\/\/schema.org","@graph":[{"@type":"Article","@id":"https:\/\/www.article-marketing.eu\/comunicati\/comunicati-stampa\/eventi\/il-groove-si-balla-al-ritmo-della-p-funking-band\/#article","isPartOf":{"@id":"https:\/\/www.article-marketing.eu\/comunicati\/comunicati-stampa\/eventi\/il-groove-si-balla-al-ritmo-della-p-funking-band\/"},"author":{"name":"Redazione Comunicati Stampa","@id":"https:\/\/www.article-marketing.eu\/comunicati\/#\/schema\/person\/44372e4d4d0fa797b18e03ed1ace9017"},"headline":"Il Groove si balla al ritmo della P-Funking Band","datePublished":"2009-06-28T20:31:21+00:00","dateModified":"2018-06-04T18:17:10+00:00","mainEntityOfPage":{"@id":"https:\/\/www.article-marketing.eu\/comunicati\/comunicati-stampa\/eventi\/il-groove-si-balla-al-ritmo-della-p-funking-band\/"},"wordCount":458,"commentCount":0,"image":{"@id":"https:\/\/www.article-marketing.eu\/comunicati\/comunicati-stampa\/eventi\/il-groove-si-balla-al-ritmo-della-p-funking-band\/#primaryimage"},"thumbnailUrl":"http:\/\/c2.ac-images.myspacecdn.com\/images01\/99\/l_fe740b57c6e53568daae57026e66494d.jpg","keywords":["band emergenti","eventi puglia","funky","groove city summer","musica","p-funking band","peschici"],"articleSection":["Eventi"],"inLanguage":"it-IT","potentialAction":[{"@type":"CommentAction","name":"Comment","target":["https:\/\/www.article-marketing.eu\/comunicati\/comunicati-stampa\/eventi\/il-groove-si-balla-al-ritmo-della-p-funking-band\/#respond"]}]},{"@type":"WebPage","@id":"https:\/\/www.article-marketing.eu\/comunicati\/comunicati-stampa\/eventi\/il-groove-si-balla-al-ritmo-della-p-funking-band\/","url":"https:\/\/www.article-marketing.eu\/comunicati\/comunicati-stampa\/eventi\/il-groove-si-balla-al-ritmo-della-p-funking-band\/","name":"Il Groove si balla al ritmo della P-Funking Band - Article Marketing","isPartOf":{"@id":"https:\/\/www.article-marketing.eu\/comunicati\/#website"},"primaryImageOfPage":{"@id":"https:\/\/www.article-marketing.eu\/comunicati\/comunicati-stampa\/eventi\/il-groove-si-balla-al-ritmo-della-p-funking-band\/#primaryimage"},"image":{"@id":"https:\/\/www.article-marketing.eu\/comunicati\/comunicati-stampa\/eventi\/il-groove-si-balla-al-ritmo-della-p-funking-band\/#primaryimage"},"thumbnailUrl":"http:\/\/c2.ac-images.myspacecdn.com\/images01\/99\/l_fe740b57c6e53568daae57026e66494d.jpg","datePublished":"2009-06-28T20:31:21+00:00","dateModified":"2018-06-04T18:17:10+00:00","author":{"@id":"https:\/\/www.article-marketing.eu\/comunicati\/#\/schema\/person\/44372e4d4d0fa797b18e03ed1ace9017"},"breadcrumb":{"@id":"https:\/\/www.article-marketing.eu\/comunicati\/comunicati-stampa\/eventi\/il-groove-si-balla-al-ritmo-della-p-funking-band\/#breadcrumb"},"inLanguage":"it-IT","potentialAction":[{"@type":"ReadAction","target":["https:\/\/www.article-marketing.eu\/comunicati\/comunicati-stampa\/eventi\/il-groove-si-balla-al-ritmo-della-p-funking-band\/"]}]},{"@type":"ImageObject","inLanguage":"it-IT","@id":"https:\/\/www.article-marketing.eu\/comunicati\/comunicati-stampa\/eventi\/il-groove-si-balla-al-ritmo-della-p-funking-band\/#primaryimage","url":"http:\/\/c2.ac-images.myspacecdn.com\/images01\/99\/l_fe740b57c6e53568daae57026e66494d.jpg","contentUrl":"http:\/\/c2.ac-images.myspacecdn.com\/images01\/99\/l_fe740b57c6e53568daae57026e66494d.jpg"},{"@type":"BreadcrumbList","@id":"https:\/\/www.article-marketing.eu\/comunicati\/comunicati-stampa\/eventi\/il-groove-si-balla-al-ritmo-della-p-funking-band\/#breadcrumb","itemListElement":[{"@type":"ListItem","position":1,"name":"Home","item":"https:\/\/www.article-marketing.eu\/comunicati\/"},{"@type":"ListItem","position":2,"name":"Il Groove si balla al ritmo della P-Funking Band"}]},{"@type":"WebSite","@id":"https:\/\/www.article-marketing.eu\/comunicati\/#website","url":"https:\/\/www.article-marketing.eu\/comunicati\/","name":"Article Marketing","description":"article marketing &amp; press release","potentialAction":[{"@type":"SearchAction","target":{"@type":"EntryPoint","urlTemplate":"https:\/\/www.article-marketing.eu\/comunicati\/?s={search_term_string}"},"query-input":{"@type":"PropertyValueSpecification","valueRequired":true,"valueName":"search_term_string"}}],"inLanguage":"it-IT"},{"@type":"Person","@id":"https:\/\/www.article-marketing.eu\/comunicati\/#\/schema\/person\/44372e4d4d0fa797b18e03ed1ace9017","name":"Redazione Comunicati Stampa","image":{"@type":"ImageObject","inLanguage":"it-IT","@id":"https:\/\/www.article-marketing.eu\/comunicati\/#\/schema\/person\/image\/","url":"https:\/\/secure.gravatar.com\/avatar\/50e5c6421d3072f42e7ace803501602c60d75233d34e29fd05feb91c8760b792?s=96&d=mm&r=g","contentUrl":"https:\/\/secure.gravatar.com\/avatar\/50e5c6421d3072f42e7ace803501602c60d75233d34e29fd05feb91c8760b792?s=96&d=mm&r=g","caption":"Redazione Comunicati Stampa"},"url":"https:\/\/www.article-marketing.eu\/comunicati\/author\/redazione-comunicati-stampa\/"}]}},"_links":{"self":[{"href":"https:\/\/www.article-marketing.eu\/comunicati\/wp-json\/wp\/v2\/posts\/2282","targetHints":{"allow":["GET"]}}],"collection":[{"href":"https:\/\/www.article-marketing.eu\/comunicati\/wp-json\/wp\/v2\/posts"}],"about":[{"href":"https:\/\/www.article-marketing.eu\/comunicati\/wp-json\/wp\/v2\/types\/post"}],"author":[{"embeddable":true,"href":"https:\/\/www.article-marketing.eu\/comunicati\/wp-json\/wp\/v2\/users\/10"}],"replies":[{"embeddable":true,"href":"https:\/\/www.article-marketing.eu\/comunicati\/wp-json\/wp\/v2\/comments?post=2282"}],"version-history":[{"count":1,"href":"https:\/\/www.article-marketing.eu\/comunicati\/wp-json\/wp\/v2\/posts\/2282\/revisions"}],"predecessor-version":[{"id":55559,"href":"https:\/\/www.article-marketing.eu\/comunicati\/wp-json\/wp\/v2\/posts\/2282\/revisions\/55559"}],"wp:attachment":[{"href":"https:\/\/www.article-marketing.eu\/comunicati\/wp-json\/wp\/v2\/media?parent=2282"}],"wp:term":[{"taxonomy":"category","embeddable":true,"href":"https:\/\/www.article-marketing.eu\/comunicati\/wp-json\/wp\/v2\/categories?post=2282"},{"taxonomy":"post_tag","embeddable":true,"href":"https:\/\/www.article-marketing.eu\/comunicati\/wp-json\/wp\/v2\/tags?post=2282"}],"curies":[{"name":"wp","href":"https:\/\/api.w.org\/{rel}","templated":true}]}}