{"id":22849,"date":"2012-01-05T13:24:49","date_gmt":"2012-01-05T12:24:49","guid":{"rendered":"http:\/\/www.article-marketing.eu\/comunicati\/senza-categoria\/la-danza-delle-meduse-di-anita-olivetti-lartista-che-sognava-di-diventare-una-biologa\/"},"modified":"2012-01-05T13:24:49","modified_gmt":"2012-01-05T12:24:49","slug":"la-danza-delle-meduse-di-anita-olivetti-lartista-che-sognava-di-diventare-una-biologa","status":"publish","type":"post","link":"https:\/\/www.article-marketing.eu\/comunicati\/arte-e-cultura\/la-danza-delle-meduse-di-anita-olivetti-lartista-che-sognava-di-diventare-una-biologa\/","title":{"rendered":"&#8220;La danza delle meduse&#8221; di Anita Olivetti &#8211; L&#8217;artista che sognava di diventare una biologa"},"content":{"rendered":"<p><a href=\"http:\/\/www.archilight.it\/GetPage.pub_do?id=8a8a8ac118545b3f0118552b0eb70167&amp;_JPFORCEDINFO=4028e415349d66e501349e5dc4560026\">http:\/\/www.archilight.it\/GetPage.pub_do?id=8a8a8ac118545b3f0118552b0eb70167&amp;_JPFORCEDINFO=4028e415349d66e501349e5dc4560026<\/a><\/p>\n<p>&Eacute; stata tra i protagonisti del <strong>Festival Video Dia Loghi 2011<\/strong>, rassegna di Video Arte e Video d&#8217;Artista in programma a dicembre a Torino alla <strong>Galleria Velan Centro d&#8217;Arte Contemporanea<\/strong>. Si chiama <strong>Anita Olivetti<\/strong>, &egrave; un giovane artista piemontese e pi&ugrave; volte &egrave; stata premiata anche dall&#8217;Associazione per il Circuito dei Giovani Artisti Italiani per &#8216;il precoce talento&#8217;.<\/p>\n<p>Classe 1986, una laurea a pieni voti in Arte visiva e Discipline dello spettacolo, una specializzazione in Scultura e una passione per le immersioni subacquee. E un sogno da bambina, diventare una biologa marina. <strong>La sua arte inizia da qui<\/strong>.<\/p>\n<p>Che cosa nasconde il mare? Alghe, meduse, squali, palme&#8230;. un mondo che Anita conosce e ama e che oggi riproduce. Perch&eacute; tutti possano vivere l&#8217;illusione di un incontro con le &#8216;creature del mare&#8217;.<\/p>\n<p>E proprio loro, le meduse che fluttuano nelle acque, le piante che galleggiano, i pesci che nuotano sono i protagonisti delle sculture. Questi soggetti diventano <strong>linee luminose<\/strong> dai <strong>contorni evanescenti. <\/strong>Scheletri che, grazie<strong> a un gioco di chiari e scuri e luci e ombre<\/strong>, si trasformano in <strong>installazioni luminose<\/strong>.<\/p>\n<p>&#8220;<strong>Sono attratta dalla bioluminescenza<\/strong> degli animali marini e delle meduse in particolare, mi affascina la scia che lasciano. Ed &egrave; proprio questa traccia che ricreo con la luce&#8221; spiega Anita &#8220;le mie sculture senza la luce non sarebbero niente, sono lavori spenti. La luce risalta le sculture e d&agrave; loro un&#8217;anima&#8221;.<\/p>\n<p>In mostra a Torino, abbiamo visto &#8220;<strong>La danza delle meduse<\/strong>&#8221; e &#8220;<strong>Evoluzioni II<\/strong>&#8221; dove &egrave; molto forte l&#8217;illusione del movimento grazie all&#8217;uso del <strong>plexiglass<\/strong> e delle <strong>luci a Led<\/strong> di diverse dimensioni che <strong>delineano i confini della struttura<\/strong>.<\/p>\n<p>L&#8217;alluminio, l&#8217;acciaio, il ferro e la resina sono i materiali con cui lavora Anita, gli strumenti con cui plasma le sculture &#8220;marine&#8221;: diventano <strong>sagome sottili<\/strong> che prendono vita grazie a <strong>un uso attento e studiato della luce.<\/strong><br \/><strong><\/strong><br \/><strong><\/strong><br \/><strong><\/strong><br \/>She was one of the protagonists of the <strong>Festival Video Dia Loghi 2011<\/strong>, a festival of Art and Artists Videos organised in Turin in December at the <strong>Galleria Velan Centro d&#8217;Arte Contemporanea<\/strong>. Her name is <strong>Anita Olivetti<\/strong>; she is a young, many-time awarded artist from Piedmont, who has been recognized by the Association of the Network of Young Italian Artists for her &#8216;precocious talent&#8217;.<\/p>\n<p>Born in 1986, a degree earned with full honours in Visual Arts and Entertainment Disciplines, a major in Sculpture and a passion for scuba diving. As a child she wanted to be a marine biologist. <strong>Her art starts from then on<\/strong>.<\/p>\n<p>What does the sea hide? Seaweed, jellyfish, sharks, palm trees&#8230;a world that Anita loves and knows very well and that she tries to reproduce in her work, so that anyone can experience the illusion of encountering &#8216;marine creatures&#8217;.<\/p>\n<p>And it is precisely them, the floating jellyfish, the plants, and the fish, who are the protagonists of her sculptures. These subjects become <strong>luminous lines<\/strong> with <strong>evanescent profiles. <\/strong>They are<strong> <\/strong>skeleton<strong> <\/strong>outlines that are transformed into <strong>light installations<\/strong> thanks to <strong>a play of dark and light tones, a contrast between light and darkness<\/strong>.<\/p>\n","protected":false},"excerpt":{"rendered":"<p>\u00c9 stata tra i protagonisti del Festival Video Dia Loghi 2011, rassegna di Video Arte e Video d&#8217;Artista in programma a dicembre a Torino alla Galleria Velan Centro d&#8217;Arte Contemporanea. Si chiama Anita Olivetti, \u00e8 un giovane artista piemontese e pi\u00f9 volte \u00e8 stata premiata anche dall&#8217;Associazione per il Circuito dei Giovani Artisti Italiani per &#8216;il precoce talento&#8217;.<\/p>\n","protected":false},"author":10,"featured_media":0,"comment_status":"open","ping_status":"open","sticky":false,"template":"","format":"standard","meta":{"cybocfi_hide_featured_image":"","footnotes":""},"categories":[27],"tags":[32260,26375,32261,28922],"class_list":["post-22849","post","type-post","status-publish","format-standard","hentry","category-arte-e-cultura","tag-anita-olivetti","tag-archilight","tag-circuito-dei-giovani-artisti-italiani","tag-disano-illuminazione"],"yoast_head":"<!-- This site is optimized with the Yoast SEO plugin v27.0 - https:\/\/yoast.com\/product\/yoast-seo-wordpress\/ -->\n<title>&quot;La danza delle meduse&quot; di Anita Olivetti - L&#039;artista che sognava di diventare una biologa - Article Marketing<\/title>\n<meta name=\"robots\" content=\"index, follow, max-snippet:-1, max-image-preview:large, max-video-preview:-1\" \/>\n<link rel=\"canonical\" href=\"https:\/\/www.article-marketing.eu\/comunicati\/arte-e-cultura\/la-danza-delle-meduse-di-anita-olivetti-lartista-che-sognava-di-diventare-una-biologa\/\" \/>\n<meta property=\"og:locale\" content=\"it_IT\" \/>\n<meta property=\"og:type\" content=\"article\" \/>\n<meta property=\"og:title\" content=\"&quot;La danza delle meduse&quot; di Anita Olivetti - L&#039;artista che sognava di diventare una biologa - Article Marketing\" \/>\n<meta property=\"og:description\" content=\"\u00c9 stata tra i protagonisti del Festival Video Dia Loghi 2011, rassegna di Video Arte e Video d&#039;Artista in programma a dicembre a Torino alla Galleria Velan Centro d&#039;Arte Contemporanea. Si chiama Anita Olivetti, \u00e8 un giovane artista piemontese e pi\u00f9 volte \u00e8 stata premiata anche dall&#039;Associazione per il Circuito dei Giovani Artisti Italiani per &#039;il precoce talento&#039;.\" \/>\n<meta property=\"og:url\" content=\"https:\/\/www.article-marketing.eu\/comunicati\/arte-e-cultura\/la-danza-delle-meduse-di-anita-olivetti-lartista-che-sognava-di-diventare-una-biologa\/\" \/>\n<meta property=\"og:site_name\" content=\"Article Marketing\" \/>\n<meta property=\"article:published_time\" content=\"2012-01-05T12:24:49+00:00\" \/>\n<meta name=\"author\" content=\"Redazione Comunicati Stampa\" \/>\n<meta name=\"twitter:card\" content=\"summary_large_image\" \/>\n<meta name=\"twitter:label1\" content=\"Scritto da\" \/>\n\t<meta name=\"twitter:data1\" content=\"Redazione Comunicati Stampa\" \/>\n\t<meta name=\"twitter:label2\" content=\"Tempo di lettura stimato\" \/>\n\t<meta name=\"twitter:data2\" content=\"3 minuti\" \/>\n<script type=\"application\/ld+json\" class=\"yoast-schema-graph\">{\"@context\":\"https:\/\/schema.org\",\"@graph\":[{\"@type\":\"Article\",\"@id\":\"https:\/\/www.article-marketing.eu\/comunicati\/arte-e-cultura\/la-danza-delle-meduse-di-anita-olivetti-lartista-che-sognava-di-diventare-una-biologa\/#article\",\"isPartOf\":{\"@id\":\"https:\/\/www.article-marketing.eu\/comunicati\/arte-e-cultura\/la-danza-delle-meduse-di-anita-olivetti-lartista-che-sognava-di-diventare-una-biologa\/\"},\"author\":{\"name\":\"Redazione Comunicati Stampa\",\"@id\":\"https:\/\/www.article-marketing.eu\/comunicati\/#\/schema\/person\/44372e4d4d0fa797b18e03ed1ace9017\"},\"headline\":\"&#8220;La danza delle meduse&#8221; di Anita Olivetti &#8211; L&#8217;artista che sognava di diventare una biologa\",\"datePublished\":\"2012-01-05T12:24:49+00:00\",\"mainEntityOfPage\":{\"@id\":\"https:\/\/www.article-marketing.eu\/comunicati\/arte-e-cultura\/la-danza-delle-meduse-di-anita-olivetti-lartista-che-sognava-di-diventare-una-biologa\/\"},\"wordCount\":539,\"commentCount\":0,\"keywords\":[\"Anita Olivetti\",\"archilight\",\"Circuito dei Giovani Artisti Italiani\",\"Disano Illuminazione\"],\"articleSection\":[\"Arte e cultura\"],\"inLanguage\":\"it-IT\",\"potentialAction\":[{\"@type\":\"CommentAction\",\"name\":\"Comment\",\"target\":[\"https:\/\/www.article-marketing.eu\/comunicati\/arte-e-cultura\/la-danza-delle-meduse-di-anita-olivetti-lartista-che-sognava-di-diventare-una-biologa\/#respond\"]}]},{\"@type\":\"WebPage\",\"@id\":\"https:\/\/www.article-marketing.eu\/comunicati\/arte-e-cultura\/la-danza-delle-meduse-di-anita-olivetti-lartista-che-sognava-di-diventare-una-biologa\/\",\"url\":\"https:\/\/www.article-marketing.eu\/comunicati\/arte-e-cultura\/la-danza-delle-meduse-di-anita-olivetti-lartista-che-sognava-di-diventare-una-biologa\/\",\"name\":\"\\\"La danza delle meduse\\\" di Anita Olivetti - L'artista che sognava di diventare una biologa - Article Marketing\",\"isPartOf\":{\"@id\":\"https:\/\/www.article-marketing.eu\/comunicati\/#website\"},\"datePublished\":\"2012-01-05T12:24:49+00:00\",\"author\":{\"@id\":\"https:\/\/www.article-marketing.eu\/comunicati\/#\/schema\/person\/44372e4d4d0fa797b18e03ed1ace9017\"},\"breadcrumb\":{\"@id\":\"https:\/\/www.article-marketing.eu\/comunicati\/arte-e-cultura\/la-danza-delle-meduse-di-anita-olivetti-lartista-che-sognava-di-diventare-una-biologa\/#breadcrumb\"},\"inLanguage\":\"it-IT\",\"potentialAction\":[{\"@type\":\"ReadAction\",\"target\":[\"https:\/\/www.article-marketing.eu\/comunicati\/arte-e-cultura\/la-danza-delle-meduse-di-anita-olivetti-lartista-che-sognava-di-diventare-una-biologa\/\"]}]},{\"@type\":\"BreadcrumbList\",\"@id\":\"https:\/\/www.article-marketing.eu\/comunicati\/arte-e-cultura\/la-danza-delle-meduse-di-anita-olivetti-lartista-che-sognava-di-diventare-una-biologa\/#breadcrumb\",\"itemListElement\":[{\"@type\":\"ListItem\",\"position\":1,\"name\":\"Home\",\"item\":\"https:\/\/www.article-marketing.eu\/comunicati\/\"},{\"@type\":\"ListItem\",\"position\":2,\"name\":\"&#8220;La danza delle meduse&#8221; di Anita Olivetti &#8211; L&#8217;artista che sognava di diventare una biologa\"}]},{\"@type\":\"WebSite\",\"@id\":\"https:\/\/www.article-marketing.eu\/comunicati\/#website\",\"url\":\"https:\/\/www.article-marketing.eu\/comunicati\/\",\"name\":\"Article Marketing\",\"description\":\"article marketing &amp; press release\",\"potentialAction\":[{\"@type\":\"SearchAction\",\"target\":{\"@type\":\"EntryPoint\",\"urlTemplate\":\"https:\/\/www.article-marketing.eu\/comunicati\/?s={search_term_string}\"},\"query-input\":{\"@type\":\"PropertyValueSpecification\",\"valueRequired\":true,\"valueName\":\"search_term_string\"}}],\"inLanguage\":\"it-IT\"},{\"@type\":\"Person\",\"@id\":\"https:\/\/www.article-marketing.eu\/comunicati\/#\/schema\/person\/44372e4d4d0fa797b18e03ed1ace9017\",\"name\":\"Redazione Comunicati Stampa\",\"image\":{\"@type\":\"ImageObject\",\"inLanguage\":\"it-IT\",\"@id\":\"https:\/\/www.article-marketing.eu\/comunicati\/#\/schema\/person\/image\/\",\"url\":\"https:\/\/secure.gravatar.com\/avatar\/50e5c6421d3072f42e7ace803501602c60d75233d34e29fd05feb91c8760b792?s=96&d=mm&r=g\",\"contentUrl\":\"https:\/\/secure.gravatar.com\/avatar\/50e5c6421d3072f42e7ace803501602c60d75233d34e29fd05feb91c8760b792?s=96&d=mm&r=g\",\"caption\":\"Redazione Comunicati Stampa\"},\"url\":\"https:\/\/www.article-marketing.eu\/comunicati\/author\/redazione-comunicati-stampa\/\"}]}<\/script>\n<!-- \/ Yoast SEO plugin. -->","yoast_head_json":{"title":"\"La danza delle meduse\" di Anita Olivetti - L'artista che sognava di diventare una biologa - Article Marketing","robots":{"index":"index","follow":"follow","max-snippet":"max-snippet:-1","max-image-preview":"max-image-preview:large","max-video-preview":"max-video-preview:-1"},"canonical":"https:\/\/www.article-marketing.eu\/comunicati\/arte-e-cultura\/la-danza-delle-meduse-di-anita-olivetti-lartista-che-sognava-di-diventare-una-biologa\/","og_locale":"it_IT","og_type":"article","og_title":"\"La danza delle meduse\" di Anita Olivetti - L'artista che sognava di diventare una biologa - Article Marketing","og_description":"\u00c9 stata tra i protagonisti del Festival Video Dia Loghi 2011, rassegna di Video Arte e Video d'Artista in programma a dicembre a Torino alla Galleria Velan Centro d'Arte Contemporanea. Si chiama Anita Olivetti, \u00e8 un giovane artista piemontese e pi\u00f9 volte \u00e8 stata premiata anche dall'Associazione per il Circuito dei Giovani Artisti Italiani per 'il precoce talento'.","og_url":"https:\/\/www.article-marketing.eu\/comunicati\/arte-e-cultura\/la-danza-delle-meduse-di-anita-olivetti-lartista-che-sognava-di-diventare-una-biologa\/","og_site_name":"Article Marketing","article_published_time":"2012-01-05T12:24:49+00:00","author":"Redazione Comunicati Stampa","twitter_card":"summary_large_image","twitter_misc":{"Scritto da":"Redazione Comunicati Stampa","Tempo di lettura stimato":"3 minuti"},"schema":{"@context":"https:\/\/schema.org","@graph":[{"@type":"Article","@id":"https:\/\/www.article-marketing.eu\/comunicati\/arte-e-cultura\/la-danza-delle-meduse-di-anita-olivetti-lartista-che-sognava-di-diventare-una-biologa\/#article","isPartOf":{"@id":"https:\/\/www.article-marketing.eu\/comunicati\/arte-e-cultura\/la-danza-delle-meduse-di-anita-olivetti-lartista-che-sognava-di-diventare-una-biologa\/"},"author":{"name":"Redazione Comunicati Stampa","@id":"https:\/\/www.article-marketing.eu\/comunicati\/#\/schema\/person\/44372e4d4d0fa797b18e03ed1ace9017"},"headline":"&#8220;La danza delle meduse&#8221; di Anita Olivetti &#8211; L&#8217;artista che sognava di diventare una biologa","datePublished":"2012-01-05T12:24:49+00:00","mainEntityOfPage":{"@id":"https:\/\/www.article-marketing.eu\/comunicati\/arte-e-cultura\/la-danza-delle-meduse-di-anita-olivetti-lartista-che-sognava-di-diventare-una-biologa\/"},"wordCount":539,"commentCount":0,"keywords":["Anita Olivetti","archilight","Circuito dei Giovani Artisti Italiani","Disano Illuminazione"],"articleSection":["Arte e cultura"],"inLanguage":"it-IT","potentialAction":[{"@type":"CommentAction","name":"Comment","target":["https:\/\/www.article-marketing.eu\/comunicati\/arte-e-cultura\/la-danza-delle-meduse-di-anita-olivetti-lartista-che-sognava-di-diventare-una-biologa\/#respond"]}]},{"@type":"WebPage","@id":"https:\/\/www.article-marketing.eu\/comunicati\/arte-e-cultura\/la-danza-delle-meduse-di-anita-olivetti-lartista-che-sognava-di-diventare-una-biologa\/","url":"https:\/\/www.article-marketing.eu\/comunicati\/arte-e-cultura\/la-danza-delle-meduse-di-anita-olivetti-lartista-che-sognava-di-diventare-una-biologa\/","name":"\"La danza delle meduse\" di Anita Olivetti - L'artista che sognava di diventare una biologa - Article Marketing","isPartOf":{"@id":"https:\/\/www.article-marketing.eu\/comunicati\/#website"},"datePublished":"2012-01-05T12:24:49+00:00","author":{"@id":"https:\/\/www.article-marketing.eu\/comunicati\/#\/schema\/person\/44372e4d4d0fa797b18e03ed1ace9017"},"breadcrumb":{"@id":"https:\/\/www.article-marketing.eu\/comunicati\/arte-e-cultura\/la-danza-delle-meduse-di-anita-olivetti-lartista-che-sognava-di-diventare-una-biologa\/#breadcrumb"},"inLanguage":"it-IT","potentialAction":[{"@type":"ReadAction","target":["https:\/\/www.article-marketing.eu\/comunicati\/arte-e-cultura\/la-danza-delle-meduse-di-anita-olivetti-lartista-che-sognava-di-diventare-una-biologa\/"]}]},{"@type":"BreadcrumbList","@id":"https:\/\/www.article-marketing.eu\/comunicati\/arte-e-cultura\/la-danza-delle-meduse-di-anita-olivetti-lartista-che-sognava-di-diventare-una-biologa\/#breadcrumb","itemListElement":[{"@type":"ListItem","position":1,"name":"Home","item":"https:\/\/www.article-marketing.eu\/comunicati\/"},{"@type":"ListItem","position":2,"name":"&#8220;La danza delle meduse&#8221; di Anita Olivetti &#8211; L&#8217;artista che sognava di diventare una biologa"}]},{"@type":"WebSite","@id":"https:\/\/www.article-marketing.eu\/comunicati\/#website","url":"https:\/\/www.article-marketing.eu\/comunicati\/","name":"Article Marketing","description":"article marketing &amp; press release","potentialAction":[{"@type":"SearchAction","target":{"@type":"EntryPoint","urlTemplate":"https:\/\/www.article-marketing.eu\/comunicati\/?s={search_term_string}"},"query-input":{"@type":"PropertyValueSpecification","valueRequired":true,"valueName":"search_term_string"}}],"inLanguage":"it-IT"},{"@type":"Person","@id":"https:\/\/www.article-marketing.eu\/comunicati\/#\/schema\/person\/44372e4d4d0fa797b18e03ed1ace9017","name":"Redazione Comunicati Stampa","image":{"@type":"ImageObject","inLanguage":"it-IT","@id":"https:\/\/www.article-marketing.eu\/comunicati\/#\/schema\/person\/image\/","url":"https:\/\/secure.gravatar.com\/avatar\/50e5c6421d3072f42e7ace803501602c60d75233d34e29fd05feb91c8760b792?s=96&d=mm&r=g","contentUrl":"https:\/\/secure.gravatar.com\/avatar\/50e5c6421d3072f42e7ace803501602c60d75233d34e29fd05feb91c8760b792?s=96&d=mm&r=g","caption":"Redazione Comunicati Stampa"},"url":"https:\/\/www.article-marketing.eu\/comunicati\/author\/redazione-comunicati-stampa\/"}]}},"_links":{"self":[{"href":"https:\/\/www.article-marketing.eu\/comunicati\/wp-json\/wp\/v2\/posts\/22849","targetHints":{"allow":["GET"]}}],"collection":[{"href":"https:\/\/www.article-marketing.eu\/comunicati\/wp-json\/wp\/v2\/posts"}],"about":[{"href":"https:\/\/www.article-marketing.eu\/comunicati\/wp-json\/wp\/v2\/types\/post"}],"author":[{"embeddable":true,"href":"https:\/\/www.article-marketing.eu\/comunicati\/wp-json\/wp\/v2\/users\/10"}],"replies":[{"embeddable":true,"href":"https:\/\/www.article-marketing.eu\/comunicati\/wp-json\/wp\/v2\/comments?post=22849"}],"version-history":[{"count":0,"href":"https:\/\/www.article-marketing.eu\/comunicati\/wp-json\/wp\/v2\/posts\/22849\/revisions"}],"wp:attachment":[{"href":"https:\/\/www.article-marketing.eu\/comunicati\/wp-json\/wp\/v2\/media?parent=22849"}],"wp:term":[{"taxonomy":"category","embeddable":true,"href":"https:\/\/www.article-marketing.eu\/comunicati\/wp-json\/wp\/v2\/categories?post=22849"},{"taxonomy":"post_tag","embeddable":true,"href":"https:\/\/www.article-marketing.eu\/comunicati\/wp-json\/wp\/v2\/tags?post=22849"}],"curies":[{"name":"wp","href":"https:\/\/api.w.org\/{rel}","templated":true}]}}