{"id":22885,"date":"2012-01-12T10:57:16","date_gmt":"2012-01-12T09:57:16","guid":{"rendered":"http:\/\/www.article-marketing.eu\/comunicati\/senza-categoria\/cronaca-di-un-tour-tra-i-presepi-romani_1\/"},"modified":"2012-01-12T10:57:16","modified_gmt":"2012-01-12T09:57:16","slug":"cronaca-di-un-tour-tra-i-presepi-romani_1","status":"publish","type":"post","link":"https:\/\/www.article-marketing.eu\/comunicati\/arte-e-cultura\/cronaca-di-un-tour-tra-i-presepi-romani_1\/","title":{"rendered":"Cronaca di un tour tra i presepi romani"},"content":{"rendered":"<p><a href=\"\/uploads\/images\/u_4267\/thumb_presepe2.gif\" class=\"image\"><img decoding=\"async\" src=\"\/uploads\/images\/u_4267\/thumb_presepe2.gif\" border=\"0\" \/><\/a><\/p>\n<p>A feste natalizie ormai chiuse, la cronaca del tour dei presepi romani &egrave; un&rsquo;occasione per ricordare come la tradizione della raffigurazione della Sacra famiglia sia fortemente radicata in Italia e come abbia portato spesso alla creazione di veri e propri gioielli di cultura popolare. La bellezza e la ricchezza artistica dei luoghi visitati e le informazioni fornite sulla capitale possono sicuramente essere utili per un viaggio che dura tutto l&rsquo;anno.<\/p>\n<p><strong style=\"mso-bidi-font-weight: normal;\">Roma contiene una quantit&agrave; di tesori nascosti inimmaginabili<\/strong>. Tra questi vi sono senza dubbio i numerosi presepi presenti in diverse chiese, basiliche e luoghi anche meno &ldquo;religiosi&rdquo;. <\/p>\n<p>Gli evangelisti Luca e Matteo sono stati i primi a descrivere la <strong style=\"mso-bidi-font-weight: normal;\">Nativit&agrave;<\/strong> con la sacra rappresentazione del presepe (prende il nome latino di <em style=\"mso-bidi-font-style: normal;\">praesepium<\/em>: mangiatoia). Poich&eacute; Maria e Giuseppe, non trovando altro posto, fecero nascer Ges&ugrave; in una mangiatoia. Ad oggi la rappresentazione della Nativit&agrave; avviene tramite la realizzazione dei <strong style=\"mso-bidi-font-weight: normal;\">presepi<\/strong> nei modi pi&ugrave; svariati e curiosi, non &egrave; pi&ugrave; un fatto solo religioso ma anche di cultura popolare.<br \/><strong> <\/strong><br \/>La tradizione data le origini del presepe al 1223, anno in cui Francesco d&rsquo;Assisi organizz&ograve; un presepe con personaggi viventi a Greccio. In seguito si diffuse nel Napoletano e poi in tutta Italia differenziandosi, nelle varie regioni, per i diversi prodotti e materiali utilizzati per ricreare la scena della nascita di Ges&ugrave;.<br \/>Si ricorda il <strong style=\"mso-bidi-font-weight: normal;\">presepe genovese<\/strong> che si realizza con pastori in legno, il <strong style=\"mso-bidi-font-weight: normal;\">presepe pugliese<\/strong> che utilizza la carta pesta per realizzare il prodotto finito, il <strong style=\"mso-bidi-font-weight: normal;\">presepe siciliano<\/strong> creato con l&rsquo;aggiunta di prodotti tipici siciliani come rami; ed infine il <strong style=\"mso-bidi-font-weight: normal;\">presepe napoletano<\/strong> che si caratterizza per la costruzione di pastori in terracotta.<br \/><strong style=\"mso-bidi-font-weight: normal;\">A Roma<\/strong> vi sono numerosi presepi, alcuni molto famosi altri meno conosciuti, se vi trovate in citt&agrave; nel periodo natalizio, perch&eacute; non visitarne alcuni? <\/p>\n<p>Ecco di seguito l&rsquo;idea:<\/p>\n<p><strong>Mezzi di trasporto<\/strong><br \/>C&rsquo;&egrave; la possibilit&agrave; di usare i mezzi pubblici o fare delle belle passeggiate per il centro, oppure affittare la bicicletta, c&rsquo;&egrave; bikeaway (aperto sempre dalle 10 alle 19 in Via di Monte del Gallo, 25) oppure &egrave; possibile utilizzare il servizio del comune bikesharing Roma.<\/p>\n<p><strong>Tappe ed orari per tour in bicicletta di un pomeriggio<\/strong><br \/>Presepio dei Netturbini Romani Via dei Cavalleggeri, 5 (14:30 -14:45)<br \/>Museo di Roma in Trastevere Piazza Sant&rsquo;Egidio 1\/b (15:00-16:00)<br \/>Basilica dei SS. Cosma e Damiano Via dei Fori Imperiali, 1 (16:20-16:40)<br \/>Basilica di Santa Maria in Aracoeli Piazza del Campidoglio, 4 (17:00-17:20)<br \/>Chiesa San Marcello al Corso Piazza San Marcello, 5 (17:40-18:00)<br \/>Santa Maria in Trivio Piazza dei Crociferi (18:20-18:40)<br \/>Basilica dei S.S. XII Apostoli piazza Santi Apostoli (18:50-19:00)<br \/>Santa Maria in Via del Mortaro 24 (19:10-19:30 funzione liturgica ore 19)<br \/>Piazza Navona (19:50-20:00)<br \/>San Pietro (20:20-20:30)<\/p>\n<p><strong>Cosa portare per il tour in bici:<\/strong><br \/>Abbigliamento adeguato in funzione del freddo (consigliato uno zainetto in cui riporre una giacca vento e un pile non necessari alla partenza). La borraccia non serve perch&eacute; la citt&agrave; &egrave; piena di &ldquo;nasoni&rdquo;: tipiche fontane di Roma dove &egrave; possibile bere. Mentre &egrave; utile qualche zolletta di zucchero e un panino per dare energia alla pedalata. Munirsi di una cartina dettagliata del centro.<\/p>\n<p><strong>Tappe ed orari per tour a piedi di una giornata<\/strong><br \/>&#8211; Presepio dei Netturbini Romani, Via dei Cavalleggeri 5 (9:00-9:15). Per arrivare alla tappa successiva &egrave; molto bello seguire la passeggiata del Gianicolo dove &egrave; possibile contemplare la citt&agrave; dall&rsquo;alto e scendere per via Garibaldi che porta a Trastevere.<br \/>&#8211; Museo di Roma in Trastevere, Piazza Sant&rsquo;Egidio 1\/b (10:15-10:30) Attraversare Ponte Sisto, storico ponte pedonale ristrutturato da poco, proseguire dritto per Via dei Pettinari, svoltare a destra in Via dei Giubbonari, qui &egrave; possibile visitare il quartiere ebraico e volendo Piazza Venezia e prendere Via del Corso per arrivare alla tappa successiva.<br \/>&#8211; Chiesa San Marcello al Corso, Piazza San Marcello 5 (11:30-11:45). Per la prossima tappa basta seguire ancora via del Corso.<br \/>&#8211; Santa Maria in Trivio, Piazza dei Crociferi (12:00-12:15). Anche in questo caso la tappa successiva &egrave; vicinissima.<br \/>&#8211; Basilica dei S.S. XII Apostoli, Piazza Santi Apostoli (12:30-12:45). <strong style=\"mso-bidi-font-weight: normal;\">Dopo questa visita vi potrete concedere un buon pranzo alla Piazza del Pantheon e prendervi un forte caff&egrave; tradizionale<\/strong> alla &ldquo;Casa del caff&egrave; Tazza d&rsquo;oro&rdquo;, oppure, se non fa troppo freddo, un gelato artigianale al &ldquo;Fiocco di Neve&rdquo;. Per poi proseguire per via Armando al Pantheon e via del Salvatore verso Piazza Navona <br \/>-Piazza Navona (15:00-15:15) Il tour si conclude tornando vicino al punto partenza<br \/>-San Pietro (17:00-17:30)<br \/><strong> <\/strong><br \/><strong>Cosa portare per il tour a piedi:<\/strong><br \/>Abbigliamento adeguato in funzione del freddo (consigliato uno zainetto in cui riporre una giacca vento e un pile non necessari alla partenza). Munirsi di una cartina dettagliata del centro e scarpe comode per camminare.<\/p>\n<p><strong>Dove alloggiare<\/strong><br \/>Per il vostro soggiorni romano, nella zona accanto a San Pietro (punto di partenza e arrivo di questo tour) ci sono 4 appartamenti disponibili per periodi brevi o lunghi. Ulteriori informazioni sulla mappa di Roma con gli appartamenti in affitto.<\/p>\n","protected":false},"excerpt":{"rendered":"<p>Roma \u00e8 la citt\u00e0 dai mille volti e dai mille tesori artistici. A Natale si \u00e8 arricchita di altri gioielli: i presepi. Preziose e commoventi testimonianze di adorazione.<\/p>\n","protected":false},"author":10,"featured_media":0,"comment_status":"open","ping_status":"open","sticky":false,"template":"","format":"standard","meta":{"cybocfi_hide_featured_image":"","footnotes":""},"categories":[27],"tags":[2324,3016,11332,251,32318,6097],"class_list":["post-22885","post","type-post","status-publish","format-standard","hentry","category-arte-e-cultura","tag-appartamenti-in-affitto","tag-presepe","tag-presepi","tag-roma","tag-tour-bicicletta","tag-turismo-roma"],"yoast_head":"<!-- This site is optimized with the Yoast SEO plugin v27.0 - https:\/\/yoast.com\/product\/yoast-seo-wordpress\/ -->\n<title>Cronaca di un tour tra i presepi romani - Article Marketing<\/title>\n<meta name=\"robots\" content=\"index, follow, max-snippet:-1, max-image-preview:large, max-video-preview:-1\" \/>\n<link rel=\"canonical\" href=\"https:\/\/www.article-marketing.eu\/comunicati\/arte-e-cultura\/cronaca-di-un-tour-tra-i-presepi-romani_1\/\" \/>\n<meta property=\"og:locale\" content=\"it_IT\" \/>\n<meta property=\"og:type\" content=\"article\" \/>\n<meta property=\"og:title\" content=\"Cronaca di un tour tra i presepi romani - Article Marketing\" \/>\n<meta property=\"og:description\" content=\"Roma \u00e8 la citt\u00e0 dai mille volti e dai mille tesori artistici. A Natale si \u00e8 arricchita di altri gioielli: i presepi. Preziose e commoventi testimonianze di adorazione.\" \/>\n<meta property=\"og:url\" content=\"https:\/\/www.article-marketing.eu\/comunicati\/arte-e-cultura\/cronaca-di-un-tour-tra-i-presepi-romani_1\/\" \/>\n<meta property=\"og:site_name\" content=\"Article Marketing\" \/>\n<meta property=\"article:published_time\" content=\"2012-01-12T09:57:16+00:00\" \/>\n<meta property=\"og:image\" content=\"https:\/\/www.article-marketing.eu\/uploads\/images\/u_4267\/thumb_presepe2.gif\" \/>\n<meta name=\"author\" content=\"Redazione Comunicati Stampa\" \/>\n<meta name=\"twitter:card\" content=\"summary_large_image\" \/>\n<meta name=\"twitter:label1\" content=\"Scritto da\" \/>\n\t<meta name=\"twitter:data1\" content=\"Redazione Comunicati Stampa\" \/>\n\t<meta name=\"twitter:label2\" content=\"Tempo di lettura stimato\" \/>\n\t<meta name=\"twitter:data2\" content=\"4 minuti\" \/>\n<script type=\"application\/ld+json\" class=\"yoast-schema-graph\">{\"@context\":\"https:\/\/schema.org\",\"@graph\":[{\"@type\":\"Article\",\"@id\":\"https:\/\/www.article-marketing.eu\/comunicati\/arte-e-cultura\/cronaca-di-un-tour-tra-i-presepi-romani_1\/#article\",\"isPartOf\":{\"@id\":\"https:\/\/www.article-marketing.eu\/comunicati\/arte-e-cultura\/cronaca-di-un-tour-tra-i-presepi-romani_1\/\"},\"author\":{\"name\":\"Redazione Comunicati Stampa\",\"@id\":\"https:\/\/www.article-marketing.eu\/comunicati\/#\/schema\/person\/44372e4d4d0fa797b18e03ed1ace9017\"},\"headline\":\"Cronaca di un tour tra i presepi romani\",\"datePublished\":\"2012-01-12T09:57:16+00:00\",\"mainEntityOfPage\":{\"@id\":\"https:\/\/www.article-marketing.eu\/comunicati\/arte-e-cultura\/cronaca-di-un-tour-tra-i-presepi-romani_1\/\"},\"wordCount\":858,\"commentCount\":0,\"keywords\":[\"appartamenti in affitto\",\"presepe\",\"presepi\",\"roma\",\"tour bicicletta\",\"turismo roma\"],\"articleSection\":[\"Arte e cultura\"],\"inLanguage\":\"it-IT\",\"potentialAction\":[{\"@type\":\"CommentAction\",\"name\":\"Comment\",\"target\":[\"https:\/\/www.article-marketing.eu\/comunicati\/arte-e-cultura\/cronaca-di-un-tour-tra-i-presepi-romani_1\/#respond\"]}]},{\"@type\":\"WebPage\",\"@id\":\"https:\/\/www.article-marketing.eu\/comunicati\/arte-e-cultura\/cronaca-di-un-tour-tra-i-presepi-romani_1\/\",\"url\":\"https:\/\/www.article-marketing.eu\/comunicati\/arte-e-cultura\/cronaca-di-un-tour-tra-i-presepi-romani_1\/\",\"name\":\"Cronaca di un tour tra i presepi romani - Article Marketing\",\"isPartOf\":{\"@id\":\"https:\/\/www.article-marketing.eu\/comunicati\/#website\"},\"datePublished\":\"2012-01-12T09:57:16+00:00\",\"author\":{\"@id\":\"https:\/\/www.article-marketing.eu\/comunicati\/#\/schema\/person\/44372e4d4d0fa797b18e03ed1ace9017\"},\"breadcrumb\":{\"@id\":\"https:\/\/www.article-marketing.eu\/comunicati\/arte-e-cultura\/cronaca-di-un-tour-tra-i-presepi-romani_1\/#breadcrumb\"},\"inLanguage\":\"it-IT\",\"potentialAction\":[{\"@type\":\"ReadAction\",\"target\":[\"https:\/\/www.article-marketing.eu\/comunicati\/arte-e-cultura\/cronaca-di-un-tour-tra-i-presepi-romani_1\/\"]}]},{\"@type\":\"BreadcrumbList\",\"@id\":\"https:\/\/www.article-marketing.eu\/comunicati\/arte-e-cultura\/cronaca-di-un-tour-tra-i-presepi-romani_1\/#breadcrumb\",\"itemListElement\":[{\"@type\":\"ListItem\",\"position\":1,\"name\":\"Home\",\"item\":\"https:\/\/www.article-marketing.eu\/comunicati\/\"},{\"@type\":\"ListItem\",\"position\":2,\"name\":\"Cronaca di un tour tra i presepi romani\"}]},{\"@type\":\"WebSite\",\"@id\":\"https:\/\/www.article-marketing.eu\/comunicati\/#website\",\"url\":\"https:\/\/www.article-marketing.eu\/comunicati\/\",\"name\":\"Article Marketing\",\"description\":\"article marketing &amp; press release\",\"potentialAction\":[{\"@type\":\"SearchAction\",\"target\":{\"@type\":\"EntryPoint\",\"urlTemplate\":\"https:\/\/www.article-marketing.eu\/comunicati\/?s={search_term_string}\"},\"query-input\":{\"@type\":\"PropertyValueSpecification\",\"valueRequired\":true,\"valueName\":\"search_term_string\"}}],\"inLanguage\":\"it-IT\"},{\"@type\":\"Person\",\"@id\":\"https:\/\/www.article-marketing.eu\/comunicati\/#\/schema\/person\/44372e4d4d0fa797b18e03ed1ace9017\",\"name\":\"Redazione Comunicati Stampa\",\"image\":{\"@type\":\"ImageObject\",\"inLanguage\":\"it-IT\",\"@id\":\"https:\/\/www.article-marketing.eu\/comunicati\/#\/schema\/person\/image\/\",\"url\":\"https:\/\/secure.gravatar.com\/avatar\/50e5c6421d3072f42e7ace803501602c60d75233d34e29fd05feb91c8760b792?s=96&d=mm&r=g\",\"contentUrl\":\"https:\/\/secure.gravatar.com\/avatar\/50e5c6421d3072f42e7ace803501602c60d75233d34e29fd05feb91c8760b792?s=96&d=mm&r=g\",\"caption\":\"Redazione Comunicati Stampa\"},\"url\":\"https:\/\/www.article-marketing.eu\/comunicati\/author\/redazione-comunicati-stampa\/\"}]}<\/script>\n<!-- \/ Yoast SEO plugin. -->","yoast_head_json":{"title":"Cronaca di un tour tra i presepi romani - Article Marketing","robots":{"index":"index","follow":"follow","max-snippet":"max-snippet:-1","max-image-preview":"max-image-preview:large","max-video-preview":"max-video-preview:-1"},"canonical":"https:\/\/www.article-marketing.eu\/comunicati\/arte-e-cultura\/cronaca-di-un-tour-tra-i-presepi-romani_1\/","og_locale":"it_IT","og_type":"article","og_title":"Cronaca di un tour tra i presepi romani - Article Marketing","og_description":"Roma \u00e8 la citt\u00e0 dai mille volti e dai mille tesori artistici. A Natale si \u00e8 arricchita di altri gioielli: i presepi. Preziose e commoventi testimonianze di adorazione.","og_url":"https:\/\/www.article-marketing.eu\/comunicati\/arte-e-cultura\/cronaca-di-un-tour-tra-i-presepi-romani_1\/","og_site_name":"Article Marketing","article_published_time":"2012-01-12T09:57:16+00:00","og_image":[{"url":"https:\/\/www.article-marketing.eu\/uploads\/images\/u_4267\/thumb_presepe2.gif","type":"","width":"","height":""}],"author":"Redazione Comunicati Stampa","twitter_card":"summary_large_image","twitter_misc":{"Scritto da":"Redazione Comunicati Stampa","Tempo di lettura stimato":"4 minuti"},"schema":{"@context":"https:\/\/schema.org","@graph":[{"@type":"Article","@id":"https:\/\/www.article-marketing.eu\/comunicati\/arte-e-cultura\/cronaca-di-un-tour-tra-i-presepi-romani_1\/#article","isPartOf":{"@id":"https:\/\/www.article-marketing.eu\/comunicati\/arte-e-cultura\/cronaca-di-un-tour-tra-i-presepi-romani_1\/"},"author":{"name":"Redazione Comunicati Stampa","@id":"https:\/\/www.article-marketing.eu\/comunicati\/#\/schema\/person\/44372e4d4d0fa797b18e03ed1ace9017"},"headline":"Cronaca di un tour tra i presepi romani","datePublished":"2012-01-12T09:57:16+00:00","mainEntityOfPage":{"@id":"https:\/\/www.article-marketing.eu\/comunicati\/arte-e-cultura\/cronaca-di-un-tour-tra-i-presepi-romani_1\/"},"wordCount":858,"commentCount":0,"keywords":["appartamenti in affitto","presepe","presepi","roma","tour bicicletta","turismo roma"],"articleSection":["Arte e cultura"],"inLanguage":"it-IT","potentialAction":[{"@type":"CommentAction","name":"Comment","target":["https:\/\/www.article-marketing.eu\/comunicati\/arte-e-cultura\/cronaca-di-un-tour-tra-i-presepi-romani_1\/#respond"]}]},{"@type":"WebPage","@id":"https:\/\/www.article-marketing.eu\/comunicati\/arte-e-cultura\/cronaca-di-un-tour-tra-i-presepi-romani_1\/","url":"https:\/\/www.article-marketing.eu\/comunicati\/arte-e-cultura\/cronaca-di-un-tour-tra-i-presepi-romani_1\/","name":"Cronaca di un tour tra i presepi romani - Article Marketing","isPartOf":{"@id":"https:\/\/www.article-marketing.eu\/comunicati\/#website"},"datePublished":"2012-01-12T09:57:16+00:00","author":{"@id":"https:\/\/www.article-marketing.eu\/comunicati\/#\/schema\/person\/44372e4d4d0fa797b18e03ed1ace9017"},"breadcrumb":{"@id":"https:\/\/www.article-marketing.eu\/comunicati\/arte-e-cultura\/cronaca-di-un-tour-tra-i-presepi-romani_1\/#breadcrumb"},"inLanguage":"it-IT","potentialAction":[{"@type":"ReadAction","target":["https:\/\/www.article-marketing.eu\/comunicati\/arte-e-cultura\/cronaca-di-un-tour-tra-i-presepi-romani_1\/"]}]},{"@type":"BreadcrumbList","@id":"https:\/\/www.article-marketing.eu\/comunicati\/arte-e-cultura\/cronaca-di-un-tour-tra-i-presepi-romani_1\/#breadcrumb","itemListElement":[{"@type":"ListItem","position":1,"name":"Home","item":"https:\/\/www.article-marketing.eu\/comunicati\/"},{"@type":"ListItem","position":2,"name":"Cronaca di un tour tra i presepi romani"}]},{"@type":"WebSite","@id":"https:\/\/www.article-marketing.eu\/comunicati\/#website","url":"https:\/\/www.article-marketing.eu\/comunicati\/","name":"Article Marketing","description":"article marketing &amp; press release","potentialAction":[{"@type":"SearchAction","target":{"@type":"EntryPoint","urlTemplate":"https:\/\/www.article-marketing.eu\/comunicati\/?s={search_term_string}"},"query-input":{"@type":"PropertyValueSpecification","valueRequired":true,"valueName":"search_term_string"}}],"inLanguage":"it-IT"},{"@type":"Person","@id":"https:\/\/www.article-marketing.eu\/comunicati\/#\/schema\/person\/44372e4d4d0fa797b18e03ed1ace9017","name":"Redazione Comunicati Stampa","image":{"@type":"ImageObject","inLanguage":"it-IT","@id":"https:\/\/www.article-marketing.eu\/comunicati\/#\/schema\/person\/image\/","url":"https:\/\/secure.gravatar.com\/avatar\/50e5c6421d3072f42e7ace803501602c60d75233d34e29fd05feb91c8760b792?s=96&d=mm&r=g","contentUrl":"https:\/\/secure.gravatar.com\/avatar\/50e5c6421d3072f42e7ace803501602c60d75233d34e29fd05feb91c8760b792?s=96&d=mm&r=g","caption":"Redazione Comunicati Stampa"},"url":"https:\/\/www.article-marketing.eu\/comunicati\/author\/redazione-comunicati-stampa\/"}]}},"_links":{"self":[{"href":"https:\/\/www.article-marketing.eu\/comunicati\/wp-json\/wp\/v2\/posts\/22885","targetHints":{"allow":["GET"]}}],"collection":[{"href":"https:\/\/www.article-marketing.eu\/comunicati\/wp-json\/wp\/v2\/posts"}],"about":[{"href":"https:\/\/www.article-marketing.eu\/comunicati\/wp-json\/wp\/v2\/types\/post"}],"author":[{"embeddable":true,"href":"https:\/\/www.article-marketing.eu\/comunicati\/wp-json\/wp\/v2\/users\/10"}],"replies":[{"embeddable":true,"href":"https:\/\/www.article-marketing.eu\/comunicati\/wp-json\/wp\/v2\/comments?post=22885"}],"version-history":[{"count":0,"href":"https:\/\/www.article-marketing.eu\/comunicati\/wp-json\/wp\/v2\/posts\/22885\/revisions"}],"wp:attachment":[{"href":"https:\/\/www.article-marketing.eu\/comunicati\/wp-json\/wp\/v2\/media?parent=22885"}],"wp:term":[{"taxonomy":"category","embeddable":true,"href":"https:\/\/www.article-marketing.eu\/comunicati\/wp-json\/wp\/v2\/categories?post=22885"},{"taxonomy":"post_tag","embeddable":true,"href":"https:\/\/www.article-marketing.eu\/comunicati\/wp-json\/wp\/v2\/tags?post=22885"}],"curies":[{"name":"wp","href":"https:\/\/api.w.org\/{rel}","templated":true}]}}