{"id":22989,"date":"2012-01-17T12:10:01","date_gmt":"2012-01-17T11:10:01","guid":{"rendered":"http:\/\/www.article-marketing.eu\/comunicati\/senza-categoria\/isola-di-san-pietro-il-giro-dellisola-in-barca\/"},"modified":"2018-07-10T05:40:33","modified_gmt":"2018-07-10T03:40:33","slug":"isola-di-san-pietro-il-giro-dellisola-in-barca","status":"publish","type":"post","link":"https:\/\/www.article-marketing.eu\/comunicati\/ambiente\/natura\/isola-di-san-pietro-il-giro-dellisola-in-barca\/","title":{"rendered":"Isola di San Pietro: Il Giro dell&#8217;isola in barca"},"content":{"rendered":"<p>In ogni caso, consigliamo di chiedere sempre notizie sull&#8217;opportunit&agrave; o meno di compierlo, presso le biglietterie delle imprese turistiche attrezzate con capienti barche per le gite organizzate lungo le bellissime coste dell&#8217;isola (Motobarca Onda: 328 1875996 &#8211; Motobarca Dea: 377 9013185).<br \/>Con partenza dal Porto di Carloforte e facendo rotta verso sud in senso orario, si costeggia una met&agrave; della costa orientale fino a &#8220;Punta Nera&#8221;, caratterizzata da fondali bassi e terreni pianeggianti coltivati, costellati di bianche casette coloniche, moltissime delle quali ormai adattate per soggiorni turistici. Tra Punta Nera e Punta delle Colonne sono incastonate alcune piccole spiagge di sabbia finissima come &#8220;Punta Nera&#8221;, &#8220;Bobba&#8221; e &#8220;Guidi&#8221;.<br \/>La &#8220;Punta delle Colonne&#8221;, che &egrave; la pi&ugrave; meridionale dell&#8217;isola, segna l&#8217;inizio della parte rocciosa dell&#8217;isola: infatti, pur essendo alta non pi&ugrave; di 20 metri, i muri di rocce precipitano in mare con un imponente salto verticale. Lungo tutto questo tratto di costa, le onde hanno frantumato le lave trachitiche, producendo una serie di scogli assai pericolosi per la navigazione, e isolando dalla costa due imponenti e meravigliosi &#8220;Faraglioni&#8221;, dalle forme caratteristiche, dai quali prende il nome l&#8217;omonima Punta. A circa 600 metri dalla riva bisogna fare molta attenzione a una piccola secca che riaffiora a pelo d&#8217;acqua, dalla quale bisogna tenersi bene al largo. I fondali in questa zona sono bassi, intorno a 5 metri, e scendono rapidamente a circa 25 metri. Probabilmente in tempi lontani la terra emersa giungeva fin qui e venne poi erosa e sgretolata dalla forza del mare. Anche l&#8217;isolotto del &#8220;Geni&agrave;&#8221;, che emerge quasi al centro della vasta insenatura ad ovest delle Colonne, &egrave; sicuramente il residuo del formidabile ed instancabile lavorio delle onde: infatti i fondali si presentano con enormi massi accatastati che offrono ricovero sicuro a spigole, corvine e dentici.<br \/>Si susseguono ora &#8220;Punta Geni&agrave;&#8221; e &#8220;Punta Grossa&#8221;, oltre le quali si apre lo splendido &#8220;Golfo della Mezzaluna&#8221;: e qui conviene sicuramente fermarsi. Imponenti pilastri di roccia trachitica rossa di 30-50 metri si levano alti, tra le fenditure delle rocce possiamo scorgere l&#8217;ingresso di alcune grotte simili a cattedrali gotiche, nelle cui navate volano instancabili, stormi di colombi selvatici e gli onnipresenti gabbiani. Cullati dal mare, che nella calma di vento accarezza la roccia e sciaborda negli anfratti pi&ugrave; remoti delle grotte col misterioso linguaggio che, da sempre, estrae dal profondo per i visitatori, i meravigliosi riflessi rossi delle alghe e delle attinie, gli indescrivibili colori verde smeraldo di chiss&agrave; quali vegetali marini, gli splendidi colori che spaziano nella gamma degli azzurri, l&#8217;indaco e i violetti a seconda dei fondali formati dal precipitare casuale dei massi; il volo dei colombi, la verticale austerit&agrave; delle colonne e delle arcate e gli armoniosi suoni d&#8217;organo dei mormorii dell&#8217;acqua.scogliera2.jpg<br \/>La zona che sovrasta il precipizio si chiama &#8220;Bue Marino&#8221;, a ricordarci la &#8220;Foca Monaca&#8221;, un tempo vanto delle coste insulari italiane ed oggi inquietante fantasma a causa dell&#8217;avidit&agrave; e dell&#8217;ignoranza umana. Il Golfo della Mezzaluna &egrave; un gioiello scolpito per chi sa amare il mare in silenzio; per i pescatori di un tempo passato che, attendendo che un pesce affamato abboccasse ai loro ami, restavano per lunghissime ore ad ascoltare, con devozione e riconoscenza, il maestoso silenzio di questa natura.<br \/>Pi&ugrave; avanti si delineano sull&#8217;orizzonte &#8220;Punta Mingosa&#8221; e &#8220;Punta Fradellin&#8221; con le quali termina la zona del &#8220;Burrone&#8221;, cosi chiamata perch&eacute; la costa continua ad alzarsi a strapiombo per 40-60 metri in verticali canne d&#8217;organo. Prima di lasciare la Punta Fradellin, una fenditura nelle roccia, e il volo continuo dei colombi selvatici, ci indica la &#8220;Grotta dei Colombi&#8221;, nella quale &egrave; possibile entrare solamente dalla scogliera.<br \/>Egualmente inaccessibile continua la scogliera che, poco pi&ugrave; a nord ovest, si protende, irta di scogli precipitati e frantumati per effetto della forza del mare, nella &#8220;Punta Spalmatore di Fuori&#8221;. Da qui ha inizio quella zona detta il &#8220;Castello&#8221;, che si distingue per l&#8217;essenziale bellezza delle sue rocce e della sua vegetazione. Da Punta del Castello si apre, verso l&#8217;interno dell&#8217;isola, la bella &#8220;Cala dello Spalmatore&#8221; o &#8220;La Caletta&#8221;, nella quale la montagna rossa si inchina e si apre, fino a cedere il passo alla dolcissima spiaggia di sabbia bianca finissima, coronata alle spalle da una splendida corona di pini d&#8217;aleppo.<br \/>La navigazione prosegue verso nord fino a raggiungere &#8220;Punta dei Cannoni&#8221;, che praticamente chiude la baia della &#8220;Caletta&#8221;. Da questa punta, ha inizio un ampio golfo, culminante a settentrione con &#8220;Punta del Capodoglio&#8221; e, subito dopo, con la pi&ugrave; prominente &#8220;Punta di Capo Rosso&#8221;. Sulla scogliera dominano gli alti Bricchi del &#8220;Ci&ograve;&#8221;, &#8220;Napoleone&#8221; (m 118), della &#8220;Guardia&#8221; (m 186) che, come sempre accade nelle prospettive di quest&#8217;isola, sembrano montagne molto pi&ugrave; alte del reale, secondo un canone perfettamente equilibrato fra l&#8217;immagine della natura e il simbolismo che riesce ad estrarre l&#8217;osservatore incantato. Questo tratto di costa &egrave; travagliato come certe gole dolomitiche; travagliato a causa degli immani scogli precipitati gi&ugrave; a causa degli schiaffi spietati del mare e del vento. Canali come il &#8220;Pitticheddu&#8221;, il &#8220;Becco&#8221; e il &#8220;Capo Rosso&#8221;, incidono a loro volta il paesaggio scavandosi difficili ed impervi nella roccia. Pochissime case si ergono in questo versante, salvo le poche costruzioni sorte in localit&agrave; &#8220;Becco&#8221;, per le necessit&agrave; di lavoro della vecchia miniera di ocra e manganese che scende nelle viscere della &#8220;Montagna di Capo Rosso&#8221; (m 138) e che, viste dal mare, assomigliano a piccole e modeste baite di pastori.<br \/>Doppiata la punta della montagna di Capo Rosso, la costa si fa ancora pi&ugrave; austera, arrida e inaccessibile, irta di scogli molto insidiosi, ma ci apre la prospettiva sullo stupendo scenario di &#8220;Capo Sandalo&#8221;. &Egrave; questo un superbo strapiombo di roccia di 107 metri di altezza, &egrave; la punta pi&ugrave; occidentale di San Pietro, proteso verso l&#8217;Africa, da cui dista circa 180 miglia, fuso, con la sua perfetta nudit&agrave;, nella roccia grigio pallido. Davanti ad esso, a meno di un miglio dalla costa, emerge dal mare &#8220;l&#8217;isolotto del Corno&#8221;, alto appena 15 metri, ma ugualmente arso, roccioso, acuminato e arido. Tutto il sotto costa &egrave; costellato di scogli staccatisi dalle pareti, testimoni delle indicibili lotte fra mare e terra, in questa zona dell&#8217;isola ove pi&ugrave; forti soffiano il vento di Maestrale e la Tramontana. Le rocce sono brulicanti dei nidi di gabbiani, cormorani e colombi selvatici; sopra di loro nidifica il &#8220;Falco della Regina&#8221;, eterno nemico, che con ampi voli maestosi mette a repentaglio continuo la loro libert&agrave; e quella degli uccelli migratori che osano sorvolare questo territorio.<br \/>Alto, maestoso e solitario su tutto, il &#8220;Faro&#8221; domina dal suo picco l&#8217;intera vastit&agrave; del mare, come l&#8217;occhio di un gigante posto dagli d&egrave;i a protezione dei naviganti che si trovano a passare sotto il suo sguardo.<br \/>Il silenzio qui &egrave; immenso, come immensi sono i colori dei tramonti del sole che si perdono nelle profondit&agrave; del mare. Poco oltre Capo Sandalo, ci appare all&#8217;improvviso, l&#8217;orrido imbuto di roccia fatto di innumerevoli prismi levigati; tutto ci&ograve; che resta dell&#8217;antichissimo cratere vulcanico che probabilmente dette vita all&#8217;intera zona: &egrave; una testimonianza importantissima sul fenomeno del vulcanismo dell&#8217;isola.<br \/>Poi, sempre tra un crescendo di cascate di roccia grigio biancastra, la costa si incunea ad angolo acuto nella profonda insenatura di &#8220;Cala Fico&#8221;, delimitata a nord dalla Punta aguzza che ha lo stesso nome. Qui un tuffo in mare &egrave; quello che ci vuole per smaltire le emozioni del tragitto finora percorso, anche perch&eacute; proseguendo nel periplo, la costa non concede ancora tregua e riposo. Dopo Cala Fico la navigazione continua per nord est: si rientra cio&egrave; rispetto a Capo Sandalo, verso oriente e si pu&ograve; scorgere in lontananza la costa occidentale della Sardegna. Il paesaggio &egrave; dominato dagli strapiombi del &#8220;Monte della Borrona&#8221; (m 166) e del &#8220;Monte di Cala Vinagra&#8221; (m 155), deserto e spoglio, reso insidioso ancora da scogli affioranti che arrivano fino a &#8220;Punta della Borrona&#8221;, e dall&#8217;elegante volo del &#8220;Falco della Regina&#8221; che domina incontrastato questi strapiombi. Proseguendo, la costa si abbassa gradatamente, fino a insinuarsi, dopo &#8220;Punta della Berr&agrave;&#8221; entro la stretta gola di &#8220;Cala Vinagra&#8221;.<br \/>Il rude isolotto che porta lo stesso nome, alto 22 metri, ripara e nasconde delicatamente l&#8217;ingresso alla cala, e la rende chiusa e raccolta, rimbombante di innumerevoli echi e perci&ograve; invitante al silenzio. Il mare &egrave; di una trasparenza mirabile e meraviglioso &egrave; nuotarvi lentamente, scivolando dolcemente nell&#8217;acqua, lievi e sospesi.<br \/>Riprendendo la navigazione, &#8220;Punta Senoglio&#8221; apre la nuova ampia prospettiva delle &#8220;Scogliere di Stea&#8221;, interrotta prima dalla foce del canale omonimo e poi da quella del &#8220;Canale Guidi&#8221;; poco oltre, il lungo &#8220;Isolotto di Stea&#8221; si protende in mare. I fondali di questa zona raggiungono i 10-15 metri a circa 200 metri dalla riva. La costa si inarca quindi verso nord, sempre accidentata, fino a formare la bella &#8220;Punta delle Oche&#8221; sotto la quale si apre in mare, come una gigantesca bocca, la Grotta omonima: vi si pu&ograve; entrare agevolmente con piccole barche. La natura vulcanica &egrave;, anche in questo lato dell&#8217;isola, descritta da grandiose stratificazioni; il mare, agitato dal vento di Tramontana e dal Maestrale, ha impresso a sua volta la propria impronta inconfondibile ai capolavori di roccia. I fondali sono assai alti, da 20 a 40 metri ed oltre ad un miglio al largo: &egrave; la zona di passo dei tonni che puntano verso le Tonnare di San Pietro ubicate poco oltre.<br \/>Doppiata la Punta, la montagna digrada leggermente per lasciare spazio alla piccola &#8220;Cala di Memerosso&#8221;, formata dal Canale che porta lo stesso nome, e sovrastata dal massiccio trachitico del &#8220;Pulpito&#8221;, per poi ritornare impervia in corrispondenza di &#8220;Punta Regolina&#8221;. Ma lungo questo piccolo tragitto di costa, la natura non ha dimenticato di lasciare una piccola perla, la &#8220;Grotta di Memmerosso o degli Innamorati&#8221; in cui &egrave; possibile entrare solamente con una piccola imbarcazione. Da qui in avanti, ha inizio uno dei tratti pi&ugrave; interessanti della scogliera, le &#8220;Tacche Bianche&#8221;, ove la roccia che si protrae sul mare, presenta una larga stratificazione orizzontale assolutamente unica ed inconfondibile, di un colore bianco sporco, chiusa sopra e sotto da strati di lave trachitiche brune e rossastre. Subito dopo, la costa si incunea nella stretta &#8220;Cala Lunga&#8221;, scavata dal canale omonimo. In questo tratto di costa le rocce presentano interessanti caratteristiche morfologiche: si tratta dei &#8220;globoidi&#8221;, cio&egrave; grandi forme sferoidali formate da lave liparitiche prima del loro raffreddamento.<br \/>Si naviga, quindi, verso nord est in uno scenario ancora immensamente grandioso fino ad arrivare a &#8220;La Punta&#8221;, estremo vertice settentrionale dell&#8217;isola. Ad una distanza di circa 800 metri a prua della nostra imbarcazione, abbiamo &#8220;l&#8217;Isola Piana&#8221;, occupata nella sua punta orientale da un villaggio turistico costruito sui ruderi di una antica tonnara. A nord emerge il piccolo &#8220;Scoglio della Catena&#8221; e a sud il piatto &#8220;Isolotto dei Ratti&#8221;. Doppiata la Punta di San Pietro, la navigazione si dirige decisamente a sud, verso la conclusione, purtroppo, del nostro periplo. Subito a destra, si incontrano gli stabilimenti delle &#8220;Tonnare di Portopaglia e di Portoscuso&#8221;, ormai piuttosto diroccati. La costa, sempre rocciosa, &egrave; per&ograve; molto bassa; navighiamo lungo la zona di &#8220;Tacca Rossa&#8221;, cos&igrave; chiamata per il colore della roccia, ed il lieve pendio retrostante incomincia ad essere punteggiato dalle graziose &#8220;baracche&#8221;, le casette bianche dei Tabarchini. Lungo tutto quest&#8217;ultimo tratto di navigazione i fondali sono molto bassi, formati da grandi estensioni di poseidonia alternate da macchie di sabbia bianchissima.<br \/>Dopo &#8220;Punta Grossa&#8221;, l&#8217;isola si veste progressivamente del verde dei suoi meravigliosi &#8220;Pini d&#8217;Aleppo&#8221; che, nella zona di &#8220;Canalfondo&#8221;, arrivano fino a poche decine di metri dal mare: dopo tanta roccia l&#8217;occhio riposa, e, dopo tanta solitudine, l&#8217;infittirsi delle casette disseminate sui pendii &egrave; accogliente e gradevole e ci fa capire che non siamo pi&ugrave; soli in compagnia della natura.<br \/>Superate le leggere protuberanze di &#8220;Punta du Din&#8221; e di &#8220;Punta del Morto&#8221;, si rientra nel Porto di Carloforte.<\/p>\n","protected":false},"excerpt":{"rendered":"<p>Durante il soggiorno a Carloforte, il periplo dell&#8217;isola in barca \u00e9 un itinerario da mettere in programma senza alcuna esitazione; ma \u00e9 necessario avere l&#8217;accortezza di compierlo con una giornata di calma di vento, in quanto il mare pu\u00f2 scatenarsi e diventare molto pericoloso e la costa non offre, per lunghi tratti, possibili ridossi ai natanti da diporto.<\/p>\n","protected":false},"author":10,"featured_media":0,"comment_status":"open","ping_status":"open","sticky":false,"template":"","format":"standard","meta":{"cybocfi_hide_featured_image":"","footnotes":""},"categories":[92],"tags":[27035,32413,1086,32412,32414],"class_list":["post-22989","post","type-post","status-publish","format-standard","hentry","category-natura","tag-carloforte","tag-isola-di-san-pietro","tag-sardegna","tag-sardegna-del-sud","tag-u-paise"],"yoast_head":"<!-- This site is optimized with the Yoast SEO plugin v27.0 - https:\/\/yoast.com\/product\/yoast-seo-wordpress\/ -->\n<title>Isola di San Pietro: Il Giro dell&#039;isola in barca - Article Marketing<\/title>\n<meta name=\"robots\" content=\"index, follow, max-snippet:-1, max-image-preview:large, max-video-preview:-1\" \/>\n<link rel=\"canonical\" href=\"https:\/\/www.article-marketing.eu\/comunicati\/ambiente\/natura\/isola-di-san-pietro-il-giro-dellisola-in-barca\/\" \/>\n<meta property=\"og:locale\" content=\"it_IT\" \/>\n<meta property=\"og:type\" content=\"article\" \/>\n<meta property=\"og:title\" content=\"Isola di San Pietro: Il Giro dell&#039;isola in barca - Article Marketing\" \/>\n<meta property=\"og:description\" content=\"Durante il soggiorno a Carloforte, il periplo dell&#039;isola in barca \u00e9 un itinerario da mettere in programma senza alcuna esitazione; ma \u00e9 necessario avere l&#039;accortezza di compierlo con una giornata di calma di vento, in quanto il mare pu\u00f2 scatenarsi e diventare molto pericoloso e la costa non offre, per lunghi tratti, possibili ridossi ai natanti da diporto.\" \/>\n<meta property=\"og:url\" content=\"https:\/\/www.article-marketing.eu\/comunicati\/ambiente\/natura\/isola-di-san-pietro-il-giro-dellisola-in-barca\/\" \/>\n<meta property=\"og:site_name\" content=\"Article Marketing\" \/>\n<meta property=\"article:published_time\" content=\"2012-01-17T11:10:01+00:00\" \/>\n<meta property=\"article:modified_time\" content=\"2018-07-10T03:40:33+00:00\" \/>\n<meta name=\"author\" content=\"Redazione Comunicati Stampa\" \/>\n<meta name=\"twitter:card\" content=\"summary_large_image\" \/>\n<meta name=\"twitter:label1\" content=\"Scritto da\" \/>\n\t<meta name=\"twitter:data1\" content=\"Redazione Comunicati Stampa\" \/>\n\t<meta name=\"twitter:label2\" content=\"Tempo di lettura stimato\" \/>\n\t<meta name=\"twitter:data2\" content=\"10 minuti\" \/>\n<script type=\"application\/ld+json\" class=\"yoast-schema-graph\">{\"@context\":\"https:\/\/schema.org\",\"@graph\":[{\"@type\":\"Article\",\"@id\":\"https:\/\/www.article-marketing.eu\/comunicati\/ambiente\/natura\/isola-di-san-pietro-il-giro-dellisola-in-barca\/#article\",\"isPartOf\":{\"@id\":\"https:\/\/www.article-marketing.eu\/comunicati\/ambiente\/natura\/isola-di-san-pietro-il-giro-dellisola-in-barca\/\"},\"author\":{\"name\":\"Redazione Comunicati Stampa\",\"@id\":\"https:\/\/www.article-marketing.eu\/comunicati\/#\/schema\/person\/44372e4d4d0fa797b18e03ed1ace9017\"},\"headline\":\"Isola di San Pietro: Il Giro dell&#8217;isola in barca\",\"datePublished\":\"2012-01-17T11:10:01+00:00\",\"dateModified\":\"2018-07-10T03:40:33+00:00\",\"mainEntityOfPage\":{\"@id\":\"https:\/\/www.article-marketing.eu\/comunicati\/ambiente\/natura\/isola-di-san-pietro-il-giro-dellisola-in-barca\/\"},\"wordCount\":1985,\"commentCount\":0,\"keywords\":[\"carloforte\",\"Isola di San pietro\",\"sardegna\",\"Sardegna del Sud\",\"U paise\"],\"articleSection\":[\"Natura\"],\"inLanguage\":\"it-IT\",\"potentialAction\":[{\"@type\":\"CommentAction\",\"name\":\"Comment\",\"target\":[\"https:\/\/www.article-marketing.eu\/comunicati\/ambiente\/natura\/isola-di-san-pietro-il-giro-dellisola-in-barca\/#respond\"]}]},{\"@type\":\"WebPage\",\"@id\":\"https:\/\/www.article-marketing.eu\/comunicati\/ambiente\/natura\/isola-di-san-pietro-il-giro-dellisola-in-barca\/\",\"url\":\"https:\/\/www.article-marketing.eu\/comunicati\/ambiente\/natura\/isola-di-san-pietro-il-giro-dellisola-in-barca\/\",\"name\":\"Isola di San Pietro: Il Giro dell'isola in barca - Article Marketing\",\"isPartOf\":{\"@id\":\"https:\/\/www.article-marketing.eu\/comunicati\/#website\"},\"datePublished\":\"2012-01-17T11:10:01+00:00\",\"dateModified\":\"2018-07-10T03:40:33+00:00\",\"author\":{\"@id\":\"https:\/\/www.article-marketing.eu\/comunicati\/#\/schema\/person\/44372e4d4d0fa797b18e03ed1ace9017\"},\"breadcrumb\":{\"@id\":\"https:\/\/www.article-marketing.eu\/comunicati\/ambiente\/natura\/isola-di-san-pietro-il-giro-dellisola-in-barca\/#breadcrumb\"},\"inLanguage\":\"it-IT\",\"potentialAction\":[{\"@type\":\"ReadAction\",\"target\":[\"https:\/\/www.article-marketing.eu\/comunicati\/ambiente\/natura\/isola-di-san-pietro-il-giro-dellisola-in-barca\/\"]}]},{\"@type\":\"BreadcrumbList\",\"@id\":\"https:\/\/www.article-marketing.eu\/comunicati\/ambiente\/natura\/isola-di-san-pietro-il-giro-dellisola-in-barca\/#breadcrumb\",\"itemListElement\":[{\"@type\":\"ListItem\",\"position\":1,\"name\":\"Home\",\"item\":\"https:\/\/www.article-marketing.eu\/comunicati\/\"},{\"@type\":\"ListItem\",\"position\":2,\"name\":\"Isola di San Pietro: Il Giro dell&#8217;isola in barca\"}]},{\"@type\":\"WebSite\",\"@id\":\"https:\/\/www.article-marketing.eu\/comunicati\/#website\",\"url\":\"https:\/\/www.article-marketing.eu\/comunicati\/\",\"name\":\"Article Marketing\",\"description\":\"article marketing &amp; press release\",\"potentialAction\":[{\"@type\":\"SearchAction\",\"target\":{\"@type\":\"EntryPoint\",\"urlTemplate\":\"https:\/\/www.article-marketing.eu\/comunicati\/?s={search_term_string}\"},\"query-input\":{\"@type\":\"PropertyValueSpecification\",\"valueRequired\":true,\"valueName\":\"search_term_string\"}}],\"inLanguage\":\"it-IT\"},{\"@type\":\"Person\",\"@id\":\"https:\/\/www.article-marketing.eu\/comunicati\/#\/schema\/person\/44372e4d4d0fa797b18e03ed1ace9017\",\"name\":\"Redazione Comunicati Stampa\",\"image\":{\"@type\":\"ImageObject\",\"inLanguage\":\"it-IT\",\"@id\":\"https:\/\/www.article-marketing.eu\/comunicati\/#\/schema\/person\/image\/\",\"url\":\"https:\/\/secure.gravatar.com\/avatar\/50e5c6421d3072f42e7ace803501602c60d75233d34e29fd05feb91c8760b792?s=96&d=mm&r=g\",\"contentUrl\":\"https:\/\/secure.gravatar.com\/avatar\/50e5c6421d3072f42e7ace803501602c60d75233d34e29fd05feb91c8760b792?s=96&d=mm&r=g\",\"caption\":\"Redazione Comunicati Stampa\"},\"url\":\"https:\/\/www.article-marketing.eu\/comunicati\/author\/redazione-comunicati-stampa\/\"}]}<\/script>\n<!-- \/ Yoast SEO plugin. -->","yoast_head_json":{"title":"Isola di San Pietro: Il Giro dell'isola in barca - Article Marketing","robots":{"index":"index","follow":"follow","max-snippet":"max-snippet:-1","max-image-preview":"max-image-preview:large","max-video-preview":"max-video-preview:-1"},"canonical":"https:\/\/www.article-marketing.eu\/comunicati\/ambiente\/natura\/isola-di-san-pietro-il-giro-dellisola-in-barca\/","og_locale":"it_IT","og_type":"article","og_title":"Isola di San Pietro: Il Giro dell'isola in barca - Article Marketing","og_description":"Durante il soggiorno a Carloforte, il periplo dell'isola in barca \u00e9 un itinerario da mettere in programma senza alcuna esitazione; ma \u00e9 necessario avere l'accortezza di compierlo con una giornata di calma di vento, in quanto il mare pu\u00f2 scatenarsi e diventare molto pericoloso e la costa non offre, per lunghi tratti, possibili ridossi ai natanti da diporto.","og_url":"https:\/\/www.article-marketing.eu\/comunicati\/ambiente\/natura\/isola-di-san-pietro-il-giro-dellisola-in-barca\/","og_site_name":"Article Marketing","article_published_time":"2012-01-17T11:10:01+00:00","article_modified_time":"2018-07-10T03:40:33+00:00","author":"Redazione Comunicati Stampa","twitter_card":"summary_large_image","twitter_misc":{"Scritto da":"Redazione Comunicati Stampa","Tempo di lettura stimato":"10 minuti"},"schema":{"@context":"https:\/\/schema.org","@graph":[{"@type":"Article","@id":"https:\/\/www.article-marketing.eu\/comunicati\/ambiente\/natura\/isola-di-san-pietro-il-giro-dellisola-in-barca\/#article","isPartOf":{"@id":"https:\/\/www.article-marketing.eu\/comunicati\/ambiente\/natura\/isola-di-san-pietro-il-giro-dellisola-in-barca\/"},"author":{"name":"Redazione Comunicati Stampa","@id":"https:\/\/www.article-marketing.eu\/comunicati\/#\/schema\/person\/44372e4d4d0fa797b18e03ed1ace9017"},"headline":"Isola di San Pietro: Il Giro dell&#8217;isola in barca","datePublished":"2012-01-17T11:10:01+00:00","dateModified":"2018-07-10T03:40:33+00:00","mainEntityOfPage":{"@id":"https:\/\/www.article-marketing.eu\/comunicati\/ambiente\/natura\/isola-di-san-pietro-il-giro-dellisola-in-barca\/"},"wordCount":1985,"commentCount":0,"keywords":["carloforte","Isola di San pietro","sardegna","Sardegna del Sud","U paise"],"articleSection":["Natura"],"inLanguage":"it-IT","potentialAction":[{"@type":"CommentAction","name":"Comment","target":["https:\/\/www.article-marketing.eu\/comunicati\/ambiente\/natura\/isola-di-san-pietro-il-giro-dellisola-in-barca\/#respond"]}]},{"@type":"WebPage","@id":"https:\/\/www.article-marketing.eu\/comunicati\/ambiente\/natura\/isola-di-san-pietro-il-giro-dellisola-in-barca\/","url":"https:\/\/www.article-marketing.eu\/comunicati\/ambiente\/natura\/isola-di-san-pietro-il-giro-dellisola-in-barca\/","name":"Isola di San Pietro: Il Giro dell'isola in barca - Article Marketing","isPartOf":{"@id":"https:\/\/www.article-marketing.eu\/comunicati\/#website"},"datePublished":"2012-01-17T11:10:01+00:00","dateModified":"2018-07-10T03:40:33+00:00","author":{"@id":"https:\/\/www.article-marketing.eu\/comunicati\/#\/schema\/person\/44372e4d4d0fa797b18e03ed1ace9017"},"breadcrumb":{"@id":"https:\/\/www.article-marketing.eu\/comunicati\/ambiente\/natura\/isola-di-san-pietro-il-giro-dellisola-in-barca\/#breadcrumb"},"inLanguage":"it-IT","potentialAction":[{"@type":"ReadAction","target":["https:\/\/www.article-marketing.eu\/comunicati\/ambiente\/natura\/isola-di-san-pietro-il-giro-dellisola-in-barca\/"]}]},{"@type":"BreadcrumbList","@id":"https:\/\/www.article-marketing.eu\/comunicati\/ambiente\/natura\/isola-di-san-pietro-il-giro-dellisola-in-barca\/#breadcrumb","itemListElement":[{"@type":"ListItem","position":1,"name":"Home","item":"https:\/\/www.article-marketing.eu\/comunicati\/"},{"@type":"ListItem","position":2,"name":"Isola di San Pietro: Il Giro dell&#8217;isola in barca"}]},{"@type":"WebSite","@id":"https:\/\/www.article-marketing.eu\/comunicati\/#website","url":"https:\/\/www.article-marketing.eu\/comunicati\/","name":"Article Marketing","description":"article marketing &amp; press release","potentialAction":[{"@type":"SearchAction","target":{"@type":"EntryPoint","urlTemplate":"https:\/\/www.article-marketing.eu\/comunicati\/?s={search_term_string}"},"query-input":{"@type":"PropertyValueSpecification","valueRequired":true,"valueName":"search_term_string"}}],"inLanguage":"it-IT"},{"@type":"Person","@id":"https:\/\/www.article-marketing.eu\/comunicati\/#\/schema\/person\/44372e4d4d0fa797b18e03ed1ace9017","name":"Redazione Comunicati Stampa","image":{"@type":"ImageObject","inLanguage":"it-IT","@id":"https:\/\/www.article-marketing.eu\/comunicati\/#\/schema\/person\/image\/","url":"https:\/\/secure.gravatar.com\/avatar\/50e5c6421d3072f42e7ace803501602c60d75233d34e29fd05feb91c8760b792?s=96&d=mm&r=g","contentUrl":"https:\/\/secure.gravatar.com\/avatar\/50e5c6421d3072f42e7ace803501602c60d75233d34e29fd05feb91c8760b792?s=96&d=mm&r=g","caption":"Redazione Comunicati Stampa"},"url":"https:\/\/www.article-marketing.eu\/comunicati\/author\/redazione-comunicati-stampa\/"}]}},"_links":{"self":[{"href":"https:\/\/www.article-marketing.eu\/comunicati\/wp-json\/wp\/v2\/posts\/22989","targetHints":{"allow":["GET"]}}],"collection":[{"href":"https:\/\/www.article-marketing.eu\/comunicati\/wp-json\/wp\/v2\/posts"}],"about":[{"href":"https:\/\/www.article-marketing.eu\/comunicati\/wp-json\/wp\/v2\/types\/post"}],"author":[{"embeddable":true,"href":"https:\/\/www.article-marketing.eu\/comunicati\/wp-json\/wp\/v2\/users\/10"}],"replies":[{"embeddable":true,"href":"https:\/\/www.article-marketing.eu\/comunicati\/wp-json\/wp\/v2\/comments?post=22989"}],"version-history":[{"count":3,"href":"https:\/\/www.article-marketing.eu\/comunicati\/wp-json\/wp\/v2\/posts\/22989\/revisions"}],"predecessor-version":[{"id":62065,"href":"https:\/\/www.article-marketing.eu\/comunicati\/wp-json\/wp\/v2\/posts\/22989\/revisions\/62065"}],"wp:attachment":[{"href":"https:\/\/www.article-marketing.eu\/comunicati\/wp-json\/wp\/v2\/media?parent=22989"}],"wp:term":[{"taxonomy":"category","embeddable":true,"href":"https:\/\/www.article-marketing.eu\/comunicati\/wp-json\/wp\/v2\/categories?post=22989"},{"taxonomy":"post_tag","embeddable":true,"href":"https:\/\/www.article-marketing.eu\/comunicati\/wp-json\/wp\/v2\/tags?post=22989"}],"curies":[{"name":"wp","href":"https:\/\/api.w.org\/{rel}","templated":true}]}}