{"id":22997,"date":"2012-01-17T11:57:51","date_gmt":"2012-01-17T10:57:51","guid":{"rendered":"http:\/\/www.article-marketing.eu\/comunicati\/senza-categoria\/la-moda-e-il-web-il-potere-degli-influenti-sociali\/"},"modified":"2012-01-17T11:57:51","modified_gmt":"2012-01-17T10:57:51","slug":"la-moda-e-il-web-il-potere-degli-influenti-sociali","status":"publish","type":"post","link":"https:\/\/www.article-marketing.eu\/comunicati\/societa\/abbigliamento\/la-moda-e-il-web-il-potere-degli-influenti-sociali\/","title":{"rendered":"La moda e il web: Il potere degli influenti sociali"},"content":{"rendered":"<p>Sappiamo che la moda, e in particolare gli sforzi pubblicitari per promozionare uno o altro marchio di moda, hanno molto di aspirazioni. Le aspirazioni dei potenziali clienti ad essere ci&ograve; che si vede in tv, ad essere quella ragazza popolare che veste sempre secondo gli ultimi trend, a essere quel ragazzo che, in vetrina, sembra possa mangiarsi il mondo se lo desidera.<\/p>\n<p>Eppure, oggi la promozione della moda ha anche molto di personale, molto di essere vicino al cliente e di creare rapporti non solo economici e transazionali ma anche di fedelt&agrave; e identificazione. I marchi si sono accorti che, infatti, pi&ugrave; che vendere un sogno irraggiungibile, a volte &egrave; pi&ugrave; profittevole adattare la propria comunicazione alla realt&agrave; dei clienti, particolarmente dei giovani, e a fargli capire che si sta parlando di loro. Questo si riflette non solo sul tipo di mezzi comunicativi impiegati, definitivamente pi&ugrave; personali e meno di massa, ma anche sulla configurazione dei prodotti, che ogni volta hanno pi&ugrave; di <a href=\"http:\/\/www.menesello.it\/prodotti.php\">gadget personalizzati<\/a> e meno di modelli di serie.<\/p>\n<p>A questo fenomeno hanno contribuito in grande misura il web e i media sociali, ma soprattutto negli ultimi anni, Youtube e i blog. Queste piattaforme sono diventate una sorta di fontana di contenuti illimitati dove giovani e non tanto giovani recensio nano i loro prodotti preferiti, criticano quelli che a loro non piacciono e danno in generale consigli su quello che &egrave; in e quello che &egrave; out.<\/p>\n<p>Technorati conta che esistono 5071 blogs che parlano di moda. Questi sono soltanto questi che si sono aggiudicati l&rsquo;etichetta &ldquo;fashion&rdquo; in alcuni servizi di raccolta, ma la realt&agrave; e che sono decina di migliaia le persone ad occuparsi giornalmente delle fibbie per cinture pi&ugrave; in voga e del ritorno dello stile anni novanta sulle strade.<\/p>\n<p>E&rsquo; arrivata a tal punto l&rsquo;influenza di questi blogger e vlogger (video-blogger), che molte aziende mandano loro prodotti gratuiti per averne una recensione, che di solito &egrave; svincolata di qualsiasi pagamento. In altri casi, i blogger diventano una sorta di agenti, convertendosi in affiliati e ricevendo quindi delle commissioni sugli acquisti effettuati da persone che hanno deciso di comprare i prodotti dell&rsquo;azienda come conseguenza dell&rsquo;opinione pubblicata su un blog o postata come video. Questa affiliazione pu&ograve; avvenire, ad esempio, tramite link che dal post o video in questione puntano al sito dell&rsquo;azienda oppure in forma di codice promozionale da inserire al momento del check out.<\/p>\n<p>La popolarit&agrave; di alcuni di questi blogger, soprattutto tra la comunit&agrave; di Youtube, ha fatto che molti abbiano deciso di associarsi ad aziende ed esserne l&rsquo;immagine, o addirittura di creare una propria linea o negozio di vendita online dove si vendono prodotti personalizzati, come &egrave; il caso delle sorelle Elle e Blair Fowler, due ragazze del Tenessee che ora vivono a Los Angeles e che hanno il loro negozio di portachiavi pellle da qualche anno, con il quale ricavano notevoli introiti.<\/p>\n<p>La realt&agrave; &egrave; che, dopo i film e i cellulari, la moda &egrave; l&rsquo;ultima ad essere diventata territorio dell&rsquo;influenza sociale sul web. Quello che una volta era responsabilit&agrave; degli annunci televisivi o delle riviste, oggi &egrave; diventato una delle molte face di quelli che parlano delle loro passioni sul web.<\/p>\n","protected":false},"excerpt":{"rendered":"<p>La moda \u00e8 influenzata ogni volta di pi\u00f9 dalla comunicazione uno a una e della personalizzazione, cos\u00ec come delle figure di opinione dei nuovi media sociali<\/p>\n","protected":false},"author":10,"featured_media":0,"comment_status":"open","ping_status":"open","sticky":false,"template":"","format":"standard","meta":{"cybocfi_hide_featured_image":"","footnotes":""},"categories":[3429],"tags":[32422,16878,309,8619],"class_list":["post-22997","post","type-post","status-publish","format-standard","hentry","category-abbigliamento","tag-abbigliamento-personalizzato","tag-media-sociali","tag-moda","tag-portachiavi"],"yoast_head":"<!-- This site is optimized with the Yoast SEO plugin v27.0 - https:\/\/yoast.com\/product\/yoast-seo-wordpress\/ -->\n<title>La moda e il web: Il potere degli influenti sociali - Article Marketing<\/title>\n<meta name=\"robots\" content=\"index, follow, max-snippet:-1, max-image-preview:large, max-video-preview:-1\" \/>\n<link rel=\"canonical\" href=\"https:\/\/www.article-marketing.eu\/comunicati\/societa\/abbigliamento\/la-moda-e-il-web-il-potere-degli-influenti-sociali\/\" \/>\n<meta property=\"og:locale\" content=\"it_IT\" \/>\n<meta property=\"og:type\" content=\"article\" \/>\n<meta property=\"og:title\" content=\"La moda e il web: Il potere degli influenti sociali - Article Marketing\" \/>\n<meta property=\"og:description\" content=\"La moda \u00e8 influenzata ogni volta di pi\u00f9 dalla comunicazione uno a una e della personalizzazione, cos\u00ec come delle figure di opinione dei nuovi media sociali\" \/>\n<meta property=\"og:url\" content=\"https:\/\/www.article-marketing.eu\/comunicati\/societa\/abbigliamento\/la-moda-e-il-web-il-potere-degli-influenti-sociali\/\" \/>\n<meta property=\"og:site_name\" content=\"Article Marketing\" \/>\n<meta property=\"article:published_time\" content=\"2012-01-17T10:57:51+00:00\" \/>\n<meta name=\"author\" content=\"Redazione Comunicati Stampa\" \/>\n<meta name=\"twitter:card\" content=\"summary_large_image\" \/>\n<meta name=\"twitter:label1\" content=\"Scritto da\" \/>\n\t<meta name=\"twitter:data1\" content=\"Redazione Comunicati Stampa\" \/>\n\t<meta name=\"twitter:label2\" content=\"Tempo di lettura stimato\" \/>\n\t<meta name=\"twitter:data2\" content=\"3 minuti\" \/>\n<script type=\"application\/ld+json\" class=\"yoast-schema-graph\">{\"@context\":\"https:\/\/schema.org\",\"@graph\":[{\"@type\":\"Article\",\"@id\":\"https:\/\/www.article-marketing.eu\/comunicati\/societa\/abbigliamento\/la-moda-e-il-web-il-potere-degli-influenti-sociali\/#article\",\"isPartOf\":{\"@id\":\"https:\/\/www.article-marketing.eu\/comunicati\/societa\/abbigliamento\/la-moda-e-il-web-il-potere-degli-influenti-sociali\/\"},\"author\":{\"name\":\"Redazione Comunicati Stampa\",\"@id\":\"https:\/\/www.article-marketing.eu\/comunicati\/#\/schema\/person\/44372e4d4d0fa797b18e03ed1ace9017\"},\"headline\":\"La moda e il web: Il potere degli influenti sociali\",\"datePublished\":\"2012-01-17T10:57:51+00:00\",\"mainEntityOfPage\":{\"@id\":\"https:\/\/www.article-marketing.eu\/comunicati\/societa\/abbigliamento\/la-moda-e-il-web-il-potere-degli-influenti-sociali\/\"},\"wordCount\":572,\"commentCount\":0,\"keywords\":[\"Abbigliamento personalizzato\",\"media sociali\",\"moda\",\"portachiavi\"],\"articleSection\":[\"Abbigliamento e accessori\"],\"inLanguage\":\"it-IT\",\"potentialAction\":[{\"@type\":\"CommentAction\",\"name\":\"Comment\",\"target\":[\"https:\/\/www.article-marketing.eu\/comunicati\/societa\/abbigliamento\/la-moda-e-il-web-il-potere-degli-influenti-sociali\/#respond\"]}]},{\"@type\":\"WebPage\",\"@id\":\"https:\/\/www.article-marketing.eu\/comunicati\/societa\/abbigliamento\/la-moda-e-il-web-il-potere-degli-influenti-sociali\/\",\"url\":\"https:\/\/www.article-marketing.eu\/comunicati\/societa\/abbigliamento\/la-moda-e-il-web-il-potere-degli-influenti-sociali\/\",\"name\":\"La moda e il web: Il potere degli influenti sociali - Article Marketing\",\"isPartOf\":{\"@id\":\"https:\/\/www.article-marketing.eu\/comunicati\/#website\"},\"datePublished\":\"2012-01-17T10:57:51+00:00\",\"author\":{\"@id\":\"https:\/\/www.article-marketing.eu\/comunicati\/#\/schema\/person\/44372e4d4d0fa797b18e03ed1ace9017\"},\"breadcrumb\":{\"@id\":\"https:\/\/www.article-marketing.eu\/comunicati\/societa\/abbigliamento\/la-moda-e-il-web-il-potere-degli-influenti-sociali\/#breadcrumb\"},\"inLanguage\":\"it-IT\",\"potentialAction\":[{\"@type\":\"ReadAction\",\"target\":[\"https:\/\/www.article-marketing.eu\/comunicati\/societa\/abbigliamento\/la-moda-e-il-web-il-potere-degli-influenti-sociali\/\"]}]},{\"@type\":\"BreadcrumbList\",\"@id\":\"https:\/\/www.article-marketing.eu\/comunicati\/societa\/abbigliamento\/la-moda-e-il-web-il-potere-degli-influenti-sociali\/#breadcrumb\",\"itemListElement\":[{\"@type\":\"ListItem\",\"position\":1,\"name\":\"Home\",\"item\":\"https:\/\/www.article-marketing.eu\/comunicati\/\"},{\"@type\":\"ListItem\",\"position\":2,\"name\":\"La moda e il web: Il potere degli influenti sociali\"}]},{\"@type\":\"WebSite\",\"@id\":\"https:\/\/www.article-marketing.eu\/comunicati\/#website\",\"url\":\"https:\/\/www.article-marketing.eu\/comunicati\/\",\"name\":\"Article Marketing\",\"description\":\"article marketing &amp; press release\",\"potentialAction\":[{\"@type\":\"SearchAction\",\"target\":{\"@type\":\"EntryPoint\",\"urlTemplate\":\"https:\/\/www.article-marketing.eu\/comunicati\/?s={search_term_string}\"},\"query-input\":{\"@type\":\"PropertyValueSpecification\",\"valueRequired\":true,\"valueName\":\"search_term_string\"}}],\"inLanguage\":\"it-IT\"},{\"@type\":\"Person\",\"@id\":\"https:\/\/www.article-marketing.eu\/comunicati\/#\/schema\/person\/44372e4d4d0fa797b18e03ed1ace9017\",\"name\":\"Redazione Comunicati Stampa\",\"image\":{\"@type\":\"ImageObject\",\"inLanguage\":\"it-IT\",\"@id\":\"https:\/\/www.article-marketing.eu\/comunicati\/#\/schema\/person\/image\/\",\"url\":\"https:\/\/secure.gravatar.com\/avatar\/50e5c6421d3072f42e7ace803501602c60d75233d34e29fd05feb91c8760b792?s=96&d=mm&r=g\",\"contentUrl\":\"https:\/\/secure.gravatar.com\/avatar\/50e5c6421d3072f42e7ace803501602c60d75233d34e29fd05feb91c8760b792?s=96&d=mm&r=g\",\"caption\":\"Redazione Comunicati Stampa\"},\"url\":\"https:\/\/www.article-marketing.eu\/comunicati\/author\/redazione-comunicati-stampa\/\"}]}<\/script>\n<!-- \/ Yoast SEO plugin. -->","yoast_head_json":{"title":"La moda e il web: Il potere degli influenti sociali - Article Marketing","robots":{"index":"index","follow":"follow","max-snippet":"max-snippet:-1","max-image-preview":"max-image-preview:large","max-video-preview":"max-video-preview:-1"},"canonical":"https:\/\/www.article-marketing.eu\/comunicati\/societa\/abbigliamento\/la-moda-e-il-web-il-potere-degli-influenti-sociali\/","og_locale":"it_IT","og_type":"article","og_title":"La moda e il web: Il potere degli influenti sociali - Article Marketing","og_description":"La moda \u00e8 influenzata ogni volta di pi\u00f9 dalla comunicazione uno a una e della personalizzazione, cos\u00ec come delle figure di opinione dei nuovi media sociali","og_url":"https:\/\/www.article-marketing.eu\/comunicati\/societa\/abbigliamento\/la-moda-e-il-web-il-potere-degli-influenti-sociali\/","og_site_name":"Article Marketing","article_published_time":"2012-01-17T10:57:51+00:00","author":"Redazione Comunicati Stampa","twitter_card":"summary_large_image","twitter_misc":{"Scritto da":"Redazione Comunicati Stampa","Tempo di lettura stimato":"3 minuti"},"schema":{"@context":"https:\/\/schema.org","@graph":[{"@type":"Article","@id":"https:\/\/www.article-marketing.eu\/comunicati\/societa\/abbigliamento\/la-moda-e-il-web-il-potere-degli-influenti-sociali\/#article","isPartOf":{"@id":"https:\/\/www.article-marketing.eu\/comunicati\/societa\/abbigliamento\/la-moda-e-il-web-il-potere-degli-influenti-sociali\/"},"author":{"name":"Redazione Comunicati Stampa","@id":"https:\/\/www.article-marketing.eu\/comunicati\/#\/schema\/person\/44372e4d4d0fa797b18e03ed1ace9017"},"headline":"La moda e il web: Il potere degli influenti sociali","datePublished":"2012-01-17T10:57:51+00:00","mainEntityOfPage":{"@id":"https:\/\/www.article-marketing.eu\/comunicati\/societa\/abbigliamento\/la-moda-e-il-web-il-potere-degli-influenti-sociali\/"},"wordCount":572,"commentCount":0,"keywords":["Abbigliamento personalizzato","media sociali","moda","portachiavi"],"articleSection":["Abbigliamento e accessori"],"inLanguage":"it-IT","potentialAction":[{"@type":"CommentAction","name":"Comment","target":["https:\/\/www.article-marketing.eu\/comunicati\/societa\/abbigliamento\/la-moda-e-il-web-il-potere-degli-influenti-sociali\/#respond"]}]},{"@type":"WebPage","@id":"https:\/\/www.article-marketing.eu\/comunicati\/societa\/abbigliamento\/la-moda-e-il-web-il-potere-degli-influenti-sociali\/","url":"https:\/\/www.article-marketing.eu\/comunicati\/societa\/abbigliamento\/la-moda-e-il-web-il-potere-degli-influenti-sociali\/","name":"La moda e il web: Il potere degli influenti sociali - Article Marketing","isPartOf":{"@id":"https:\/\/www.article-marketing.eu\/comunicati\/#website"},"datePublished":"2012-01-17T10:57:51+00:00","author":{"@id":"https:\/\/www.article-marketing.eu\/comunicati\/#\/schema\/person\/44372e4d4d0fa797b18e03ed1ace9017"},"breadcrumb":{"@id":"https:\/\/www.article-marketing.eu\/comunicati\/societa\/abbigliamento\/la-moda-e-il-web-il-potere-degli-influenti-sociali\/#breadcrumb"},"inLanguage":"it-IT","potentialAction":[{"@type":"ReadAction","target":["https:\/\/www.article-marketing.eu\/comunicati\/societa\/abbigliamento\/la-moda-e-il-web-il-potere-degli-influenti-sociali\/"]}]},{"@type":"BreadcrumbList","@id":"https:\/\/www.article-marketing.eu\/comunicati\/societa\/abbigliamento\/la-moda-e-il-web-il-potere-degli-influenti-sociali\/#breadcrumb","itemListElement":[{"@type":"ListItem","position":1,"name":"Home","item":"https:\/\/www.article-marketing.eu\/comunicati\/"},{"@type":"ListItem","position":2,"name":"La moda e il web: Il potere degli influenti sociali"}]},{"@type":"WebSite","@id":"https:\/\/www.article-marketing.eu\/comunicati\/#website","url":"https:\/\/www.article-marketing.eu\/comunicati\/","name":"Article Marketing","description":"article marketing &amp; press release","potentialAction":[{"@type":"SearchAction","target":{"@type":"EntryPoint","urlTemplate":"https:\/\/www.article-marketing.eu\/comunicati\/?s={search_term_string}"},"query-input":{"@type":"PropertyValueSpecification","valueRequired":true,"valueName":"search_term_string"}}],"inLanguage":"it-IT"},{"@type":"Person","@id":"https:\/\/www.article-marketing.eu\/comunicati\/#\/schema\/person\/44372e4d4d0fa797b18e03ed1ace9017","name":"Redazione Comunicati Stampa","image":{"@type":"ImageObject","inLanguage":"it-IT","@id":"https:\/\/www.article-marketing.eu\/comunicati\/#\/schema\/person\/image\/","url":"https:\/\/secure.gravatar.com\/avatar\/50e5c6421d3072f42e7ace803501602c60d75233d34e29fd05feb91c8760b792?s=96&d=mm&r=g","contentUrl":"https:\/\/secure.gravatar.com\/avatar\/50e5c6421d3072f42e7ace803501602c60d75233d34e29fd05feb91c8760b792?s=96&d=mm&r=g","caption":"Redazione Comunicati Stampa"},"url":"https:\/\/www.article-marketing.eu\/comunicati\/author\/redazione-comunicati-stampa\/"}]}},"_links":{"self":[{"href":"https:\/\/www.article-marketing.eu\/comunicati\/wp-json\/wp\/v2\/posts\/22997","targetHints":{"allow":["GET"]}}],"collection":[{"href":"https:\/\/www.article-marketing.eu\/comunicati\/wp-json\/wp\/v2\/posts"}],"about":[{"href":"https:\/\/www.article-marketing.eu\/comunicati\/wp-json\/wp\/v2\/types\/post"}],"author":[{"embeddable":true,"href":"https:\/\/www.article-marketing.eu\/comunicati\/wp-json\/wp\/v2\/users\/10"}],"replies":[{"embeddable":true,"href":"https:\/\/www.article-marketing.eu\/comunicati\/wp-json\/wp\/v2\/comments?post=22997"}],"version-history":[{"count":0,"href":"https:\/\/www.article-marketing.eu\/comunicati\/wp-json\/wp\/v2\/posts\/22997\/revisions"}],"wp:attachment":[{"href":"https:\/\/www.article-marketing.eu\/comunicati\/wp-json\/wp\/v2\/media?parent=22997"}],"wp:term":[{"taxonomy":"category","embeddable":true,"href":"https:\/\/www.article-marketing.eu\/comunicati\/wp-json\/wp\/v2\/categories?post=22997"},{"taxonomy":"post_tag","embeddable":true,"href":"https:\/\/www.article-marketing.eu\/comunicati\/wp-json\/wp\/v2\/tags?post=22997"}],"curies":[{"name":"wp","href":"https:\/\/api.w.org\/{rel}","templated":true}]}}