{"id":23023,"date":"2012-01-17T14:03:52","date_gmt":"2012-01-17T13:03:52","guid":{"rendered":"http:\/\/www.article-marketing.eu\/comunicati\/senza-categoria\/anche-questa%252580%252599estate-la%252580%252599istituto-di-moda-burgo-propone-per-la-xiv-edizione-il-fashion-summer-course\/"},"modified":"2012-01-17T14:03:52","modified_gmt":"2012-01-17T13:03:52","slug":"anche-questa%252580%252599estate-la%252580%252599istituto-di-moda-burgo-propone-per-la-xiv-edizione-il-fashion-summer-course","status":"publish","type":"post","link":"https:\/\/www.article-marketing.eu\/comunicati\/arte-e-cultura\/anche-questa%252580%252599estate-la%252580%252599istituto-di-moda-burgo-propone-per-la-xiv-edizione-il-fashion-summer-course\/","title":{"rendered":"Istituto di Moda Burgo propone per la XIV edizione il FASHION SUMMER COURSE!"},"content":{"rendered":"<p> L&rsquo;Istituto di Moda Burgo, famoso in tutto il mondo, offre corsi unici a chiunque voglia passare un soggiorno estivo di studio. Di seguito le date disponibili: <strong>2-26 Luglio<\/strong> (100 o 50 ore)<strong><em><\/em><\/strong> &middot; <strong>2-13 Luglio<\/strong> (50 ore)<strong><em><\/em><\/strong> &middot; <strong>9-20 Luglio<\/strong> (50 ore)<strong><em><\/em><\/strong> &middot; <strong>16-26 Luglio<\/strong> (50 ore)<strong><em><\/em><\/strong> I corsi estivi sono aperti a tutti i ragazzi che hanno intenzione di trascorrere una &ldquo;Vacanza-Studio&rdquo; a Milano, con il vantaggio di poter scegliere tra una vasta gamma di corsi. I corsi che L&rsquo;Istituto di Moda Burgo offre per la XIV Edizione 2012 sono: <strong><em>Fashion Design<\/em><\/strong><strong> &#8211; <em>Tecniche di disegno<\/em><\/strong> e <strong><em>Collezione<\/em><\/strong> <strong><em>Modellistica &#8211;<\/em><\/strong> <strong><em>Tecniche Sartoriali<\/em><\/strong><em> <\/em>e <strong><em>Modellistica<\/em><\/strong> <strong><em>Fashion Stylist (Fashion Design + Modellistica) &egrave; il pi&ugrave; gettonato! Offre infatti una visione completa di entrambe le materie in breve tempo.<\/em><\/strong> Lo studente dovr&agrave; ulteriormente scegliere una specializzazione: <em>per il<strong> Fashion Design <\/strong>tra:<\/em><strong> <\/strong><em>Donna, Uomo, Bambino, Gioielli, Calzature, Intimo, Accessori, Costumi da bagno, Costumi teatrali, Abiti da Sposa.<\/em> <em>per la<strong> Modellistica <\/strong>tra: Donna, Uomo, Bambino, Intimo, Costumi da bagno, Costumi teatrali, Abiti da Sposa.<\/em> Gli studenti avranno inoltre la possibilit&agrave; di seguire 4 ore di seminario di <strong>Fashion Marketing<\/strong> con uno specialista del settore, al quale potranno richiedere tutte le informazioni utili riguardanti le ultime tendenze, le strategie di mercato e le pi&ugrave; famose Maison europee. All&#8217;inizio del corso verr&agrave; definito un piano di studi insieme all&rsquo;insegnante con il quale si decider&agrave; anche il livello appropriato tra il <strong><em>Basic <\/em><\/strong>(per chi non ha ancora nessuna esperienza scolastica o lavorativa); <strong><em>Advanced<\/em><\/strong><em> <\/em>(per chi possiede gi&agrave; una base scolastica); <strong><em>Professional <\/em><\/strong>(per chi ha gi&agrave; lavorato o lavora nel mondo della moda). Grazie al nostro metodo d&rsquo;insegnamento il corso offre un aggiornamento esaustivo in breve tempo. <strong>Le lezioni a carattere individuale<\/strong> permettono ad ogni studente di <strong>scegliere gli argomenti a cui &egrave; pi&ugrave; interessato e approfondirli.<\/strong> La <strong>frequenza<\/strong> <strong>scolastica<\/strong> pu&ograve; variare a seconda del corso. &middot; Il corso di <strong>100 ore<\/strong> prevede <strong>2 lezioni al giorno<\/strong> (mattino + pomeriggio). &middot; Il corso di <strong>50 ore di 4 settimane<\/strong> prevede <strong>1 lezione<\/strong> <strong>al giorno<\/strong> (da scegliere tra mattino e pomeriggio) quello di <strong>50 ore di 2 settimane <\/strong>prevede<strong> 2 lezioni al giorno<\/strong> (mattino + pomeriggio).<strong><\/strong> <strong> <\/strong> <strong>Le lezioni durano 3h ciascuna e si svolgono da luned&igrave; a gioved&igrave;<\/strong> nelle seguenti fasce orarie: <strong>Mattino<\/strong> dalle 9.00 alle 12.00 &#8211; <strong>Pomeriggio<\/strong> dalle 13.30 alle 16.30. Al termine del corso ogni studente ricever&agrave; un attestato di frequenza. Per iscriversi al corso bisogna compilare il seguente <a href=\"http:\/\/www.fashionsummercourse.com\/aap_form.htm\">modulo d&#8217;iscrizione<\/a> <strong>http:\/\/www.fashionsummercourse.com\/aap_form.htm<\/strong> <strong><\/strong><\/p>\n","protected":false},"excerpt":{"rendered":"<p>L&#8217;Istituto di Moda Burgo, leader internazionale nella formazione nel settore moda, ha sviluppato un metodo volto all&#8217;ottimizzazione e all&#8217;enfatizzazione del valore e della tempistica dell&#8217;apprendimento da parte dei soggetti anzidetti, avendo come obiettivo principale il loro inserimento nel mondo del lavoro. Per la seriet\u00e0 e la professionalit\u00e0 dimostrate nello svolgimento della propria attivit\u00e0 e della bont\u00e0 dei risultati ottenuti, l&#8217; ISTITUTO di MODA BURGO srl si \u00e8 vista rilasciare la &#8220;Certificazione del proprio Sistema Qualit\u00e0&#8221;<\/p>\n","protected":false},"author":10,"featured_media":0,"comment_status":"open","ping_status":"open","sticky":false,"template":"","format":"standard","meta":{"cybocfi_hide_featured_image":"","footnotes":""},"categories":[27],"tags":[8271,32432,32431,309],"class_list":["post-23023","post","type-post","status-publish","format-standard","hentry","category-arte-e-cultura","tag-corso-di-moda","tag-corso-estivo","tag-istituto-di-moda-burgo","tag-moda"],"yoast_head":"<!-- This site is optimized with the Yoast SEO plugin v27.0 - https:\/\/yoast.com\/product\/yoast-seo-wordpress\/ -->\n<title>Istituto di Moda Burgo propone per la XIV edizione il FASHION SUMMER COURSE! - Article Marketing<\/title>\n<meta name=\"robots\" content=\"index, follow, max-snippet:-1, max-image-preview:large, max-video-preview:-1\" \/>\n<link rel=\"canonical\" href=\"https:\/\/www.article-marketing.eu\/comunicati\/arte-e-cultura\/anche-questa%2580%2599estate-la%2580%2599istituto-di-moda-burgo-propone-per-la-xiv-edizione-il-fashion-summer-course\/\" \/>\n<meta property=\"og:locale\" content=\"it_IT\" \/>\n<meta property=\"og:type\" content=\"article\" \/>\n<meta property=\"og:title\" content=\"Istituto di Moda Burgo propone per la XIV edizione il FASHION SUMMER COURSE! - Article Marketing\" \/>\n<meta property=\"og:description\" content=\"L&#039;Istituto di Moda Burgo, leader internazionale nella formazione nel settore moda, ha sviluppato un metodo volto all&#039;ottimizzazione e all&#039;enfatizzazione del valore e della tempistica dell&#039;apprendimento da parte dei soggetti anzidetti, avendo come obiettivo principale il loro inserimento nel mondo del lavoro. Per la seriet\u00e0 e la professionalit\u00e0 dimostrate nello svolgimento della propria attivit\u00e0 e della bont\u00e0 dei risultati ottenuti, l&#039; ISTITUTO di MODA BURGO srl si \u00e8 vista rilasciare la &quot;Certificazione del proprio Sistema Qualit\u00e0&quot;\" \/>\n<meta property=\"og:url\" content=\"https:\/\/www.article-marketing.eu\/comunicati\/arte-e-cultura\/anche-questa%2580%2599estate-la%2580%2599istituto-di-moda-burgo-propone-per-la-xiv-edizione-il-fashion-summer-course\/\" \/>\n<meta property=\"og:site_name\" content=\"Article Marketing\" \/>\n<meta property=\"article:published_time\" content=\"2012-01-17T13:03:52+00:00\" \/>\n<meta name=\"author\" content=\"Redazione Comunicati Stampa\" \/>\n<meta name=\"twitter:card\" content=\"summary_large_image\" \/>\n<meta name=\"twitter:label1\" content=\"Scritto da\" \/>\n\t<meta name=\"twitter:data1\" content=\"Redazione Comunicati Stampa\" \/>\n\t<meta name=\"twitter:label2\" content=\"Tempo di lettura stimato\" \/>\n\t<meta name=\"twitter:data2\" content=\"2 minuti\" \/>\n<script type=\"application\/ld+json\" class=\"yoast-schema-graph\">{\"@context\":\"https:\/\/schema.org\",\"@graph\":[{\"@type\":\"Article\",\"@id\":\"https:\/\/www.article-marketing.eu\/comunicati\/arte-e-cultura\/anche-questa%252580%252599estate-la%252580%252599istituto-di-moda-burgo-propone-per-la-xiv-edizione-il-fashion-summer-course\/#article\",\"isPartOf\":{\"@id\":\"https:\/\/www.article-marketing.eu\/comunicati\/arte-e-cultura\/anche-questa%252580%252599estate-la%252580%252599istituto-di-moda-burgo-propone-per-la-xiv-edizione-il-fashion-summer-course\/\"},\"author\":{\"name\":\"Redazione Comunicati Stampa\",\"@id\":\"https:\/\/www.article-marketing.eu\/comunicati\/#\/schema\/person\/44372e4d4d0fa797b18e03ed1ace9017\"},\"headline\":\"Istituto di Moda Burgo propone per la XIV edizione il FASHION SUMMER COURSE!\",\"datePublished\":\"2012-01-17T13:03:52+00:00\",\"mainEntityOfPage\":{\"@id\":\"https:\/\/www.article-marketing.eu\/comunicati\/arte-e-cultura\/anche-questa%252580%252599estate-la%252580%252599istituto-di-moda-burgo-propone-per-la-xiv-edizione-il-fashion-summer-course\/\"},\"wordCount\":426,\"commentCount\":0,\"keywords\":[\"corso di moda\",\"Corso Estivo\",\"Istituto di Moda Burgo\",\"moda\"],\"articleSection\":[\"Arte e cultura\"],\"inLanguage\":\"it-IT\",\"potentialAction\":[{\"@type\":\"CommentAction\",\"name\":\"Comment\",\"target\":[\"https:\/\/www.article-marketing.eu\/comunicati\/arte-e-cultura\/anche-questa%252580%252599estate-la%252580%252599istituto-di-moda-burgo-propone-per-la-xiv-edizione-il-fashion-summer-course\/#respond\"]}]},{\"@type\":\"WebPage\",\"@id\":\"https:\/\/www.article-marketing.eu\/comunicati\/arte-e-cultura\/anche-questa%252580%252599estate-la%252580%252599istituto-di-moda-burgo-propone-per-la-xiv-edizione-il-fashion-summer-course\/\",\"url\":\"https:\/\/www.article-marketing.eu\/comunicati\/arte-e-cultura\/anche-questa%252580%252599estate-la%252580%252599istituto-di-moda-burgo-propone-per-la-xiv-edizione-il-fashion-summer-course\/\",\"name\":\"Istituto di Moda Burgo propone per la XIV edizione il FASHION SUMMER COURSE! - Article Marketing\",\"isPartOf\":{\"@id\":\"https:\/\/www.article-marketing.eu\/comunicati\/#website\"},\"datePublished\":\"2012-01-17T13:03:52+00:00\",\"author\":{\"@id\":\"https:\/\/www.article-marketing.eu\/comunicati\/#\/schema\/person\/44372e4d4d0fa797b18e03ed1ace9017\"},\"breadcrumb\":{\"@id\":\"https:\/\/www.article-marketing.eu\/comunicati\/arte-e-cultura\/anche-questa%252580%252599estate-la%252580%252599istituto-di-moda-burgo-propone-per-la-xiv-edizione-il-fashion-summer-course\/#breadcrumb\"},\"inLanguage\":\"it-IT\",\"potentialAction\":[{\"@type\":\"ReadAction\",\"target\":[\"https:\/\/www.article-marketing.eu\/comunicati\/arte-e-cultura\/anche-questa%252580%252599estate-la%252580%252599istituto-di-moda-burgo-propone-per-la-xiv-edizione-il-fashion-summer-course\/\"]}]},{\"@type\":\"BreadcrumbList\",\"@id\":\"https:\/\/www.article-marketing.eu\/comunicati\/arte-e-cultura\/anche-questa%252580%252599estate-la%252580%252599istituto-di-moda-burgo-propone-per-la-xiv-edizione-il-fashion-summer-course\/#breadcrumb\",\"itemListElement\":[{\"@type\":\"ListItem\",\"position\":1,\"name\":\"Home\",\"item\":\"https:\/\/www.article-marketing.eu\/comunicati\/\"},{\"@type\":\"ListItem\",\"position\":2,\"name\":\"Istituto di Moda Burgo propone per la XIV edizione il FASHION SUMMER COURSE!\"}]},{\"@type\":\"WebSite\",\"@id\":\"https:\/\/www.article-marketing.eu\/comunicati\/#website\",\"url\":\"https:\/\/www.article-marketing.eu\/comunicati\/\",\"name\":\"Article Marketing\",\"description\":\"article marketing &amp; press release\",\"potentialAction\":[{\"@type\":\"SearchAction\",\"target\":{\"@type\":\"EntryPoint\",\"urlTemplate\":\"https:\/\/www.article-marketing.eu\/comunicati\/?s={search_term_string}\"},\"query-input\":{\"@type\":\"PropertyValueSpecification\",\"valueRequired\":true,\"valueName\":\"search_term_string\"}}],\"inLanguage\":\"it-IT\"},{\"@type\":\"Person\",\"@id\":\"https:\/\/www.article-marketing.eu\/comunicati\/#\/schema\/person\/44372e4d4d0fa797b18e03ed1ace9017\",\"name\":\"Redazione Comunicati Stampa\",\"image\":{\"@type\":\"ImageObject\",\"inLanguage\":\"it-IT\",\"@id\":\"https:\/\/www.article-marketing.eu\/comunicati\/#\/schema\/person\/image\/\",\"url\":\"https:\/\/secure.gravatar.com\/avatar\/50e5c6421d3072f42e7ace803501602c60d75233d34e29fd05feb91c8760b792?s=96&d=mm&r=g\",\"contentUrl\":\"https:\/\/secure.gravatar.com\/avatar\/50e5c6421d3072f42e7ace803501602c60d75233d34e29fd05feb91c8760b792?s=96&d=mm&r=g\",\"caption\":\"Redazione Comunicati Stampa\"},\"url\":\"https:\/\/www.article-marketing.eu\/comunicati\/author\/redazione-comunicati-stampa\/\"}]}<\/script>\n<!-- \/ Yoast SEO plugin. -->","yoast_head_json":{"title":"Istituto di Moda Burgo propone per la XIV edizione il FASHION SUMMER COURSE! - Article Marketing","robots":{"index":"index","follow":"follow","max-snippet":"max-snippet:-1","max-image-preview":"max-image-preview:large","max-video-preview":"max-video-preview:-1"},"canonical":"https:\/\/www.article-marketing.eu\/comunicati\/arte-e-cultura\/anche-questa%2580%2599estate-la%2580%2599istituto-di-moda-burgo-propone-per-la-xiv-edizione-il-fashion-summer-course\/","og_locale":"it_IT","og_type":"article","og_title":"Istituto di Moda Burgo propone per la XIV edizione il FASHION SUMMER COURSE! - Article Marketing","og_description":"L'Istituto di Moda Burgo, leader internazionale nella formazione nel settore moda, ha sviluppato un metodo volto all'ottimizzazione e all'enfatizzazione del valore e della tempistica dell'apprendimento da parte dei soggetti anzidetti, avendo come obiettivo principale il loro inserimento nel mondo del lavoro. Per la seriet\u00e0 e la professionalit\u00e0 dimostrate nello svolgimento della propria attivit\u00e0 e della bont\u00e0 dei risultati ottenuti, l' ISTITUTO di MODA BURGO srl si \u00e8 vista rilasciare la \"Certificazione del proprio Sistema Qualit\u00e0\"","og_url":"https:\/\/www.article-marketing.eu\/comunicati\/arte-e-cultura\/anche-questa%2580%2599estate-la%2580%2599istituto-di-moda-burgo-propone-per-la-xiv-edizione-il-fashion-summer-course\/","og_site_name":"Article Marketing","article_published_time":"2012-01-17T13:03:52+00:00","author":"Redazione Comunicati Stampa","twitter_card":"summary_large_image","twitter_misc":{"Scritto da":"Redazione Comunicati Stampa","Tempo di lettura stimato":"2 minuti"},"schema":{"@context":"https:\/\/schema.org","@graph":[{"@type":"Article","@id":"https:\/\/www.article-marketing.eu\/comunicati\/arte-e-cultura\/anche-questa%252580%252599estate-la%252580%252599istituto-di-moda-burgo-propone-per-la-xiv-edizione-il-fashion-summer-course\/#article","isPartOf":{"@id":"https:\/\/www.article-marketing.eu\/comunicati\/arte-e-cultura\/anche-questa%252580%252599estate-la%252580%252599istituto-di-moda-burgo-propone-per-la-xiv-edizione-il-fashion-summer-course\/"},"author":{"name":"Redazione Comunicati Stampa","@id":"https:\/\/www.article-marketing.eu\/comunicati\/#\/schema\/person\/44372e4d4d0fa797b18e03ed1ace9017"},"headline":"Istituto di Moda Burgo propone per la XIV edizione il FASHION SUMMER COURSE!","datePublished":"2012-01-17T13:03:52+00:00","mainEntityOfPage":{"@id":"https:\/\/www.article-marketing.eu\/comunicati\/arte-e-cultura\/anche-questa%252580%252599estate-la%252580%252599istituto-di-moda-burgo-propone-per-la-xiv-edizione-il-fashion-summer-course\/"},"wordCount":426,"commentCount":0,"keywords":["corso di moda","Corso Estivo","Istituto di Moda Burgo","moda"],"articleSection":["Arte e cultura"],"inLanguage":"it-IT","potentialAction":[{"@type":"CommentAction","name":"Comment","target":["https:\/\/www.article-marketing.eu\/comunicati\/arte-e-cultura\/anche-questa%252580%252599estate-la%252580%252599istituto-di-moda-burgo-propone-per-la-xiv-edizione-il-fashion-summer-course\/#respond"]}]},{"@type":"WebPage","@id":"https:\/\/www.article-marketing.eu\/comunicati\/arte-e-cultura\/anche-questa%252580%252599estate-la%252580%252599istituto-di-moda-burgo-propone-per-la-xiv-edizione-il-fashion-summer-course\/","url":"https:\/\/www.article-marketing.eu\/comunicati\/arte-e-cultura\/anche-questa%252580%252599estate-la%252580%252599istituto-di-moda-burgo-propone-per-la-xiv-edizione-il-fashion-summer-course\/","name":"Istituto di Moda Burgo propone per la XIV edizione il FASHION SUMMER COURSE! - Article Marketing","isPartOf":{"@id":"https:\/\/www.article-marketing.eu\/comunicati\/#website"},"datePublished":"2012-01-17T13:03:52+00:00","author":{"@id":"https:\/\/www.article-marketing.eu\/comunicati\/#\/schema\/person\/44372e4d4d0fa797b18e03ed1ace9017"},"breadcrumb":{"@id":"https:\/\/www.article-marketing.eu\/comunicati\/arte-e-cultura\/anche-questa%252580%252599estate-la%252580%252599istituto-di-moda-burgo-propone-per-la-xiv-edizione-il-fashion-summer-course\/#breadcrumb"},"inLanguage":"it-IT","potentialAction":[{"@type":"ReadAction","target":["https:\/\/www.article-marketing.eu\/comunicati\/arte-e-cultura\/anche-questa%252580%252599estate-la%252580%252599istituto-di-moda-burgo-propone-per-la-xiv-edizione-il-fashion-summer-course\/"]}]},{"@type":"BreadcrumbList","@id":"https:\/\/www.article-marketing.eu\/comunicati\/arte-e-cultura\/anche-questa%252580%252599estate-la%252580%252599istituto-di-moda-burgo-propone-per-la-xiv-edizione-il-fashion-summer-course\/#breadcrumb","itemListElement":[{"@type":"ListItem","position":1,"name":"Home","item":"https:\/\/www.article-marketing.eu\/comunicati\/"},{"@type":"ListItem","position":2,"name":"Istituto di Moda Burgo propone per la XIV edizione il FASHION SUMMER COURSE!"}]},{"@type":"WebSite","@id":"https:\/\/www.article-marketing.eu\/comunicati\/#website","url":"https:\/\/www.article-marketing.eu\/comunicati\/","name":"Article Marketing","description":"article marketing &amp; press release","potentialAction":[{"@type":"SearchAction","target":{"@type":"EntryPoint","urlTemplate":"https:\/\/www.article-marketing.eu\/comunicati\/?s={search_term_string}"},"query-input":{"@type":"PropertyValueSpecification","valueRequired":true,"valueName":"search_term_string"}}],"inLanguage":"it-IT"},{"@type":"Person","@id":"https:\/\/www.article-marketing.eu\/comunicati\/#\/schema\/person\/44372e4d4d0fa797b18e03ed1ace9017","name":"Redazione Comunicati Stampa","image":{"@type":"ImageObject","inLanguage":"it-IT","@id":"https:\/\/www.article-marketing.eu\/comunicati\/#\/schema\/person\/image\/","url":"https:\/\/secure.gravatar.com\/avatar\/50e5c6421d3072f42e7ace803501602c60d75233d34e29fd05feb91c8760b792?s=96&d=mm&r=g","contentUrl":"https:\/\/secure.gravatar.com\/avatar\/50e5c6421d3072f42e7ace803501602c60d75233d34e29fd05feb91c8760b792?s=96&d=mm&r=g","caption":"Redazione Comunicati Stampa"},"url":"https:\/\/www.article-marketing.eu\/comunicati\/author\/redazione-comunicati-stampa\/"}]}},"_links":{"self":[{"href":"https:\/\/www.article-marketing.eu\/comunicati\/wp-json\/wp\/v2\/posts\/23023","targetHints":{"allow":["GET"]}}],"collection":[{"href":"https:\/\/www.article-marketing.eu\/comunicati\/wp-json\/wp\/v2\/posts"}],"about":[{"href":"https:\/\/www.article-marketing.eu\/comunicati\/wp-json\/wp\/v2\/types\/post"}],"author":[{"embeddable":true,"href":"https:\/\/www.article-marketing.eu\/comunicati\/wp-json\/wp\/v2\/users\/10"}],"replies":[{"embeddable":true,"href":"https:\/\/www.article-marketing.eu\/comunicati\/wp-json\/wp\/v2\/comments?post=23023"}],"version-history":[{"count":0,"href":"https:\/\/www.article-marketing.eu\/comunicati\/wp-json\/wp\/v2\/posts\/23023\/revisions"}],"wp:attachment":[{"href":"https:\/\/www.article-marketing.eu\/comunicati\/wp-json\/wp\/v2\/media?parent=23023"}],"wp:term":[{"taxonomy":"category","embeddable":true,"href":"https:\/\/www.article-marketing.eu\/comunicati\/wp-json\/wp\/v2\/categories?post=23023"},{"taxonomy":"post_tag","embeddable":true,"href":"https:\/\/www.article-marketing.eu\/comunicati\/wp-json\/wp\/v2\/tags?post=23023"}],"curies":[{"name":"wp","href":"https:\/\/api.w.org\/{rel}","templated":true}]}}