{"id":2309,"date":"2009-07-01T15:02:16","date_gmt":"2009-07-01T13:02:16","guid":{"rendered":"http:\/\/www.article-marketing.eu\/comunicati\/senza-categoria\/handydandy-impagina-il-calore-dellestate\/"},"modified":"2009-07-01T15:02:16","modified_gmt":"2009-07-01T13:02:16","slug":"handydandy-impagina-il-calore-dellestate","status":"publish","type":"post","link":"https:\/\/www.article-marketing.eu\/comunicati\/tempo-libero\/intrattenimento\/handydandy-impagina-il-calore-dellestate\/","title":{"rendered":"Handydandy impagina il calore dell&#8217;estate"},"content":{"rendered":"<p>&nbsp;<\/p>\n<p>&nbsp;<\/p>\n<p>&nbsp;<\/p>\n<p align=\"center\" style=\"margin-bottom: 0cm;\"><strong>Pronti,<br \/>\npartenza&#8230;via !!!<\/strong><\/p>\n<p align=\"center\" style=\"margin-bottom: 0cm;\">\n<\/p>\n<p align=\"center\" style=\"margin-bottom: 0cm;\">Handydandy<br \/>\nimpagina il calore dell&#8217;estate<\/p>\n<p align=\"center\" style=\"margin-bottom: 0cm;\">\n<\/p>\n<p align=\"center\" style=\"margin-bottom: 0cm;\">\n<\/p>\n<p align=\"justify\" style=\"margin-bottom: 0cm;\">La<br \/>\nRiviera Romagnola d&#8217;estate \u00e8 in bruciante fermento, quasi<br \/>\nfacesse a gara col sole che la illumina generoso. Se, come a tutti<br \/>\nnoi piace credere, esistono altri mondi e altri modi in cui la vita<br \/>\npu\u00f2 attecchire, c&#8217;\u00e8 un&#8217;area lass\u00f9, sul nostro<br \/>\namato astro, in cui  sconosciute forme di vita si stanno crogiolando<br \/>\ncon il viso rivolto al tepore scaturito dalle nostre coste. Questi<br \/>\nalieni solari dovranno stare attenti a non bruciare la loro pelle,<br \/>\nperch\u00e9 quaggi\u00f9 si profila  un&#8217;estate davvero calda di<br \/>\neventi e opportunit\u00e0!<\/p>\n<p align=\"justify\" style=\"margin-bottom: 0cm;\">Se<br \/>\nquesti esseri fossero dotati di una supervista e di buone lenti<br \/>\nprotettive per schermare l&#8217;accecante luce energetica che la riviera<br \/>\nemette, potrebbero aguzzarla e vedere, lungo i due principali punti<br \/>\ndi ingresso della cittadina di Misano Adriatico, i due enormi totem<br \/>\nsvettanti, di tre metri di altezza, che Handydandy ha realizzato per<br \/>\nil Comune.<\/p>\n<p align=\"justify\" style=\"margin-bottom: 0cm;\"><a href=\"http:\/\/www.handydandy.it\">Handydandy<\/a><br \/>\nha curato infatti per  Misano Adriatico tutta la comunicazione per<br \/>\ngli eventi dell&#8217;estate 2009: oltre ai due totem, locandine,<br \/>\nmanifesti, programmi. Il visual  rappresenta il concetto che abbiamo<br \/>\nscelto per caratterizzare l&#8217;intera campagna informativa: una gara in<br \/>\nspiaggia, tra biglie che contengono le varie opportunit\u00e0<br \/>\nproposte per allietare le serate a chi ha scelto Misano come luogo<br \/>\nideale delle sue vacanze. Si tratta di una vera e propria gara tra<br \/>\neventi fantastici, occasioni di divertimento e cultura per tutta la<br \/>\nfamiglia. Ognuno pu\u00f2 scegliere la sua biglia preferita!<\/p>\n<p align=\"justify\" style=\"margin-bottom: 0cm;\">Consci<br \/>\ndel fatto che lass\u00f9, sul sole, il turismo ed il divertimento<br \/>\nnon la fanno  certo da padroni e che non c&#8217;\u00e8 la possibilit\u00e0<br \/>\ndi farsi un bel bagno in mare, provvederemo ad inviare agli abitanti<br \/>\ndi quelle lande desolate qualche brochure informativa. Chiss\u00e0<br \/>\nche non decidano di fare un salto quaggi\u00f9, per scaldarsi un<br \/>\npo&#8217; il cuore con l&#8217;estate di Misano!\n<\/p>\n<p align=\"justify\" style=\"margin-bottom: 0cm;\">\n<\/p>\n<p align=\"center\" style=\"margin-bottom: 0cm;\">\n<\/p><\/p>\n","protected":false},"excerpt":{"rendered":"<p>Handydandy cura la comunicazione degli eventi dell&#8217;estate 2009 per il Comune di Misano Adriatico.<\/p>\n","protected":false},"author":10,"featured_media":0,"comment_status":"open","ping_status":"open","sticky":false,"template":"","format":"standard","meta":{"cybocfi_hide_featured_image":"","footnotes":""},"categories":[359],"tags":[6158],"class_list":["post-2309","post","type-post","status-publish","format-standard","hentry","category-intrattenimento","tag-handydandy"],"yoast_head":"<!-- This site is optimized with the Yoast SEO plugin v27.0 - https:\/\/yoast.com\/product\/yoast-seo-wordpress\/ -->\n<title>Handydandy impagina il calore dell&#039;estate - Article Marketing<\/title>\n<meta name=\"robots\" content=\"index, follow, max-snippet:-1, max-image-preview:large, max-video-preview:-1\" \/>\n<link rel=\"canonical\" href=\"https:\/\/www.article-marketing.eu\/comunicati\/tempo-libero\/intrattenimento\/handydandy-impagina-il-calore-dellestate\/\" \/>\n<meta property=\"og:locale\" content=\"it_IT\" \/>\n<meta property=\"og:type\" content=\"article\" \/>\n<meta property=\"og:title\" content=\"Handydandy impagina il calore dell&#039;estate - Article Marketing\" \/>\n<meta property=\"og:description\" content=\"Handydandy cura la comunicazione degli eventi dell&#039;estate 2009 per il Comune di Misano Adriatico.\" \/>\n<meta property=\"og:url\" content=\"https:\/\/www.article-marketing.eu\/comunicati\/tempo-libero\/intrattenimento\/handydandy-impagina-il-calore-dellestate\/\" \/>\n<meta property=\"og:site_name\" content=\"Article Marketing\" \/>\n<meta property=\"article:published_time\" content=\"2009-07-01T13:02:16+00:00\" \/>\n<meta name=\"author\" content=\"Redazione Comunicati Stampa\" \/>\n<meta name=\"twitter:card\" content=\"summary_large_image\" \/>\n<meta name=\"twitter:label1\" content=\"Scritto da\" \/>\n\t<meta name=\"twitter:data1\" content=\"Redazione Comunicati Stampa\" \/>\n\t<meta name=\"twitter:label2\" content=\"Tempo di lettura stimato\" \/>\n\t<meta name=\"twitter:data2\" content=\"2 minuti\" \/>\n<script type=\"application\/ld+json\" class=\"yoast-schema-graph\">{\"@context\":\"https:\/\/schema.org\",\"@graph\":[{\"@type\":\"Article\",\"@id\":\"https:\/\/www.article-marketing.eu\/comunicati\/tempo-libero\/intrattenimento\/handydandy-impagina-il-calore-dellestate\/#article\",\"isPartOf\":{\"@id\":\"https:\/\/www.article-marketing.eu\/comunicati\/tempo-libero\/intrattenimento\/handydandy-impagina-il-calore-dellestate\/\"},\"author\":{\"name\":\"Redazione Comunicati Stampa\",\"@id\":\"https:\/\/www.article-marketing.eu\/comunicati\/#\/schema\/person\/44372e4d4d0fa797b18e03ed1ace9017\"},\"headline\":\"Handydandy impagina il calore dell&#8217;estate\",\"datePublished\":\"2009-07-01T13:02:16+00:00\",\"mainEntityOfPage\":{\"@id\":\"https:\/\/www.article-marketing.eu\/comunicati\/tempo-libero\/intrattenimento\/handydandy-impagina-il-calore-dellestate\/\"},\"wordCount\":306,\"commentCount\":0,\"keywords\":[\"handydandy\"],\"articleSection\":[\"Intrattenimento\"],\"inLanguage\":\"it-IT\",\"potentialAction\":[{\"@type\":\"CommentAction\",\"name\":\"Comment\",\"target\":[\"https:\/\/www.article-marketing.eu\/comunicati\/tempo-libero\/intrattenimento\/handydandy-impagina-il-calore-dellestate\/#respond\"]}]},{\"@type\":\"WebPage\",\"@id\":\"https:\/\/www.article-marketing.eu\/comunicati\/tempo-libero\/intrattenimento\/handydandy-impagina-il-calore-dellestate\/\",\"url\":\"https:\/\/www.article-marketing.eu\/comunicati\/tempo-libero\/intrattenimento\/handydandy-impagina-il-calore-dellestate\/\",\"name\":\"Handydandy impagina il calore dell'estate - Article Marketing\",\"isPartOf\":{\"@id\":\"https:\/\/www.article-marketing.eu\/comunicati\/#website\"},\"datePublished\":\"2009-07-01T13:02:16+00:00\",\"author\":{\"@id\":\"https:\/\/www.article-marketing.eu\/comunicati\/#\/schema\/person\/44372e4d4d0fa797b18e03ed1ace9017\"},\"breadcrumb\":{\"@id\":\"https:\/\/www.article-marketing.eu\/comunicati\/tempo-libero\/intrattenimento\/handydandy-impagina-il-calore-dellestate\/#breadcrumb\"},\"inLanguage\":\"it-IT\",\"potentialAction\":[{\"@type\":\"ReadAction\",\"target\":[\"https:\/\/www.article-marketing.eu\/comunicati\/tempo-libero\/intrattenimento\/handydandy-impagina-il-calore-dellestate\/\"]}]},{\"@type\":\"BreadcrumbList\",\"@id\":\"https:\/\/www.article-marketing.eu\/comunicati\/tempo-libero\/intrattenimento\/handydandy-impagina-il-calore-dellestate\/#breadcrumb\",\"itemListElement\":[{\"@type\":\"ListItem\",\"position\":1,\"name\":\"Home\",\"item\":\"https:\/\/www.article-marketing.eu\/comunicati\/\"},{\"@type\":\"ListItem\",\"position\":2,\"name\":\"Handydandy impagina il calore dell&#8217;estate\"}]},{\"@type\":\"WebSite\",\"@id\":\"https:\/\/www.article-marketing.eu\/comunicati\/#website\",\"url\":\"https:\/\/www.article-marketing.eu\/comunicati\/\",\"name\":\"Article Marketing\",\"description\":\"article marketing &amp; press release\",\"potentialAction\":[{\"@type\":\"SearchAction\",\"target\":{\"@type\":\"EntryPoint\",\"urlTemplate\":\"https:\/\/www.article-marketing.eu\/comunicati\/?s={search_term_string}\"},\"query-input\":{\"@type\":\"PropertyValueSpecification\",\"valueRequired\":true,\"valueName\":\"search_term_string\"}}],\"inLanguage\":\"it-IT\"},{\"@type\":\"Person\",\"@id\":\"https:\/\/www.article-marketing.eu\/comunicati\/#\/schema\/person\/44372e4d4d0fa797b18e03ed1ace9017\",\"name\":\"Redazione Comunicati Stampa\",\"image\":{\"@type\":\"ImageObject\",\"inLanguage\":\"it-IT\",\"@id\":\"https:\/\/www.article-marketing.eu\/comunicati\/#\/schema\/person\/image\/\",\"url\":\"https:\/\/secure.gravatar.com\/avatar\/50e5c6421d3072f42e7ace803501602c60d75233d34e29fd05feb91c8760b792?s=96&d=mm&r=g\",\"contentUrl\":\"https:\/\/secure.gravatar.com\/avatar\/50e5c6421d3072f42e7ace803501602c60d75233d34e29fd05feb91c8760b792?s=96&d=mm&r=g\",\"caption\":\"Redazione Comunicati Stampa\"},\"url\":\"https:\/\/www.article-marketing.eu\/comunicati\/author\/redazione-comunicati-stampa\/\"}]}<\/script>\n<!-- \/ Yoast SEO plugin. -->","yoast_head_json":{"title":"Handydandy impagina il calore dell'estate - Article Marketing","robots":{"index":"index","follow":"follow","max-snippet":"max-snippet:-1","max-image-preview":"max-image-preview:large","max-video-preview":"max-video-preview:-1"},"canonical":"https:\/\/www.article-marketing.eu\/comunicati\/tempo-libero\/intrattenimento\/handydandy-impagina-il-calore-dellestate\/","og_locale":"it_IT","og_type":"article","og_title":"Handydandy impagina il calore dell'estate - Article Marketing","og_description":"Handydandy cura la comunicazione degli eventi dell'estate 2009 per il Comune di Misano Adriatico.","og_url":"https:\/\/www.article-marketing.eu\/comunicati\/tempo-libero\/intrattenimento\/handydandy-impagina-il-calore-dellestate\/","og_site_name":"Article Marketing","article_published_time":"2009-07-01T13:02:16+00:00","author":"Redazione Comunicati Stampa","twitter_card":"summary_large_image","twitter_misc":{"Scritto da":"Redazione Comunicati Stampa","Tempo di lettura stimato":"2 minuti"},"schema":{"@context":"https:\/\/schema.org","@graph":[{"@type":"Article","@id":"https:\/\/www.article-marketing.eu\/comunicati\/tempo-libero\/intrattenimento\/handydandy-impagina-il-calore-dellestate\/#article","isPartOf":{"@id":"https:\/\/www.article-marketing.eu\/comunicati\/tempo-libero\/intrattenimento\/handydandy-impagina-il-calore-dellestate\/"},"author":{"name":"Redazione Comunicati Stampa","@id":"https:\/\/www.article-marketing.eu\/comunicati\/#\/schema\/person\/44372e4d4d0fa797b18e03ed1ace9017"},"headline":"Handydandy impagina il calore dell&#8217;estate","datePublished":"2009-07-01T13:02:16+00:00","mainEntityOfPage":{"@id":"https:\/\/www.article-marketing.eu\/comunicati\/tempo-libero\/intrattenimento\/handydandy-impagina-il-calore-dellestate\/"},"wordCount":306,"commentCount":0,"keywords":["handydandy"],"articleSection":["Intrattenimento"],"inLanguage":"it-IT","potentialAction":[{"@type":"CommentAction","name":"Comment","target":["https:\/\/www.article-marketing.eu\/comunicati\/tempo-libero\/intrattenimento\/handydandy-impagina-il-calore-dellestate\/#respond"]}]},{"@type":"WebPage","@id":"https:\/\/www.article-marketing.eu\/comunicati\/tempo-libero\/intrattenimento\/handydandy-impagina-il-calore-dellestate\/","url":"https:\/\/www.article-marketing.eu\/comunicati\/tempo-libero\/intrattenimento\/handydandy-impagina-il-calore-dellestate\/","name":"Handydandy impagina il calore dell'estate - Article Marketing","isPartOf":{"@id":"https:\/\/www.article-marketing.eu\/comunicati\/#website"},"datePublished":"2009-07-01T13:02:16+00:00","author":{"@id":"https:\/\/www.article-marketing.eu\/comunicati\/#\/schema\/person\/44372e4d4d0fa797b18e03ed1ace9017"},"breadcrumb":{"@id":"https:\/\/www.article-marketing.eu\/comunicati\/tempo-libero\/intrattenimento\/handydandy-impagina-il-calore-dellestate\/#breadcrumb"},"inLanguage":"it-IT","potentialAction":[{"@type":"ReadAction","target":["https:\/\/www.article-marketing.eu\/comunicati\/tempo-libero\/intrattenimento\/handydandy-impagina-il-calore-dellestate\/"]}]},{"@type":"BreadcrumbList","@id":"https:\/\/www.article-marketing.eu\/comunicati\/tempo-libero\/intrattenimento\/handydandy-impagina-il-calore-dellestate\/#breadcrumb","itemListElement":[{"@type":"ListItem","position":1,"name":"Home","item":"https:\/\/www.article-marketing.eu\/comunicati\/"},{"@type":"ListItem","position":2,"name":"Handydandy impagina il calore dell&#8217;estate"}]},{"@type":"WebSite","@id":"https:\/\/www.article-marketing.eu\/comunicati\/#website","url":"https:\/\/www.article-marketing.eu\/comunicati\/","name":"Article Marketing","description":"article marketing &amp; press release","potentialAction":[{"@type":"SearchAction","target":{"@type":"EntryPoint","urlTemplate":"https:\/\/www.article-marketing.eu\/comunicati\/?s={search_term_string}"},"query-input":{"@type":"PropertyValueSpecification","valueRequired":true,"valueName":"search_term_string"}}],"inLanguage":"it-IT"},{"@type":"Person","@id":"https:\/\/www.article-marketing.eu\/comunicati\/#\/schema\/person\/44372e4d4d0fa797b18e03ed1ace9017","name":"Redazione Comunicati Stampa","image":{"@type":"ImageObject","inLanguage":"it-IT","@id":"https:\/\/www.article-marketing.eu\/comunicati\/#\/schema\/person\/image\/","url":"https:\/\/secure.gravatar.com\/avatar\/50e5c6421d3072f42e7ace803501602c60d75233d34e29fd05feb91c8760b792?s=96&d=mm&r=g","contentUrl":"https:\/\/secure.gravatar.com\/avatar\/50e5c6421d3072f42e7ace803501602c60d75233d34e29fd05feb91c8760b792?s=96&d=mm&r=g","caption":"Redazione Comunicati Stampa"},"url":"https:\/\/www.article-marketing.eu\/comunicati\/author\/redazione-comunicati-stampa\/"}]}},"_links":{"self":[{"href":"https:\/\/www.article-marketing.eu\/comunicati\/wp-json\/wp\/v2\/posts\/2309","targetHints":{"allow":["GET"]}}],"collection":[{"href":"https:\/\/www.article-marketing.eu\/comunicati\/wp-json\/wp\/v2\/posts"}],"about":[{"href":"https:\/\/www.article-marketing.eu\/comunicati\/wp-json\/wp\/v2\/types\/post"}],"author":[{"embeddable":true,"href":"https:\/\/www.article-marketing.eu\/comunicati\/wp-json\/wp\/v2\/users\/10"}],"replies":[{"embeddable":true,"href":"https:\/\/www.article-marketing.eu\/comunicati\/wp-json\/wp\/v2\/comments?post=2309"}],"version-history":[{"count":0,"href":"https:\/\/www.article-marketing.eu\/comunicati\/wp-json\/wp\/v2\/posts\/2309\/revisions"}],"wp:attachment":[{"href":"https:\/\/www.article-marketing.eu\/comunicati\/wp-json\/wp\/v2\/media?parent=2309"}],"wp:term":[{"taxonomy":"category","embeddable":true,"href":"https:\/\/www.article-marketing.eu\/comunicati\/wp-json\/wp\/v2\/categories?post=2309"},{"taxonomy":"post_tag","embeddable":true,"href":"https:\/\/www.article-marketing.eu\/comunicati\/wp-json\/wp\/v2\/tags?post=2309"}],"curies":[{"name":"wp","href":"https:\/\/api.w.org\/{rel}","templated":true}]}}