{"id":234,"date":"2008-03-17T11:01:19","date_gmt":"2008-03-17T10:01:19","guid":{"rendered":"http:\/\/www.article-marketing.eu\/comunicati\/senza-categoria\/nasce-minicity-it-il-portale-delle-vacanze-in-riviera-adriatica\/"},"modified":"2018-06-04T20:05:33","modified_gmt":"2018-06-04T18:05:33","slug":"nasce-minicity-it-il-portale-delle-vacanze-in-riviera-adriatica","status":"publish","type":"post","link":"https:\/\/www.article-marketing.eu\/comunicati\/viaggi-e-vacanze\/hotels-ed-alberghi\/nasce-minicity-it-il-portale-delle-vacanze-in-riviera-adriatica\/","title":{"rendered":"Nasce Minicity.it, il portale delle vacanze in Riviera Adriatica"},"content":{"rendered":"<p>Una vacanza in quel di Romagna? E\u2019 nato Minicity.it, il nuovo portale turistico dedicato a tutti coloro che sono alla ricerca di una meta estiva che possa donargli un soggiorno rilassante e degno di questo nome. All\u2019interno del nostro sito web, nella sezione Hotel Rimini potrete trovare ben 20 strutture alberghiere selezionate, in grado di proporvi offerte davvero incredibili e ultra convenienti.<br \/>Minicity.it racchiude in s\u00e9 anche un buon numero di informazioni riguardanti tutto ci\u00f2 che potrete trovare in ogni localit\u00e0 balneare della Rivera Adriatica: spettacoli, concerti, mostre, fiere, parchi tematici\u2026ce n\u2019\u00e8 per tutti i gusti! <br \/>Non vi resta che visitare il Portale Turistico dell\u2019anno, scegliere l\u2019albergo che pi\u00f9 risponde alle vostre esigenze e prenotare la vostra vacanza in Romagna!! Ed il gioco \u00e8 fatto! <br \/>Con Minicity l\u2019estate 2008 \u00e8 gi\u00e0 iniziata, non dovrete fare altro che scoprire le offerte last minute ed i pacchetti all inclusive che i nostri Hotel hanno studiato per tutti voi.<br \/>L\u2019ampia scelta di strutture alberghiere che \u00e8 possibile visionare, rappresenta il punto di forza di Minicity.it, nato proprio con l\u2019intenzione di offrire al visitatore quante pi\u00f9 informazioni possibili, per vivere una vacanza in Riviera Adriatica davvero insostituibile e all\u2019insegna del puro divertimento. <\/p>\n<p>Minicity.it \u00e8 il Portale turistico in grado di rispondere alle esigenze del vacanziere alla ricerca di una meta estiva in cui trascorrere momenti rilassanti e divertenti. La decisione di inserire in Minicity.it i migliori Hotel della Riviera \u00e8 stata una scelta dedicata esclusivamente al visitatore che, in questo modo, potr\u00e0 avere la sicurezza di trovare la massima qualit\u00e0 all\u2019interno della struttura alberghiera prescelta, senza antipatiche sorprese all\u2019arrivo.&nbsp; Minicity.it \u00e8 davvero semplice da navigare, infatti gi\u00e0 in Home page trovate i link che vi rimanderanno alla localit\u00e0 balneare che pi\u00f9 vi interessa oppure potrete visionare le sezioni dedicate agli eventi in programma o ai Parchi Tematici della Riviera.<\/p>\n<p>La struttura del sito \u00e8 stata studiata per rendere semplice ed usufruibile a tutti la navigazione al suo interno. Semplice e completo, ecco ci\u00f2 che pi\u00f9 caratterizza Minicity.it. <\/p>\n<p>In Minicity.it \u00e8 possibile trovare contenuti riguardanti le fiere, spettacoli, concerti in programma e informazioni che riguardano tutti i Parchi tematici presenti nel territorio romagnolo.<br \/>All\u2019interno delle sezioni dedicate ai pacchetti vacanza di ogni localit\u00e0 troverete gli Hotel della riviera adriatica che noi di Minicity abbiamo selezionato con molta cura, proprio per proporvi il meglio che c\u2019\u00e8 sul mercato turistico in Romagna.<br \/>E non perdetevi le informazioni che riguardano le numerose e diverse escursioni che \u00e8 possibile svolgere nello splendido entroterra marchigiano-romagnolo.<br \/>Insomma, Minicity \u00e8 destinato a diventare uno dei portali pi\u00f9 completo in ambito turistico.<\/p>\n","protected":false},"excerpt":{"rendered":"<p>Minicity.it \u00e8 il portale dedicato alla riviera adriatica che selezione i migliori hotel e alberghi e che contiene informazioni aggiornate su tutte le localit\u00e0 turistiche della riviera.<\/p>\n","protected":false},"author":10,"featured_media":0,"comment_status":"open","ping_status":"open","sticky":false,"template":"","format":"standard","meta":{"cybocfi_hide_featured_image":"","footnotes":""},"categories":[151],"tags":[255,876],"class_list":["post-234","post","type-post","status-publish","format-standard","hentry","category-hotels-ed-alberghi","tag-hotel","tag-rimini"],"yoast_head":"<!-- This site is optimized with the Yoast SEO plugin v27.0 - https:\/\/yoast.com\/product\/yoast-seo-wordpress\/ -->\n<title>Nasce Minicity.it, il portale delle vacanze in Riviera Adriatica - Article Marketing<\/title>\n<meta name=\"robots\" content=\"index, follow, max-snippet:-1, max-image-preview:large, max-video-preview:-1\" \/>\n<link rel=\"canonical\" href=\"https:\/\/www.article-marketing.eu\/comunicati\/viaggi-e-vacanze\/hotels-ed-alberghi\/nasce-minicity-it-il-portale-delle-vacanze-in-riviera-adriatica\/\" \/>\n<meta property=\"og:locale\" content=\"it_IT\" \/>\n<meta property=\"og:type\" content=\"article\" \/>\n<meta property=\"og:title\" content=\"Nasce Minicity.it, il portale delle vacanze in Riviera Adriatica - Article Marketing\" \/>\n<meta property=\"og:description\" content=\"Minicity.it \u00e8 il portale dedicato alla riviera adriatica che selezione i migliori hotel e alberghi e che contiene informazioni aggiornate su tutte le localit\u00e0 turistiche della riviera.\" \/>\n<meta property=\"og:url\" content=\"https:\/\/www.article-marketing.eu\/comunicati\/viaggi-e-vacanze\/hotels-ed-alberghi\/nasce-minicity-it-il-portale-delle-vacanze-in-riviera-adriatica\/\" \/>\n<meta property=\"og:site_name\" content=\"Article Marketing\" \/>\n<meta property=\"article:published_time\" content=\"2008-03-17T10:01:19+00:00\" \/>\n<meta property=\"article:modified_time\" content=\"2018-06-04T18:05:33+00:00\" \/>\n<meta name=\"author\" content=\"Redazione Comunicati Stampa\" \/>\n<meta name=\"twitter:card\" content=\"summary_large_image\" \/>\n<meta name=\"twitter:label1\" content=\"Scritto da\" \/>\n\t<meta name=\"twitter:data1\" content=\"Redazione Comunicati Stampa\" \/>\n\t<meta name=\"twitter:label2\" content=\"Tempo di lettura stimato\" \/>\n\t<meta name=\"twitter:data2\" content=\"2 minuti\" \/>\n<script type=\"application\/ld+json\" class=\"yoast-schema-graph\">{\"@context\":\"https:\/\/schema.org\",\"@graph\":[{\"@type\":\"Article\",\"@id\":\"https:\/\/www.article-marketing.eu\/comunicati\/viaggi-e-vacanze\/hotels-ed-alberghi\/nasce-minicity-it-il-portale-delle-vacanze-in-riviera-adriatica\/#article\",\"isPartOf\":{\"@id\":\"https:\/\/www.article-marketing.eu\/comunicati\/viaggi-e-vacanze\/hotels-ed-alberghi\/nasce-minicity-it-il-portale-delle-vacanze-in-riviera-adriatica\/\"},\"author\":{\"name\":\"Redazione Comunicati Stampa\",\"@id\":\"https:\/\/www.article-marketing.eu\/comunicati\/#\/schema\/person\/44372e4d4d0fa797b18e03ed1ace9017\"},\"headline\":\"Nasce Minicity.it, il portale delle vacanze in Riviera Adriatica\",\"datePublished\":\"2008-03-17T10:01:19+00:00\",\"dateModified\":\"2018-06-04T18:05:33+00:00\",\"mainEntityOfPage\":{\"@id\":\"https:\/\/www.article-marketing.eu\/comunicati\/viaggi-e-vacanze\/hotels-ed-alberghi\/nasce-minicity-it-il-portale-delle-vacanze-in-riviera-adriatica\/\"},\"wordCount\":447,\"commentCount\":0,\"keywords\":[\"hotel\",\"rimini\"],\"articleSection\":[\"Hotels ed alberghi\"],\"inLanguage\":\"it-IT\",\"potentialAction\":[{\"@type\":\"CommentAction\",\"name\":\"Comment\",\"target\":[\"https:\/\/www.article-marketing.eu\/comunicati\/viaggi-e-vacanze\/hotels-ed-alberghi\/nasce-minicity-it-il-portale-delle-vacanze-in-riviera-adriatica\/#respond\"]}]},{\"@type\":\"WebPage\",\"@id\":\"https:\/\/www.article-marketing.eu\/comunicati\/viaggi-e-vacanze\/hotels-ed-alberghi\/nasce-minicity-it-il-portale-delle-vacanze-in-riviera-adriatica\/\",\"url\":\"https:\/\/www.article-marketing.eu\/comunicati\/viaggi-e-vacanze\/hotels-ed-alberghi\/nasce-minicity-it-il-portale-delle-vacanze-in-riviera-adriatica\/\",\"name\":\"Nasce Minicity.it, il portale delle vacanze in Riviera Adriatica - Article Marketing\",\"isPartOf\":{\"@id\":\"https:\/\/www.article-marketing.eu\/comunicati\/#website\"},\"datePublished\":\"2008-03-17T10:01:19+00:00\",\"dateModified\":\"2018-06-04T18:05:33+00:00\",\"author\":{\"@id\":\"https:\/\/www.article-marketing.eu\/comunicati\/#\/schema\/person\/44372e4d4d0fa797b18e03ed1ace9017\"},\"breadcrumb\":{\"@id\":\"https:\/\/www.article-marketing.eu\/comunicati\/viaggi-e-vacanze\/hotels-ed-alberghi\/nasce-minicity-it-il-portale-delle-vacanze-in-riviera-adriatica\/#breadcrumb\"},\"inLanguage\":\"it-IT\",\"potentialAction\":[{\"@type\":\"ReadAction\",\"target\":[\"https:\/\/www.article-marketing.eu\/comunicati\/viaggi-e-vacanze\/hotels-ed-alberghi\/nasce-minicity-it-il-portale-delle-vacanze-in-riviera-adriatica\/\"]}]},{\"@type\":\"BreadcrumbList\",\"@id\":\"https:\/\/www.article-marketing.eu\/comunicati\/viaggi-e-vacanze\/hotels-ed-alberghi\/nasce-minicity-it-il-portale-delle-vacanze-in-riviera-adriatica\/#breadcrumb\",\"itemListElement\":[{\"@type\":\"ListItem\",\"position\":1,\"name\":\"Home\",\"item\":\"https:\/\/www.article-marketing.eu\/comunicati\/\"},{\"@type\":\"ListItem\",\"position\":2,\"name\":\"Nasce Minicity.it, il portale delle vacanze in Riviera Adriatica\"}]},{\"@type\":\"WebSite\",\"@id\":\"https:\/\/www.article-marketing.eu\/comunicati\/#website\",\"url\":\"https:\/\/www.article-marketing.eu\/comunicati\/\",\"name\":\"Article Marketing\",\"description\":\"article marketing &amp; press release\",\"potentialAction\":[{\"@type\":\"SearchAction\",\"target\":{\"@type\":\"EntryPoint\",\"urlTemplate\":\"https:\/\/www.article-marketing.eu\/comunicati\/?s={search_term_string}\"},\"query-input\":{\"@type\":\"PropertyValueSpecification\",\"valueRequired\":true,\"valueName\":\"search_term_string\"}}],\"inLanguage\":\"it-IT\"},{\"@type\":\"Person\",\"@id\":\"https:\/\/www.article-marketing.eu\/comunicati\/#\/schema\/person\/44372e4d4d0fa797b18e03ed1ace9017\",\"name\":\"Redazione Comunicati Stampa\",\"image\":{\"@type\":\"ImageObject\",\"inLanguage\":\"it-IT\",\"@id\":\"https:\/\/www.article-marketing.eu\/comunicati\/#\/schema\/person\/image\/\",\"url\":\"https:\/\/secure.gravatar.com\/avatar\/50e5c6421d3072f42e7ace803501602c60d75233d34e29fd05feb91c8760b792?s=96&d=mm&r=g\",\"contentUrl\":\"https:\/\/secure.gravatar.com\/avatar\/50e5c6421d3072f42e7ace803501602c60d75233d34e29fd05feb91c8760b792?s=96&d=mm&r=g\",\"caption\":\"Redazione Comunicati Stampa\"},\"url\":\"https:\/\/www.article-marketing.eu\/comunicati\/author\/redazione-comunicati-stampa\/\"}]}<\/script>\n<!-- \/ Yoast SEO plugin. -->","yoast_head_json":{"title":"Nasce Minicity.it, il portale delle vacanze in Riviera Adriatica - Article Marketing","robots":{"index":"index","follow":"follow","max-snippet":"max-snippet:-1","max-image-preview":"max-image-preview:large","max-video-preview":"max-video-preview:-1"},"canonical":"https:\/\/www.article-marketing.eu\/comunicati\/viaggi-e-vacanze\/hotels-ed-alberghi\/nasce-minicity-it-il-portale-delle-vacanze-in-riviera-adriatica\/","og_locale":"it_IT","og_type":"article","og_title":"Nasce Minicity.it, il portale delle vacanze in Riviera Adriatica - Article Marketing","og_description":"Minicity.it \u00e8 il portale dedicato alla riviera adriatica che selezione i migliori hotel e alberghi e che contiene informazioni aggiornate su tutte le localit\u00e0 turistiche della riviera.","og_url":"https:\/\/www.article-marketing.eu\/comunicati\/viaggi-e-vacanze\/hotels-ed-alberghi\/nasce-minicity-it-il-portale-delle-vacanze-in-riviera-adriatica\/","og_site_name":"Article Marketing","article_published_time":"2008-03-17T10:01:19+00:00","article_modified_time":"2018-06-04T18:05:33+00:00","author":"Redazione Comunicati Stampa","twitter_card":"summary_large_image","twitter_misc":{"Scritto da":"Redazione Comunicati Stampa","Tempo di lettura stimato":"2 minuti"},"schema":{"@context":"https:\/\/schema.org","@graph":[{"@type":"Article","@id":"https:\/\/www.article-marketing.eu\/comunicati\/viaggi-e-vacanze\/hotels-ed-alberghi\/nasce-minicity-it-il-portale-delle-vacanze-in-riviera-adriatica\/#article","isPartOf":{"@id":"https:\/\/www.article-marketing.eu\/comunicati\/viaggi-e-vacanze\/hotels-ed-alberghi\/nasce-minicity-it-il-portale-delle-vacanze-in-riviera-adriatica\/"},"author":{"name":"Redazione Comunicati Stampa","@id":"https:\/\/www.article-marketing.eu\/comunicati\/#\/schema\/person\/44372e4d4d0fa797b18e03ed1ace9017"},"headline":"Nasce Minicity.it, il portale delle vacanze in Riviera Adriatica","datePublished":"2008-03-17T10:01:19+00:00","dateModified":"2018-06-04T18:05:33+00:00","mainEntityOfPage":{"@id":"https:\/\/www.article-marketing.eu\/comunicati\/viaggi-e-vacanze\/hotels-ed-alberghi\/nasce-minicity-it-il-portale-delle-vacanze-in-riviera-adriatica\/"},"wordCount":447,"commentCount":0,"keywords":["hotel","rimini"],"articleSection":["Hotels ed alberghi"],"inLanguage":"it-IT","potentialAction":[{"@type":"CommentAction","name":"Comment","target":["https:\/\/www.article-marketing.eu\/comunicati\/viaggi-e-vacanze\/hotels-ed-alberghi\/nasce-minicity-it-il-portale-delle-vacanze-in-riviera-adriatica\/#respond"]}]},{"@type":"WebPage","@id":"https:\/\/www.article-marketing.eu\/comunicati\/viaggi-e-vacanze\/hotels-ed-alberghi\/nasce-minicity-it-il-portale-delle-vacanze-in-riviera-adriatica\/","url":"https:\/\/www.article-marketing.eu\/comunicati\/viaggi-e-vacanze\/hotels-ed-alberghi\/nasce-minicity-it-il-portale-delle-vacanze-in-riviera-adriatica\/","name":"Nasce Minicity.it, il portale delle vacanze in Riviera Adriatica - Article Marketing","isPartOf":{"@id":"https:\/\/www.article-marketing.eu\/comunicati\/#website"},"datePublished":"2008-03-17T10:01:19+00:00","dateModified":"2018-06-04T18:05:33+00:00","author":{"@id":"https:\/\/www.article-marketing.eu\/comunicati\/#\/schema\/person\/44372e4d4d0fa797b18e03ed1ace9017"},"breadcrumb":{"@id":"https:\/\/www.article-marketing.eu\/comunicati\/viaggi-e-vacanze\/hotels-ed-alberghi\/nasce-minicity-it-il-portale-delle-vacanze-in-riviera-adriatica\/#breadcrumb"},"inLanguage":"it-IT","potentialAction":[{"@type":"ReadAction","target":["https:\/\/www.article-marketing.eu\/comunicati\/viaggi-e-vacanze\/hotels-ed-alberghi\/nasce-minicity-it-il-portale-delle-vacanze-in-riviera-adriatica\/"]}]},{"@type":"BreadcrumbList","@id":"https:\/\/www.article-marketing.eu\/comunicati\/viaggi-e-vacanze\/hotels-ed-alberghi\/nasce-minicity-it-il-portale-delle-vacanze-in-riviera-adriatica\/#breadcrumb","itemListElement":[{"@type":"ListItem","position":1,"name":"Home","item":"https:\/\/www.article-marketing.eu\/comunicati\/"},{"@type":"ListItem","position":2,"name":"Nasce Minicity.it, il portale delle vacanze in Riviera Adriatica"}]},{"@type":"WebSite","@id":"https:\/\/www.article-marketing.eu\/comunicati\/#website","url":"https:\/\/www.article-marketing.eu\/comunicati\/","name":"Article Marketing","description":"article marketing &amp; press release","potentialAction":[{"@type":"SearchAction","target":{"@type":"EntryPoint","urlTemplate":"https:\/\/www.article-marketing.eu\/comunicati\/?s={search_term_string}"},"query-input":{"@type":"PropertyValueSpecification","valueRequired":true,"valueName":"search_term_string"}}],"inLanguage":"it-IT"},{"@type":"Person","@id":"https:\/\/www.article-marketing.eu\/comunicati\/#\/schema\/person\/44372e4d4d0fa797b18e03ed1ace9017","name":"Redazione Comunicati Stampa","image":{"@type":"ImageObject","inLanguage":"it-IT","@id":"https:\/\/www.article-marketing.eu\/comunicati\/#\/schema\/person\/image\/","url":"https:\/\/secure.gravatar.com\/avatar\/50e5c6421d3072f42e7ace803501602c60d75233d34e29fd05feb91c8760b792?s=96&d=mm&r=g","contentUrl":"https:\/\/secure.gravatar.com\/avatar\/50e5c6421d3072f42e7ace803501602c60d75233d34e29fd05feb91c8760b792?s=96&d=mm&r=g","caption":"Redazione Comunicati Stampa"},"url":"https:\/\/www.article-marketing.eu\/comunicati\/author\/redazione-comunicati-stampa\/"}]}},"_links":{"self":[{"href":"https:\/\/www.article-marketing.eu\/comunicati\/wp-json\/wp\/v2\/posts\/234","targetHints":{"allow":["GET"]}}],"collection":[{"href":"https:\/\/www.article-marketing.eu\/comunicati\/wp-json\/wp\/v2\/posts"}],"about":[{"href":"https:\/\/www.article-marketing.eu\/comunicati\/wp-json\/wp\/v2\/types\/post"}],"author":[{"embeddable":true,"href":"https:\/\/www.article-marketing.eu\/comunicati\/wp-json\/wp\/v2\/users\/10"}],"replies":[{"embeddable":true,"href":"https:\/\/www.article-marketing.eu\/comunicati\/wp-json\/wp\/v2\/comments?post=234"}],"version-history":[{"count":1,"href":"https:\/\/www.article-marketing.eu\/comunicati\/wp-json\/wp\/v2\/posts\/234\/revisions"}],"predecessor-version":[{"id":55020,"href":"https:\/\/www.article-marketing.eu\/comunicati\/wp-json\/wp\/v2\/posts\/234\/revisions\/55020"}],"wp:attachment":[{"href":"https:\/\/www.article-marketing.eu\/comunicati\/wp-json\/wp\/v2\/media?parent=234"}],"wp:term":[{"taxonomy":"category","embeddable":true,"href":"https:\/\/www.article-marketing.eu\/comunicati\/wp-json\/wp\/v2\/categories?post=234"},{"taxonomy":"post_tag","embeddable":true,"href":"https:\/\/www.article-marketing.eu\/comunicati\/wp-json\/wp\/v2\/tags?post=234"}],"curies":[{"name":"wp","href":"https:\/\/api.w.org\/{rel}","templated":true}]}}