{"id":2347,"date":"2009-07-08T12:27:26","date_gmt":"2009-07-08T10:27:26","guid":{"rendered":"http:\/\/www.article-marketing.eu\/comunicati\/senza-categoria\/alloutlet-di-aiello-a-caccia-di-affari\/"},"modified":"2009-07-08T12:27:26","modified_gmt":"2009-07-08T10:27:26","slug":"alloutlet-di-aiello-a-caccia-di-affari","status":"publish","type":"post","link":"https:\/\/www.article-marketing.eu\/comunicati\/comunicati-stampa\/alloutlet-di-aiello-a-caccia-di-affari\/","title":{"rendered":"ALL&#8217;OUTLET DI AIELLO A CACCIA DI AFFARI"},"content":{"rendered":"<p align=\"justify\">AIELLO DEL FRIULI (Udine), 8 luglio 2009 &#8211;&nbsp; A pochi giorni dall&#8217;inizio dei saldi estivi, gli &quot;eXtrasconti&quot; del Palmanova Outlet Village (cos\u00ec l&#8217;outlet di Aiello ha voluto&nbsp;chiamare&nbsp;il periodo delle svendite di fine stagione), registrano un tasso di crescita davvero incoraggiante: rispetto allo stesso periodo dello scorso anno, infatti, la struttura di Aiello conta un incremento della clientela del 25% con un altrettanto significativo e importante aumento del fatturato. Sabato e domenica sono stati moltissimi i visitatori e le famiglie che hanno voluto cogliere le opportunit\u00e0 di acquisto proposte, con offerte e ribassi per capi d&#8217;abbigliamento firmati che arrivano fino ad una scontistica del 70% dal prezzo outlet (normalmente gi\u00e0 scontato del 30% sul prezzo originale). Numerosissimi anche gli stranieri e i turisti qui in vacanza nelle vicine localit\u00e0 balneari (Lignano, Bibione e Grado),&nbsp;che hanno colto in questi giorni l&#8217;occasione per fare dello shopping super&nbsp;conveniente.<\/p>\n<p align=\"justify\">&quot;Dati importanti &#8211; afferma il direttore Luigi Maurizio Villa &#8211; che incoraggiano il mercato e che confermano il gradimento della clientela verso la nostra struttura e questo tipo di offerta di qualit\u00e0 a prezzi contenuti. Anche la settimana \u00e8 iniziata molto bene e questo ci consentir\u00e0 di proseguire con fiducia e soddisfazione&quot;.<\/p>\n<p align=\"justify\">Gli &quot;eXtrasconti&quot; proseguiranno fino al 16 agosto e per tutto il periodo estivo&nbsp;la clientela dell&#8217;outlet avr\u00e0 modo di fare acquisti in totale relax, passeggiare all&#8217;aria aperta e fare uno spuntino negli ottimi punti di ristorazione.Tutti i gioved\u00ec, inoltre, i clienti potranno ascoltare della buona musica, seguire gli spettacoli di cabaret e far divertire anche i pi\u00f9 piccoli. L&#8217;intrattenimento del gioved\u00ec sera, con l&#8217;apertura straordinaria dei negozi fino alle 23, ci terr\u00e0 compagnia fino a fine agosto con simpatiche e divertenti iniziative completamente gratuite. Gioved\u00ec 9 luglio da non perdere, dalle ore 21, lo show di Giovanni Cacioppo, il simpaticissimo comico che dal palcoscenico di Zelig e di Colorado Caf\u00e8 al Palmanova Outlet Village&nbsp;sapr\u00e0 coinvolgere il pubblico con le sue gag di maggior successo. Per chi ama la danza, invece, il 16 luglio i ballerini del Sunshine Club di Palmanova si esibiranno in sensuali danze del ventre e in intensi balletti di flamenco.<\/p>\n<p align=\"justify\">Per la gioia dei bambini, ogni gioved\u00ec, la possibilit\u00e0 di divertirsi a spasso per le vie dell&#8217;Outlet con il Trenuovo, l&#8217;incredibile treno a forma di uovo. Non mancheranno poi zucchero filato e tanti pop-corn, gratuiti per tutti.<\/p>\n<p align=\"justify\">Per dare la possibilit\u00e0 a tutti di raggiungere il Village,&nbsp;a disposizione da Grado anche un bus navetta gratuito che garantir\u00e0 il collegamento con il Palmanova Outlet Village. Partenza dalla stazione delle autolinee di Grado alle ore 20 e alle ore 21.05. Corse di ritorno dal POV alle ore 22 e alle ore 23.15.<\/p>\n","protected":false},"excerpt":{"rendered":"<p>Al Palmanova Outlet Village un inizio di saldi da record con un incremento delle affluenze del 25%.<\/p>\n","protected":false},"author":10,"featured_media":0,"comment_status":"open","ping_status":"open","sticky":false,"template":"","format":"standard","meta":{"cybocfi_hide_featured_image":"","footnotes":""},"categories":[190],"tags":[6751,456,6746,1783,7762,16],"class_list":["post-2347","post","type-post","status-publish","format-standard","hentry","category-comunicati-stampa","tag-cacioppo","tag-eventi","tag-outlet","tag-saldi","tag-shopping-sotto-le-stelle","tag-spettacolo"],"yoast_head":"<!-- This site is optimized with the Yoast SEO plugin v27.0 - https:\/\/yoast.com\/product\/yoast-seo-wordpress\/ -->\n<title>ALL&#039;OUTLET DI AIELLO A CACCIA DI AFFARI - Article Marketing<\/title>\n<meta name=\"robots\" content=\"index, follow, max-snippet:-1, max-image-preview:large, max-video-preview:-1\" \/>\n<link rel=\"canonical\" href=\"https:\/\/www.article-marketing.eu\/comunicati\/comunicati-stampa\/alloutlet-di-aiello-a-caccia-di-affari\/\" \/>\n<meta property=\"og:locale\" content=\"it_IT\" \/>\n<meta property=\"og:type\" content=\"article\" \/>\n<meta property=\"og:title\" content=\"ALL&#039;OUTLET DI AIELLO A CACCIA DI AFFARI - Article Marketing\" \/>\n<meta property=\"og:description\" content=\"Al Palmanova Outlet Village un inizio di saldi da record con un incremento delle affluenze del 25%.\" \/>\n<meta property=\"og:url\" content=\"https:\/\/www.article-marketing.eu\/comunicati\/comunicati-stampa\/alloutlet-di-aiello-a-caccia-di-affari\/\" \/>\n<meta property=\"og:site_name\" content=\"Article Marketing\" \/>\n<meta property=\"article:published_time\" content=\"2009-07-08T10:27:26+00:00\" \/>\n<meta name=\"author\" content=\"Redazione Comunicati Stampa\" \/>\n<meta name=\"twitter:card\" content=\"summary_large_image\" \/>\n<meta name=\"twitter:label1\" content=\"Scritto da\" \/>\n\t<meta name=\"twitter:data1\" content=\"Redazione Comunicati Stampa\" \/>\n\t<meta name=\"twitter:label2\" content=\"Tempo di lettura stimato\" \/>\n\t<meta name=\"twitter:data2\" content=\"2 minuti\" \/>\n<script type=\"application\/ld+json\" class=\"yoast-schema-graph\">{\"@context\":\"https:\/\/schema.org\",\"@graph\":[{\"@type\":\"Article\",\"@id\":\"https:\/\/www.article-marketing.eu\/comunicati\/comunicati-stampa\/alloutlet-di-aiello-a-caccia-di-affari\/#article\",\"isPartOf\":{\"@id\":\"https:\/\/www.article-marketing.eu\/comunicati\/comunicati-stampa\/alloutlet-di-aiello-a-caccia-di-affari\/\"},\"author\":{\"name\":\"Redazione Comunicati Stampa\",\"@id\":\"https:\/\/www.article-marketing.eu\/comunicati\/#\/schema\/person\/44372e4d4d0fa797b18e03ed1ace9017\"},\"headline\":\"ALL&#8217;OUTLET DI AIELLO A CACCIA DI AFFARI\",\"datePublished\":\"2009-07-08T10:27:26+00:00\",\"mainEntityOfPage\":{\"@id\":\"https:\/\/www.article-marketing.eu\/comunicati\/comunicati-stampa\/alloutlet-di-aiello-a-caccia-di-affari\/\"},\"wordCount\":452,\"commentCount\":0,\"keywords\":[\"cacioppo\",\"eventi\",\"outlet\",\"Saldi\",\"Shopping sotto le stelle\",\"spettacolo\"],\"articleSection\":[\"Comunicati stampa\"],\"inLanguage\":\"it-IT\",\"potentialAction\":[{\"@type\":\"CommentAction\",\"name\":\"Comment\",\"target\":[\"https:\/\/www.article-marketing.eu\/comunicati\/comunicati-stampa\/alloutlet-di-aiello-a-caccia-di-affari\/#respond\"]}]},{\"@type\":\"WebPage\",\"@id\":\"https:\/\/www.article-marketing.eu\/comunicati\/comunicati-stampa\/alloutlet-di-aiello-a-caccia-di-affari\/\",\"url\":\"https:\/\/www.article-marketing.eu\/comunicati\/comunicati-stampa\/alloutlet-di-aiello-a-caccia-di-affari\/\",\"name\":\"ALL'OUTLET DI AIELLO A CACCIA DI AFFARI - Article Marketing\",\"isPartOf\":{\"@id\":\"https:\/\/www.article-marketing.eu\/comunicati\/#website\"},\"datePublished\":\"2009-07-08T10:27:26+00:00\",\"author\":{\"@id\":\"https:\/\/www.article-marketing.eu\/comunicati\/#\/schema\/person\/44372e4d4d0fa797b18e03ed1ace9017\"},\"breadcrumb\":{\"@id\":\"https:\/\/www.article-marketing.eu\/comunicati\/comunicati-stampa\/alloutlet-di-aiello-a-caccia-di-affari\/#breadcrumb\"},\"inLanguage\":\"it-IT\",\"potentialAction\":[{\"@type\":\"ReadAction\",\"target\":[\"https:\/\/www.article-marketing.eu\/comunicati\/comunicati-stampa\/alloutlet-di-aiello-a-caccia-di-affari\/\"]}]},{\"@type\":\"BreadcrumbList\",\"@id\":\"https:\/\/www.article-marketing.eu\/comunicati\/comunicati-stampa\/alloutlet-di-aiello-a-caccia-di-affari\/#breadcrumb\",\"itemListElement\":[{\"@type\":\"ListItem\",\"position\":1,\"name\":\"Home\",\"item\":\"https:\/\/www.article-marketing.eu\/comunicati\/\"},{\"@type\":\"ListItem\",\"position\":2,\"name\":\"ALL&#8217;OUTLET DI AIELLO A CACCIA DI AFFARI\"}]},{\"@type\":\"WebSite\",\"@id\":\"https:\/\/www.article-marketing.eu\/comunicati\/#website\",\"url\":\"https:\/\/www.article-marketing.eu\/comunicati\/\",\"name\":\"Article Marketing\",\"description\":\"article marketing &amp; press release\",\"potentialAction\":[{\"@type\":\"SearchAction\",\"target\":{\"@type\":\"EntryPoint\",\"urlTemplate\":\"https:\/\/www.article-marketing.eu\/comunicati\/?s={search_term_string}\"},\"query-input\":{\"@type\":\"PropertyValueSpecification\",\"valueRequired\":true,\"valueName\":\"search_term_string\"}}],\"inLanguage\":\"it-IT\"},{\"@type\":\"Person\",\"@id\":\"https:\/\/www.article-marketing.eu\/comunicati\/#\/schema\/person\/44372e4d4d0fa797b18e03ed1ace9017\",\"name\":\"Redazione Comunicati Stampa\",\"image\":{\"@type\":\"ImageObject\",\"inLanguage\":\"it-IT\",\"@id\":\"https:\/\/www.article-marketing.eu\/comunicati\/#\/schema\/person\/image\/\",\"url\":\"https:\/\/secure.gravatar.com\/avatar\/50e5c6421d3072f42e7ace803501602c60d75233d34e29fd05feb91c8760b792?s=96&d=mm&r=g\",\"contentUrl\":\"https:\/\/secure.gravatar.com\/avatar\/50e5c6421d3072f42e7ace803501602c60d75233d34e29fd05feb91c8760b792?s=96&d=mm&r=g\",\"caption\":\"Redazione Comunicati Stampa\"},\"url\":\"https:\/\/www.article-marketing.eu\/comunicati\/author\/redazione-comunicati-stampa\/\"}]}<\/script>\n<!-- \/ Yoast SEO plugin. -->","yoast_head_json":{"title":"ALL'OUTLET DI AIELLO A CACCIA DI AFFARI - Article Marketing","robots":{"index":"index","follow":"follow","max-snippet":"max-snippet:-1","max-image-preview":"max-image-preview:large","max-video-preview":"max-video-preview:-1"},"canonical":"https:\/\/www.article-marketing.eu\/comunicati\/comunicati-stampa\/alloutlet-di-aiello-a-caccia-di-affari\/","og_locale":"it_IT","og_type":"article","og_title":"ALL'OUTLET DI AIELLO A CACCIA DI AFFARI - Article Marketing","og_description":"Al Palmanova Outlet Village un inizio di saldi da record con un incremento delle affluenze del 25%.","og_url":"https:\/\/www.article-marketing.eu\/comunicati\/comunicati-stampa\/alloutlet-di-aiello-a-caccia-di-affari\/","og_site_name":"Article Marketing","article_published_time":"2009-07-08T10:27:26+00:00","author":"Redazione Comunicati Stampa","twitter_card":"summary_large_image","twitter_misc":{"Scritto da":"Redazione Comunicati Stampa","Tempo di lettura stimato":"2 minuti"},"schema":{"@context":"https:\/\/schema.org","@graph":[{"@type":"Article","@id":"https:\/\/www.article-marketing.eu\/comunicati\/comunicati-stampa\/alloutlet-di-aiello-a-caccia-di-affari\/#article","isPartOf":{"@id":"https:\/\/www.article-marketing.eu\/comunicati\/comunicati-stampa\/alloutlet-di-aiello-a-caccia-di-affari\/"},"author":{"name":"Redazione Comunicati Stampa","@id":"https:\/\/www.article-marketing.eu\/comunicati\/#\/schema\/person\/44372e4d4d0fa797b18e03ed1ace9017"},"headline":"ALL&#8217;OUTLET DI AIELLO A CACCIA DI AFFARI","datePublished":"2009-07-08T10:27:26+00:00","mainEntityOfPage":{"@id":"https:\/\/www.article-marketing.eu\/comunicati\/comunicati-stampa\/alloutlet-di-aiello-a-caccia-di-affari\/"},"wordCount":452,"commentCount":0,"keywords":["cacioppo","eventi","outlet","Saldi","Shopping sotto le stelle","spettacolo"],"articleSection":["Comunicati stampa"],"inLanguage":"it-IT","potentialAction":[{"@type":"CommentAction","name":"Comment","target":["https:\/\/www.article-marketing.eu\/comunicati\/comunicati-stampa\/alloutlet-di-aiello-a-caccia-di-affari\/#respond"]}]},{"@type":"WebPage","@id":"https:\/\/www.article-marketing.eu\/comunicati\/comunicati-stampa\/alloutlet-di-aiello-a-caccia-di-affari\/","url":"https:\/\/www.article-marketing.eu\/comunicati\/comunicati-stampa\/alloutlet-di-aiello-a-caccia-di-affari\/","name":"ALL'OUTLET DI AIELLO A CACCIA DI AFFARI - Article Marketing","isPartOf":{"@id":"https:\/\/www.article-marketing.eu\/comunicati\/#website"},"datePublished":"2009-07-08T10:27:26+00:00","author":{"@id":"https:\/\/www.article-marketing.eu\/comunicati\/#\/schema\/person\/44372e4d4d0fa797b18e03ed1ace9017"},"breadcrumb":{"@id":"https:\/\/www.article-marketing.eu\/comunicati\/comunicati-stampa\/alloutlet-di-aiello-a-caccia-di-affari\/#breadcrumb"},"inLanguage":"it-IT","potentialAction":[{"@type":"ReadAction","target":["https:\/\/www.article-marketing.eu\/comunicati\/comunicati-stampa\/alloutlet-di-aiello-a-caccia-di-affari\/"]}]},{"@type":"BreadcrumbList","@id":"https:\/\/www.article-marketing.eu\/comunicati\/comunicati-stampa\/alloutlet-di-aiello-a-caccia-di-affari\/#breadcrumb","itemListElement":[{"@type":"ListItem","position":1,"name":"Home","item":"https:\/\/www.article-marketing.eu\/comunicati\/"},{"@type":"ListItem","position":2,"name":"ALL&#8217;OUTLET DI AIELLO A CACCIA DI AFFARI"}]},{"@type":"WebSite","@id":"https:\/\/www.article-marketing.eu\/comunicati\/#website","url":"https:\/\/www.article-marketing.eu\/comunicati\/","name":"Article Marketing","description":"article marketing &amp; press release","potentialAction":[{"@type":"SearchAction","target":{"@type":"EntryPoint","urlTemplate":"https:\/\/www.article-marketing.eu\/comunicati\/?s={search_term_string}"},"query-input":{"@type":"PropertyValueSpecification","valueRequired":true,"valueName":"search_term_string"}}],"inLanguage":"it-IT"},{"@type":"Person","@id":"https:\/\/www.article-marketing.eu\/comunicati\/#\/schema\/person\/44372e4d4d0fa797b18e03ed1ace9017","name":"Redazione Comunicati Stampa","image":{"@type":"ImageObject","inLanguage":"it-IT","@id":"https:\/\/www.article-marketing.eu\/comunicati\/#\/schema\/person\/image\/","url":"https:\/\/secure.gravatar.com\/avatar\/50e5c6421d3072f42e7ace803501602c60d75233d34e29fd05feb91c8760b792?s=96&d=mm&r=g","contentUrl":"https:\/\/secure.gravatar.com\/avatar\/50e5c6421d3072f42e7ace803501602c60d75233d34e29fd05feb91c8760b792?s=96&d=mm&r=g","caption":"Redazione Comunicati Stampa"},"url":"https:\/\/www.article-marketing.eu\/comunicati\/author\/redazione-comunicati-stampa\/"}]}},"_links":{"self":[{"href":"https:\/\/www.article-marketing.eu\/comunicati\/wp-json\/wp\/v2\/posts\/2347","targetHints":{"allow":["GET"]}}],"collection":[{"href":"https:\/\/www.article-marketing.eu\/comunicati\/wp-json\/wp\/v2\/posts"}],"about":[{"href":"https:\/\/www.article-marketing.eu\/comunicati\/wp-json\/wp\/v2\/types\/post"}],"author":[{"embeddable":true,"href":"https:\/\/www.article-marketing.eu\/comunicati\/wp-json\/wp\/v2\/users\/10"}],"replies":[{"embeddable":true,"href":"https:\/\/www.article-marketing.eu\/comunicati\/wp-json\/wp\/v2\/comments?post=2347"}],"version-history":[{"count":0,"href":"https:\/\/www.article-marketing.eu\/comunicati\/wp-json\/wp\/v2\/posts\/2347\/revisions"}],"wp:attachment":[{"href":"https:\/\/www.article-marketing.eu\/comunicati\/wp-json\/wp\/v2\/media?parent=2347"}],"wp:term":[{"taxonomy":"category","embeddable":true,"href":"https:\/\/www.article-marketing.eu\/comunicati\/wp-json\/wp\/v2\/categories?post=2347"},{"taxonomy":"post_tag","embeddable":true,"href":"https:\/\/www.article-marketing.eu\/comunicati\/wp-json\/wp\/v2\/tags?post=2347"}],"curies":[{"name":"wp","href":"https:\/\/api.w.org\/{rel}","templated":true}]}}