{"id":2368,"date":"2009-07-10T13:15:19","date_gmt":"2009-07-10T11:15:19","guid":{"rendered":"http:\/\/www.article-marketing.eu\/comunicati\/senza-categoria\/air-dolomiti-e-aeroporto-di-salerno-nuovo-volo-da-verona\/"},"modified":"2009-07-10T13:15:19","modified_gmt":"2009-07-10T11:15:19","slug":"air-dolomiti-e-aeroporto-di-salerno-nuovo-volo-da-verona","status":"publish","type":"post","link":"https:\/\/www.article-marketing.eu\/comunicati\/comunicati-stampa\/servizi\/air-dolomiti-e-aeroporto-di-salerno-nuovo-volo-da-verona\/","title":{"rendered":"Air Dolomiti e Aeroporto di Salerno: nuovo volo da Verona"},"content":{"rendered":"<p><a href=\"www.airdolomiti.it\">Air Dolomiti<\/a>, Compagnia Regionale italiana del Gruppo Lufthansa e <strong>Aeroporto di Salerno<\/strong> annunciano il <strong>nuovo volo Verona &#8211; Salerno<\/strong> operativo dal <strong>27 luglio<\/strong> fino al 23 ottobre.<\/p>\n<p style=\"TEXT-ALIGN: justify\">Il nuovo accordo siglato tra la Compagnia e l\u2019aeroporto campano permette di unire due importanti poli culturali e turistici.<\/p>\n<p style=\"TEXT-ALIGN: justify\">La citt\u00e0 di Salerno offre un centro storico molto suggestivo e si trova in prossimit\u00e0 di luoghi di richiamo turistico internazionale quali Pompei, Ercolano, Paestum, il Parco Nazionale del Cilento e Vallo di Diano, Palinuro. La sua posizione \u00e8 ottimale e fa da cerniera tra la costiera amalfitana, Amalfi e Positano, Capri \u00e8 raggiungibile facilmente.<\/p>\n<p style=\"TEXT-ALIGN: justify\"><strong>Verona<\/strong> \u00e8 stata dichiarata dall\u2019Unesco patrimonio dell\u2019umanit\u00e0&nbsp; ed \u00e8 nota per la sua ricchezza artistica e architettonica e per la sua posizione strategica.<\/p>\n<p style=\"TEXT-ALIGN: justify\">&nbsp;<\/p>\n<p style=\"TEXT-ALIGN: justify\">Il collegamento <strong>Verona &#8211; Salerno<\/strong> \u00e8 operativo il luned\u00ec, mercoled\u00ec e venerd\u00ec, una volta al giorno con l\u2019aeromobile ATR 42-500. Di seguito, nel dettaglio, frequenze e orari:<\/p>\n<p style=\"TEXT-ALIGN: justify\"><strong>Verona &#8211; Salerno&nbsp;&nbsp;&nbsp;&nbsp;&nbsp;&nbsp;&nbsp;&nbsp;&nbsp;&nbsp;&nbsp;&nbsp;&nbsp;&nbsp;&nbsp;&nbsp;&nbsp;&nbsp;&nbsp; &nbsp;&nbsp; &nbsp;1.3.5..&nbsp;&nbsp;&nbsp;&nbsp;&nbsp;&nbsp;&nbsp;&nbsp;&nbsp; 12:30 \u2013 14:15<\/strong><\/p>\n<p style=\"TEXT-ALIGN: justify\"><strong>Salerno\u2013 Verona&nbsp;&nbsp;&nbsp;&nbsp;&nbsp;&nbsp;&nbsp;&nbsp;&nbsp;&nbsp;&nbsp;&nbsp;&nbsp;&nbsp;&nbsp;&nbsp;&nbsp;&nbsp;&nbsp; &nbsp;&nbsp;&nbsp; 1.3.5..&nbsp;&nbsp;&nbsp;&nbsp;&nbsp;&nbsp;&nbsp;&nbsp;&nbsp; 14:50 \u2013 16:45<\/strong><\/p>\n<p style=\"TEXT-ALIGN: justify\">Air Dolomiti &nbsp;propone un\u2019eccezionale tariffa a partire da <strong>\u20ac 79 one &#8211; way, tutto incluso<\/strong>.<\/p>\n<p style=\"TEXT-ALIGN: justify\"><em>\u201cLa partnership con l\u2019aeroporto di Salerno ci&nbsp; permette di essere presenti in un\u2019aera di straordinaria bellezza e di ricchezza culturale, importante punto di riferimento per il turismo. La collaborazione conferma la volont\u00e0 di Air Dolomiti di offrire collegamenti in una regione ricca di storia e di tradizione confermando cos\u00ec la strategia di marketing territoriale. Con Salerno la Compagnia torna ad operare il punto a punto mettendo in collegamento due importanti citt\u00e0 italiane\u201d <\/em>afferma <strong>Joerg Eberhart<\/strong>, Vice Presidente Marketing, Network &amp; Commercial di Air Dolomiti.<\/p>\n<p style=\"TEXT-ALIGN: justify\"><em>\u201cIl rilancio dello start-up dell\u2019Aeroporto di Salerno con una delle pi\u00f9 qualificate compagnie di trasporto costituisce un punto di forza di assoluta garanzia per il futuro dello scalo\u201d<\/em> afferma <strong>Augusto Strianese<\/strong>, Presidente dell\u2019Aeroporto di Salerno S.p.A.<\/p>\n<p style=\"TEXT-ALIGN: justify\">Per maggiori informazioni e per prenotazioni: <strong>Call Center<\/strong> <strong>Air Dolomiti<\/strong> al numero 045 2886140 o visita www.airdolomiti.it.<\/p>\n","protected":false},"excerpt":{"rendered":"<p>Air Dolomiti \u00e8 la prima compagnia aerea ad offrire collegamenti dal Valerio Catullo al Costa d\u2019Amalfi: la scelta di volare su questo aeroporto \u00e8 la risposta alla crescente richiesta di collegamenti dal nord al sud d\u2019Italia.<\/p>\n","protected":false},"author":10,"featured_media":0,"comment_status":"open","ping_status":"open","sticky":false,"template":"","format":"standard","meta":{"cybocfi_hide_featured_image":"","footnotes":""},"categories":[321],"tags":[1199,7806,7805,7804],"class_list":["post-2368","post","type-post","status-publish","format-standard","hentry","category-servizi","tag-costiera-amalfitana","tag-salerno-verona","tag-voli-salerno","tag-volo-verona"],"yoast_head":"<!-- This site is optimized with the Yoast SEO plugin v27.0 - https:\/\/yoast.com\/product\/yoast-seo-wordpress\/ -->\n<title>Air Dolomiti e Aeroporto di Salerno: nuovo volo da Verona - Article Marketing<\/title>\n<meta name=\"robots\" content=\"index, follow, max-snippet:-1, max-image-preview:large, max-video-preview:-1\" \/>\n<link rel=\"canonical\" href=\"https:\/\/www.article-marketing.eu\/comunicati\/comunicati-stampa\/servizi\/air-dolomiti-e-aeroporto-di-salerno-nuovo-volo-da-verona\/\" \/>\n<meta property=\"og:locale\" content=\"it_IT\" \/>\n<meta property=\"og:type\" content=\"article\" \/>\n<meta property=\"og:title\" content=\"Air Dolomiti e Aeroporto di Salerno: nuovo volo da Verona - Article Marketing\" \/>\n<meta property=\"og:description\" content=\"Air Dolomiti \u00e8 la prima compagnia aerea ad offrire collegamenti dal Valerio Catullo al Costa d\u2019Amalfi: la scelta di volare su questo aeroporto \u00e8 la risposta alla crescente richiesta di collegamenti dal nord al sud d\u2019Italia.\" \/>\n<meta property=\"og:url\" content=\"https:\/\/www.article-marketing.eu\/comunicati\/comunicati-stampa\/servizi\/air-dolomiti-e-aeroporto-di-salerno-nuovo-volo-da-verona\/\" \/>\n<meta property=\"og:site_name\" content=\"Article Marketing\" \/>\n<meta property=\"article:published_time\" content=\"2009-07-10T11:15:19+00:00\" \/>\n<meta name=\"author\" content=\"Redazione Comunicati Stampa\" \/>\n<meta name=\"twitter:card\" content=\"summary_large_image\" \/>\n<meta name=\"twitter:label1\" content=\"Scritto da\" \/>\n\t<meta name=\"twitter:data1\" content=\"Redazione Comunicati Stampa\" \/>\n\t<meta name=\"twitter:label2\" content=\"Tempo di lettura stimato\" \/>\n\t<meta name=\"twitter:data2\" content=\"2 minuti\" \/>\n<script type=\"application\/ld+json\" class=\"yoast-schema-graph\">{\"@context\":\"https:\/\/schema.org\",\"@graph\":[{\"@type\":\"Article\",\"@id\":\"https:\/\/www.article-marketing.eu\/comunicati\/comunicati-stampa\/servizi\/air-dolomiti-e-aeroporto-di-salerno-nuovo-volo-da-verona\/#article\",\"isPartOf\":{\"@id\":\"https:\/\/www.article-marketing.eu\/comunicati\/comunicati-stampa\/servizi\/air-dolomiti-e-aeroporto-di-salerno-nuovo-volo-da-verona\/\"},\"author\":{\"name\":\"Redazione Comunicati Stampa\",\"@id\":\"https:\/\/www.article-marketing.eu\/comunicati\/#\/schema\/person\/44372e4d4d0fa797b18e03ed1ace9017\"},\"headline\":\"Air Dolomiti e Aeroporto di Salerno: nuovo volo da Verona\",\"datePublished\":\"2009-07-10T11:15:19+00:00\",\"mainEntityOfPage\":{\"@id\":\"https:\/\/www.article-marketing.eu\/comunicati\/comunicati-stampa\/servizi\/air-dolomiti-e-aeroporto-di-salerno-nuovo-volo-da-verona\/\"},\"wordCount\":386,\"commentCount\":0,\"keywords\":[\"Costiera amalfitana\",\"salerno verona\",\"voli salerno\",\"volo verona\"],\"articleSection\":[\"Servizi\"],\"inLanguage\":\"it-IT\",\"potentialAction\":[{\"@type\":\"CommentAction\",\"name\":\"Comment\",\"target\":[\"https:\/\/www.article-marketing.eu\/comunicati\/comunicati-stampa\/servizi\/air-dolomiti-e-aeroporto-di-salerno-nuovo-volo-da-verona\/#respond\"]}]},{\"@type\":\"WebPage\",\"@id\":\"https:\/\/www.article-marketing.eu\/comunicati\/comunicati-stampa\/servizi\/air-dolomiti-e-aeroporto-di-salerno-nuovo-volo-da-verona\/\",\"url\":\"https:\/\/www.article-marketing.eu\/comunicati\/comunicati-stampa\/servizi\/air-dolomiti-e-aeroporto-di-salerno-nuovo-volo-da-verona\/\",\"name\":\"Air Dolomiti e Aeroporto di Salerno: nuovo volo da Verona - Article Marketing\",\"isPartOf\":{\"@id\":\"https:\/\/www.article-marketing.eu\/comunicati\/#website\"},\"datePublished\":\"2009-07-10T11:15:19+00:00\",\"author\":{\"@id\":\"https:\/\/www.article-marketing.eu\/comunicati\/#\/schema\/person\/44372e4d4d0fa797b18e03ed1ace9017\"},\"breadcrumb\":{\"@id\":\"https:\/\/www.article-marketing.eu\/comunicati\/comunicati-stampa\/servizi\/air-dolomiti-e-aeroporto-di-salerno-nuovo-volo-da-verona\/#breadcrumb\"},\"inLanguage\":\"it-IT\",\"potentialAction\":[{\"@type\":\"ReadAction\",\"target\":[\"https:\/\/www.article-marketing.eu\/comunicati\/comunicati-stampa\/servizi\/air-dolomiti-e-aeroporto-di-salerno-nuovo-volo-da-verona\/\"]}]},{\"@type\":\"BreadcrumbList\",\"@id\":\"https:\/\/www.article-marketing.eu\/comunicati\/comunicati-stampa\/servizi\/air-dolomiti-e-aeroporto-di-salerno-nuovo-volo-da-verona\/#breadcrumb\",\"itemListElement\":[{\"@type\":\"ListItem\",\"position\":1,\"name\":\"Home\",\"item\":\"https:\/\/www.article-marketing.eu\/comunicati\/\"},{\"@type\":\"ListItem\",\"position\":2,\"name\":\"Air Dolomiti e Aeroporto di Salerno: nuovo volo da Verona\"}]},{\"@type\":\"WebSite\",\"@id\":\"https:\/\/www.article-marketing.eu\/comunicati\/#website\",\"url\":\"https:\/\/www.article-marketing.eu\/comunicati\/\",\"name\":\"Article Marketing\",\"description\":\"article marketing &amp; press release\",\"potentialAction\":[{\"@type\":\"SearchAction\",\"target\":{\"@type\":\"EntryPoint\",\"urlTemplate\":\"https:\/\/www.article-marketing.eu\/comunicati\/?s={search_term_string}\"},\"query-input\":{\"@type\":\"PropertyValueSpecification\",\"valueRequired\":true,\"valueName\":\"search_term_string\"}}],\"inLanguage\":\"it-IT\"},{\"@type\":\"Person\",\"@id\":\"https:\/\/www.article-marketing.eu\/comunicati\/#\/schema\/person\/44372e4d4d0fa797b18e03ed1ace9017\",\"name\":\"Redazione Comunicati Stampa\",\"image\":{\"@type\":\"ImageObject\",\"inLanguage\":\"it-IT\",\"@id\":\"https:\/\/www.article-marketing.eu\/comunicati\/#\/schema\/person\/image\/\",\"url\":\"https:\/\/secure.gravatar.com\/avatar\/50e5c6421d3072f42e7ace803501602c60d75233d34e29fd05feb91c8760b792?s=96&d=mm&r=g\",\"contentUrl\":\"https:\/\/secure.gravatar.com\/avatar\/50e5c6421d3072f42e7ace803501602c60d75233d34e29fd05feb91c8760b792?s=96&d=mm&r=g\",\"caption\":\"Redazione Comunicati Stampa\"},\"url\":\"https:\/\/www.article-marketing.eu\/comunicati\/author\/redazione-comunicati-stampa\/\"}]}<\/script>\n<!-- \/ Yoast SEO plugin. -->","yoast_head_json":{"title":"Air Dolomiti e Aeroporto di Salerno: nuovo volo da Verona - Article Marketing","robots":{"index":"index","follow":"follow","max-snippet":"max-snippet:-1","max-image-preview":"max-image-preview:large","max-video-preview":"max-video-preview:-1"},"canonical":"https:\/\/www.article-marketing.eu\/comunicati\/comunicati-stampa\/servizi\/air-dolomiti-e-aeroporto-di-salerno-nuovo-volo-da-verona\/","og_locale":"it_IT","og_type":"article","og_title":"Air Dolomiti e Aeroporto di Salerno: nuovo volo da Verona - Article Marketing","og_description":"Air Dolomiti \u00e8 la prima compagnia aerea ad offrire collegamenti dal Valerio Catullo al Costa d\u2019Amalfi: la scelta di volare su questo aeroporto \u00e8 la risposta alla crescente richiesta di collegamenti dal nord al sud d\u2019Italia.","og_url":"https:\/\/www.article-marketing.eu\/comunicati\/comunicati-stampa\/servizi\/air-dolomiti-e-aeroporto-di-salerno-nuovo-volo-da-verona\/","og_site_name":"Article Marketing","article_published_time":"2009-07-10T11:15:19+00:00","author":"Redazione Comunicati Stampa","twitter_card":"summary_large_image","twitter_misc":{"Scritto da":"Redazione Comunicati Stampa","Tempo di lettura stimato":"2 minuti"},"schema":{"@context":"https:\/\/schema.org","@graph":[{"@type":"Article","@id":"https:\/\/www.article-marketing.eu\/comunicati\/comunicati-stampa\/servizi\/air-dolomiti-e-aeroporto-di-salerno-nuovo-volo-da-verona\/#article","isPartOf":{"@id":"https:\/\/www.article-marketing.eu\/comunicati\/comunicati-stampa\/servizi\/air-dolomiti-e-aeroporto-di-salerno-nuovo-volo-da-verona\/"},"author":{"name":"Redazione Comunicati Stampa","@id":"https:\/\/www.article-marketing.eu\/comunicati\/#\/schema\/person\/44372e4d4d0fa797b18e03ed1ace9017"},"headline":"Air Dolomiti e Aeroporto di Salerno: nuovo volo da Verona","datePublished":"2009-07-10T11:15:19+00:00","mainEntityOfPage":{"@id":"https:\/\/www.article-marketing.eu\/comunicati\/comunicati-stampa\/servizi\/air-dolomiti-e-aeroporto-di-salerno-nuovo-volo-da-verona\/"},"wordCount":386,"commentCount":0,"keywords":["Costiera amalfitana","salerno verona","voli salerno","volo verona"],"articleSection":["Servizi"],"inLanguage":"it-IT","potentialAction":[{"@type":"CommentAction","name":"Comment","target":["https:\/\/www.article-marketing.eu\/comunicati\/comunicati-stampa\/servizi\/air-dolomiti-e-aeroporto-di-salerno-nuovo-volo-da-verona\/#respond"]}]},{"@type":"WebPage","@id":"https:\/\/www.article-marketing.eu\/comunicati\/comunicati-stampa\/servizi\/air-dolomiti-e-aeroporto-di-salerno-nuovo-volo-da-verona\/","url":"https:\/\/www.article-marketing.eu\/comunicati\/comunicati-stampa\/servizi\/air-dolomiti-e-aeroporto-di-salerno-nuovo-volo-da-verona\/","name":"Air Dolomiti e Aeroporto di Salerno: nuovo volo da Verona - Article Marketing","isPartOf":{"@id":"https:\/\/www.article-marketing.eu\/comunicati\/#website"},"datePublished":"2009-07-10T11:15:19+00:00","author":{"@id":"https:\/\/www.article-marketing.eu\/comunicati\/#\/schema\/person\/44372e4d4d0fa797b18e03ed1ace9017"},"breadcrumb":{"@id":"https:\/\/www.article-marketing.eu\/comunicati\/comunicati-stampa\/servizi\/air-dolomiti-e-aeroporto-di-salerno-nuovo-volo-da-verona\/#breadcrumb"},"inLanguage":"it-IT","potentialAction":[{"@type":"ReadAction","target":["https:\/\/www.article-marketing.eu\/comunicati\/comunicati-stampa\/servizi\/air-dolomiti-e-aeroporto-di-salerno-nuovo-volo-da-verona\/"]}]},{"@type":"BreadcrumbList","@id":"https:\/\/www.article-marketing.eu\/comunicati\/comunicati-stampa\/servizi\/air-dolomiti-e-aeroporto-di-salerno-nuovo-volo-da-verona\/#breadcrumb","itemListElement":[{"@type":"ListItem","position":1,"name":"Home","item":"https:\/\/www.article-marketing.eu\/comunicati\/"},{"@type":"ListItem","position":2,"name":"Air Dolomiti e Aeroporto di Salerno: nuovo volo da Verona"}]},{"@type":"WebSite","@id":"https:\/\/www.article-marketing.eu\/comunicati\/#website","url":"https:\/\/www.article-marketing.eu\/comunicati\/","name":"Article Marketing","description":"article marketing &amp; press release","potentialAction":[{"@type":"SearchAction","target":{"@type":"EntryPoint","urlTemplate":"https:\/\/www.article-marketing.eu\/comunicati\/?s={search_term_string}"},"query-input":{"@type":"PropertyValueSpecification","valueRequired":true,"valueName":"search_term_string"}}],"inLanguage":"it-IT"},{"@type":"Person","@id":"https:\/\/www.article-marketing.eu\/comunicati\/#\/schema\/person\/44372e4d4d0fa797b18e03ed1ace9017","name":"Redazione Comunicati Stampa","image":{"@type":"ImageObject","inLanguage":"it-IT","@id":"https:\/\/www.article-marketing.eu\/comunicati\/#\/schema\/person\/image\/","url":"https:\/\/secure.gravatar.com\/avatar\/50e5c6421d3072f42e7ace803501602c60d75233d34e29fd05feb91c8760b792?s=96&d=mm&r=g","contentUrl":"https:\/\/secure.gravatar.com\/avatar\/50e5c6421d3072f42e7ace803501602c60d75233d34e29fd05feb91c8760b792?s=96&d=mm&r=g","caption":"Redazione Comunicati Stampa"},"url":"https:\/\/www.article-marketing.eu\/comunicati\/author\/redazione-comunicati-stampa\/"}]}},"_links":{"self":[{"href":"https:\/\/www.article-marketing.eu\/comunicati\/wp-json\/wp\/v2\/posts\/2368","targetHints":{"allow":["GET"]}}],"collection":[{"href":"https:\/\/www.article-marketing.eu\/comunicati\/wp-json\/wp\/v2\/posts"}],"about":[{"href":"https:\/\/www.article-marketing.eu\/comunicati\/wp-json\/wp\/v2\/types\/post"}],"author":[{"embeddable":true,"href":"https:\/\/www.article-marketing.eu\/comunicati\/wp-json\/wp\/v2\/users\/10"}],"replies":[{"embeddable":true,"href":"https:\/\/www.article-marketing.eu\/comunicati\/wp-json\/wp\/v2\/comments?post=2368"}],"version-history":[{"count":0,"href":"https:\/\/www.article-marketing.eu\/comunicati\/wp-json\/wp\/v2\/posts\/2368\/revisions"}],"wp:attachment":[{"href":"https:\/\/www.article-marketing.eu\/comunicati\/wp-json\/wp\/v2\/media?parent=2368"}],"wp:term":[{"taxonomy":"category","embeddable":true,"href":"https:\/\/www.article-marketing.eu\/comunicati\/wp-json\/wp\/v2\/categories?post=2368"},{"taxonomy":"post_tag","embeddable":true,"href":"https:\/\/www.article-marketing.eu\/comunicati\/wp-json\/wp\/v2\/tags?post=2368"}],"curies":[{"name":"wp","href":"https:\/\/api.w.org\/{rel}","templated":true}]}}