{"id":23694,"date":"2012-02-10T12:53:50","date_gmt":"2012-02-10T11:53:50","guid":{"rendered":"http:\/\/www.article-marketing.eu\/comunicati\/senza-categoria\/rimini-e-san-patrignano-entrano-nel-mondo-del-desiner\/"},"modified":"2012-02-10T12:53:50","modified_gmt":"2012-02-10T11:53:50","slug":"rimini-e-san-patrignano-entrano-nel-mondo-del-desiner","status":"publish","type":"post","link":"https:\/\/www.article-marketing.eu\/comunicati\/viaggi-e-vacanze\/viaggi-e-turismo\/rimini-e-san-patrignano-entrano-nel-mondo-del-desiner\/","title":{"rendered":"Rimini e San Patrignano entrano nel mondo del desiner"},"content":{"rendered":"<p>Il territorio di Rimini non &egrave; solo mare spiaggia e divertimento, la la citt&agrave; vanta un entroterra d&#8217;eccezione dove si perdono distese di verde sparso in meravigliose colline, questo entroterra cos&igrave; denso di paesini e rocche consente anche una proposta diversa di vacanze. molte le <a href=\"http:\/\/www.hotellily.it\/\">offerte hotel Rimini<\/a> legate alle tante iniziative proposte dal territorio della citt&agrave; che di per se pullula di hotel tre stelle rimini. Certamente uno dei posti pi&ugrave; suggestivi dell&#8217;entroterra &egrave; la collina di San Patrignano dove una comunit&agrave; di ragazzi talentuosi e creativi ha creato una vera e propria oasi di lavoro. Le creazione proposte dal centro sono legate all&#8217;alimentazione (famosi i prestigiosi vini di San Patrignano vincitori di premi internazionali) sono legate allo sport (allevamento di cavalli purosange straordinari sito proprio a San Patrignano) e ultima tra le mille iniziative legate alla casa-azienda riminese &egrave; la creazione di oggetti di arredo esclusivi e unici, senza riproduzioni di seie. Elio Fiorucci, Paolo Pininfarina, Maurizio e Davide Riva , Matteo Thun, Gualtiero Marchesi e Angela Missoni. Sono solo alcuni dei 30 artisti di fama internazionale che hanno ideato oggetti di arredo utilizzando il legno delle botti della cantina di San Patrignano, poi realizzati da circa 200 ospiti della comunit&agrave; all&#8217;interno dei laboratori di falegnameria, decorazioni e fabbri delle sedi di San Patrignano, Trento e Botticella. Un lavoro artiginale con il quale i ragazzi del centro hanno potuto misurarsi con progetti di alto livello. I prodotti saranno vendui attraverso la rete commerciale della stessa comunit&agrave;. Il progetto sar&agrave; presentato ad Aprile 2012, in concomitanza con il salone del mobile di Milano, durante il quale verr&agrave; inaugurato anche il primo concorso di idee per giovani designer per la realizzazione di un opera a tema libero. Il territorio di Rimini non &egrave; solo mare spiaggia e divertimento, la la citt&agrave; vanta un entroterra d&#8217;eccezione dove si perdono distese di verde sparso in meravigliose colline, questo entroterra cos&igrave; denso di paesini e rocche consente anche una proposta diversa di vacanze. molte le offerte hotel Rimini legate alle tante iniziative proposte dal territorio della citt&agrave; che di per se pullula di hotel tre stelle rimini. Certamente uno dei posti pi&ugrave; suggestivi dell&#8217;entroterra &egrave; la collina di San Patrignano dove una comunit&agrave; di ragazzi talentuosi e creativi ha creato una vera e propria oasi di lavoro. Le creazione proposte dal centro sono legate all&#8217;alimentazione (famosi i prestigiosi vini di San Patrignano vincitori di premi internazionali) sono legate allo sport (allevamento di cavalli purosange straordinari sito proprio a San Patrignano) e ultima tra le mille iniziative legate alla casa-azienda riminese &egrave; la creazione di oggetti di arredo esclusivi e unici, senza riproduzioni di seie. Elio Fiorucci, Paolo Pininfarina, Maurizio e Davide Riva , Matteo Thun, Gualtiero Marchesi e Angela Missoni. Sono solo alcuni dei 30 artisti di fama internazionale che hanno ideato oggetti di arredo utilizzando il legno delle botti della cantina di San Patrignano, poi realizzati da circa 200 ospiti della comunit&agrave; all&#8217;interno dei laboratori di falegnameria, decorazioni e fabbri delle sedi di San Patrignano, Trento e Botticella. Un lavoro artiginale con il quale i ragazzi del centro hanno potuto misurarsi con progetti di alto livello. I prodotti saranno vendui attraverso la rete commerciale della stessa comunit&agrave;. Il progetto sar&agrave; presentato ad Aprile 2012, in concomitanza con il salone del mobile di Milano, durante il quale verr&agrave; inaugurato anche il primo concorso di idee per giovani designer per la realizzazione di un opera a tema libero.<\/p>\n","protected":false},"excerpt":{"rendered":"<p>Il territorio di Rimini non \u00e8 solo mare spiaggia e divertimento, la la citt\u00e0 vanta un entroterra d&#8217;eccezione dove si perdono distese di verde sparso in meravigliose colline, questo entroterra cos\u00ec denso di paesini e rocche consente anche una proposta diversa di vacanze.<\/p>\n","protected":false},"author":10,"featured_media":0,"comment_status":"open","ping_status":"open","sticky":false,"template":"","format":"standard","meta":{"cybocfi_hide_featured_image":"","footnotes":""},"categories":[2],"tags":[22654],"class_list":["post-23694","post","type-post","status-publish","format-standard","hentry","category-viaggi-e-turismo","tag-hotel-tre-stelle-rimini"],"yoast_head":"<!-- This site is optimized with the Yoast SEO plugin v27.0 - https:\/\/yoast.com\/product\/yoast-seo-wordpress\/ -->\n<title>Rimini e San Patrignano entrano nel mondo del desiner - Article Marketing<\/title>\n<meta name=\"robots\" content=\"index, follow, max-snippet:-1, max-image-preview:large, max-video-preview:-1\" \/>\n<link rel=\"canonical\" href=\"https:\/\/www.article-marketing.eu\/comunicati\/viaggi-e-vacanze\/viaggi-e-turismo\/rimini-e-san-patrignano-entrano-nel-mondo-del-desiner\/\" \/>\n<meta property=\"og:locale\" content=\"it_IT\" \/>\n<meta property=\"og:type\" content=\"article\" \/>\n<meta property=\"og:title\" content=\"Rimini e San Patrignano entrano nel mondo del desiner - Article Marketing\" \/>\n<meta property=\"og:description\" content=\"Il territorio di Rimini non \u00e8 solo mare spiaggia e divertimento, la la citt\u00e0 vanta un entroterra d&#039;eccezione dove si perdono distese di verde sparso in meravigliose colline, questo entroterra cos\u00ec denso di paesini e rocche consente anche una proposta diversa di vacanze.\" \/>\n<meta property=\"og:url\" content=\"https:\/\/www.article-marketing.eu\/comunicati\/viaggi-e-vacanze\/viaggi-e-turismo\/rimini-e-san-patrignano-entrano-nel-mondo-del-desiner\/\" \/>\n<meta property=\"og:site_name\" content=\"Article Marketing\" \/>\n<meta property=\"article:published_time\" content=\"2012-02-10T11:53:50+00:00\" \/>\n<meta name=\"author\" content=\"Redazione Comunicati Stampa\" \/>\n<meta name=\"twitter:card\" content=\"summary_large_image\" \/>\n<meta name=\"twitter:label1\" content=\"Scritto da\" \/>\n\t<meta name=\"twitter:data1\" content=\"Redazione Comunicati Stampa\" \/>\n\t<meta name=\"twitter:label2\" content=\"Tempo di lettura stimato\" \/>\n\t<meta name=\"twitter:data2\" content=\"3 minuti\" \/>\n<script type=\"application\/ld+json\" class=\"yoast-schema-graph\">{\"@context\":\"https:\/\/schema.org\",\"@graph\":[{\"@type\":\"Article\",\"@id\":\"https:\/\/www.article-marketing.eu\/comunicati\/viaggi-e-vacanze\/viaggi-e-turismo\/rimini-e-san-patrignano-entrano-nel-mondo-del-desiner\/#article\",\"isPartOf\":{\"@id\":\"https:\/\/www.article-marketing.eu\/comunicati\/viaggi-e-vacanze\/viaggi-e-turismo\/rimini-e-san-patrignano-entrano-nel-mondo-del-desiner\/\"},\"author\":{\"name\":\"Redazione Comunicati Stampa\",\"@id\":\"https:\/\/www.article-marketing.eu\/comunicati\/#\/schema\/person\/44372e4d4d0fa797b18e03ed1ace9017\"},\"headline\":\"Rimini e San Patrignano entrano nel mondo del desiner\",\"datePublished\":\"2012-02-10T11:53:50+00:00\",\"mainEntityOfPage\":{\"@id\":\"https:\/\/www.article-marketing.eu\/comunicati\/viaggi-e-vacanze\/viaggi-e-turismo\/rimini-e-san-patrignano-entrano-nel-mondo-del-desiner\/\"},\"wordCount\":593,\"commentCount\":0,\"keywords\":[\"hotel tre stelle rimini\"],\"articleSection\":[\"Viaggi e Turismo\"],\"inLanguage\":\"it-IT\",\"potentialAction\":[{\"@type\":\"CommentAction\",\"name\":\"Comment\",\"target\":[\"https:\/\/www.article-marketing.eu\/comunicati\/viaggi-e-vacanze\/viaggi-e-turismo\/rimini-e-san-patrignano-entrano-nel-mondo-del-desiner\/#respond\"]}]},{\"@type\":\"WebPage\",\"@id\":\"https:\/\/www.article-marketing.eu\/comunicati\/viaggi-e-vacanze\/viaggi-e-turismo\/rimini-e-san-patrignano-entrano-nel-mondo-del-desiner\/\",\"url\":\"https:\/\/www.article-marketing.eu\/comunicati\/viaggi-e-vacanze\/viaggi-e-turismo\/rimini-e-san-patrignano-entrano-nel-mondo-del-desiner\/\",\"name\":\"Rimini e San Patrignano entrano nel mondo del desiner - Article Marketing\",\"isPartOf\":{\"@id\":\"https:\/\/www.article-marketing.eu\/comunicati\/#website\"},\"datePublished\":\"2012-02-10T11:53:50+00:00\",\"author\":{\"@id\":\"https:\/\/www.article-marketing.eu\/comunicati\/#\/schema\/person\/44372e4d4d0fa797b18e03ed1ace9017\"},\"breadcrumb\":{\"@id\":\"https:\/\/www.article-marketing.eu\/comunicati\/viaggi-e-vacanze\/viaggi-e-turismo\/rimini-e-san-patrignano-entrano-nel-mondo-del-desiner\/#breadcrumb\"},\"inLanguage\":\"it-IT\",\"potentialAction\":[{\"@type\":\"ReadAction\",\"target\":[\"https:\/\/www.article-marketing.eu\/comunicati\/viaggi-e-vacanze\/viaggi-e-turismo\/rimini-e-san-patrignano-entrano-nel-mondo-del-desiner\/\"]}]},{\"@type\":\"BreadcrumbList\",\"@id\":\"https:\/\/www.article-marketing.eu\/comunicati\/viaggi-e-vacanze\/viaggi-e-turismo\/rimini-e-san-patrignano-entrano-nel-mondo-del-desiner\/#breadcrumb\",\"itemListElement\":[{\"@type\":\"ListItem\",\"position\":1,\"name\":\"Home\",\"item\":\"https:\/\/www.article-marketing.eu\/comunicati\/\"},{\"@type\":\"ListItem\",\"position\":2,\"name\":\"Rimini e San Patrignano entrano nel mondo del desiner\"}]},{\"@type\":\"WebSite\",\"@id\":\"https:\/\/www.article-marketing.eu\/comunicati\/#website\",\"url\":\"https:\/\/www.article-marketing.eu\/comunicati\/\",\"name\":\"Article Marketing\",\"description\":\"article marketing &amp; press release\",\"potentialAction\":[{\"@type\":\"SearchAction\",\"target\":{\"@type\":\"EntryPoint\",\"urlTemplate\":\"https:\/\/www.article-marketing.eu\/comunicati\/?s={search_term_string}\"},\"query-input\":{\"@type\":\"PropertyValueSpecification\",\"valueRequired\":true,\"valueName\":\"search_term_string\"}}],\"inLanguage\":\"it-IT\"},{\"@type\":\"Person\",\"@id\":\"https:\/\/www.article-marketing.eu\/comunicati\/#\/schema\/person\/44372e4d4d0fa797b18e03ed1ace9017\",\"name\":\"Redazione Comunicati Stampa\",\"image\":{\"@type\":\"ImageObject\",\"inLanguage\":\"it-IT\",\"@id\":\"https:\/\/www.article-marketing.eu\/comunicati\/#\/schema\/person\/image\/\",\"url\":\"https:\/\/secure.gravatar.com\/avatar\/50e5c6421d3072f42e7ace803501602c60d75233d34e29fd05feb91c8760b792?s=96&d=mm&r=g\",\"contentUrl\":\"https:\/\/secure.gravatar.com\/avatar\/50e5c6421d3072f42e7ace803501602c60d75233d34e29fd05feb91c8760b792?s=96&d=mm&r=g\",\"caption\":\"Redazione Comunicati Stampa\"},\"url\":\"https:\/\/www.article-marketing.eu\/comunicati\/author\/redazione-comunicati-stampa\/\"}]}<\/script>\n<!-- \/ Yoast SEO plugin. -->","yoast_head_json":{"title":"Rimini e San Patrignano entrano nel mondo del desiner - Article Marketing","robots":{"index":"index","follow":"follow","max-snippet":"max-snippet:-1","max-image-preview":"max-image-preview:large","max-video-preview":"max-video-preview:-1"},"canonical":"https:\/\/www.article-marketing.eu\/comunicati\/viaggi-e-vacanze\/viaggi-e-turismo\/rimini-e-san-patrignano-entrano-nel-mondo-del-desiner\/","og_locale":"it_IT","og_type":"article","og_title":"Rimini e San Patrignano entrano nel mondo del desiner - Article Marketing","og_description":"Il territorio di Rimini non \u00e8 solo mare spiaggia e divertimento, la la citt\u00e0 vanta un entroterra d'eccezione dove si perdono distese di verde sparso in meravigliose colline, questo entroterra cos\u00ec denso di paesini e rocche consente anche una proposta diversa di vacanze.","og_url":"https:\/\/www.article-marketing.eu\/comunicati\/viaggi-e-vacanze\/viaggi-e-turismo\/rimini-e-san-patrignano-entrano-nel-mondo-del-desiner\/","og_site_name":"Article Marketing","article_published_time":"2012-02-10T11:53:50+00:00","author":"Redazione Comunicati Stampa","twitter_card":"summary_large_image","twitter_misc":{"Scritto da":"Redazione Comunicati Stampa","Tempo di lettura stimato":"3 minuti"},"schema":{"@context":"https:\/\/schema.org","@graph":[{"@type":"Article","@id":"https:\/\/www.article-marketing.eu\/comunicati\/viaggi-e-vacanze\/viaggi-e-turismo\/rimini-e-san-patrignano-entrano-nel-mondo-del-desiner\/#article","isPartOf":{"@id":"https:\/\/www.article-marketing.eu\/comunicati\/viaggi-e-vacanze\/viaggi-e-turismo\/rimini-e-san-patrignano-entrano-nel-mondo-del-desiner\/"},"author":{"name":"Redazione Comunicati Stampa","@id":"https:\/\/www.article-marketing.eu\/comunicati\/#\/schema\/person\/44372e4d4d0fa797b18e03ed1ace9017"},"headline":"Rimini e San Patrignano entrano nel mondo del desiner","datePublished":"2012-02-10T11:53:50+00:00","mainEntityOfPage":{"@id":"https:\/\/www.article-marketing.eu\/comunicati\/viaggi-e-vacanze\/viaggi-e-turismo\/rimini-e-san-patrignano-entrano-nel-mondo-del-desiner\/"},"wordCount":593,"commentCount":0,"keywords":["hotel tre stelle rimini"],"articleSection":["Viaggi e Turismo"],"inLanguage":"it-IT","potentialAction":[{"@type":"CommentAction","name":"Comment","target":["https:\/\/www.article-marketing.eu\/comunicati\/viaggi-e-vacanze\/viaggi-e-turismo\/rimini-e-san-patrignano-entrano-nel-mondo-del-desiner\/#respond"]}]},{"@type":"WebPage","@id":"https:\/\/www.article-marketing.eu\/comunicati\/viaggi-e-vacanze\/viaggi-e-turismo\/rimini-e-san-patrignano-entrano-nel-mondo-del-desiner\/","url":"https:\/\/www.article-marketing.eu\/comunicati\/viaggi-e-vacanze\/viaggi-e-turismo\/rimini-e-san-patrignano-entrano-nel-mondo-del-desiner\/","name":"Rimini e San Patrignano entrano nel mondo del desiner - Article Marketing","isPartOf":{"@id":"https:\/\/www.article-marketing.eu\/comunicati\/#website"},"datePublished":"2012-02-10T11:53:50+00:00","author":{"@id":"https:\/\/www.article-marketing.eu\/comunicati\/#\/schema\/person\/44372e4d4d0fa797b18e03ed1ace9017"},"breadcrumb":{"@id":"https:\/\/www.article-marketing.eu\/comunicati\/viaggi-e-vacanze\/viaggi-e-turismo\/rimini-e-san-patrignano-entrano-nel-mondo-del-desiner\/#breadcrumb"},"inLanguage":"it-IT","potentialAction":[{"@type":"ReadAction","target":["https:\/\/www.article-marketing.eu\/comunicati\/viaggi-e-vacanze\/viaggi-e-turismo\/rimini-e-san-patrignano-entrano-nel-mondo-del-desiner\/"]}]},{"@type":"BreadcrumbList","@id":"https:\/\/www.article-marketing.eu\/comunicati\/viaggi-e-vacanze\/viaggi-e-turismo\/rimini-e-san-patrignano-entrano-nel-mondo-del-desiner\/#breadcrumb","itemListElement":[{"@type":"ListItem","position":1,"name":"Home","item":"https:\/\/www.article-marketing.eu\/comunicati\/"},{"@type":"ListItem","position":2,"name":"Rimini e San Patrignano entrano nel mondo del desiner"}]},{"@type":"WebSite","@id":"https:\/\/www.article-marketing.eu\/comunicati\/#website","url":"https:\/\/www.article-marketing.eu\/comunicati\/","name":"Article Marketing","description":"article marketing &amp; press release","potentialAction":[{"@type":"SearchAction","target":{"@type":"EntryPoint","urlTemplate":"https:\/\/www.article-marketing.eu\/comunicati\/?s={search_term_string}"},"query-input":{"@type":"PropertyValueSpecification","valueRequired":true,"valueName":"search_term_string"}}],"inLanguage":"it-IT"},{"@type":"Person","@id":"https:\/\/www.article-marketing.eu\/comunicati\/#\/schema\/person\/44372e4d4d0fa797b18e03ed1ace9017","name":"Redazione Comunicati Stampa","image":{"@type":"ImageObject","inLanguage":"it-IT","@id":"https:\/\/www.article-marketing.eu\/comunicati\/#\/schema\/person\/image\/","url":"https:\/\/secure.gravatar.com\/avatar\/50e5c6421d3072f42e7ace803501602c60d75233d34e29fd05feb91c8760b792?s=96&d=mm&r=g","contentUrl":"https:\/\/secure.gravatar.com\/avatar\/50e5c6421d3072f42e7ace803501602c60d75233d34e29fd05feb91c8760b792?s=96&d=mm&r=g","caption":"Redazione Comunicati Stampa"},"url":"https:\/\/www.article-marketing.eu\/comunicati\/author\/redazione-comunicati-stampa\/"}]}},"_links":{"self":[{"href":"https:\/\/www.article-marketing.eu\/comunicati\/wp-json\/wp\/v2\/posts\/23694","targetHints":{"allow":["GET"]}}],"collection":[{"href":"https:\/\/www.article-marketing.eu\/comunicati\/wp-json\/wp\/v2\/posts"}],"about":[{"href":"https:\/\/www.article-marketing.eu\/comunicati\/wp-json\/wp\/v2\/types\/post"}],"author":[{"embeddable":true,"href":"https:\/\/www.article-marketing.eu\/comunicati\/wp-json\/wp\/v2\/users\/10"}],"replies":[{"embeddable":true,"href":"https:\/\/www.article-marketing.eu\/comunicati\/wp-json\/wp\/v2\/comments?post=23694"}],"version-history":[{"count":0,"href":"https:\/\/www.article-marketing.eu\/comunicati\/wp-json\/wp\/v2\/posts\/23694\/revisions"}],"wp:attachment":[{"href":"https:\/\/www.article-marketing.eu\/comunicati\/wp-json\/wp\/v2\/media?parent=23694"}],"wp:term":[{"taxonomy":"category","embeddable":true,"href":"https:\/\/www.article-marketing.eu\/comunicati\/wp-json\/wp\/v2\/categories?post=23694"},{"taxonomy":"post_tag","embeddable":true,"href":"https:\/\/www.article-marketing.eu\/comunicati\/wp-json\/wp\/v2\/tags?post=23694"}],"curies":[{"name":"wp","href":"https:\/\/api.w.org\/{rel}","templated":true}]}}