{"id":2377,"date":"2009-07-13T10:41:09","date_gmt":"2009-07-13T08:41:09","guid":{"rendered":"http:\/\/www.article-marketing.eu\/comunicati\/senza-categoria\/la-crescita-di-nofrills-a-due-mesi-dalla-prossima-edizione-si-analizza-liter-della-manifestazione\/"},"modified":"2009-07-13T10:41:09","modified_gmt":"2009-07-13T08:41:09","slug":"la-crescita-di-nofrills-a-due-mesi-dalla-prossima-edizione-si-analizza-liter-della-manifestazione","status":"publish","type":"post","link":"https:\/\/www.article-marketing.eu\/comunicati\/viaggi-e-vacanze\/viaggi-e-turismo\/la-crescita-di-nofrills-a-due-mesi-dalla-prossima-edizione-si-analizza-liter-della-manifestazione\/","title":{"rendered":"La crescita di NoFrills &#8211; A due mesi dalla prossima edizione si analizza l\u2019iter della manifestazione"},"content":{"rendered":"<p>Luglio 2009 &#8211; Il prossimo 25 e 26 settembre si svolger\u00e0 NoFrills, l\u2019ormai abituale appuntamento italiano b2b dedicato al mondo turistico. Malgrado la difficile situazione economica mondiale, che si sta riflettendo su diverse realt\u00e0 del nostro Paese \u2013 tra cui anche il comparto turistico -, NoFrills sembra non risentirne, dal momento che la maggior parte degli spazi espositivi sono gi\u00e0 stati venduti e diversi tra i rimanenti sono opzionati.<\/p>\n<p>Il workshop, giunto alla nona edizione, \u00e8 diventato, con il trascorrere del tempo, un evento di riferimento del settore: a questo punto del suo cammino, \u00e8 giusto analizzare i numeri per trarre importanti informazioni relative al trend della manifestazione.<br \/>Dichiarano Annalisa Raia e Paolo Bertagni, A.D. NoFrills: \u201cIn questi anni abbiamo visto crescere la nostra mostra-convegno e ci\u00f2, naturalmente, oltre a essere un motivo d\u2019orgoglio per tutta l\u2019organizzazione, \u00e8 anche la conferma di aver preso la giusta direzione. L\u2019aver introdotto sul mercato una fiera focalizzata sulla realizzazione del business concreto degli espositori \u00e8 stata un\u2019idea vincente che piace ai pi\u00f9: ci\u00f2 \u00e8 dimostrato anche dal fatto che alcuni dei grandi nomi del tour operating, nelle ultime edizioni, hanno scelto NoFrills come unica manifestazione per presentare i propri prodotti e le novit\u00e0 alle agenzie di viaggio.\u201d E\u2019 per\u00f2 importante ricordare che la mostra-convegno b2b non \u00e8 dedicata solo mondo leisure, ma anche agli operatori dell\u2019incoming e del mice, e sono numerosi i buyer italiani ed esteri che parteciperanno per scoprire di persona le nuove proposte.<\/p>\n<p>Ma vediamo nel dettaglio i \u201cnumeri\u201d che confermano la crescita costante e continua del workshop. Da un punto di vista dei dati relativi ai partecipanti (visitatori ed espositori), l\u2019ultima edizione \u2013 che ha registrato un totale di 7.068 presenze \u2013 in termini percentuali ha contato +33% rispetto all\u2019autunno del 2006 e +29% se confrontato con l\u2019edizione primaverile del 2006.<\/p>\n<p>Particolarmente interessanti sono i risultati delle edizioni del 2008, dove in autunno \u00e8 stato registrato un record assoluto di partecipanti, mai totalizzato precedentemente.<\/p>\n<p>Analizzando il trend relativo alla provenienza dei visitatori, in termini assoluti notiamo un costante aumento del numero delle agenzie di viaggio da tutte le zone d\u2019Italia e dall\u2019estero. Sicuramente i numeri pi\u00f9 interessanti sono relativi agli operatori che provengono dal nord e dal centro, per cui si nota che le crescite maggiori sono state registrate nel 2008.<\/p>\n<p>Anche per quanto riguarda il fatturato, NoFrills \u2013 come conseguenza &#8211; evidenzia delle implementazioni. Infatti, si prevede che la prossima edizione registrer\u00e0 +35% rispetto all\u2019appuntamento autunnale del 2008. <\/p>\n<p>Per ulteriori informazioni:&nbsp;&nbsp; &nbsp;&nbsp;&nbsp; &nbsp;&nbsp;&nbsp; &nbsp;&nbsp;&nbsp; &nbsp;&nbsp;&nbsp; &nbsp;&nbsp;&nbsp; &nbsp;<br \/>NOFRILLS s.r.l. Travel &amp; Technology<br \/>Via S.S.del Sempione 33, 157 \u2013 28053 Castelletto Ticino (No)<br \/>Tel. 0331 963977-78, Fax 0331 1989115<br \/>e-mail: info@nofrillsexpo.com, web: www.nofrillsexpo.com<\/p>\n<p>Ufficio Stampa NoFrills:<br \/>Barbara Robecchi, Responsabile Ufficio Stampa NoFrills<br \/>Via Buonarroti, 5 &#8211; 27029 Vigevano (Pv)<br \/>Tel. +39 0381 690188, Fax +39 0381 090470<br \/>Cell. +39 347 7892234<br \/>e-mail: ufficiostampa@nofrillsexpo.com<\/p>\n","protected":false},"excerpt":{"rendered":"<p>Luglio 2009 &#8211; Il prossimo 25 e 26 settembre si svolger\u00e0 NoFrills, l\u2019ormai abituale appuntamento italiano b2b dedicato al mondo turistico. Malgrado la difficile situazione economica mondiale, che si sta riflettendo su diverse realt\u00e0 del nostro Paese \u2013 tra cui anche il comparto turistico -, NoFrills sembra non risentirne, dal momento che la maggior parte degli spazi espositivi sono gi\u00e0 stati venduti e diversi tra i rimanenti sono opzionati.<\/p>\n","protected":false},"author":10,"featured_media":0,"comment_status":"open","ping_status":"open","sticky":false,"template":"","format":"standard","meta":{"cybocfi_hide_featured_image":"","footnotes":""},"categories":[2],"tags":[7837],"class_list":["post-2377","post","type-post","status-publish","format-standard","hentry","category-viaggi-e-turismo","tag-nofrills"],"yoast_head":"<!-- This site is optimized with the Yoast SEO plugin v27.0 - https:\/\/yoast.com\/product\/yoast-seo-wordpress\/ -->\n<title>La crescita di NoFrills - A due mesi dalla prossima edizione si analizza l\u2019iter della manifestazione - Article Marketing<\/title>\n<meta name=\"robots\" content=\"index, follow, max-snippet:-1, max-image-preview:large, max-video-preview:-1\" \/>\n<link rel=\"canonical\" href=\"https:\/\/www.article-marketing.eu\/comunicati\/viaggi-e-vacanze\/viaggi-e-turismo\/la-crescita-di-nofrills-a-due-mesi-dalla-prossima-edizione-si-analizza-liter-della-manifestazione\/\" \/>\n<meta property=\"og:locale\" content=\"it_IT\" \/>\n<meta property=\"og:type\" content=\"article\" \/>\n<meta property=\"og:title\" content=\"La crescita di NoFrills - A due mesi dalla prossima edizione si analizza l\u2019iter della manifestazione - Article Marketing\" \/>\n<meta property=\"og:description\" content=\"Luglio 2009 - Il prossimo 25 e 26 settembre si svolger\u00e0 NoFrills, l\u2019ormai abituale appuntamento italiano b2b dedicato al mondo turistico. Malgrado la difficile situazione economica mondiale, che si sta riflettendo su diverse realt\u00e0 del nostro Paese \u2013 tra cui anche il comparto turistico -, NoFrills sembra non risentirne, dal momento che la maggior parte degli spazi espositivi sono gi\u00e0 stati venduti e diversi tra i rimanenti sono opzionati.\" \/>\n<meta property=\"og:url\" content=\"https:\/\/www.article-marketing.eu\/comunicati\/viaggi-e-vacanze\/viaggi-e-turismo\/la-crescita-di-nofrills-a-due-mesi-dalla-prossima-edizione-si-analizza-liter-della-manifestazione\/\" \/>\n<meta property=\"og:site_name\" content=\"Article Marketing\" \/>\n<meta property=\"article:published_time\" content=\"2009-07-13T08:41:09+00:00\" \/>\n<meta name=\"author\" content=\"Redazione Comunicati Stampa\" \/>\n<meta name=\"twitter:card\" content=\"summary_large_image\" \/>\n<meta name=\"twitter:label1\" content=\"Scritto da\" \/>\n\t<meta name=\"twitter:data1\" content=\"Redazione Comunicati Stampa\" \/>\n\t<meta name=\"twitter:label2\" content=\"Tempo di lettura stimato\" \/>\n\t<meta name=\"twitter:data2\" content=\"2 minuti\" \/>\n<script type=\"application\/ld+json\" class=\"yoast-schema-graph\">{\"@context\":\"https:\/\/schema.org\",\"@graph\":[{\"@type\":\"Article\",\"@id\":\"https:\/\/www.article-marketing.eu\/comunicati\/viaggi-e-vacanze\/viaggi-e-turismo\/la-crescita-di-nofrills-a-due-mesi-dalla-prossima-edizione-si-analizza-liter-della-manifestazione\/#article\",\"isPartOf\":{\"@id\":\"https:\/\/www.article-marketing.eu\/comunicati\/viaggi-e-vacanze\/viaggi-e-turismo\/la-crescita-di-nofrills-a-due-mesi-dalla-prossima-edizione-si-analizza-liter-della-manifestazione\/\"},\"author\":{\"name\":\"Redazione Comunicati Stampa\",\"@id\":\"https:\/\/www.article-marketing.eu\/comunicati\/#\/schema\/person\/44372e4d4d0fa797b18e03ed1ace9017\"},\"headline\":\"La crescita di NoFrills &#8211; A due mesi dalla prossima edizione si analizza l\u2019iter della manifestazione\",\"datePublished\":\"2009-07-13T08:41:09+00:00\",\"mainEntityOfPage\":{\"@id\":\"https:\/\/www.article-marketing.eu\/comunicati\/viaggi-e-vacanze\/viaggi-e-turismo\/la-crescita-di-nofrills-a-due-mesi-dalla-prossima-edizione-si-analizza-liter-della-manifestazione\/\"},\"wordCount\":485,\"commentCount\":0,\"keywords\":[\"NoFrills\"],\"articleSection\":[\"Viaggi e Turismo\"],\"inLanguage\":\"it-IT\",\"potentialAction\":[{\"@type\":\"CommentAction\",\"name\":\"Comment\",\"target\":[\"https:\/\/www.article-marketing.eu\/comunicati\/viaggi-e-vacanze\/viaggi-e-turismo\/la-crescita-di-nofrills-a-due-mesi-dalla-prossima-edizione-si-analizza-liter-della-manifestazione\/#respond\"]}]},{\"@type\":\"WebPage\",\"@id\":\"https:\/\/www.article-marketing.eu\/comunicati\/viaggi-e-vacanze\/viaggi-e-turismo\/la-crescita-di-nofrills-a-due-mesi-dalla-prossima-edizione-si-analizza-liter-della-manifestazione\/\",\"url\":\"https:\/\/www.article-marketing.eu\/comunicati\/viaggi-e-vacanze\/viaggi-e-turismo\/la-crescita-di-nofrills-a-due-mesi-dalla-prossima-edizione-si-analizza-liter-della-manifestazione\/\",\"name\":\"La crescita di NoFrills - A due mesi dalla prossima edizione si analizza l\u2019iter della manifestazione - Article Marketing\",\"isPartOf\":{\"@id\":\"https:\/\/www.article-marketing.eu\/comunicati\/#website\"},\"datePublished\":\"2009-07-13T08:41:09+00:00\",\"author\":{\"@id\":\"https:\/\/www.article-marketing.eu\/comunicati\/#\/schema\/person\/44372e4d4d0fa797b18e03ed1ace9017\"},\"breadcrumb\":{\"@id\":\"https:\/\/www.article-marketing.eu\/comunicati\/viaggi-e-vacanze\/viaggi-e-turismo\/la-crescita-di-nofrills-a-due-mesi-dalla-prossima-edizione-si-analizza-liter-della-manifestazione\/#breadcrumb\"},\"inLanguage\":\"it-IT\",\"potentialAction\":[{\"@type\":\"ReadAction\",\"target\":[\"https:\/\/www.article-marketing.eu\/comunicati\/viaggi-e-vacanze\/viaggi-e-turismo\/la-crescita-di-nofrills-a-due-mesi-dalla-prossima-edizione-si-analizza-liter-della-manifestazione\/\"]}]},{\"@type\":\"BreadcrumbList\",\"@id\":\"https:\/\/www.article-marketing.eu\/comunicati\/viaggi-e-vacanze\/viaggi-e-turismo\/la-crescita-di-nofrills-a-due-mesi-dalla-prossima-edizione-si-analizza-liter-della-manifestazione\/#breadcrumb\",\"itemListElement\":[{\"@type\":\"ListItem\",\"position\":1,\"name\":\"Home\",\"item\":\"https:\/\/www.article-marketing.eu\/comunicati\/\"},{\"@type\":\"ListItem\",\"position\":2,\"name\":\"La crescita di NoFrills &#8211; A due mesi dalla prossima edizione si analizza l\u2019iter della manifestazione\"}]},{\"@type\":\"WebSite\",\"@id\":\"https:\/\/www.article-marketing.eu\/comunicati\/#website\",\"url\":\"https:\/\/www.article-marketing.eu\/comunicati\/\",\"name\":\"Article Marketing\",\"description\":\"article marketing &amp; press release\",\"potentialAction\":[{\"@type\":\"SearchAction\",\"target\":{\"@type\":\"EntryPoint\",\"urlTemplate\":\"https:\/\/www.article-marketing.eu\/comunicati\/?s={search_term_string}\"},\"query-input\":{\"@type\":\"PropertyValueSpecification\",\"valueRequired\":true,\"valueName\":\"search_term_string\"}}],\"inLanguage\":\"it-IT\"},{\"@type\":\"Person\",\"@id\":\"https:\/\/www.article-marketing.eu\/comunicati\/#\/schema\/person\/44372e4d4d0fa797b18e03ed1ace9017\",\"name\":\"Redazione Comunicati Stampa\",\"image\":{\"@type\":\"ImageObject\",\"inLanguage\":\"it-IT\",\"@id\":\"https:\/\/www.article-marketing.eu\/comunicati\/#\/schema\/person\/image\/\",\"url\":\"https:\/\/secure.gravatar.com\/avatar\/50e5c6421d3072f42e7ace803501602c60d75233d34e29fd05feb91c8760b792?s=96&d=mm&r=g\",\"contentUrl\":\"https:\/\/secure.gravatar.com\/avatar\/50e5c6421d3072f42e7ace803501602c60d75233d34e29fd05feb91c8760b792?s=96&d=mm&r=g\",\"caption\":\"Redazione Comunicati Stampa\"},\"url\":\"https:\/\/www.article-marketing.eu\/comunicati\/author\/redazione-comunicati-stampa\/\"}]}<\/script>\n<!-- \/ Yoast SEO plugin. -->","yoast_head_json":{"title":"La crescita di NoFrills - A due mesi dalla prossima edizione si analizza l\u2019iter della manifestazione - Article Marketing","robots":{"index":"index","follow":"follow","max-snippet":"max-snippet:-1","max-image-preview":"max-image-preview:large","max-video-preview":"max-video-preview:-1"},"canonical":"https:\/\/www.article-marketing.eu\/comunicati\/viaggi-e-vacanze\/viaggi-e-turismo\/la-crescita-di-nofrills-a-due-mesi-dalla-prossima-edizione-si-analizza-liter-della-manifestazione\/","og_locale":"it_IT","og_type":"article","og_title":"La crescita di NoFrills - A due mesi dalla prossima edizione si analizza l\u2019iter della manifestazione - Article Marketing","og_description":"Luglio 2009 - Il prossimo 25 e 26 settembre si svolger\u00e0 NoFrills, l\u2019ormai abituale appuntamento italiano b2b dedicato al mondo turistico. Malgrado la difficile situazione economica mondiale, che si sta riflettendo su diverse realt\u00e0 del nostro Paese \u2013 tra cui anche il comparto turistico -, NoFrills sembra non risentirne, dal momento che la maggior parte degli spazi espositivi sono gi\u00e0 stati venduti e diversi tra i rimanenti sono opzionati.","og_url":"https:\/\/www.article-marketing.eu\/comunicati\/viaggi-e-vacanze\/viaggi-e-turismo\/la-crescita-di-nofrills-a-due-mesi-dalla-prossima-edizione-si-analizza-liter-della-manifestazione\/","og_site_name":"Article Marketing","article_published_time":"2009-07-13T08:41:09+00:00","author":"Redazione Comunicati Stampa","twitter_card":"summary_large_image","twitter_misc":{"Scritto da":"Redazione Comunicati Stampa","Tempo di lettura stimato":"2 minuti"},"schema":{"@context":"https:\/\/schema.org","@graph":[{"@type":"Article","@id":"https:\/\/www.article-marketing.eu\/comunicati\/viaggi-e-vacanze\/viaggi-e-turismo\/la-crescita-di-nofrills-a-due-mesi-dalla-prossima-edizione-si-analizza-liter-della-manifestazione\/#article","isPartOf":{"@id":"https:\/\/www.article-marketing.eu\/comunicati\/viaggi-e-vacanze\/viaggi-e-turismo\/la-crescita-di-nofrills-a-due-mesi-dalla-prossima-edizione-si-analizza-liter-della-manifestazione\/"},"author":{"name":"Redazione Comunicati Stampa","@id":"https:\/\/www.article-marketing.eu\/comunicati\/#\/schema\/person\/44372e4d4d0fa797b18e03ed1ace9017"},"headline":"La crescita di NoFrills &#8211; A due mesi dalla prossima edizione si analizza l\u2019iter della manifestazione","datePublished":"2009-07-13T08:41:09+00:00","mainEntityOfPage":{"@id":"https:\/\/www.article-marketing.eu\/comunicati\/viaggi-e-vacanze\/viaggi-e-turismo\/la-crescita-di-nofrills-a-due-mesi-dalla-prossima-edizione-si-analizza-liter-della-manifestazione\/"},"wordCount":485,"commentCount":0,"keywords":["NoFrills"],"articleSection":["Viaggi e Turismo"],"inLanguage":"it-IT","potentialAction":[{"@type":"CommentAction","name":"Comment","target":["https:\/\/www.article-marketing.eu\/comunicati\/viaggi-e-vacanze\/viaggi-e-turismo\/la-crescita-di-nofrills-a-due-mesi-dalla-prossima-edizione-si-analizza-liter-della-manifestazione\/#respond"]}]},{"@type":"WebPage","@id":"https:\/\/www.article-marketing.eu\/comunicati\/viaggi-e-vacanze\/viaggi-e-turismo\/la-crescita-di-nofrills-a-due-mesi-dalla-prossima-edizione-si-analizza-liter-della-manifestazione\/","url":"https:\/\/www.article-marketing.eu\/comunicati\/viaggi-e-vacanze\/viaggi-e-turismo\/la-crescita-di-nofrills-a-due-mesi-dalla-prossima-edizione-si-analizza-liter-della-manifestazione\/","name":"La crescita di NoFrills - A due mesi dalla prossima edizione si analizza l\u2019iter della manifestazione - Article Marketing","isPartOf":{"@id":"https:\/\/www.article-marketing.eu\/comunicati\/#website"},"datePublished":"2009-07-13T08:41:09+00:00","author":{"@id":"https:\/\/www.article-marketing.eu\/comunicati\/#\/schema\/person\/44372e4d4d0fa797b18e03ed1ace9017"},"breadcrumb":{"@id":"https:\/\/www.article-marketing.eu\/comunicati\/viaggi-e-vacanze\/viaggi-e-turismo\/la-crescita-di-nofrills-a-due-mesi-dalla-prossima-edizione-si-analizza-liter-della-manifestazione\/#breadcrumb"},"inLanguage":"it-IT","potentialAction":[{"@type":"ReadAction","target":["https:\/\/www.article-marketing.eu\/comunicati\/viaggi-e-vacanze\/viaggi-e-turismo\/la-crescita-di-nofrills-a-due-mesi-dalla-prossima-edizione-si-analizza-liter-della-manifestazione\/"]}]},{"@type":"BreadcrumbList","@id":"https:\/\/www.article-marketing.eu\/comunicati\/viaggi-e-vacanze\/viaggi-e-turismo\/la-crescita-di-nofrills-a-due-mesi-dalla-prossima-edizione-si-analizza-liter-della-manifestazione\/#breadcrumb","itemListElement":[{"@type":"ListItem","position":1,"name":"Home","item":"https:\/\/www.article-marketing.eu\/comunicati\/"},{"@type":"ListItem","position":2,"name":"La crescita di NoFrills &#8211; A due mesi dalla prossima edizione si analizza l\u2019iter della manifestazione"}]},{"@type":"WebSite","@id":"https:\/\/www.article-marketing.eu\/comunicati\/#website","url":"https:\/\/www.article-marketing.eu\/comunicati\/","name":"Article Marketing","description":"article marketing &amp; press release","potentialAction":[{"@type":"SearchAction","target":{"@type":"EntryPoint","urlTemplate":"https:\/\/www.article-marketing.eu\/comunicati\/?s={search_term_string}"},"query-input":{"@type":"PropertyValueSpecification","valueRequired":true,"valueName":"search_term_string"}}],"inLanguage":"it-IT"},{"@type":"Person","@id":"https:\/\/www.article-marketing.eu\/comunicati\/#\/schema\/person\/44372e4d4d0fa797b18e03ed1ace9017","name":"Redazione Comunicati Stampa","image":{"@type":"ImageObject","inLanguage":"it-IT","@id":"https:\/\/www.article-marketing.eu\/comunicati\/#\/schema\/person\/image\/","url":"https:\/\/secure.gravatar.com\/avatar\/50e5c6421d3072f42e7ace803501602c60d75233d34e29fd05feb91c8760b792?s=96&d=mm&r=g","contentUrl":"https:\/\/secure.gravatar.com\/avatar\/50e5c6421d3072f42e7ace803501602c60d75233d34e29fd05feb91c8760b792?s=96&d=mm&r=g","caption":"Redazione Comunicati Stampa"},"url":"https:\/\/www.article-marketing.eu\/comunicati\/author\/redazione-comunicati-stampa\/"}]}},"_links":{"self":[{"href":"https:\/\/www.article-marketing.eu\/comunicati\/wp-json\/wp\/v2\/posts\/2377","targetHints":{"allow":["GET"]}}],"collection":[{"href":"https:\/\/www.article-marketing.eu\/comunicati\/wp-json\/wp\/v2\/posts"}],"about":[{"href":"https:\/\/www.article-marketing.eu\/comunicati\/wp-json\/wp\/v2\/types\/post"}],"author":[{"embeddable":true,"href":"https:\/\/www.article-marketing.eu\/comunicati\/wp-json\/wp\/v2\/users\/10"}],"replies":[{"embeddable":true,"href":"https:\/\/www.article-marketing.eu\/comunicati\/wp-json\/wp\/v2\/comments?post=2377"}],"version-history":[{"count":0,"href":"https:\/\/www.article-marketing.eu\/comunicati\/wp-json\/wp\/v2\/posts\/2377\/revisions"}],"wp:attachment":[{"href":"https:\/\/www.article-marketing.eu\/comunicati\/wp-json\/wp\/v2\/media?parent=2377"}],"wp:term":[{"taxonomy":"category","embeddable":true,"href":"https:\/\/www.article-marketing.eu\/comunicati\/wp-json\/wp\/v2\/categories?post=2377"},{"taxonomy":"post_tag","embeddable":true,"href":"https:\/\/www.article-marketing.eu\/comunicati\/wp-json\/wp\/v2\/tags?post=2377"}],"curies":[{"name":"wp","href":"https:\/\/api.w.org\/{rel}","templated":true}]}}