{"id":2385,"date":"2009-07-14T11:55:39","date_gmt":"2009-07-14T09:55:39","guid":{"rendered":"http:\/\/www.article-marketing.eu\/comunicati\/senza-categoria\/barbie-compie-50-anni-fabbrica-camerette-la-festeggia-con-una-nuova-cameretta\/"},"modified":"2018-06-04T20:18:30","modified_gmt":"2018-06-04T18:18:30","slug":"barbie-compie-50-anni-fabbrica-camerette-la-festeggia-con-una-nuova-cameretta","status":"publish","type":"post","link":"https:\/\/www.article-marketing.eu\/comunicati\/comunicati-stampa\/prodotti\/barbie-compie-50-anni-fabbrica-camerette-la-festeggia-con-una-nuova-cameretta\/","title":{"rendered":"Barbie compie 50 anni Fabbrica Camerette la festeggia con una nuova cameretta"},"content":{"rendered":"<p>Dal 1959 Barbie \u00e8 pi\u00f9 di una bambola: \u00e8 un\u2019icona di stile. Per il cinquantesimo<br \/>\nanniversario di Barbie la Mattel ha coinvolto alcune aziende italiane leader di<br \/>\ndiversi settori per progetti a 360 gradi. La cameretta Barbie \u00e8 per Doimo<br \/>\nCityline e per <a href=\"http:\/\/www.camerette.net\/\">Fabbrica Camerette<\/a>, che ne ha seguito da vicino la progettazione,<br \/>\nuna sfida stimolante, per coinvolgere tutte le bambine a cui piace il<br \/>\nBarbie-style, creando la cameretta dei sogni, romantica e fashion. Come sempre<br \/>\nsi \u00e8 puntato su qualit\u00e0 e resistenza e su una cameretta non preconfezionata ma<br \/>\npersonalizzabile per le esigenze delle ragazze. Vi presentiamo qui in anteprima<br \/>\ni nuovissimi allestimenti di camerette Barbie per ragazze: romantik, gloss, diamond e tutti gli accessori<br \/>\nBarbie disponibili per le camerette Doimo CityLine. <\/p>\n<p>Barbie Romantik<\/p>\n<p> La cameretta Barbie Romantik spicca per il letto dalla testiera imbottita in<br \/>\ntessuto esclusivo Barbie. La sagoma della testiera \u00e8 la stessa del famosissimo<br \/>\nletto-gioco di Barbie della Mattel. Le caratteristiche gambe sagomate del letto<br \/>\nsono riprese in tutta la cameretta: nella scrivania a doppia cassettiera, nel<br \/>\ncomodino, nella libreria. Comodissima per le bambine la panca porta giochi dai cassetti in tessuto<br \/>\nrivestiti. Le applicazioni in feltro a forma di cuore danno alla cameretta Doimo<br \/>\nCityLine un&#8217;atmosfera romantica adatta alle ragazze.Funzionale oltre che fashion la libreria con la cornice sagomata<\/p>\n<p>Barbie Gloss<\/p>\n<p>La cameretta Doimo City Line Barbie per ragazze, modello Gloss si caratterizza<br \/>\nper il letto dalla testiera laccata serigrafata e con la pediera color Barbie<br \/>\npink. L\u2019armadio ad ante scorrevoli laccato bianco riprende nella serigrafia<br \/>\nlucida lo stesso motivo Barbie del letto.&nbsp; Nella scrivania con cassettiera integrata, spiccano le gambe sagomate e<br \/>\nl&#8217;applique floreale. Tra gli accessori della cameretta per ragazze spicca il<br \/>\npannello sagomato con metacrilato finitura specchio.La serigrafia lucida con motivo Barbie e fiori sull&#8217;armadio \u00e8 raffinata e<br \/>\nparticolare, il suo riflesso traslucido non rende nelle foto, per cui invitiamo<br \/>\nle ragazze a venire a vedere la cameretta nella nostra esposizione di Veduggio o<br \/>\nCernusco.<\/p>\n<p>Barbie Diamond<\/p>\n<p> Della cameretta Doimo Cityline Diamond si nota subito il letto con la testiera<br \/>\nimbottita effetto capitonn\u00e9 in raso e bottoni in Swarovski. L\u2019armadio \u00e8 a<br \/>\nquattro ante con due cassettoni dalle maniglie Swarovski e gli applicativi a<br \/>\nfiori in puro stile Barbie. I colori di finitura saranno graditi a bambine e<br \/>\nragazze: melamminico bianco, laccato cipria e Barbie pink, adatti a camerette<br \/>\nromantiche. <\/p>\n<p>Barbie Glam<\/p>\n<p> Il bellissimo letto imbottito Glam, per la tua cameretta per ragazze Barbie<br \/>\nDoimo Cityline. <\/p>\n<p>Accessori Barbie<\/p>\n<p>Il programma Cameretta Barbie di Doimo City Line prevede una vasta gamma di<br \/>\naccessori perch\u00e9 la camera sia coordinata e in puro Barbie style. Ogni piccolo<br \/>\nparticolare aggiunge atmosfera romantica a questa cameretta per<br \/>\nragazze.<br \/>Portafoto, pouff, tappeti, cuscini ricamati, sgabelli,<br \/>\nportagiochi, poltrone e divanetti, tutto targato Barbie e Doimo CityLine. <\/p>\n<p><\/p>\n","protected":false},"excerpt":{"rendered":"<p>Scopri le nuove camerette di Barbie da Doimo CityLine e Fabbrica Camerette, prodotte in occasione del cinquantesimo compleanno della bambola pi\u00f9 famosa del mondo<\/p>\n","protected":false},"author":10,"featured_media":0,"comment_status":"open","ping_status":"open","sticky":false,"template":"","format":"standard","meta":{"cybocfi_hide_featured_image":"","footnotes":""},"categories":[212],"tags":[576,7864,753,755,7865],"class_list":["post-2385","post","type-post","status-publish","format-standard","hentry","category-prodotti","tag-arredamento","tag-barbie","tag-cameretta","tag-camerette","tag-fabbrica-camerette"],"yoast_head":"<!-- This site is optimized with the Yoast SEO plugin v27.0 - https:\/\/yoast.com\/product\/yoast-seo-wordpress\/ -->\n<title>Barbie compie 50 anni Fabbrica Camerette la festeggia con una nuova cameretta - Article Marketing<\/title>\n<meta name=\"robots\" content=\"index, follow, max-snippet:-1, max-image-preview:large, max-video-preview:-1\" \/>\n<link rel=\"canonical\" href=\"https:\/\/www.article-marketing.eu\/comunicati\/comunicati-stampa\/prodotti\/barbie-compie-50-anni-fabbrica-camerette-la-festeggia-con-una-nuova-cameretta\/\" \/>\n<meta property=\"og:locale\" content=\"it_IT\" \/>\n<meta property=\"og:type\" content=\"article\" \/>\n<meta property=\"og:title\" content=\"Barbie compie 50 anni Fabbrica Camerette la festeggia con una nuova cameretta - Article Marketing\" \/>\n<meta property=\"og:description\" content=\"Scopri le nuove camerette di Barbie da Doimo CityLine e Fabbrica Camerette, prodotte in occasione del cinquantesimo compleanno della bambola pi\u00f9 famosa del mondo\" \/>\n<meta property=\"og:url\" content=\"https:\/\/www.article-marketing.eu\/comunicati\/comunicati-stampa\/prodotti\/barbie-compie-50-anni-fabbrica-camerette-la-festeggia-con-una-nuova-cameretta\/\" \/>\n<meta property=\"og:site_name\" content=\"Article Marketing\" \/>\n<meta property=\"article:published_time\" content=\"2009-07-14T09:55:39+00:00\" \/>\n<meta property=\"article:modified_time\" content=\"2018-06-04T18:18:30+00:00\" \/>\n<meta name=\"author\" content=\"Redazione Comunicati Stampa\" \/>\n<meta name=\"twitter:card\" content=\"summary_large_image\" \/>\n<meta name=\"twitter:label1\" content=\"Scritto da\" \/>\n\t<meta name=\"twitter:data1\" content=\"Redazione Comunicati Stampa\" \/>\n\t<meta name=\"twitter:label2\" content=\"Tempo di lettura stimato\" \/>\n\t<meta name=\"twitter:data2\" content=\"2 minuti\" \/>\n<script type=\"application\/ld+json\" class=\"yoast-schema-graph\">{\"@context\":\"https:\/\/schema.org\",\"@graph\":[{\"@type\":\"Article\",\"@id\":\"https:\/\/www.article-marketing.eu\/comunicati\/comunicati-stampa\/prodotti\/barbie-compie-50-anni-fabbrica-camerette-la-festeggia-con-una-nuova-cameretta\/#article\",\"isPartOf\":{\"@id\":\"https:\/\/www.article-marketing.eu\/comunicati\/comunicati-stampa\/prodotti\/barbie-compie-50-anni-fabbrica-camerette-la-festeggia-con-una-nuova-cameretta\/\"},\"author\":{\"name\":\"Redazione Comunicati Stampa\",\"@id\":\"https:\/\/www.article-marketing.eu\/comunicati\/#\/schema\/person\/44372e4d4d0fa797b18e03ed1ace9017\"},\"headline\":\"Barbie compie 50 anni Fabbrica Camerette la festeggia con una nuova cameretta\",\"datePublished\":\"2009-07-14T09:55:39+00:00\",\"dateModified\":\"2018-06-04T18:18:30+00:00\",\"mainEntityOfPage\":{\"@id\":\"https:\/\/www.article-marketing.eu\/comunicati\/comunicati-stampa\/prodotti\/barbie-compie-50-anni-fabbrica-camerette-la-festeggia-con-una-nuova-cameretta\/\"},\"wordCount\":466,\"commentCount\":0,\"keywords\":[\"arredamento\",\"barbie\",\"cameretta\",\"camerette\",\"fabbrica camerette\"],\"articleSection\":[\"Prodotti\"],\"inLanguage\":\"it-IT\",\"potentialAction\":[{\"@type\":\"CommentAction\",\"name\":\"Comment\",\"target\":[\"https:\/\/www.article-marketing.eu\/comunicati\/comunicati-stampa\/prodotti\/barbie-compie-50-anni-fabbrica-camerette-la-festeggia-con-una-nuova-cameretta\/#respond\"]}]},{\"@type\":\"WebPage\",\"@id\":\"https:\/\/www.article-marketing.eu\/comunicati\/comunicati-stampa\/prodotti\/barbie-compie-50-anni-fabbrica-camerette-la-festeggia-con-una-nuova-cameretta\/\",\"url\":\"https:\/\/www.article-marketing.eu\/comunicati\/comunicati-stampa\/prodotti\/barbie-compie-50-anni-fabbrica-camerette-la-festeggia-con-una-nuova-cameretta\/\",\"name\":\"Barbie compie 50 anni Fabbrica Camerette la festeggia con una nuova cameretta - Article Marketing\",\"isPartOf\":{\"@id\":\"https:\/\/www.article-marketing.eu\/comunicati\/#website\"},\"datePublished\":\"2009-07-14T09:55:39+00:00\",\"dateModified\":\"2018-06-04T18:18:30+00:00\",\"author\":{\"@id\":\"https:\/\/www.article-marketing.eu\/comunicati\/#\/schema\/person\/44372e4d4d0fa797b18e03ed1ace9017\"},\"breadcrumb\":{\"@id\":\"https:\/\/www.article-marketing.eu\/comunicati\/comunicati-stampa\/prodotti\/barbie-compie-50-anni-fabbrica-camerette-la-festeggia-con-una-nuova-cameretta\/#breadcrumb\"},\"inLanguage\":\"it-IT\",\"potentialAction\":[{\"@type\":\"ReadAction\",\"target\":[\"https:\/\/www.article-marketing.eu\/comunicati\/comunicati-stampa\/prodotti\/barbie-compie-50-anni-fabbrica-camerette-la-festeggia-con-una-nuova-cameretta\/\"]}]},{\"@type\":\"BreadcrumbList\",\"@id\":\"https:\/\/www.article-marketing.eu\/comunicati\/comunicati-stampa\/prodotti\/barbie-compie-50-anni-fabbrica-camerette-la-festeggia-con-una-nuova-cameretta\/#breadcrumb\",\"itemListElement\":[{\"@type\":\"ListItem\",\"position\":1,\"name\":\"Home\",\"item\":\"https:\/\/www.article-marketing.eu\/comunicati\/\"},{\"@type\":\"ListItem\",\"position\":2,\"name\":\"Barbie compie 50 anni Fabbrica Camerette la festeggia con una nuova cameretta\"}]},{\"@type\":\"WebSite\",\"@id\":\"https:\/\/www.article-marketing.eu\/comunicati\/#website\",\"url\":\"https:\/\/www.article-marketing.eu\/comunicati\/\",\"name\":\"Article Marketing\",\"description\":\"article marketing &amp; press release\",\"potentialAction\":[{\"@type\":\"SearchAction\",\"target\":{\"@type\":\"EntryPoint\",\"urlTemplate\":\"https:\/\/www.article-marketing.eu\/comunicati\/?s={search_term_string}\"},\"query-input\":{\"@type\":\"PropertyValueSpecification\",\"valueRequired\":true,\"valueName\":\"search_term_string\"}}],\"inLanguage\":\"it-IT\"},{\"@type\":\"Person\",\"@id\":\"https:\/\/www.article-marketing.eu\/comunicati\/#\/schema\/person\/44372e4d4d0fa797b18e03ed1ace9017\",\"name\":\"Redazione Comunicati Stampa\",\"image\":{\"@type\":\"ImageObject\",\"inLanguage\":\"it-IT\",\"@id\":\"https:\/\/www.article-marketing.eu\/comunicati\/#\/schema\/person\/image\/\",\"url\":\"https:\/\/secure.gravatar.com\/avatar\/50e5c6421d3072f42e7ace803501602c60d75233d34e29fd05feb91c8760b792?s=96&d=mm&r=g\",\"contentUrl\":\"https:\/\/secure.gravatar.com\/avatar\/50e5c6421d3072f42e7ace803501602c60d75233d34e29fd05feb91c8760b792?s=96&d=mm&r=g\",\"caption\":\"Redazione Comunicati Stampa\"},\"url\":\"https:\/\/www.article-marketing.eu\/comunicati\/author\/redazione-comunicati-stampa\/\"}]}<\/script>\n<!-- \/ Yoast SEO plugin. -->","yoast_head_json":{"title":"Barbie compie 50 anni Fabbrica Camerette la festeggia con una nuova cameretta - Article Marketing","robots":{"index":"index","follow":"follow","max-snippet":"max-snippet:-1","max-image-preview":"max-image-preview:large","max-video-preview":"max-video-preview:-1"},"canonical":"https:\/\/www.article-marketing.eu\/comunicati\/comunicati-stampa\/prodotti\/barbie-compie-50-anni-fabbrica-camerette-la-festeggia-con-una-nuova-cameretta\/","og_locale":"it_IT","og_type":"article","og_title":"Barbie compie 50 anni Fabbrica Camerette la festeggia con una nuova cameretta - Article Marketing","og_description":"Scopri le nuove camerette di Barbie da Doimo CityLine e Fabbrica Camerette, prodotte in occasione del cinquantesimo compleanno della bambola pi\u00f9 famosa del mondo","og_url":"https:\/\/www.article-marketing.eu\/comunicati\/comunicati-stampa\/prodotti\/barbie-compie-50-anni-fabbrica-camerette-la-festeggia-con-una-nuova-cameretta\/","og_site_name":"Article Marketing","article_published_time":"2009-07-14T09:55:39+00:00","article_modified_time":"2018-06-04T18:18:30+00:00","author":"Redazione Comunicati Stampa","twitter_card":"summary_large_image","twitter_misc":{"Scritto da":"Redazione Comunicati Stampa","Tempo di lettura stimato":"2 minuti"},"schema":{"@context":"https:\/\/schema.org","@graph":[{"@type":"Article","@id":"https:\/\/www.article-marketing.eu\/comunicati\/comunicati-stampa\/prodotti\/barbie-compie-50-anni-fabbrica-camerette-la-festeggia-con-una-nuova-cameretta\/#article","isPartOf":{"@id":"https:\/\/www.article-marketing.eu\/comunicati\/comunicati-stampa\/prodotti\/barbie-compie-50-anni-fabbrica-camerette-la-festeggia-con-una-nuova-cameretta\/"},"author":{"name":"Redazione Comunicati Stampa","@id":"https:\/\/www.article-marketing.eu\/comunicati\/#\/schema\/person\/44372e4d4d0fa797b18e03ed1ace9017"},"headline":"Barbie compie 50 anni Fabbrica Camerette la festeggia con una nuova cameretta","datePublished":"2009-07-14T09:55:39+00:00","dateModified":"2018-06-04T18:18:30+00:00","mainEntityOfPage":{"@id":"https:\/\/www.article-marketing.eu\/comunicati\/comunicati-stampa\/prodotti\/barbie-compie-50-anni-fabbrica-camerette-la-festeggia-con-una-nuova-cameretta\/"},"wordCount":466,"commentCount":0,"keywords":["arredamento","barbie","cameretta","camerette","fabbrica camerette"],"articleSection":["Prodotti"],"inLanguage":"it-IT","potentialAction":[{"@type":"CommentAction","name":"Comment","target":["https:\/\/www.article-marketing.eu\/comunicati\/comunicati-stampa\/prodotti\/barbie-compie-50-anni-fabbrica-camerette-la-festeggia-con-una-nuova-cameretta\/#respond"]}]},{"@type":"WebPage","@id":"https:\/\/www.article-marketing.eu\/comunicati\/comunicati-stampa\/prodotti\/barbie-compie-50-anni-fabbrica-camerette-la-festeggia-con-una-nuova-cameretta\/","url":"https:\/\/www.article-marketing.eu\/comunicati\/comunicati-stampa\/prodotti\/barbie-compie-50-anni-fabbrica-camerette-la-festeggia-con-una-nuova-cameretta\/","name":"Barbie compie 50 anni Fabbrica Camerette la festeggia con una nuova cameretta - Article Marketing","isPartOf":{"@id":"https:\/\/www.article-marketing.eu\/comunicati\/#website"},"datePublished":"2009-07-14T09:55:39+00:00","dateModified":"2018-06-04T18:18:30+00:00","author":{"@id":"https:\/\/www.article-marketing.eu\/comunicati\/#\/schema\/person\/44372e4d4d0fa797b18e03ed1ace9017"},"breadcrumb":{"@id":"https:\/\/www.article-marketing.eu\/comunicati\/comunicati-stampa\/prodotti\/barbie-compie-50-anni-fabbrica-camerette-la-festeggia-con-una-nuova-cameretta\/#breadcrumb"},"inLanguage":"it-IT","potentialAction":[{"@type":"ReadAction","target":["https:\/\/www.article-marketing.eu\/comunicati\/comunicati-stampa\/prodotti\/barbie-compie-50-anni-fabbrica-camerette-la-festeggia-con-una-nuova-cameretta\/"]}]},{"@type":"BreadcrumbList","@id":"https:\/\/www.article-marketing.eu\/comunicati\/comunicati-stampa\/prodotti\/barbie-compie-50-anni-fabbrica-camerette-la-festeggia-con-una-nuova-cameretta\/#breadcrumb","itemListElement":[{"@type":"ListItem","position":1,"name":"Home","item":"https:\/\/www.article-marketing.eu\/comunicati\/"},{"@type":"ListItem","position":2,"name":"Barbie compie 50 anni Fabbrica Camerette la festeggia con una nuova cameretta"}]},{"@type":"WebSite","@id":"https:\/\/www.article-marketing.eu\/comunicati\/#website","url":"https:\/\/www.article-marketing.eu\/comunicati\/","name":"Article Marketing","description":"article marketing &amp; press release","potentialAction":[{"@type":"SearchAction","target":{"@type":"EntryPoint","urlTemplate":"https:\/\/www.article-marketing.eu\/comunicati\/?s={search_term_string}"},"query-input":{"@type":"PropertyValueSpecification","valueRequired":true,"valueName":"search_term_string"}}],"inLanguage":"it-IT"},{"@type":"Person","@id":"https:\/\/www.article-marketing.eu\/comunicati\/#\/schema\/person\/44372e4d4d0fa797b18e03ed1ace9017","name":"Redazione Comunicati Stampa","image":{"@type":"ImageObject","inLanguage":"it-IT","@id":"https:\/\/www.article-marketing.eu\/comunicati\/#\/schema\/person\/image\/","url":"https:\/\/secure.gravatar.com\/avatar\/50e5c6421d3072f42e7ace803501602c60d75233d34e29fd05feb91c8760b792?s=96&d=mm&r=g","contentUrl":"https:\/\/secure.gravatar.com\/avatar\/50e5c6421d3072f42e7ace803501602c60d75233d34e29fd05feb91c8760b792?s=96&d=mm&r=g","caption":"Redazione Comunicati Stampa"},"url":"https:\/\/www.article-marketing.eu\/comunicati\/author\/redazione-comunicati-stampa\/"}]}},"_links":{"self":[{"href":"https:\/\/www.article-marketing.eu\/comunicati\/wp-json\/wp\/v2\/posts\/2385","targetHints":{"allow":["GET"]}}],"collection":[{"href":"https:\/\/www.article-marketing.eu\/comunicati\/wp-json\/wp\/v2\/posts"}],"about":[{"href":"https:\/\/www.article-marketing.eu\/comunicati\/wp-json\/wp\/v2\/types\/post"}],"author":[{"embeddable":true,"href":"https:\/\/www.article-marketing.eu\/comunicati\/wp-json\/wp\/v2\/users\/10"}],"replies":[{"embeddable":true,"href":"https:\/\/www.article-marketing.eu\/comunicati\/wp-json\/wp\/v2\/comments?post=2385"}],"version-history":[{"count":1,"href":"https:\/\/www.article-marketing.eu\/comunicati\/wp-json\/wp\/v2\/posts\/2385\/revisions"}],"predecessor-version":[{"id":55625,"href":"https:\/\/www.article-marketing.eu\/comunicati\/wp-json\/wp\/v2\/posts\/2385\/revisions\/55625"}],"wp:attachment":[{"href":"https:\/\/www.article-marketing.eu\/comunicati\/wp-json\/wp\/v2\/media?parent=2385"}],"wp:term":[{"taxonomy":"category","embeddable":true,"href":"https:\/\/www.article-marketing.eu\/comunicati\/wp-json\/wp\/v2\/categories?post=2385"},{"taxonomy":"post_tag","embeddable":true,"href":"https:\/\/www.article-marketing.eu\/comunicati\/wp-json\/wp\/v2\/tags?post=2385"}],"curies":[{"name":"wp","href":"https:\/\/api.w.org\/{rel}","templated":true}]}}